{"id":194824,"date":"2026-02-03T16:00:00","date_gmt":"2026-02-03T19:00:00","guid":{"rendered":"https:\/\/portaltela.pt\/noticias\/2026\/02\/03\/dadores-de-sangue-de-arraiolos-celebram-26-anos-com-entrega-de-galardoes\/"},"modified":"2026-02-03T16:00:00","modified_gmt":"2026-02-03T19:00:00","slug":"dadores-de-sangue-de-arraiolos-celebram-26-anos-com-entrega-de-galardoes","status":"publish","type":"post","link":"https:\/\/portaltela.pt\/noticias\/2026\/02\/03\/dadores-de-sangue-de-arraiolos-celebram-26-anos-com-entrega-de-galardoes\/","title":{"rendered":"Dadores de sangue de Arraiolos celebram 26 anos com entrega de galard\u00f5es"},"content":{"rendered":"<p>O N\u00facleo de Dadores de Sangue da Associa\u00e7\u00e3o Humanit\u00e1ria dos Bombeiros Volunt\u00e1rios de Arraiolos fez 26 anos a 1 de fevereiro de 2026, com uma sess\u00e3o solene que premiou dadores conforme o n\u00famero de d\u00e1divas ao longo das d\u00e9cadas. A cerim\u00f3nia reuniu volunt\u00e1rios e representantes locais para reconhecer o contributo de quem j\u00e1 entregou sangue.<\/p>\n<p>Entre os presentes estiveram o presidente da C\u00e2mara Municipal de Arraiolos, Jorge Macau; o presidente do N\u00facleo, Celso Pontes; o presidente da dire\u00e7\u00e3o dos Bombeiros de Arraiolos, Lu\u00eds Gomes; e o presidente da assembleia geral, Jer\u00f3nimo Loios. Representantes da \u00e1rea de sa\u00fade tamb\u00e9m marcaram presen\u00e7a.<\/p>\n<p>Paulo Benvindo, do Instituto do Sangue e da Transplanta\u00e7\u00e3o, e Francisca Pina, do Servi\u00e7o de Imunohemoterapia do Hospital do Esp\u00edrito Santo de \u00c9vora, integraram o quadro de convidados, refor\u00e7ando a liga\u00e7\u00e3o entre o n\u00facleo e as institui\u00e7\u00f5es de sa\u00fade da regi\u00e3o.<\/p>\n<h3>Reconhecimento aos dadores e continuidade do trabalho<\/h3>\n<p>Durante a sess\u00e3o, o N\u00facleo agradeceu a presen\u00e7a de todos e reiterou a vontade de aumentar o n\u00famero de d\u00e1divas no concelho. Jorge Macau destacou o papel do N\u00facleo como s\u00edmbolo de dedica\u00e7\u00e3o, altru\u00edsmo e compromisso com a vida.<\/p>\n<p>O autarca recordou ainda o fundador Jos\u00e9 Torcato, a quem dedicou palavras de gratid\u00e3o pelo contributo prestado \u00e0 causa e \u00e0 organiza\u00e7\u00e3o ao longo das d\u00e9cadas. Foi recebida uma nota de reconhecimento pela atua\u00e7\u00e3o de Torcato.<\/p>\n<p>No final, o presidente da C\u00e2mara assegurou o apoio cont\u00ednuo \u00e0 atividade do N\u00facleo e refor\u00e7ou o envolvimento das entidades locais na promo\u00e7\u00e3o da d\u00e1diva de sangue.<\/p>\n<h3>Homenagem p\u00f3stuma ao fundador<\/h3>\n<p>Foi executada uma homenagem p\u00f3stuma ao s\u00f3cio fundador Jos\u00e9 Torcato Pontes Ronha, reconhecido como figura central da hist\u00f3ria do N\u00facleo. A homenagem enalteceu a influ\u00eancia de Torcato na identidade da coletividade.<\/p>\n<h3>Nova colheita agendada para mar\u00e7o<\/h3>\n<p>O N\u00facleo anunciou uma nova colheita de sangue para 8 de mar\u00e7o, \u00e0s 9 horas, no Arraiolos Multiusos, mantendo o esfor\u00e7o de incentivar a d\u00e1diva entre os residentes.<\/p>\n","protected":false},"excerpt":{"rendered":"<ul>\n<li>O N\u00facleo de Dadores de Sangue da Associa\u00e7\u00e3o Humanit\u00e1ria dos Bombeiros Volunt\u00e1rios de Arraiolos festejou o 26.\u00ba anivers\u00e1rio no dia 1 de fevereiro de 2026, com uma sess\u00e3o solene e entrega de galard\u00f5es aos dadores consoante as d\u00e1divas efetuadas.<\/li>\n<li>A cerim\u00f3nia contou com a presen\u00e7a de Jorge Macau (presidente da C\u00e2mara Municipal de Arraiolos), Celso Pontes (presidente do N\u00facleo de Dadores), Lu\u00eds Gomes (presidente da dire\u00e7\u00e3o) e Jer\u00f3nimo Loios (presidente da assembleia geral), entre outros, bem como representantes da \u00e1rea da sa\u00fade, Paulo Benvindo e Francisca Pina.<\/li>\n<li>Foi prestada homenagem ao fundador Jos\u00e9 Torcato Pontes Ronha, reconhecido como figura central na hist\u00f3ria do N\u00facleo.<\/li>\n<li>O presidente da C\u00e2mara destacou o apoio cont\u00ednuo \u00e0 atividade e reiterou o objetivo de aumentar o n\u00famero de d\u00e1divas no concelho.<\/li>\n<li>Foi anunciada uma nova colheita de sangue para 8 de mar\u00e7o, \u00e0s 9 horas, no Arraiolos Multiusos.<\/li>\n<\/ul>\n","protected":false},"author":2,"featured_media":194827,"comment_status":"closed","ping_status":"closed","sticky":false,"template":"","format":"standard","meta":{"footnotes":""},"categories":[1],"tags":[4509,1938,4351,620,3123,172],"class_list":["post-194824","post","type-post","status-publish","format-standard","has-post-thumbnail","hentry","category-noticias","tag-abastecimento-de-sangue","tag-arraiolos","tag-bombeiros-voluntarios","tag-doacao","tag-doacoes","tag-saude"],"yoast_head":"<!-- This site is optimized with the Yoast SEO plugin v27.2 - https:\/\/yoast.com\/product\/yoast-seo-wordpress\/ -->\n<title>Dadores de sangue de Arraiolos celebram 26 anos com entrega de galard\u00f5es - Portal Tela Portugal<\/title>\n<meta name=\"robots\" content=\"index, follow, max-snippet:-1, max-image-preview:large, max-video-preview:-1\" \/>\n<meta property=\"og:locale\" content=\"pt_PT\" \/>\n<meta property=\"og:type\" content=\"article\" \/>\n<meta property=\"og:title\" content=\"Dadores de sangue de Arraiolos celebram 26 anos com entrega de galard\u00f5es - Portal Tela Portugal\" \/>\n<meta property=\"og:description\" content=\"O N\u00facleo de Dadores de Sangue da Associa\u00e7\u00e3o Humanit\u00e1ria dos Bombeiros Volunt\u00e1rios de Arraiolos festejou o 26.\u00ba anivers\u00e1rio no dia 1 de fevereiro de 2026, com uma sess\u00e3o solene e entrega de galard\u00f5es aos dadores consoante as d\u00e1divas efetuadas. A cerim\u00f3nia contou com a presen\u00e7a de Jorge Macau (presidente da C\u00e2mara Municipal de Arraiolos), Celso Pontes (presidente do N\u00facleo de Dadores), Lu\u00eds Gomes (presidente da dire\u00e7\u00e3o) e Jer\u00f3nimo Loios (presidente da assembleia geral), entre outros, bem como representantes da \u00e1rea da sa\u00fade, Paulo Benvindo e Francisca Pina. Foi prestada homenagem ao fundador Jos\u00e9 Torcato Pontes Ronha, reconhecido como figura central na hist\u00f3ria do N\u00facleo. O presidente da C\u00e2mara destacou o apoio cont\u00ednuo \u00e0 atividade e reiterou o objetivo de aumentar o n\u00famero de d\u00e1divas no concelho. Foi anunciada uma nova colheita de sangue para 8 de mar\u00e7o, \u00e0s 9 horas, no Arraiolos Multiusos.\" \/>\n<meta property=\"og:url\" content=\"https:\/\/portaltela.pt\/noticias\/2026\/02\/03\/dadores-de-sangue-de-arraiolos-celebram-26-anos-com-entrega-de-galardoes\/\" \/>\n<meta property=\"og:site_name\" content=\"Portal Tela Portugal\" \/>\n<meta property=\"article:published_time\" content=\"2026-02-03T19:00:00+00:00\" \/>\n<meta name=\"author\" content=\"Telinha\" \/>\n<meta name=\"twitter:card\" content=\"summary_large_image\" \/>\n<meta name=\"twitter:label1\" content=\"Escrito por\" \/>\n\t<meta name=\"twitter:data1\" content=\"Telinha\" \/>\n\t<meta name=\"twitter:label2\" content=\"Tempo estimado de leitura\" \/>\n\t<meta name=\"twitter:data2\" content=\"2 minutos\" \/>\n<script type=\"application\/ld+json\" class=\"yoast-schema-graph\">{\"@context\":\"https:\/\/schema.org\",\"@graph\":[{\"@type\":\"Article\",\"@id\":\"https:\/\/portaltela.pt\/noticias\/2026\/02\/03\/dadores-de-sangue-de-arraiolos-celebram-26-anos-com-entrega-de-galardoes\/#article\",\"isPartOf\":{\"@id\":\"https:\/\/portaltela.pt\/noticias\/2026\/02\/03\/dadores-de-sangue-de-arraiolos-celebram-26-anos-com-entrega-de-galardoes\/\"},\"author\":{\"name\":\"Telinha\",\"@id\":\"https:\/\/portaltela.pt\/#\/schema\/person\/c4278d4a6028830caff9ee44b42d32ed\"},\"headline\":\"Dadores de sangue de Arraiolos celebram 26 anos com entrega de galard\u00f5es\",\"datePublished\":\"2026-02-03T19:00:00+00:00\",\"mainEntityOfPage\":{\"@id\":\"https:\/\/portaltela.pt\/noticias\/2026\/02\/03\/dadores-de-sangue-de-arraiolos-celebram-26-anos-com-entrega-de-galardoes\/\"},\"wordCount\":379,\"image\":{\"@id\":\"https:\/\/portaltela.pt\/noticias\/2026\/02\/03\/dadores-de-sangue-de-arraiolos-celebram-26-anos-com-entrega-de-galardoes\/#primaryimage\"},\"thumbnailUrl\":\"https:\/\/portaltela.pt\/s.01k8rhncp4jt1\/2026\/02\/unnamed-file-960.jpg\",\"keywords\":[\"abastecimento de sangue\",\"Arraiolos\",\"Bombeiros Volunt\u00e1rios\",\"doa\u00e7\u00e3o\",\"doa\u00e7\u00f5es\",\"sa\u00fade\"],\"articleSection\":[\"Not\u00edcias\"],\"inLanguage\":\"pt-PT\"},{\"@type\":\"WebPage\",\"@id\":\"https:\/\/portaltela.pt\/noticias\/2026\/02\/03\/dadores-de-sangue-de-arraiolos-celebram-26-anos-com-entrega-de-galardoes\/\",\"url\":\"https:\/\/portaltela.pt\/noticias\/2026\/02\/03\/dadores-de-sangue-de-arraiolos-celebram-26-anos-com-entrega-de-galardoes\/\",\"name\":\"Dadores de sangue de Arraiolos celebram 26 anos com entrega de galard\u00f5es - Portal Tela Portugal\",\"isPartOf\":{\"@id\":\"https:\/\/portaltela.pt\/#website\"},\"primaryImageOfPage\":{\"@id\":\"https:\/\/portaltela.pt\/noticias\/2026\/02\/03\/dadores-de-sangue-de-arraiolos-celebram-26-anos-com-entrega-de-galardoes\/#primaryimage\"},\"image\":{\"@id\":\"https:\/\/portaltela.pt\/noticias\/2026\/02\/03\/dadores-de-sangue-de-arraiolos-celebram-26-anos-com-entrega-de-galardoes\/#primaryimage\"},\"thumbnailUrl\":\"https:\/\/portaltela.pt\/s.01k8rhncp4jt1\/2026\/02\/unnamed-file-960.jpg\",\"datePublished\":\"2026-02-03T19:00:00+00:00\",\"author\":{\"@id\":\"https:\/\/portaltela.pt\/#\/schema\/person\/c4278d4a6028830caff9ee44b42d32ed\"},\"breadcrumb\":{\"@id\":\"https:\/\/portaltela.pt\/noticias\/2026\/02\/03\/dadores-de-sangue-de-arraiolos-celebram-26-anos-com-entrega-de-galardoes\/#breadcrumb\"},\"inLanguage\":\"pt-PT\",\"potentialAction\":[{\"@type\":\"ReadAction\",\"target\":[\"https:\/\/portaltela.pt\/noticias\/2026\/02\/03\/dadores-de-sangue-de-arraiolos-celebram-26-anos-com-entrega-de-galardoes\/\"]}]},{\"@type\":\"ImageObject\",\"inLanguage\":\"pt-PT\",\"@id\":\"https:\/\/portaltela.pt\/noticias\/2026\/02\/03\/dadores-de-sangue-de-arraiolos-celebram-26-anos-com-entrega-de-galardoes\/#primaryimage\",\"url\":\"https:\/\/portaltela.pt\/s.01k8rhncp4jt1\/2026\/02\/unnamed-file-960.jpg\",\"contentUrl\":\"https:\/\/portaltela.pt\/s.01k8rhncp4jt1\/2026\/02\/unnamed-file-960.jpg\",\"width\":796,\"height\":448,\"caption\":\"Dadores de sangue de Arraiolos celebram 26 anos com entrega de galard\u00f5es\"},{\"@type\":\"BreadcrumbList\",\"@id\":\"https:\/\/portaltela.pt\/noticias\/2026\/02\/03\/dadores-de-sangue-de-arraiolos-celebram-26-anos-com-entrega-de-galardoes\/#breadcrumb\",\"itemListElement\":[{\"@type\":\"ListItem\",\"position\":1,\"name\":\"In\u00edcio\",\"item\":\"https:\/\/portaltela.pt\/\"},{\"@type\":\"ListItem\",\"position\":2,\"name\":\"Dadores de sangue de Arraiolos celebram 26 anos com entrega de galard\u00f5es\"}]},{\"@type\":\"WebSite\",\"@id\":\"https:\/\/portaltela.pt\/#website\",\"url\":\"https:\/\/portaltela.pt\/\",\"name\":\"Portal Tela Portugal\",\"description\":\"\",\"potentialAction\":[{\"@type\":\"SearchAction\",\"target\":{\"@type\":\"EntryPoint\",\"urlTemplate\":\"https:\/\/portaltela.pt\/?s={search_term_string}\"},\"query-input\":{\"@type\":\"PropertyValueSpecification\",\"valueRequired\":true,\"valueName\":\"search_term_string\"}}],\"inLanguage\":\"pt-PT\"},{\"@type\":\"Person\",\"@id\":\"https:\/\/portaltela.pt\/#\/schema\/person\/c4278d4a6028830caff9ee44b42d32ed\",\"name\":\"Telinha\",\"image\":{\"@type\":\"ImageObject\",\"inLanguage\":\"pt-PT\",\"@id\":\"https:\/\/portaltela.pt\/s.01k8rhncp4jt1\/2025\/11\/talking-bot-125x125.png\",\"url\":\"https:\/\/portaltela.pt\/s.01k8rhncp4jt1\/2025\/11\/talking-bot-125x125.png\",\"contentUrl\":\"https:\/\/portaltela.pt\/s.01k8rhncp4jt1\/2025\/11\/talking-bot-125x125.png\",\"caption\":\"Telinha\"},\"sameAs\":[\"https:\/\/portaltela.pt\/\"],\"url\":\"https:\/\/portaltela.pt\/por\/367410592786\/\"}]}<\/script>\n<!-- \/ Yoast SEO plugin. -->","yoast_head_json":{"title":"Dadores de sangue de Arraiolos celebram 26 anos com entrega de galard\u00f5es - Portal Tela Portugal","robots":{"index":"index","follow":"follow","max-snippet":"max-snippet:-1","max-image-preview":"max-image-preview:large","max-video-preview":"max-video-preview:-1"},"og_locale":"pt_PT","og_type":"article","og_title":"Dadores de sangue de Arraiolos celebram 26 anos com entrega de galard\u00f5es - Portal Tela Portugal","og_description":"O N\u00facleo de Dadores de Sangue da Associa\u00e7\u00e3o Humanit\u00e1ria dos Bombeiros Volunt\u00e1rios de Arraiolos festejou o 26.\u00ba anivers\u00e1rio no dia 1 de fevereiro de 2026, com uma sess\u00e3o solene e entrega de galard\u00f5es aos dadores consoante as d\u00e1divas efetuadas. A cerim\u00f3nia contou com a presen\u00e7a de Jorge Macau (presidente da C\u00e2mara Municipal de Arraiolos), Celso Pontes (presidente do N\u00facleo de Dadores), Lu\u00eds Gomes (presidente da dire\u00e7\u00e3o) e Jer\u00f3nimo Loios (presidente da assembleia geral), entre outros, bem como representantes da \u00e1rea da sa\u00fade, Paulo Benvindo e Francisca Pina. Foi prestada homenagem ao fundador Jos\u00e9 Torcato Pontes Ronha, reconhecido como figura central na hist\u00f3ria do N\u00facleo. O presidente da C\u00e2mara destacou o apoio cont\u00ednuo \u00e0 atividade e reiterou o objetivo de aumentar o n\u00famero de d\u00e1divas no concelho. Foi anunciada uma nova colheita de sangue para 8 de mar\u00e7o, \u00e0s 9 horas, no Arraiolos Multiusos.","og_url":"https:\/\/portaltela.pt\/noticias\/2026\/02\/03\/dadores-de-sangue-de-arraiolos-celebram-26-anos-com-entrega-de-galardoes\/","og_site_name":"Portal Tela Portugal","article_published_time":"2026-02-03T19:00:00+00:00","author":"Telinha","twitter_card":"summary_large_image","twitter_misc":{"Escrito por":"Telinha","Tempo estimado de leitura":"2 minutos"},"schema":{"@context":"https:\/\/schema.org","@graph":[{"@type":"Article","@id":"https:\/\/portaltela.pt\/noticias\/2026\/02\/03\/dadores-de-sangue-de-arraiolos-celebram-26-anos-com-entrega-de-galardoes\/#article","isPartOf":{"@id":"https:\/\/portaltela.pt\/noticias\/2026\/02\/03\/dadores-de-sangue-de-arraiolos-celebram-26-anos-com-entrega-de-galardoes\/"},"author":{"name":"Telinha","@id":"https:\/\/portaltela.pt\/#\/schema\/person\/c4278d4a6028830caff9ee44b42d32ed"},"headline":"Dadores de sangue de Arraiolos celebram 26 anos com entrega de galard\u00f5es","datePublished":"2026-02-03T19:00:00+00:00","mainEntityOfPage":{"@id":"https:\/\/portaltela.pt\/noticias\/2026\/02\/03\/dadores-de-sangue-de-arraiolos-celebram-26-anos-com-entrega-de-galardoes\/"},"wordCount":379,"image":{"@id":"https:\/\/portaltela.pt\/noticias\/2026\/02\/03\/dadores-de-sangue-de-arraiolos-celebram-26-anos-com-entrega-de-galardoes\/#primaryimage"},"thumbnailUrl":"https:\/\/portaltela.pt\/s.01k8rhncp4jt1\/2026\/02\/unnamed-file-960.jpg","keywords":["abastecimento de sangue","Arraiolos","Bombeiros Volunt\u00e1rios","doa\u00e7\u00e3o","doa\u00e7\u00f5es","sa\u00fade"],"articleSection":["Not\u00edcias"],"inLanguage":"pt-PT"},{"@type":"WebPage","@id":"https:\/\/portaltela.pt\/noticias\/2026\/02\/03\/dadores-de-sangue-de-arraiolos-celebram-26-anos-com-entrega-de-galardoes\/","url":"https:\/\/portaltela.pt\/noticias\/2026\/02\/03\/dadores-de-sangue-de-arraiolos-celebram-26-anos-com-entrega-de-galardoes\/","name":"Dadores de sangue de Arraiolos celebram 26 anos com entrega de galard\u00f5es - Portal Tela Portugal","isPartOf":{"@id":"https:\/\/portaltela.pt\/#website"},"primaryImageOfPage":{"@id":"https:\/\/portaltela.pt\/noticias\/2026\/02\/03\/dadores-de-sangue-de-arraiolos-celebram-26-anos-com-entrega-de-galardoes\/#primaryimage"},"image":{"@id":"https:\/\/portaltela.pt\/noticias\/2026\/02\/03\/dadores-de-sangue-de-arraiolos-celebram-26-anos-com-entrega-de-galardoes\/#primaryimage"},"thumbnailUrl":"https:\/\/portaltela.pt\/s.01k8rhncp4jt1\/2026\/02\/unnamed-file-960.jpg","datePublished":"2026-02-03T19:00:00+00:00","author":{"@id":"https:\/\/portaltela.pt\/#\/schema\/person\/c4278d4a6028830caff9ee44b42d32ed"},"breadcrumb":{"@id":"https:\/\/portaltela.pt\/noticias\/2026\/02\/03\/dadores-de-sangue-de-arraiolos-celebram-26-anos-com-entrega-de-galardoes\/#breadcrumb"},"inLanguage":"pt-PT","potentialAction":[{"@type":"ReadAction","target":["https:\/\/portaltela.pt\/noticias\/2026\/02\/03\/dadores-de-sangue-de-arraiolos-celebram-26-anos-com-entrega-de-galardoes\/"]}]},{"@type":"ImageObject","inLanguage":"pt-PT","@id":"https:\/\/portaltela.pt\/noticias\/2026\/02\/03\/dadores-de-sangue-de-arraiolos-celebram-26-anos-com-entrega-de-galardoes\/#primaryimage","url":"https:\/\/portaltela.pt\/s.01k8rhncp4jt1\/2026\/02\/unnamed-file-960.jpg","contentUrl":"https:\/\/portaltela.pt\/s.01k8rhncp4jt1\/2026\/02\/unnamed-file-960.jpg","width":796,"height":448,"caption":"Dadores de sangue de Arraiolos celebram 26 anos com entrega de galard\u00f5es"},{"@type":"BreadcrumbList","@id":"https:\/\/portaltela.pt\/noticias\/2026\/02\/03\/dadores-de-sangue-de-arraiolos-celebram-26-anos-com-entrega-de-galardoes\/#breadcrumb","itemListElement":[{"@type":"ListItem","position":1,"name":"In\u00edcio","item":"https:\/\/portaltela.pt\/"},{"@type":"ListItem","position":2,"name":"Dadores de sangue de Arraiolos celebram 26 anos com entrega de galard\u00f5es"}]},{"@type":"WebSite","@id":"https:\/\/portaltela.pt\/#website","url":"https:\/\/portaltela.pt\/","name":"Portal Tela Portugal","description":"","potentialAction":[{"@type":"SearchAction","target":{"@type":"EntryPoint","urlTemplate":"https:\/\/portaltela.pt\/?s={search_term_string}"},"query-input":{"@type":"PropertyValueSpecification","valueRequired":true,"valueName":"search_term_string"}}],"inLanguage":"pt-PT"},{"@type":"Person","@id":"https:\/\/portaltela.pt\/#\/schema\/person\/c4278d4a6028830caff9ee44b42d32ed","name":"Telinha","image":{"@type":"ImageObject","inLanguage":"pt-PT","@id":"https:\/\/portaltela.pt\/s.01k8rhncp4jt1\/2025\/11\/talking-bot-125x125.png","url":"https:\/\/portaltela.pt\/s.01k8rhncp4jt1\/2025\/11\/talking-bot-125x125.png","contentUrl":"https:\/\/portaltela.pt\/s.01k8rhncp4jt1\/2025\/11\/talking-bot-125x125.png","caption":"Telinha"},"sameAs":["https:\/\/portaltela.pt\/"],"url":"https:\/\/portaltela.pt\/por\/367410592786\/"}]}},"_links":{"self":[{"href":"https:\/\/portaltela.pt\/api\/wp\/v2\/posts\/194824","targetHints":{"allow":["GET"]}}],"collection":[{"href":"https:\/\/portaltela.pt\/api\/wp\/v2\/posts"}],"about":[{"href":"https:\/\/portaltela.pt\/api\/wp\/v2\/types\/post"}],"author":[{"embeddable":true,"href":"https:\/\/portaltela.pt\/api\/wp\/v2\/users\/2"}],"replies":[{"embeddable":true,"href":"https:\/\/portaltela.pt\/api\/wp\/v2\/comments?post=194824"}],"version-history":[{"count":0,"href":"https:\/\/portaltela.pt\/api\/wp\/v2\/posts\/194824\/revisions"}],"wp:featuredmedia":[{"embeddable":true,"href":"https:\/\/portaltela.pt\/api\/wp\/v2\/media\/194827"}],"wp:attachment":[{"href":"https:\/\/portaltela.pt\/api\/wp\/v2\/media?parent=194824"}],"wp:term":[{"taxonomy":"category","embeddable":true,"href":"https:\/\/portaltela.pt\/api\/wp\/v2\/categories?post=194824"},{"taxonomy":"post_tag","embeddable":true,"href":"https:\/\/portaltela.pt\/api\/wp\/v2\/tags?post=194824"}],"curies":[{"name":"wp","href":"https:\/\/api.w.org\/{rel}","templated":true}]}}