{"id":194814,"date":"2026-02-03T16:00:31","date_gmt":"2026-02-03T19:00:31","guid":{"rendered":"https:\/\/portaltela.pt\/noticias\/2026\/02\/03\/clintons-concluem-acordo-para-depor-sobre-epstein\/"},"modified":"2026-02-03T16:00:31","modified_gmt":"2026-02-03T19:00:31","slug":"clintons-concluem-acordo-para-depor-sobre-epstein","status":"publish","type":"post","link":"https:\/\/portaltela.pt\/noticias\/internacional\/2026\/02\/03\/clintons-concluem-acordo-para-depor-sobre-epstein\/","title":{"rendered":"Clintons concluem acordo para depor sobre Epstein"},"content":{"rendered":"<p>Pela primeira vez na hist\u00f3ria dos EUA, ex-Presidente \u00e9 obrigado a testemunhar perante o Congresso. Bill Clinton ir\u00e1 falar sobre Jeffrey Epstein na Comiss\u00e3o de Supervis\u00e3o da C\u00e2mara no dia 27 de fevereiro, em Washington. Hillary Clinton testemunha no dia anterior, 26 de fevereiro, sobre o mesmo tema.<\/p>\n<p>O acordo entre os Clintons e a comiss\u00e3o foi finalizado nesta ter\u00e7a-feira, segundo a Associated Press. O casal tinha inicialmente recusado responder, alegando ter dado ao Congresso todas as informa\u00e7\u00f5es de que dispunha sobre o empres\u00e1rio ligado a uma rede de tr\u00e1fico de seres humanos e prostitui\u00e7\u00e3o.<\/p>\n<p>A recusa inicial resultou numa acusa\u00e7\u00e3o de desobedi\u00eancia, alvo de uma iniciativa bipartid\u00e1ria do Congresso. A amea\u00e7a de multas ou pris\u00e3o parece ter levado o casal a aceitar testemunhar, ainda que o tema continue a ser explorado pela bancada republicana.<\/p>\n<h3>Contexto hist\u00f3rico<\/h3>\n<p>O desfecho \u00e9 considerado in\u00e9dito: at\u00e9 hoje, ex-Presidentes j\u00e1 testemunharam, mas sempre por vontade pr\u00f3pria, n\u00e3o por imposi\u00e7\u00e3o do Legislativo. O caso Epstein permanece como ponto sens\u00edvel na rela\u00e7\u00e3o entre o Congresso e figuras da elite pol\u00edtica.<\/p>\n","protected":false},"excerpt":{"rendered":"<ul>\n<li>Bill Clinton vai testemunhar perante a Comiss\u00e3o de Supervis\u00e3o da C\u00e2mara no dia 27 de fevereiro, sobre Jeffrey Epstein.<\/li>\n<li>Hillary Clinton testemunha no dia anterior, a 26 de fevereiro, no mesmo tema.<\/li>\n<li>Foi fechado o acordo entre os Clintons e o Congresso; anteriormente recusavam-se a testemunhar, alegando j\u00e1 terem entregado toda a informa\u00e7\u00e3o dispon\u00edvel.<\/li>\n<li>A recusa levou a uma acusa\u00e7\u00e3o de desobedi\u00eancia pelo Congresso, ainda sem vota\u00e7\u00e3o, o que pressionou o casal a ceder.<\/li>\n<li>Este \u00e9 um desfecho in\u00e9dito: nunca um antigo Presidente foi obrigado pelo poder legislativo a comparecer no Congresso; o desfecho envolve poss\u00edvel uso pol\u00edtico, especialmente pela bancada republicana.<\/li>\n<\/ul>\n","protected":false},"author":2,"featured_media":194820,"comment_status":"closed","ping_status":"closed","sticky":false,"template":"","format":"standard","meta":{"footnotes":""},"categories":[4,1],"tags":[4120,211,215,2832,30,4207],"class_list":["post-194814","post","type-post","status-publish","format-standard","has-post-thumbnail","hentry","category-internacional","category-noticias","tag-congresso-nacional","tag-desobediencia","tag-investigacao","tag-politica","tag-presidente","tag-testemunhos"],"yoast_head":"<!-- This site is optimized with the Yoast SEO plugin v27.2 - https:\/\/yoast.com\/product\/yoast-seo-wordpress\/ -->\n<title>Clintons concluem acordo para depor sobre Epstein - Portal Tela Portugal<\/title>\n<meta name=\"robots\" content=\"index, follow, max-snippet:-1, max-image-preview:large, max-video-preview:-1\" \/>\n<meta property=\"og:locale\" content=\"pt_PT\" \/>\n<meta property=\"og:type\" content=\"article\" \/>\n<meta property=\"og:title\" content=\"Clintons concluem acordo para depor sobre Epstein - Portal Tela Portugal\" \/>\n<meta property=\"og:description\" content=\"Bill Clinton vai testemunhar perante a Comiss\u00e3o de Supervis\u00e3o da C\u00e2mara no dia 27 de fevereiro, sobre Jeffrey Epstein. Hillary Clinton testemunha no dia anterior, a 26 de fevereiro, no mesmo tema. Foi fechado o acordo entre os Clintons e o Congresso; anteriormente recusavam-se a testemunhar, alegando j\u00e1 terem entregado toda a informa\u00e7\u00e3o dispon\u00edvel. A recusa levou a uma acusa\u00e7\u00e3o de desobedi\u00eancia pelo Congresso, ainda sem vota\u00e7\u00e3o, o que pressionou o casal a ceder. Este \u00e9 um desfecho in\u00e9dito: nunca um antigo Presidente foi obrigado pelo poder legislativo a comparecer no Congresso; o desfecho envolve poss\u00edvel uso pol\u00edtico, especialmente pela bancada republicana.\" \/>\n<meta property=\"og:url\" content=\"https:\/\/portaltela.pt\/noticias\/2026\/02\/03\/clintons-concluem-acordo-para-depor-sobre-epstein\/\" \/>\n<meta property=\"og:site_name\" content=\"Portal Tela Portugal\" \/>\n<meta property=\"article:published_time\" content=\"2026-02-03T19:00:31+00:00\" \/>\n<meta name=\"author\" content=\"Telinha\" \/>\n<meta name=\"twitter:card\" content=\"summary_large_image\" \/>\n<meta name=\"twitter:label1\" content=\"Escrito por\" \/>\n\t<meta name=\"twitter:data1\" content=\"Telinha\" \/>\n\t<meta name=\"twitter:label2\" content=\"Tempo estimado de leitura\" \/>\n\t<meta name=\"twitter:data2\" content=\"1 minuto\" \/>\n<script type=\"application\/ld+json\" class=\"yoast-schema-graph\">{\"@context\":\"https:\/\/schema.org\",\"@graph\":[{\"@type\":\"Article\",\"@id\":\"https:\/\/portaltela.pt\/noticias\/2026\/02\/03\/clintons-concluem-acordo-para-depor-sobre-epstein\/#article\",\"isPartOf\":{\"@id\":\"https:\/\/portaltela.pt\/noticias\/2026\/02\/03\/clintons-concluem-acordo-para-depor-sobre-epstein\/\"},\"author\":{\"name\":\"Telinha\",\"@id\":\"https:\/\/portaltela.pt\/#\/schema\/person\/c4278d4a6028830caff9ee44b42d32ed\"},\"headline\":\"Clintons concluem acordo para depor sobre Epstein\",\"datePublished\":\"2026-02-03T19:00:31+00:00\",\"mainEntityOfPage\":{\"@id\":\"https:\/\/portaltela.pt\/noticias\/2026\/02\/03\/clintons-concluem-acordo-para-depor-sobre-epstein\/\"},\"wordCount\":200,\"image\":{\"@id\":\"https:\/\/portaltela.pt\/noticias\/2026\/02\/03\/clintons-concluem-acordo-para-depor-sobre-epstein\/#primaryimage\"},\"thumbnailUrl\":\"https:\/\/portaltela.pt\/s.01k8rhncp4jt1\/2026\/02\/unnamed-file-959.jpg\",\"keywords\":[\"Congresso Nacional\",\"desobedi\u00eancia\",\"investiga\u00e7\u00e3o\",\"pol\u00edtica\",\"presidente\",\"testemunhos\"],\"articleSection\":[\"Internacional\",\"Not\u00edcias\"],\"inLanguage\":\"pt-PT\"},{\"@type\":\"WebPage\",\"@id\":\"https:\/\/portaltela.pt\/noticias\/2026\/02\/03\/clintons-concluem-acordo-para-depor-sobre-epstein\/\",\"url\":\"https:\/\/portaltela.pt\/noticias\/2026\/02\/03\/clintons-concluem-acordo-para-depor-sobre-epstein\/\",\"name\":\"Clintons concluem acordo para depor sobre Epstein - Portal Tela Portugal\",\"isPartOf\":{\"@id\":\"https:\/\/portaltela.pt\/#website\"},\"primaryImageOfPage\":{\"@id\":\"https:\/\/portaltela.pt\/noticias\/2026\/02\/03\/clintons-concluem-acordo-para-depor-sobre-epstein\/#primaryimage\"},\"image\":{\"@id\":\"https:\/\/portaltela.pt\/noticias\/2026\/02\/03\/clintons-concluem-acordo-para-depor-sobre-epstein\/#primaryimage\"},\"thumbnailUrl\":\"https:\/\/portaltela.pt\/s.01k8rhncp4jt1\/2026\/02\/unnamed-file-959.jpg\",\"datePublished\":\"2026-02-03T19:00:31+00:00\",\"author\":{\"@id\":\"https:\/\/portaltela.pt\/#\/schema\/person\/c4278d4a6028830caff9ee44b42d32ed\"},\"breadcrumb\":{\"@id\":\"https:\/\/portaltela.pt\/noticias\/2026\/02\/03\/clintons-concluem-acordo-para-depor-sobre-epstein\/#breadcrumb\"},\"inLanguage\":\"pt-PT\",\"potentialAction\":[{\"@type\":\"ReadAction\",\"target\":[\"https:\/\/portaltela.pt\/noticias\/2026\/02\/03\/clintons-concluem-acordo-para-depor-sobre-epstein\/\"]}]},{\"@type\":\"ImageObject\",\"inLanguage\":\"pt-PT\",\"@id\":\"https:\/\/portaltela.pt\/noticias\/2026\/02\/03\/clintons-concluem-acordo-para-depor-sobre-epstein\/#primaryimage\",\"url\":\"https:\/\/portaltela.pt\/s.01k8rhncp4jt1\/2026\/02\/unnamed-file-959.jpg\",\"contentUrl\":\"https:\/\/portaltela.pt\/s.01k8rhncp4jt1\/2026\/02\/unnamed-file-959.jpg\",\"width\":796,\"height\":448,\"caption\":\"Hillary e Bill Clinton foram intimados para depor sobre o caso no in\u00edcio de agosto, e tentam evitar a ida ao Capit\u00f3lio desde ent\u00e3o\"},{\"@type\":\"BreadcrumbList\",\"@id\":\"https:\/\/portaltela.pt\/noticias\/2026\/02\/03\/clintons-concluem-acordo-para-depor-sobre-epstein\/#breadcrumb\",\"itemListElement\":[{\"@type\":\"ListItem\",\"position\":1,\"name\":\"In\u00edcio\",\"item\":\"https:\/\/portaltela.pt\/\"},{\"@type\":\"ListItem\",\"position\":2,\"name\":\"Clintons concluem acordo para depor sobre Epstein\"}]},{\"@type\":\"WebSite\",\"@id\":\"https:\/\/portaltela.pt\/#website\",\"url\":\"https:\/\/portaltela.pt\/\",\"name\":\"Portal Tela Portugal\",\"description\":\"\",\"potentialAction\":[{\"@type\":\"SearchAction\",\"target\":{\"@type\":\"EntryPoint\",\"urlTemplate\":\"https:\/\/portaltela.pt\/?s={search_term_string}\"},\"query-input\":{\"@type\":\"PropertyValueSpecification\",\"valueRequired\":true,\"valueName\":\"search_term_string\"}}],\"inLanguage\":\"pt-PT\"},{\"@type\":\"Person\",\"@id\":\"https:\/\/portaltela.pt\/#\/schema\/person\/c4278d4a6028830caff9ee44b42d32ed\",\"name\":\"Telinha\",\"image\":{\"@type\":\"ImageObject\",\"inLanguage\":\"pt-PT\",\"@id\":\"https:\/\/portaltela.pt\/s.01k8rhncp4jt1\/2025\/11\/talking-bot-125x125.png\",\"url\":\"https:\/\/portaltela.pt\/s.01k8rhncp4jt1\/2025\/11\/talking-bot-125x125.png\",\"contentUrl\":\"https:\/\/portaltela.pt\/s.01k8rhncp4jt1\/2025\/11\/talking-bot-125x125.png\",\"caption\":\"Telinha\"},\"sameAs\":[\"https:\/\/portaltela.pt\/\"],\"url\":\"https:\/\/portaltela.pt\/por\/367410592786\/\"}]}<\/script>\n<!-- \/ Yoast SEO plugin. -->","yoast_head_json":{"title":"Clintons concluem acordo para depor sobre Epstein - Portal Tela Portugal","robots":{"index":"index","follow":"follow","max-snippet":"max-snippet:-1","max-image-preview":"max-image-preview:large","max-video-preview":"max-video-preview:-1"},"og_locale":"pt_PT","og_type":"article","og_title":"Clintons concluem acordo para depor sobre Epstein - Portal Tela Portugal","og_description":"Bill Clinton vai testemunhar perante a Comiss\u00e3o de Supervis\u00e3o da C\u00e2mara no dia 27 de fevereiro, sobre Jeffrey Epstein. Hillary Clinton testemunha no dia anterior, a 26 de fevereiro, no mesmo tema. Foi fechado o acordo entre os Clintons e o Congresso; anteriormente recusavam-se a testemunhar, alegando j\u00e1 terem entregado toda a informa\u00e7\u00e3o dispon\u00edvel. A recusa levou a uma acusa\u00e7\u00e3o de desobedi\u00eancia pelo Congresso, ainda sem vota\u00e7\u00e3o, o que pressionou o casal a ceder. Este \u00e9 um desfecho in\u00e9dito: nunca um antigo Presidente foi obrigado pelo poder legislativo a comparecer no Congresso; o desfecho envolve poss\u00edvel uso pol\u00edtico, especialmente pela bancada republicana.","og_url":"https:\/\/portaltela.pt\/noticias\/2026\/02\/03\/clintons-concluem-acordo-para-depor-sobre-epstein\/","og_site_name":"Portal Tela Portugal","article_published_time":"2026-02-03T19:00:31+00:00","author":"Telinha","twitter_card":"summary_large_image","twitter_misc":{"Escrito por":"Telinha","Tempo estimado de leitura":"1 minuto"},"schema":{"@context":"https:\/\/schema.org","@graph":[{"@type":"Article","@id":"https:\/\/portaltela.pt\/noticias\/2026\/02\/03\/clintons-concluem-acordo-para-depor-sobre-epstein\/#article","isPartOf":{"@id":"https:\/\/portaltela.pt\/noticias\/2026\/02\/03\/clintons-concluem-acordo-para-depor-sobre-epstein\/"},"author":{"name":"Telinha","@id":"https:\/\/portaltela.pt\/#\/schema\/person\/c4278d4a6028830caff9ee44b42d32ed"},"headline":"Clintons concluem acordo para depor sobre Epstein","datePublished":"2026-02-03T19:00:31+00:00","mainEntityOfPage":{"@id":"https:\/\/portaltela.pt\/noticias\/2026\/02\/03\/clintons-concluem-acordo-para-depor-sobre-epstein\/"},"wordCount":200,"image":{"@id":"https:\/\/portaltela.pt\/noticias\/2026\/02\/03\/clintons-concluem-acordo-para-depor-sobre-epstein\/#primaryimage"},"thumbnailUrl":"https:\/\/portaltela.pt\/s.01k8rhncp4jt1\/2026\/02\/unnamed-file-959.jpg","keywords":["Congresso Nacional","desobedi\u00eancia","investiga\u00e7\u00e3o","pol\u00edtica","presidente","testemunhos"],"articleSection":["Internacional","Not\u00edcias"],"inLanguage":"pt-PT"},{"@type":"WebPage","@id":"https:\/\/portaltela.pt\/noticias\/2026\/02\/03\/clintons-concluem-acordo-para-depor-sobre-epstein\/","url":"https:\/\/portaltela.pt\/noticias\/2026\/02\/03\/clintons-concluem-acordo-para-depor-sobre-epstein\/","name":"Clintons concluem acordo para depor sobre Epstein - Portal Tela Portugal","isPartOf":{"@id":"https:\/\/portaltela.pt\/#website"},"primaryImageOfPage":{"@id":"https:\/\/portaltela.pt\/noticias\/2026\/02\/03\/clintons-concluem-acordo-para-depor-sobre-epstein\/#primaryimage"},"image":{"@id":"https:\/\/portaltela.pt\/noticias\/2026\/02\/03\/clintons-concluem-acordo-para-depor-sobre-epstein\/#primaryimage"},"thumbnailUrl":"https:\/\/portaltela.pt\/s.01k8rhncp4jt1\/2026\/02\/unnamed-file-959.jpg","datePublished":"2026-02-03T19:00:31+00:00","author":{"@id":"https:\/\/portaltela.pt\/#\/schema\/person\/c4278d4a6028830caff9ee44b42d32ed"},"breadcrumb":{"@id":"https:\/\/portaltela.pt\/noticias\/2026\/02\/03\/clintons-concluem-acordo-para-depor-sobre-epstein\/#breadcrumb"},"inLanguage":"pt-PT","potentialAction":[{"@type":"ReadAction","target":["https:\/\/portaltela.pt\/noticias\/2026\/02\/03\/clintons-concluem-acordo-para-depor-sobre-epstein\/"]}]},{"@type":"ImageObject","inLanguage":"pt-PT","@id":"https:\/\/portaltela.pt\/noticias\/2026\/02\/03\/clintons-concluem-acordo-para-depor-sobre-epstein\/#primaryimage","url":"https:\/\/portaltela.pt\/s.01k8rhncp4jt1\/2026\/02\/unnamed-file-959.jpg","contentUrl":"https:\/\/portaltela.pt\/s.01k8rhncp4jt1\/2026\/02\/unnamed-file-959.jpg","width":796,"height":448,"caption":"Hillary e Bill Clinton foram intimados para depor sobre o caso no in\u00edcio de agosto, e tentam evitar a ida ao Capit\u00f3lio desde ent\u00e3o"},{"@type":"BreadcrumbList","@id":"https:\/\/portaltela.pt\/noticias\/2026\/02\/03\/clintons-concluem-acordo-para-depor-sobre-epstein\/#breadcrumb","itemListElement":[{"@type":"ListItem","position":1,"name":"In\u00edcio","item":"https:\/\/portaltela.pt\/"},{"@type":"ListItem","position":2,"name":"Clintons concluem acordo para depor sobre Epstein"}]},{"@type":"WebSite","@id":"https:\/\/portaltela.pt\/#website","url":"https:\/\/portaltela.pt\/","name":"Portal Tela Portugal","description":"","potentialAction":[{"@type":"SearchAction","target":{"@type":"EntryPoint","urlTemplate":"https:\/\/portaltela.pt\/?s={search_term_string}"},"query-input":{"@type":"PropertyValueSpecification","valueRequired":true,"valueName":"search_term_string"}}],"inLanguage":"pt-PT"},{"@type":"Person","@id":"https:\/\/portaltela.pt\/#\/schema\/person\/c4278d4a6028830caff9ee44b42d32ed","name":"Telinha","image":{"@type":"ImageObject","inLanguage":"pt-PT","@id":"https:\/\/portaltela.pt\/s.01k8rhncp4jt1\/2025\/11\/talking-bot-125x125.png","url":"https:\/\/portaltela.pt\/s.01k8rhncp4jt1\/2025\/11\/talking-bot-125x125.png","contentUrl":"https:\/\/portaltela.pt\/s.01k8rhncp4jt1\/2025\/11\/talking-bot-125x125.png","caption":"Telinha"},"sameAs":["https:\/\/portaltela.pt\/"],"url":"https:\/\/portaltela.pt\/por\/367410592786\/"}]}},"_links":{"self":[{"href":"https:\/\/portaltela.pt\/api\/wp\/v2\/posts\/194814","targetHints":{"allow":["GET"]}}],"collection":[{"href":"https:\/\/portaltela.pt\/api\/wp\/v2\/posts"}],"about":[{"href":"https:\/\/portaltela.pt\/api\/wp\/v2\/types\/post"}],"author":[{"embeddable":true,"href":"https:\/\/portaltela.pt\/api\/wp\/v2\/users\/2"}],"replies":[{"embeddable":true,"href":"https:\/\/portaltela.pt\/api\/wp\/v2\/comments?post=194814"}],"version-history":[{"count":0,"href":"https:\/\/portaltela.pt\/api\/wp\/v2\/posts\/194814\/revisions"}],"wp:featuredmedia":[{"embeddable":true,"href":"https:\/\/portaltela.pt\/api\/wp\/v2\/media\/194820"}],"wp:attachment":[{"href":"https:\/\/portaltela.pt\/api\/wp\/v2\/media?parent=194814"}],"wp:term":[{"taxonomy":"category","embeddable":true,"href":"https:\/\/portaltela.pt\/api\/wp\/v2\/categories?post=194814"},{"taxonomy":"post_tag","embeddable":true,"href":"https:\/\/portaltela.pt\/api\/wp\/v2\/tags?post=194814"}],"curies":[{"name":"wp","href":"https:\/\/api.w.org\/{rel}","templated":true}]}}