{"id":194806,"date":"2026-02-03T15:46:35","date_gmt":"2026-02-03T18:46:35","guid":{"rendered":"https:\/\/portaltela.pt\/noticias\/2026\/02\/03\/eua-alteram-nome-de-espaco-de-convivio-dos-jogos-olimpicos-de-inverno\/"},"modified":"2026-02-03T15:46:35","modified_gmt":"2026-02-03T18:46:35","slug":"eua-alteram-nome-de-espaco-de-convivio-dos-jogos-olimpicos-de-inverno","status":"publish","type":"post","link":"https:\/\/portaltela.pt\/desporto\/2026\/02\/03\/eua-alteram-nome-de-espaco-de-convivio-dos-jogos-olimpicos-de-inverno\/","title":{"rendered":"EUA alteram nome de espa\u00e7o de conv\u00edvio dos Jogos Ol\u00edmpicos de Inverno"},"content":{"rendered":"<p>Tr\u00eas federa\u00e7\u00f5es ol\u00edmpicas dos EUA alteraram o nome do espa\u00e7o de conv\u00edvio usado pelos atletas nos Jogos Ol\u00edmpicos de Inverno em Mil\u00e3o. De \u201cIce House\u201d passou a chamar-se \u201cWinter House\u201d, ap\u00f3s protestos em It\u00e1lia e nos EUA sobre o ICE.<\/p>\n<p>As federa\u00e7\u00f5es de patinagem art\u00edstica, h\u00f3quei no gelo e patinagem de velocidade anunciaram a mudan\u00e7a num hotel de Mil\u00e3o, onde ficava o espa\u00e7o de acolhimento para atletas, fam\u00edlias e patrocinadores. A mudan\u00e7a foi comunicada em setembro.<\/p>\n<p>Protestos contra o ICE ganharam for\u00e7a nos EUA e chegaram a Mil\u00e3o, com cr\u00edticas \u00e0 presen\u00e7a de agentes federais em miss\u00f5es de seguran\u00e7a. Ao lado, surgiram peti\u00e7\u00f5es pedindo altera\u00e7\u00f5es na iniciativa.<\/p>\n<p>No \u00e2mbito da pol\u00edtica de imigra\u00e7\u00e3o associada ao ICE, o tema gerou debates p\u00fablicos e chamou a aten\u00e7\u00e3o para o papel das autoridades norte-americanas na fiscaliza\u00e7\u00e3o.<\/p>\n<p>Apesar da controv\u00e9rsia, a \u00e1rea de conv\u00edvio manter\u00e1 o papel de celebrar medalhas, eventos de competi\u00e7\u00e3o, encontros com figuras do desporto e atividades patrocinadas pelos organizadores.<\/p>\n<p>Uma atleta norte-americana, Amber Glenn, disse ver a mudan\u00e7a como uma decis\u00e3o prudente, destacando as implica\u00e7\u00f5es associadas ao termo ICE no atual contexto.<\/p>\n","protected":false},"excerpt":{"rendered":"<ul>\n<li>Tr\u00eas federa\u00e7\u00f5es americanas de patinagem art\u00edstica, h\u00f3quei no gelo e patinagem de velocidade mudaram o espa\u00e7o de conv\u00edvio em Mil\u00e3o de \u201cIce House\u201d para \u201cWinter House\u201d.<\/li>\n<li>A altera\u00e7\u00e3o ocorreu ap\u00f3s protestos na It\u00e1lia e nos Estados Unidos sobre o papel e a conduta do ICE (Servi\u00e7o de Imigra\u00e7\u00e3o e Alf\u00e2ndega).<\/li>\n<li>O espa\u00e7o continua a funcionar como casa de acolhimento para atletas, fam\u00edlias e patrocinadores, num hotel em Mil\u00e3o.<\/li>\n<li>A mudan\u00e7a foi anunciada \u00e0 CNN Internacional; a patinadora Amber Glenn classificou a decis\u00e3o como s\u00e1bia.<\/li>\n<li>Os protestos contra o ICE j\u00e1 tinham ganho express\u00e3o nos EUA e espalharam-se para a It\u00e1lia, gerando peti\u00e7\u00f5es e controv\u00e9rsia.<\/li>\n<\/ul>\n","protected":false},"author":2,"featured_media":194807,"comment_status":"closed","ping_status":"closed","sticky":false,"template":"","format":"standard","meta":{"footnotes":""},"categories":[21],"tags":[1600,162,2691,1857,5309,4603],"class_list":["post-194806","post","type-post","status-publish","format-standard","has-post-thumbnail","hentry","category-desporto","tag-estados-unidos","tag-hoquei-no-gelo","tag-ice","tag-italia","tag-patinagem-artistica","tag-patinagem-de-velocidade"],"yoast_head":"<!-- This site is optimized with the Yoast SEO plugin v27.2 - https:\/\/yoast.com\/product\/yoast-seo-wordpress\/ -->\n<title>EUA alteram nome de espa\u00e7o de conv\u00edvio dos Jogos Ol\u00edmpicos de Inverno - Portal Tela Portugal<\/title>\n<meta name=\"robots\" content=\"index, follow, max-snippet:-1, max-image-preview:large, max-video-preview:-1\" \/>\n<meta property=\"og:locale\" content=\"pt_PT\" \/>\n<meta property=\"og:type\" content=\"article\" \/>\n<meta property=\"og:title\" content=\"EUA alteram nome de espa\u00e7o de conv\u00edvio dos Jogos Ol\u00edmpicos de Inverno - Portal Tela Portugal\" \/>\n<meta property=\"og:description\" content=\"Tr\u00eas federa\u00e7\u00f5es americanas de patinagem art\u00edstica, h\u00f3quei no gelo e patinagem de velocidade mudaram o espa\u00e7o de conv\u00edvio em Mil\u00e3o de \u201cIce House\u201d para \u201cWinter House\u201d. A altera\u00e7\u00e3o ocorreu ap\u00f3s protestos na It\u00e1lia e nos Estados Unidos sobre o papel e a conduta do ICE (Servi\u00e7o de Imigra\u00e7\u00e3o e Alf\u00e2ndega). O espa\u00e7o continua a funcionar como casa de acolhimento para atletas, fam\u00edlias e patrocinadores, num hotel em Mil\u00e3o. A mudan\u00e7a foi anunciada \u00e0 CNN Internacional; a patinadora Amber Glenn classificou a decis\u00e3o como s\u00e1bia. Os protestos contra o ICE j\u00e1 tinham ganho express\u00e3o nos EUA e espalharam-se para a It\u00e1lia, gerando peti\u00e7\u00f5es e controv\u00e9rsia.\" \/>\n<meta property=\"og:url\" content=\"https:\/\/portaltela.pt\/noticias\/2026\/02\/03\/eua-alteram-nome-de-espaco-de-convivio-dos-jogos-olimpicos-de-inverno\/\" \/>\n<meta property=\"og:site_name\" content=\"Portal Tela Portugal\" \/>\n<meta property=\"article:published_time\" content=\"2026-02-03T18:46:35+00:00\" \/>\n<meta name=\"author\" content=\"Telinha\" \/>\n<meta name=\"twitter:card\" content=\"summary_large_image\" \/>\n<meta name=\"twitter:label1\" content=\"Escrito por\" \/>\n\t<meta name=\"twitter:data1\" content=\"Telinha\" \/>\n\t<meta name=\"twitter:label2\" content=\"Tempo estimado de leitura\" \/>\n\t<meta name=\"twitter:data2\" content=\"1 minuto\" \/>\n<script type=\"application\/ld+json\" class=\"yoast-schema-graph\">{\"@context\":\"https:\/\/schema.org\",\"@graph\":[{\"@type\":\"Article\",\"@id\":\"https:\/\/portaltela.pt\/noticias\/2026\/02\/03\/eua-alteram-nome-de-espaco-de-convivio-dos-jogos-olimpicos-de-inverno\/#article\",\"isPartOf\":{\"@id\":\"https:\/\/portaltela.pt\/noticias\/2026\/02\/03\/eua-alteram-nome-de-espaco-de-convivio-dos-jogos-olimpicos-de-inverno\/\"},\"author\":{\"name\":\"Telinha\",\"@id\":\"https:\/\/portaltela.pt\/#\/schema\/person\/c4278d4a6028830caff9ee44b42d32ed\"},\"headline\":\"EUA alteram nome de espa\u00e7o de conv\u00edvio dos Jogos Ol\u00edmpicos de Inverno\",\"datePublished\":\"2026-02-03T18:46:35+00:00\",\"mainEntityOfPage\":{\"@id\":\"https:\/\/portaltela.pt\/noticias\/2026\/02\/03\/eua-alteram-nome-de-espaco-de-convivio-dos-jogos-olimpicos-de-inverno\/\"},\"wordCount\":232,\"image\":{\"@id\":\"https:\/\/portaltela.pt\/noticias\/2026\/02\/03\/eua-alteram-nome-de-espaco-de-convivio-dos-jogos-olimpicos-de-inverno\/#primaryimage\"},\"thumbnailUrl\":\"https:\/\/portaltela.pt\/s.01k8rhncp4jt1\/2026\/02\/img_1500x1000uu2025-09-19-19-53-44-2236351.jpg\",\"keywords\":[\"Estados Unidos\",\"H\u00f3quei no gelo\",\"ICE\",\"It\u00e1lia\",\"patinagem art\u00edstica\",\"patinagem de velocidade\"],\"articleSection\":[\"Desporto\"],\"inLanguage\":\"pt-PT\"},{\"@type\":\"WebPage\",\"@id\":\"https:\/\/portaltela.pt\/noticias\/2026\/02\/03\/eua-alteram-nome-de-espaco-de-convivio-dos-jogos-olimpicos-de-inverno\/\",\"url\":\"https:\/\/portaltela.pt\/noticias\/2026\/02\/03\/eua-alteram-nome-de-espaco-de-convivio-dos-jogos-olimpicos-de-inverno\/\",\"name\":\"EUA alteram nome de espa\u00e7o de conv\u00edvio dos Jogos Ol\u00edmpicos de Inverno - Portal Tela Portugal\",\"isPartOf\":{\"@id\":\"https:\/\/portaltela.pt\/#website\"},\"primaryImageOfPage\":{\"@id\":\"https:\/\/portaltela.pt\/noticias\/2026\/02\/03\/eua-alteram-nome-de-espaco-de-convivio-dos-jogos-olimpicos-de-inverno\/#primaryimage\"},\"image\":{\"@id\":\"https:\/\/portaltela.pt\/noticias\/2026\/02\/03\/eua-alteram-nome-de-espaco-de-convivio-dos-jogos-olimpicos-de-inverno\/#primaryimage\"},\"thumbnailUrl\":\"https:\/\/portaltela.pt\/s.01k8rhncp4jt1\/2026\/02\/img_1500x1000uu2025-09-19-19-53-44-2236351.jpg\",\"datePublished\":\"2026-02-03T18:46:35+00:00\",\"author\":{\"@id\":\"https:\/\/portaltela.pt\/#\/schema\/person\/c4278d4a6028830caff9ee44b42d32ed\"},\"breadcrumb\":{\"@id\":\"https:\/\/portaltela.pt\/noticias\/2026\/02\/03\/eua-alteram-nome-de-espaco-de-convivio-dos-jogos-olimpicos-de-inverno\/#breadcrumb\"},\"inLanguage\":\"pt-PT\",\"potentialAction\":[{\"@type\":\"ReadAction\",\"target\":[\"https:\/\/portaltela.pt\/noticias\/2026\/02\/03\/eua-alteram-nome-de-espaco-de-convivio-dos-jogos-olimpicos-de-inverno\/\"]}]},{\"@type\":\"ImageObject\",\"inLanguage\":\"pt-PT\",\"@id\":\"https:\/\/portaltela.pt\/noticias\/2026\/02\/03\/eua-alteram-nome-de-espaco-de-convivio-dos-jogos-olimpicos-de-inverno\/#primaryimage\",\"url\":\"https:\/\/portaltela.pt\/s.01k8rhncp4jt1\/2026\/02\/img_1500x1000uu2025-09-19-19-53-44-2236351.jpg\",\"contentUrl\":\"https:\/\/portaltela.pt\/s.01k8rhncp4jt1\/2026\/02\/img_1500x1000uu2025-09-19-19-53-44-2236351.jpg\",\"width\":796,\"height\":448,\"caption\":\"EUA mudam nome de espa\u00e7o de conv\u00edvio dos Jogos Ol\u00edmpicos de Inverno de \u201cIce House\u201d para \u201cWinter House\u201d ap\u00f3s protestos contra o ICE\"},{\"@type\":\"BreadcrumbList\",\"@id\":\"https:\/\/portaltela.pt\/noticias\/2026\/02\/03\/eua-alteram-nome-de-espaco-de-convivio-dos-jogos-olimpicos-de-inverno\/#breadcrumb\",\"itemListElement\":[{\"@type\":\"ListItem\",\"position\":1,\"name\":\"In\u00edcio\",\"item\":\"https:\/\/portaltela.pt\/\"},{\"@type\":\"ListItem\",\"position\":2,\"name\":\"EUA alteram nome de espa\u00e7o de conv\u00edvio dos Jogos Ol\u00edmpicos de Inverno\"}]},{\"@type\":\"WebSite\",\"@id\":\"https:\/\/portaltela.pt\/#website\",\"url\":\"https:\/\/portaltela.pt\/\",\"name\":\"Portal Tela Portugal\",\"description\":\"\",\"potentialAction\":[{\"@type\":\"SearchAction\",\"target\":{\"@type\":\"EntryPoint\",\"urlTemplate\":\"https:\/\/portaltela.pt\/?s={search_term_string}\"},\"query-input\":{\"@type\":\"PropertyValueSpecification\",\"valueRequired\":true,\"valueName\":\"search_term_string\"}}],\"inLanguage\":\"pt-PT\"},{\"@type\":\"Person\",\"@id\":\"https:\/\/portaltela.pt\/#\/schema\/person\/c4278d4a6028830caff9ee44b42d32ed\",\"name\":\"Telinha\",\"image\":{\"@type\":\"ImageObject\",\"inLanguage\":\"pt-PT\",\"@id\":\"https:\/\/portaltela.pt\/s.01k8rhncp4jt1\/2025\/11\/talking-bot-125x125.png\",\"url\":\"https:\/\/portaltela.pt\/s.01k8rhncp4jt1\/2025\/11\/talking-bot-125x125.png\",\"contentUrl\":\"https:\/\/portaltela.pt\/s.01k8rhncp4jt1\/2025\/11\/talking-bot-125x125.png\",\"caption\":\"Telinha\"},\"sameAs\":[\"https:\/\/portaltela.pt\/\"],\"url\":\"https:\/\/portaltela.pt\/por\/367410592786\/\"}]}<\/script>\n<!-- \/ Yoast SEO plugin. -->","yoast_head_json":{"title":"EUA alteram nome de espa\u00e7o de conv\u00edvio dos Jogos Ol\u00edmpicos de Inverno - Portal Tela Portugal","robots":{"index":"index","follow":"follow","max-snippet":"max-snippet:-1","max-image-preview":"max-image-preview:large","max-video-preview":"max-video-preview:-1"},"og_locale":"pt_PT","og_type":"article","og_title":"EUA alteram nome de espa\u00e7o de conv\u00edvio dos Jogos Ol\u00edmpicos de Inverno - Portal Tela Portugal","og_description":"Tr\u00eas federa\u00e7\u00f5es americanas de patinagem art\u00edstica, h\u00f3quei no gelo e patinagem de velocidade mudaram o espa\u00e7o de conv\u00edvio em Mil\u00e3o de \u201cIce House\u201d para \u201cWinter House\u201d. A altera\u00e7\u00e3o ocorreu ap\u00f3s protestos na It\u00e1lia e nos Estados Unidos sobre o papel e a conduta do ICE (Servi\u00e7o de Imigra\u00e7\u00e3o e Alf\u00e2ndega). O espa\u00e7o continua a funcionar como casa de acolhimento para atletas, fam\u00edlias e patrocinadores, num hotel em Mil\u00e3o. A mudan\u00e7a foi anunciada \u00e0 CNN Internacional; a patinadora Amber Glenn classificou a decis\u00e3o como s\u00e1bia. Os protestos contra o ICE j\u00e1 tinham ganho express\u00e3o nos EUA e espalharam-se para a It\u00e1lia, gerando peti\u00e7\u00f5es e controv\u00e9rsia.","og_url":"https:\/\/portaltela.pt\/noticias\/2026\/02\/03\/eua-alteram-nome-de-espaco-de-convivio-dos-jogos-olimpicos-de-inverno\/","og_site_name":"Portal Tela Portugal","article_published_time":"2026-02-03T18:46:35+00:00","author":"Telinha","twitter_card":"summary_large_image","twitter_misc":{"Escrito por":"Telinha","Tempo estimado de leitura":"1 minuto"},"schema":{"@context":"https:\/\/schema.org","@graph":[{"@type":"Article","@id":"https:\/\/portaltela.pt\/noticias\/2026\/02\/03\/eua-alteram-nome-de-espaco-de-convivio-dos-jogos-olimpicos-de-inverno\/#article","isPartOf":{"@id":"https:\/\/portaltela.pt\/noticias\/2026\/02\/03\/eua-alteram-nome-de-espaco-de-convivio-dos-jogos-olimpicos-de-inverno\/"},"author":{"name":"Telinha","@id":"https:\/\/portaltela.pt\/#\/schema\/person\/c4278d4a6028830caff9ee44b42d32ed"},"headline":"EUA alteram nome de espa\u00e7o de conv\u00edvio dos Jogos Ol\u00edmpicos de Inverno","datePublished":"2026-02-03T18:46:35+00:00","mainEntityOfPage":{"@id":"https:\/\/portaltela.pt\/noticias\/2026\/02\/03\/eua-alteram-nome-de-espaco-de-convivio-dos-jogos-olimpicos-de-inverno\/"},"wordCount":232,"image":{"@id":"https:\/\/portaltela.pt\/noticias\/2026\/02\/03\/eua-alteram-nome-de-espaco-de-convivio-dos-jogos-olimpicos-de-inverno\/#primaryimage"},"thumbnailUrl":"https:\/\/portaltela.pt\/s.01k8rhncp4jt1\/2026\/02\/img_1500x1000uu2025-09-19-19-53-44-2236351.jpg","keywords":["Estados Unidos","H\u00f3quei no gelo","ICE","It\u00e1lia","patinagem art\u00edstica","patinagem de velocidade"],"articleSection":["Desporto"],"inLanguage":"pt-PT"},{"@type":"WebPage","@id":"https:\/\/portaltela.pt\/noticias\/2026\/02\/03\/eua-alteram-nome-de-espaco-de-convivio-dos-jogos-olimpicos-de-inverno\/","url":"https:\/\/portaltela.pt\/noticias\/2026\/02\/03\/eua-alteram-nome-de-espaco-de-convivio-dos-jogos-olimpicos-de-inverno\/","name":"EUA alteram nome de espa\u00e7o de conv\u00edvio dos Jogos Ol\u00edmpicos de Inverno - Portal Tela Portugal","isPartOf":{"@id":"https:\/\/portaltela.pt\/#website"},"primaryImageOfPage":{"@id":"https:\/\/portaltela.pt\/noticias\/2026\/02\/03\/eua-alteram-nome-de-espaco-de-convivio-dos-jogos-olimpicos-de-inverno\/#primaryimage"},"image":{"@id":"https:\/\/portaltela.pt\/noticias\/2026\/02\/03\/eua-alteram-nome-de-espaco-de-convivio-dos-jogos-olimpicos-de-inverno\/#primaryimage"},"thumbnailUrl":"https:\/\/portaltela.pt\/s.01k8rhncp4jt1\/2026\/02\/img_1500x1000uu2025-09-19-19-53-44-2236351.jpg","datePublished":"2026-02-03T18:46:35+00:00","author":{"@id":"https:\/\/portaltela.pt\/#\/schema\/person\/c4278d4a6028830caff9ee44b42d32ed"},"breadcrumb":{"@id":"https:\/\/portaltela.pt\/noticias\/2026\/02\/03\/eua-alteram-nome-de-espaco-de-convivio-dos-jogos-olimpicos-de-inverno\/#breadcrumb"},"inLanguage":"pt-PT","potentialAction":[{"@type":"ReadAction","target":["https:\/\/portaltela.pt\/noticias\/2026\/02\/03\/eua-alteram-nome-de-espaco-de-convivio-dos-jogos-olimpicos-de-inverno\/"]}]},{"@type":"ImageObject","inLanguage":"pt-PT","@id":"https:\/\/portaltela.pt\/noticias\/2026\/02\/03\/eua-alteram-nome-de-espaco-de-convivio-dos-jogos-olimpicos-de-inverno\/#primaryimage","url":"https:\/\/portaltela.pt\/s.01k8rhncp4jt1\/2026\/02\/img_1500x1000uu2025-09-19-19-53-44-2236351.jpg","contentUrl":"https:\/\/portaltela.pt\/s.01k8rhncp4jt1\/2026\/02\/img_1500x1000uu2025-09-19-19-53-44-2236351.jpg","width":796,"height":448,"caption":"EUA mudam nome de espa\u00e7o de conv\u00edvio dos Jogos Ol\u00edmpicos de Inverno de \u201cIce House\u201d para \u201cWinter House\u201d ap\u00f3s protestos contra o ICE"},{"@type":"BreadcrumbList","@id":"https:\/\/portaltela.pt\/noticias\/2026\/02\/03\/eua-alteram-nome-de-espaco-de-convivio-dos-jogos-olimpicos-de-inverno\/#breadcrumb","itemListElement":[{"@type":"ListItem","position":1,"name":"In\u00edcio","item":"https:\/\/portaltela.pt\/"},{"@type":"ListItem","position":2,"name":"EUA alteram nome de espa\u00e7o de conv\u00edvio dos Jogos Ol\u00edmpicos de Inverno"}]},{"@type":"WebSite","@id":"https:\/\/portaltela.pt\/#website","url":"https:\/\/portaltela.pt\/","name":"Portal Tela Portugal","description":"","potentialAction":[{"@type":"SearchAction","target":{"@type":"EntryPoint","urlTemplate":"https:\/\/portaltela.pt\/?s={search_term_string}"},"query-input":{"@type":"PropertyValueSpecification","valueRequired":true,"valueName":"search_term_string"}}],"inLanguage":"pt-PT"},{"@type":"Person","@id":"https:\/\/portaltela.pt\/#\/schema\/person\/c4278d4a6028830caff9ee44b42d32ed","name":"Telinha","image":{"@type":"ImageObject","inLanguage":"pt-PT","@id":"https:\/\/portaltela.pt\/s.01k8rhncp4jt1\/2025\/11\/talking-bot-125x125.png","url":"https:\/\/portaltela.pt\/s.01k8rhncp4jt1\/2025\/11\/talking-bot-125x125.png","contentUrl":"https:\/\/portaltela.pt\/s.01k8rhncp4jt1\/2025\/11\/talking-bot-125x125.png","caption":"Telinha"},"sameAs":["https:\/\/portaltela.pt\/"],"url":"https:\/\/portaltela.pt\/por\/367410592786\/"}]}},"_links":{"self":[{"href":"https:\/\/portaltela.pt\/api\/wp\/v2\/posts\/194806","targetHints":{"allow":["GET"]}}],"collection":[{"href":"https:\/\/portaltela.pt\/api\/wp\/v2\/posts"}],"about":[{"href":"https:\/\/portaltela.pt\/api\/wp\/v2\/types\/post"}],"author":[{"embeddable":true,"href":"https:\/\/portaltela.pt\/api\/wp\/v2\/users\/2"}],"replies":[{"embeddable":true,"href":"https:\/\/portaltela.pt\/api\/wp\/v2\/comments?post=194806"}],"version-history":[{"count":0,"href":"https:\/\/portaltela.pt\/api\/wp\/v2\/posts\/194806\/revisions"}],"wp:featuredmedia":[{"embeddable":true,"href":"https:\/\/portaltela.pt\/api\/wp\/v2\/media\/194807"}],"wp:attachment":[{"href":"https:\/\/portaltela.pt\/api\/wp\/v2\/media?parent=194806"}],"wp:term":[{"taxonomy":"category","embeddable":true,"href":"https:\/\/portaltela.pt\/api\/wp\/v2\/categories?post=194806"},{"taxonomy":"post_tag","embeddable":true,"href":"https:\/\/portaltela.pt\/api\/wp\/v2\/tags?post=194806"}],"curies":[{"name":"wp","href":"https:\/\/api.w.org\/{rel}","templated":true}]}}