{"id":194778,"date":"2026-02-03T15:52:00","date_gmt":"2026-02-03T18:52:00","guid":{"rendered":"https:\/\/portaltela.pt\/noticias\/2026\/02\/03\/municipios-exigem-aumento-da-renda-pela-exploracao-da-barragem-do-baixo-sabor\/"},"modified":"2026-02-03T15:52:00","modified_gmt":"2026-02-03T18:52:00","slug":"municipios-exigem-aumento-da-renda-pela-exploracao-da-barragem-do-baixo-sabor","status":"publish","type":"post","link":"https:\/\/portaltela.pt\/noticias\/2026\/02\/03\/municipios-exigem-aumento-da-renda-pela-exploracao-da-barragem-do-baixo-sabor\/","title":{"rendered":"Munic\u00edpios exigem aumento da renda pela explora\u00e7\u00e3o da barragem do Baixo Sabor"},"content":{"rendered":"<p>Os autarcas dos munic\u00edpios do Baixo Sabor reuniram-se com a ERSE, para pedir a atualiza\u00e7\u00e3o do valor das rendas da barragem do Baixo Sabor. A renda n\u00e3o \u00e9 revista desde 2008.<\/p>\n<p>A reuni\u00e3o envolveu a Associa\u00e7\u00e3o de Munic\u00edpios do Baixo Sabor e o presidente Ant\u00f3nio Pimentel, representando Alf\u00e2ndega da F\u00e9, Macedo de Cavaleiros, Mogadouro e Torre de Moncorvo. A sess\u00e3o visou esclarecer a f\u00f3rmula de c\u00e1lculo das rendas.<\/p>\n<p>A renda atual \u00e9 de 400 mil euros por ano, repartida entre os quatro munic\u00edpios da regi\u00e3o de influ\u00eancia da barragem. O objetivo \u00e9 assegurar um Indexa\u00e7\u00e3o anual prevista na lei, que n\u00e3o tem sido aplicada.<\/p>\n<h3>Desdobramentos<\/h3>\n<p>A administra\u00e7\u00e3o da barragem serve para financiar melhoramentos locais, com candidaturas a projetos por parte dos munic\u00edpios. A ERSE comprometeu-se a definir a f\u00f3rmula de c\u00e1lculo e a publicar os \u00edndices que a comp\u00f5em.<\/p>\n","protected":false},"excerpt":{"rendered":"<ul>\n<li>Autarcas do Baixo Sabor reuniram-se com a ERSE para pedir a atualiza\u00e7\u00e3o do valor das rendas da barragem, que n\u00e3o s\u00e3o atualizadas desde 2008.<\/li>\n<li>A renda atual \u00e9 de 400 mil euros por ano, divididos entre os quatro munic\u00edpios da \u00e1rea de influ\u00eancia: Alf\u00e2ndega da F\u00e9, Macedo de Cavaleiros, Mogadouro e Torre de Moncorvo.<\/li>\n<li>Ant\u00f3nio Pimentel, presidente da Associa\u00e7\u00e3o de Munic\u00edpios do Baixo Sabor, explicou que a reuni\u00e3o visou a publica\u00e7\u00e3o dos \u00edndices que constituem a f\u00f3rmula de atribui\u00e7\u00e3o da renda.<\/li>\n<li>A ERSE comprometeu-se a avan\u00e7ar com a defini\u00e7\u00e3o da f\u00f3rmula de c\u00e1lculo da renda.<\/li>\n<li>Os autarcas sustentam que o valor n\u00e3o \u00e9 justo por n\u00e3o ter sido atualizado, apesar de a lei prever atualiza\u00e7\u00e3o anual; o dinheiro \u00e9 aplicado em melhoramentos nos concelhos atrav\u00e9s de candidaturas a projetos.<\/li>\n<\/ul>\n","protected":false},"author":2,"featured_media":194789,"comment_status":"closed","ping_status":"closed","sticky":false,"template":"","format":"standard","meta":{"footnotes":""},"categories":[1],"tags":[3057,4924,1409,5307,2093,2842],"class_list":["post-194778","post","type-post","status-publish","format-standard","has-post-thumbnail","hentry","category-noticias","tag-autarcas","tag-barragens","tag-desenvolvimento-regional","tag-erse","tag-municipios","tag-renda"],"yoast_head":"<!-- This site is optimized with the Yoast SEO plugin v27.2 - https:\/\/yoast.com\/product\/yoast-seo-wordpress\/ -->\n<title>Munic\u00edpios exigem aumento da renda pela explora\u00e7\u00e3o da barragem do Baixo Sabor - Portal Tela Portugal<\/title>\n<meta name=\"robots\" content=\"index, follow, max-snippet:-1, max-image-preview:large, max-video-preview:-1\" \/>\n<meta property=\"og:locale\" content=\"pt_PT\" \/>\n<meta property=\"og:type\" content=\"article\" \/>\n<meta property=\"og:title\" content=\"Munic\u00edpios exigem aumento da renda pela explora\u00e7\u00e3o da barragem do Baixo Sabor - Portal Tela Portugal\" \/>\n<meta property=\"og:description\" content=\"Autarcas do Baixo Sabor reuniram-se com a ERSE para pedir a atualiza\u00e7\u00e3o do valor das rendas da barragem, que n\u00e3o s\u00e3o atualizadas desde 2008. A renda atual \u00e9 de 400 mil euros por ano, divididos entre os quatro munic\u00edpios da \u00e1rea de influ\u00eancia: Alf\u00e2ndega da F\u00e9, Macedo de Cavaleiros, Mogadouro e Torre de Moncorvo. Ant\u00f3nio Pimentel, presidente da Associa\u00e7\u00e3o de Munic\u00edpios do Baixo Sabor, explicou que a reuni\u00e3o visou a publica\u00e7\u00e3o dos \u00edndices que constituem a f\u00f3rmula de atribui\u00e7\u00e3o da renda. A ERSE comprometeu-se a avan\u00e7ar com a defini\u00e7\u00e3o da f\u00f3rmula de c\u00e1lculo da renda. Os autarcas sustentam que o valor n\u00e3o \u00e9 justo por n\u00e3o ter sido atualizado, apesar de a lei prever atualiza\u00e7\u00e3o anual; o dinheiro \u00e9 aplicado em melhoramentos nos concelhos atrav\u00e9s de candidaturas a projetos.\" \/>\n<meta property=\"og:url\" content=\"https:\/\/portaltela.pt\/noticias\/2026\/02\/03\/municipios-exigem-aumento-da-renda-pela-exploracao-da-barragem-do-baixo-sabor\/\" \/>\n<meta property=\"og:site_name\" content=\"Portal Tela Portugal\" \/>\n<meta property=\"article:published_time\" content=\"2026-02-03T18:52:00+00:00\" \/>\n<meta name=\"author\" content=\"Telinha\" \/>\n<meta name=\"twitter:card\" content=\"summary_large_image\" \/>\n<meta name=\"twitter:label1\" content=\"Escrito por\" \/>\n\t<meta name=\"twitter:data1\" content=\"Telinha\" \/>\n\t<meta name=\"twitter:label2\" content=\"Tempo estimado de leitura\" \/>\n\t<meta name=\"twitter:data2\" content=\"1 minuto\" \/>\n<script type=\"application\/ld+json\" class=\"yoast-schema-graph\">{\"@context\":\"https:\/\/schema.org\",\"@graph\":[{\"@type\":\"Article\",\"@id\":\"https:\/\/portaltela.pt\/noticias\/2026\/02\/03\/municipios-exigem-aumento-da-renda-pela-exploracao-da-barragem-do-baixo-sabor\/#article\",\"isPartOf\":{\"@id\":\"https:\/\/portaltela.pt\/noticias\/2026\/02\/03\/municipios-exigem-aumento-da-renda-pela-exploracao-da-barragem-do-baixo-sabor\/\"},\"author\":{\"name\":\"Telinha\",\"@id\":\"https:\/\/portaltela.pt\/#\/schema\/person\/c4278d4a6028830caff9ee44b42d32ed\"},\"headline\":\"Munic\u00edpios exigem aumento da renda pela explora\u00e7\u00e3o da barragem do Baixo Sabor\",\"datePublished\":\"2026-02-03T18:52:00+00:00\",\"mainEntityOfPage\":{\"@id\":\"https:\/\/portaltela.pt\/noticias\/2026\/02\/03\/municipios-exigem-aumento-da-renda-pela-exploracao-da-barragem-do-baixo-sabor\/\"},\"wordCount\":169,\"image\":{\"@id\":\"https:\/\/portaltela.pt\/noticias\/2026\/02\/03\/municipios-exigem-aumento-da-renda-pela-exploracao-da-barragem-do-baixo-sabor\/#primaryimage\"},\"thumbnailUrl\":\"https:\/\/portaltela.pt\/s.01k8rhncp4jt1\/2026\/02\/image-231.jpg\",\"keywords\":[\"autarcas\",\"barragens\",\"desenvolvimento regional\",\"ERSE\",\"munic\u00edpios\",\"renda\"],\"articleSection\":[\"Not\u00edcias\"],\"inLanguage\":\"pt-PT\"},{\"@type\":\"WebPage\",\"@id\":\"https:\/\/portaltela.pt\/noticias\/2026\/02\/03\/municipios-exigem-aumento-da-renda-pela-exploracao-da-barragem-do-baixo-sabor\/\",\"url\":\"https:\/\/portaltela.pt\/noticias\/2026\/02\/03\/municipios-exigem-aumento-da-renda-pela-exploracao-da-barragem-do-baixo-sabor\/\",\"name\":\"Munic\u00edpios exigem aumento da renda pela explora\u00e7\u00e3o da barragem do Baixo Sabor - Portal Tela Portugal\",\"isPartOf\":{\"@id\":\"https:\/\/portaltela.pt\/#website\"},\"primaryImageOfPage\":{\"@id\":\"https:\/\/portaltela.pt\/noticias\/2026\/02\/03\/municipios-exigem-aumento-da-renda-pela-exploracao-da-barragem-do-baixo-sabor\/#primaryimage\"},\"image\":{\"@id\":\"https:\/\/portaltela.pt\/noticias\/2026\/02\/03\/municipios-exigem-aumento-da-renda-pela-exploracao-da-barragem-do-baixo-sabor\/#primaryimage\"},\"thumbnailUrl\":\"https:\/\/portaltela.pt\/s.01k8rhncp4jt1\/2026\/02\/image-231.jpg\",\"datePublished\":\"2026-02-03T18:52:00+00:00\",\"author\":{\"@id\":\"https:\/\/portaltela.pt\/#\/schema\/person\/c4278d4a6028830caff9ee44b42d32ed\"},\"breadcrumb\":{\"@id\":\"https:\/\/portaltela.pt\/noticias\/2026\/02\/03\/municipios-exigem-aumento-da-renda-pela-exploracao-da-barragem-do-baixo-sabor\/#breadcrumb\"},\"inLanguage\":\"pt-PT\",\"potentialAction\":[{\"@type\":\"ReadAction\",\"target\":[\"https:\/\/portaltela.pt\/noticias\/2026\/02\/03\/municipios-exigem-aumento-da-renda-pela-exploracao-da-barragem-do-baixo-sabor\/\"]}]},{\"@type\":\"ImageObject\",\"inLanguage\":\"pt-PT\",\"@id\":\"https:\/\/portaltela.pt\/noticias\/2026\/02\/03\/municipios-exigem-aumento-da-renda-pela-exploracao-da-barragem-do-baixo-sabor\/#primaryimage\",\"url\":\"https:\/\/portaltela.pt\/s.01k8rhncp4jt1\/2026\/02\/image-231.jpg\",\"contentUrl\":\"https:\/\/portaltela.pt\/s.01k8rhncp4jt1\/2026\/02\/image-231.jpg\",\"width\":796,\"height\":448,\"caption\":\"Imagem de contexto do artigo Munic\u00edpios reivindicam subida do valor da renda pela explora\u00e7\u00e3o da barragem do Baixo Sabor\"},{\"@type\":\"BreadcrumbList\",\"@id\":\"https:\/\/portaltela.pt\/noticias\/2026\/02\/03\/municipios-exigem-aumento-da-renda-pela-exploracao-da-barragem-do-baixo-sabor\/#breadcrumb\",\"itemListElement\":[{\"@type\":\"ListItem\",\"position\":1,\"name\":\"In\u00edcio\",\"item\":\"https:\/\/portaltela.pt\/\"},{\"@type\":\"ListItem\",\"position\":2,\"name\":\"Munic\u00edpios exigem aumento da renda pela explora\u00e7\u00e3o da barragem do Baixo Sabor\"}]},{\"@type\":\"WebSite\",\"@id\":\"https:\/\/portaltela.pt\/#website\",\"url\":\"https:\/\/portaltela.pt\/\",\"name\":\"Portal Tela Portugal\",\"description\":\"\",\"potentialAction\":[{\"@type\":\"SearchAction\",\"target\":{\"@type\":\"EntryPoint\",\"urlTemplate\":\"https:\/\/portaltela.pt\/?s={search_term_string}\"},\"query-input\":{\"@type\":\"PropertyValueSpecification\",\"valueRequired\":true,\"valueName\":\"search_term_string\"}}],\"inLanguage\":\"pt-PT\"},{\"@type\":\"Person\",\"@id\":\"https:\/\/portaltela.pt\/#\/schema\/person\/c4278d4a6028830caff9ee44b42d32ed\",\"name\":\"Telinha\",\"image\":{\"@type\":\"ImageObject\",\"inLanguage\":\"pt-PT\",\"@id\":\"https:\/\/portaltela.pt\/s.01k8rhncp4jt1\/2025\/11\/talking-bot-125x125.png\",\"url\":\"https:\/\/portaltela.pt\/s.01k8rhncp4jt1\/2025\/11\/talking-bot-125x125.png\",\"contentUrl\":\"https:\/\/portaltela.pt\/s.01k8rhncp4jt1\/2025\/11\/talking-bot-125x125.png\",\"caption\":\"Telinha\"},\"sameAs\":[\"https:\/\/portaltela.pt\/\"],\"url\":\"https:\/\/portaltela.pt\/por\/367410592786\/\"}]}<\/script>\n<!-- \/ Yoast SEO plugin. -->","yoast_head_json":{"title":"Munic\u00edpios exigem aumento da renda pela explora\u00e7\u00e3o da barragem do Baixo Sabor - Portal Tela Portugal","robots":{"index":"index","follow":"follow","max-snippet":"max-snippet:-1","max-image-preview":"max-image-preview:large","max-video-preview":"max-video-preview:-1"},"og_locale":"pt_PT","og_type":"article","og_title":"Munic\u00edpios exigem aumento da renda pela explora\u00e7\u00e3o da barragem do Baixo Sabor - Portal Tela Portugal","og_description":"Autarcas do Baixo Sabor reuniram-se com a ERSE para pedir a atualiza\u00e7\u00e3o do valor das rendas da barragem, que n\u00e3o s\u00e3o atualizadas desde 2008. A renda atual \u00e9 de 400 mil euros por ano, divididos entre os quatro munic\u00edpios da \u00e1rea de influ\u00eancia: Alf\u00e2ndega da F\u00e9, Macedo de Cavaleiros, Mogadouro e Torre de Moncorvo. Ant\u00f3nio Pimentel, presidente da Associa\u00e7\u00e3o de Munic\u00edpios do Baixo Sabor, explicou que a reuni\u00e3o visou a publica\u00e7\u00e3o dos \u00edndices que constituem a f\u00f3rmula de atribui\u00e7\u00e3o da renda. A ERSE comprometeu-se a avan\u00e7ar com a defini\u00e7\u00e3o da f\u00f3rmula de c\u00e1lculo da renda. Os autarcas sustentam que o valor n\u00e3o \u00e9 justo por n\u00e3o ter sido atualizado, apesar de a lei prever atualiza\u00e7\u00e3o anual; o dinheiro \u00e9 aplicado em melhoramentos nos concelhos atrav\u00e9s de candidaturas a projetos.","og_url":"https:\/\/portaltela.pt\/noticias\/2026\/02\/03\/municipios-exigem-aumento-da-renda-pela-exploracao-da-barragem-do-baixo-sabor\/","og_site_name":"Portal Tela Portugal","article_published_time":"2026-02-03T18:52:00+00:00","author":"Telinha","twitter_card":"summary_large_image","twitter_misc":{"Escrito por":"Telinha","Tempo estimado de leitura":"1 minuto"},"schema":{"@context":"https:\/\/schema.org","@graph":[{"@type":"Article","@id":"https:\/\/portaltela.pt\/noticias\/2026\/02\/03\/municipios-exigem-aumento-da-renda-pela-exploracao-da-barragem-do-baixo-sabor\/#article","isPartOf":{"@id":"https:\/\/portaltela.pt\/noticias\/2026\/02\/03\/municipios-exigem-aumento-da-renda-pela-exploracao-da-barragem-do-baixo-sabor\/"},"author":{"name":"Telinha","@id":"https:\/\/portaltela.pt\/#\/schema\/person\/c4278d4a6028830caff9ee44b42d32ed"},"headline":"Munic\u00edpios exigem aumento da renda pela explora\u00e7\u00e3o da barragem do Baixo Sabor","datePublished":"2026-02-03T18:52:00+00:00","mainEntityOfPage":{"@id":"https:\/\/portaltela.pt\/noticias\/2026\/02\/03\/municipios-exigem-aumento-da-renda-pela-exploracao-da-barragem-do-baixo-sabor\/"},"wordCount":169,"image":{"@id":"https:\/\/portaltela.pt\/noticias\/2026\/02\/03\/municipios-exigem-aumento-da-renda-pela-exploracao-da-barragem-do-baixo-sabor\/#primaryimage"},"thumbnailUrl":"https:\/\/portaltela.pt\/s.01k8rhncp4jt1\/2026\/02\/image-231.jpg","keywords":["autarcas","barragens","desenvolvimento regional","ERSE","munic\u00edpios","renda"],"articleSection":["Not\u00edcias"],"inLanguage":"pt-PT"},{"@type":"WebPage","@id":"https:\/\/portaltela.pt\/noticias\/2026\/02\/03\/municipios-exigem-aumento-da-renda-pela-exploracao-da-barragem-do-baixo-sabor\/","url":"https:\/\/portaltela.pt\/noticias\/2026\/02\/03\/municipios-exigem-aumento-da-renda-pela-exploracao-da-barragem-do-baixo-sabor\/","name":"Munic\u00edpios exigem aumento da renda pela explora\u00e7\u00e3o da barragem do Baixo Sabor - Portal Tela Portugal","isPartOf":{"@id":"https:\/\/portaltela.pt\/#website"},"primaryImageOfPage":{"@id":"https:\/\/portaltela.pt\/noticias\/2026\/02\/03\/municipios-exigem-aumento-da-renda-pela-exploracao-da-barragem-do-baixo-sabor\/#primaryimage"},"image":{"@id":"https:\/\/portaltela.pt\/noticias\/2026\/02\/03\/municipios-exigem-aumento-da-renda-pela-exploracao-da-barragem-do-baixo-sabor\/#primaryimage"},"thumbnailUrl":"https:\/\/portaltela.pt\/s.01k8rhncp4jt1\/2026\/02\/image-231.jpg","datePublished":"2026-02-03T18:52:00+00:00","author":{"@id":"https:\/\/portaltela.pt\/#\/schema\/person\/c4278d4a6028830caff9ee44b42d32ed"},"breadcrumb":{"@id":"https:\/\/portaltela.pt\/noticias\/2026\/02\/03\/municipios-exigem-aumento-da-renda-pela-exploracao-da-barragem-do-baixo-sabor\/#breadcrumb"},"inLanguage":"pt-PT","potentialAction":[{"@type":"ReadAction","target":["https:\/\/portaltela.pt\/noticias\/2026\/02\/03\/municipios-exigem-aumento-da-renda-pela-exploracao-da-barragem-do-baixo-sabor\/"]}]},{"@type":"ImageObject","inLanguage":"pt-PT","@id":"https:\/\/portaltela.pt\/noticias\/2026\/02\/03\/municipios-exigem-aumento-da-renda-pela-exploracao-da-barragem-do-baixo-sabor\/#primaryimage","url":"https:\/\/portaltela.pt\/s.01k8rhncp4jt1\/2026\/02\/image-231.jpg","contentUrl":"https:\/\/portaltela.pt\/s.01k8rhncp4jt1\/2026\/02\/image-231.jpg","width":796,"height":448,"caption":"Imagem de contexto do artigo Munic\u00edpios reivindicam subida do valor da renda pela explora\u00e7\u00e3o da barragem do Baixo Sabor"},{"@type":"BreadcrumbList","@id":"https:\/\/portaltela.pt\/noticias\/2026\/02\/03\/municipios-exigem-aumento-da-renda-pela-exploracao-da-barragem-do-baixo-sabor\/#breadcrumb","itemListElement":[{"@type":"ListItem","position":1,"name":"In\u00edcio","item":"https:\/\/portaltela.pt\/"},{"@type":"ListItem","position":2,"name":"Munic\u00edpios exigem aumento da renda pela explora\u00e7\u00e3o da barragem do Baixo Sabor"}]},{"@type":"WebSite","@id":"https:\/\/portaltela.pt\/#website","url":"https:\/\/portaltela.pt\/","name":"Portal Tela Portugal","description":"","potentialAction":[{"@type":"SearchAction","target":{"@type":"EntryPoint","urlTemplate":"https:\/\/portaltela.pt\/?s={search_term_string}"},"query-input":{"@type":"PropertyValueSpecification","valueRequired":true,"valueName":"search_term_string"}}],"inLanguage":"pt-PT"},{"@type":"Person","@id":"https:\/\/portaltela.pt\/#\/schema\/person\/c4278d4a6028830caff9ee44b42d32ed","name":"Telinha","image":{"@type":"ImageObject","inLanguage":"pt-PT","@id":"https:\/\/portaltela.pt\/s.01k8rhncp4jt1\/2025\/11\/talking-bot-125x125.png","url":"https:\/\/portaltela.pt\/s.01k8rhncp4jt1\/2025\/11\/talking-bot-125x125.png","contentUrl":"https:\/\/portaltela.pt\/s.01k8rhncp4jt1\/2025\/11\/talking-bot-125x125.png","caption":"Telinha"},"sameAs":["https:\/\/portaltela.pt\/"],"url":"https:\/\/portaltela.pt\/por\/367410592786\/"}]}},"_links":{"self":[{"href":"https:\/\/portaltela.pt\/api\/wp\/v2\/posts\/194778","targetHints":{"allow":["GET"]}}],"collection":[{"href":"https:\/\/portaltela.pt\/api\/wp\/v2\/posts"}],"about":[{"href":"https:\/\/portaltela.pt\/api\/wp\/v2\/types\/post"}],"author":[{"embeddable":true,"href":"https:\/\/portaltela.pt\/api\/wp\/v2\/users\/2"}],"replies":[{"embeddable":true,"href":"https:\/\/portaltela.pt\/api\/wp\/v2\/comments?post=194778"}],"version-history":[{"count":0,"href":"https:\/\/portaltela.pt\/api\/wp\/v2\/posts\/194778\/revisions"}],"wp:featuredmedia":[{"embeddable":true,"href":"https:\/\/portaltela.pt\/api\/wp\/v2\/media\/194789"}],"wp:attachment":[{"href":"https:\/\/portaltela.pt\/api\/wp\/v2\/media?parent=194778"}],"wp:term":[{"taxonomy":"category","embeddable":true,"href":"https:\/\/portaltela.pt\/api\/wp\/v2\/categories?post=194778"},{"taxonomy":"post_tag","embeddable":true,"href":"https:\/\/portaltela.pt\/api\/wp\/v2\/tags?post=194778"}],"curies":[{"name":"wp","href":"https:\/\/api.w.org\/{rel}","templated":true}]}}