{"id":194776,"date":"2026-02-03T15:35:36","date_gmt":"2026-02-03T18:35:36","guid":{"rendered":"https:\/\/portaltela.pt\/noticias\/2026\/02\/03\/fronteira-2-a-eco-run-e-caminhada-cabeco-de-vide-a-fronteira\/"},"modified":"2026-02-03T15:35:36","modified_gmt":"2026-02-03T18:35:36","slug":"fronteira-2-a-eco-run-e-caminhada-cabeco-de-vide-a-fronteira","status":"publish","type":"post","link":"https:\/\/portaltela.pt\/desporto\/2026\/02\/03\/fronteira-2-a-eco-run-e-caminhada-cabeco-de-vide-a-fronteira\/","title":{"rendered":"Fronteira: 2.\u00aa ECO Run e caminhada Cabe\u00e7o de Vide a Fronteira"},"content":{"rendered":"<p>O Munic\u00edpio de Fronteira promove a 2.\u00aa edi\u00e7\u00e3o da Corrida ECO Run Cabe\u00e7o de Vide \u2013 Fronteira e caminhada, no domingo, 22 de fevereiro de 2026. O evento decorre entre as 09h e as 14h, com foco na pr\u00e1tica desportiva, sa\u00fade e contacto com a natureza. A prova principal tem 14 km, partindo da Esta\u00e7\u00e3o da CP de Cabe\u00e7o de Vide e a chegar ao Centro de Interpreta\u00e7\u00e3o da Batalha de Atoleiros, em Fronteira. Paralelamente, a caminhada inicia e termina no Centro de Interpreta\u00e7\u00e3o, seguindo a Ecopista e \u00e1reas adjacentes.<\/p>\n<p>A iniciativa \u00e9 organizada pelo Munic\u00edpio de Fronteira, em parceria com a Escola de Atletismo PTG-Associa\u00e7\u00e3o e o Atl\u00e9tico Clube Fronteirense. Conta com a colabora\u00e7\u00e3o t\u00e9cnica da Associa\u00e7\u00e3o de Atletismo do Distrito de Portalegre (AADP). A corrida integra o Circuito de Corridas AADP, reunindo atletas e entusiastas do desporto na regi\u00e3o.<\/p>\n<p>As inscri\u00e7\u00f5es j\u00e1 est\u00e3o abertas e podem ser feitas atrav\u00e9s do site epikcrono.com\/pt. A organiza\u00e7\u00e3o pretende promover a pr\u00e1tica regular de atividade f\u00edsica e incentivar o contacto com o patrim\u00f3nio natural da linha de fronteira entre Cabe\u00e7o de Vide e Fronteira.<\/p>\n<h3>Organiza\u00e7\u00e3o e Percursos<\/h3>\n<p>A prova principal percorre 14 km entre Cabe\u00e7o de Vide e Fronteira, com partida junto \u00e0 Esta\u00e7\u00e3o da CP e chegada ao Centro de Interpreta\u00e7\u00e3o da Batalha de Atoleiros. A caminhada faz o trajeto da Ecopista, com in\u00edcio e fim no Centro de Interpreta\u00e7\u00e3o. O evento integra o Circuito de Corridas AADP.<\/p>\n<p>Participam entidades locais na organiza\u00e7\u00e3o, incluindo o Munic\u00edpio de Fronteira, PTG-Associa\u00e7\u00e3o e Atl\u00e9tico Clube Fronteirense. AADP oferece apoio t\u00e9cnico e supervis\u00e3o no \u00e2mbito da parceria desportiva regional. Benefici\u00e1rios v\u00e3o desde atletas at\u00e9 praticantes informais, promovendo inclus\u00e3o na atividade f\u00edsica.<\/p>\n<p>A organiza\u00e7\u00e3o refor\u00e7a que o evento pretende manter um ambiente seguro para participantes de diferentes idades. Em caso de d\u00favidas, os interessados devem consultar o portal de inscri\u00e7\u00f5es ou os canais oficiais do Munic\u00edpio de Fronteira para informa\u00e7\u00f5es adicionais.<\/p>\n","protected":false},"excerpt":{"rendered":"<ul>\n<li>Fronteira promove no domingo, 22 de fevereiro de 2026, a 2.\u00aa edi\u00e7\u00e3o da Corrida ECO Run Cabe\u00e7o de Vide \u2013 Fronteira e caminhada, entre as 09h e as 14h.<\/li>\n<li>A prova principal tem 14 km, com partida junto \u00e0 Esta\u00e7\u00e3o da CP de Cabe\u00e7o de Vide e chegada no Centro de Interpreta\u00e7\u00e3o da Batalha de Atoleiros, em Fronteira.<\/li>\n<li>A caminhada come\u00e7a e termina no Centro de Interpreta\u00e7\u00e3o, percorrendo a Ecopista e terrenos adjacentes.<\/li>\n<li>A organiza\u00e7\u00e3o cabe ao Munic\u00edpio de Fronteira, em parceria com a Escola de Atletismo PTG-Associa\u00e7\u00e3o e o Atl\u00e9tico Clube Fronteirense, com colabora\u00e7\u00e3o da Associa\u00e7\u00e3o de Atletismo do Distrito de Portalegre.<\/li>\n<li>As inscri\u00e7\u00f5es est\u00e3o abertas e podem ser feitas via EpikCrono; o evento integra o Circuito de Corridas da Associa\u00e7\u00e3o de Atletismo do Distrito de Portalegre.<\/li>\n<\/ul>\n","protected":false},"author":2,"featured_media":194783,"comment_status":"closed","ping_status":"closed","sticky":false,"template":"","format":"standard","meta":{"footnotes":""},"categories":[21],"tags":[137,3504,152,4002,4388,172],"class_list":["post-194776","post","type-post","status-publish","format-standard","has-post-thumbnail","hentry","category-desporto","tag-atletismo","tag-corridas","tag-desporto","tag-fronteiras","tag-percurso-pedestres","tag-saude"],"yoast_head":"<!-- This site is optimized with the Yoast SEO plugin v27.2 - https:\/\/yoast.com\/product\/yoast-seo-wordpress\/ -->\n<title>Fronteira: 2.\u00aa ECO Run e caminhada Cabe\u00e7o de Vide a Fronteira - Portal Tela Portugal<\/title>\n<meta name=\"robots\" content=\"index, follow, max-snippet:-1, max-image-preview:large, max-video-preview:-1\" \/>\n<meta property=\"og:locale\" content=\"pt_PT\" \/>\n<meta property=\"og:type\" content=\"article\" \/>\n<meta property=\"og:title\" content=\"Fronteira: 2.\u00aa ECO Run e caminhada Cabe\u00e7o de Vide a Fronteira - Portal Tela Portugal\" \/>\n<meta property=\"og:description\" content=\"Fronteira promove no domingo, 22 de fevereiro de 2026, a 2.\u00aa edi\u00e7\u00e3o da Corrida ECO Run Cabe\u00e7o de Vide \u2013 Fronteira e caminhada, entre as 09h e as 14h. A prova principal tem 14 km, com partida junto \u00e0 Esta\u00e7\u00e3o da CP de Cabe\u00e7o de Vide e chegada no Centro de Interpreta\u00e7\u00e3o da Batalha de Atoleiros, em Fronteira. A caminhada come\u00e7a e termina no Centro de Interpreta\u00e7\u00e3o, percorrendo a Ecopista e terrenos adjacentes. A organiza\u00e7\u00e3o cabe ao Munic\u00edpio de Fronteira, em parceria com a Escola de Atletismo PTG-Associa\u00e7\u00e3o e o Atl\u00e9tico Clube Fronteirense, com colabora\u00e7\u00e3o da Associa\u00e7\u00e3o de Atletismo do Distrito de Portalegre. As inscri\u00e7\u00f5es est\u00e3o abertas e podem ser feitas via EpikCrono; o evento integra o Circuito de Corridas da Associa\u00e7\u00e3o de Atletismo do Distrito de Portalegre.\" \/>\n<meta property=\"og:url\" content=\"https:\/\/portaltela.pt\/noticias\/2026\/02\/03\/fronteira-2-a-eco-run-e-caminhada-cabeco-de-vide-a-fronteira\/\" \/>\n<meta property=\"og:site_name\" content=\"Portal Tela Portugal\" \/>\n<meta property=\"article:published_time\" content=\"2026-02-03T18:35:36+00:00\" \/>\n<meta name=\"author\" content=\"Telinha\" \/>\n<meta name=\"twitter:card\" content=\"summary_large_image\" \/>\n<meta name=\"twitter:label1\" content=\"Escrito por\" \/>\n\t<meta name=\"twitter:data1\" content=\"Telinha\" \/>\n\t<meta name=\"twitter:label2\" content=\"Tempo estimado de leitura\" \/>\n\t<meta name=\"twitter:data2\" content=\"2 minutos\" \/>\n<script type=\"application\/ld+json\" class=\"yoast-schema-graph\">{\"@context\":\"https:\/\/schema.org\",\"@graph\":[{\"@type\":\"Article\",\"@id\":\"https:\/\/portaltela.pt\/noticias\/2026\/02\/03\/fronteira-2-a-eco-run-e-caminhada-cabeco-de-vide-a-fronteira\/#article\",\"isPartOf\":{\"@id\":\"https:\/\/portaltela.pt\/noticias\/2026\/02\/03\/fronteira-2-a-eco-run-e-caminhada-cabeco-de-vide-a-fronteira\/\"},\"author\":{\"name\":\"Telinha\",\"@id\":\"https:\/\/portaltela.pt\/#\/schema\/person\/c4278d4a6028830caff9ee44b42d32ed\"},\"headline\":\"Fronteira: 2.\u00aa ECO Run e caminhada Cabe\u00e7o de Vide a Fronteira\",\"datePublished\":\"2026-02-03T18:35:36+00:00\",\"mainEntityOfPage\":{\"@id\":\"https:\/\/portaltela.pt\/noticias\/2026\/02\/03\/fronteira-2-a-eco-run-e-caminhada-cabeco-de-vide-a-fronteira\/\"},\"wordCount\":366,\"image\":{\"@id\":\"https:\/\/portaltela.pt\/noticias\/2026\/02\/03\/fronteira-2-a-eco-run-e-caminhada-cabeco-de-vide-a-fronteira\/#primaryimage\"},\"thumbnailUrl\":\"https:\/\/portaltela.pt\/s.01k8rhncp4jt1\/2026\/02\/unnamed-file-956.jpg\",\"keywords\":[\"atletismo\",\"corridas\",\"desporto\",\"fronteiras\",\"percurso pedestres\",\"sa\u00fade\"],\"articleSection\":[\"Desporto\"],\"inLanguage\":\"pt-PT\"},{\"@type\":\"WebPage\",\"@id\":\"https:\/\/portaltela.pt\/noticias\/2026\/02\/03\/fronteira-2-a-eco-run-e-caminhada-cabeco-de-vide-a-fronteira\/\",\"url\":\"https:\/\/portaltela.pt\/noticias\/2026\/02\/03\/fronteira-2-a-eco-run-e-caminhada-cabeco-de-vide-a-fronteira\/\",\"name\":\"Fronteira: 2.\u00aa ECO Run e caminhada Cabe\u00e7o de Vide a Fronteira - Portal Tela Portugal\",\"isPartOf\":{\"@id\":\"https:\/\/portaltela.pt\/#website\"},\"primaryImageOfPage\":{\"@id\":\"https:\/\/portaltela.pt\/noticias\/2026\/02\/03\/fronteira-2-a-eco-run-e-caminhada-cabeco-de-vide-a-fronteira\/#primaryimage\"},\"image\":{\"@id\":\"https:\/\/portaltela.pt\/noticias\/2026\/02\/03\/fronteira-2-a-eco-run-e-caminhada-cabeco-de-vide-a-fronteira\/#primaryimage\"},\"thumbnailUrl\":\"https:\/\/portaltela.pt\/s.01k8rhncp4jt1\/2026\/02\/unnamed-file-956.jpg\",\"datePublished\":\"2026-02-03T18:35:36+00:00\",\"author\":{\"@id\":\"https:\/\/portaltela.pt\/#\/schema\/person\/c4278d4a6028830caff9ee44b42d32ed\"},\"breadcrumb\":{\"@id\":\"https:\/\/portaltela.pt\/noticias\/2026\/02\/03\/fronteira-2-a-eco-run-e-caminhada-cabeco-de-vide-a-fronteira\/#breadcrumb\"},\"inLanguage\":\"pt-PT\",\"potentialAction\":[{\"@type\":\"ReadAction\",\"target\":[\"https:\/\/portaltela.pt\/noticias\/2026\/02\/03\/fronteira-2-a-eco-run-e-caminhada-cabeco-de-vide-a-fronteira\/\"]}]},{\"@type\":\"ImageObject\",\"inLanguage\":\"pt-PT\",\"@id\":\"https:\/\/portaltela.pt\/noticias\/2026\/02\/03\/fronteira-2-a-eco-run-e-caminhada-cabeco-de-vide-a-fronteira\/#primaryimage\",\"url\":\"https:\/\/portaltela.pt\/s.01k8rhncp4jt1\/2026\/02\/unnamed-file-956.jpg\",\"contentUrl\":\"https:\/\/portaltela.pt\/s.01k8rhncp4jt1\/2026\/02\/unnamed-file-956.jpg\",\"width\":796,\"height\":448,\"caption\":\"Fronteira: 2.\u00aa Corrida ECO Run e caminhada entre Cabe\u00e7o de Vide e Fronteira\"},{\"@type\":\"BreadcrumbList\",\"@id\":\"https:\/\/portaltela.pt\/noticias\/2026\/02\/03\/fronteira-2-a-eco-run-e-caminhada-cabeco-de-vide-a-fronteira\/#breadcrumb\",\"itemListElement\":[{\"@type\":\"ListItem\",\"position\":1,\"name\":\"In\u00edcio\",\"item\":\"https:\/\/portaltela.pt\/\"},{\"@type\":\"ListItem\",\"position\":2,\"name\":\"Fronteira: 2.\u00aa ECO Run e caminhada Cabe\u00e7o de Vide a Fronteira\"}]},{\"@type\":\"WebSite\",\"@id\":\"https:\/\/portaltela.pt\/#website\",\"url\":\"https:\/\/portaltela.pt\/\",\"name\":\"Portal Tela Portugal\",\"description\":\"\",\"potentialAction\":[{\"@type\":\"SearchAction\",\"target\":{\"@type\":\"EntryPoint\",\"urlTemplate\":\"https:\/\/portaltela.pt\/?s={search_term_string}\"},\"query-input\":{\"@type\":\"PropertyValueSpecification\",\"valueRequired\":true,\"valueName\":\"search_term_string\"}}],\"inLanguage\":\"pt-PT\"},{\"@type\":\"Person\",\"@id\":\"https:\/\/portaltela.pt\/#\/schema\/person\/c4278d4a6028830caff9ee44b42d32ed\",\"name\":\"Telinha\",\"image\":{\"@type\":\"ImageObject\",\"inLanguage\":\"pt-PT\",\"@id\":\"https:\/\/portaltela.pt\/s.01k8rhncp4jt1\/2025\/11\/talking-bot-125x125.png\",\"url\":\"https:\/\/portaltela.pt\/s.01k8rhncp4jt1\/2025\/11\/talking-bot-125x125.png\",\"contentUrl\":\"https:\/\/portaltela.pt\/s.01k8rhncp4jt1\/2025\/11\/talking-bot-125x125.png\",\"caption\":\"Telinha\"},\"sameAs\":[\"https:\/\/portaltela.pt\/\"],\"url\":\"https:\/\/portaltela.pt\/por\/367410592786\/\"}]}<\/script>\n<!-- \/ Yoast SEO plugin. -->","yoast_head_json":{"title":"Fronteira: 2.\u00aa ECO Run e caminhada Cabe\u00e7o de Vide a Fronteira - Portal Tela Portugal","robots":{"index":"index","follow":"follow","max-snippet":"max-snippet:-1","max-image-preview":"max-image-preview:large","max-video-preview":"max-video-preview:-1"},"og_locale":"pt_PT","og_type":"article","og_title":"Fronteira: 2.\u00aa ECO Run e caminhada Cabe\u00e7o de Vide a Fronteira - Portal Tela Portugal","og_description":"Fronteira promove no domingo, 22 de fevereiro de 2026, a 2.\u00aa edi\u00e7\u00e3o da Corrida ECO Run Cabe\u00e7o de Vide \u2013 Fronteira e caminhada, entre as 09h e as 14h. A prova principal tem 14 km, com partida junto \u00e0 Esta\u00e7\u00e3o da CP de Cabe\u00e7o de Vide e chegada no Centro de Interpreta\u00e7\u00e3o da Batalha de Atoleiros, em Fronteira. A caminhada come\u00e7a e termina no Centro de Interpreta\u00e7\u00e3o, percorrendo a Ecopista e terrenos adjacentes. A organiza\u00e7\u00e3o cabe ao Munic\u00edpio de Fronteira, em parceria com a Escola de Atletismo PTG-Associa\u00e7\u00e3o e o Atl\u00e9tico Clube Fronteirense, com colabora\u00e7\u00e3o da Associa\u00e7\u00e3o de Atletismo do Distrito de Portalegre. As inscri\u00e7\u00f5es est\u00e3o abertas e podem ser feitas via EpikCrono; o evento integra o Circuito de Corridas da Associa\u00e7\u00e3o de Atletismo do Distrito de Portalegre.","og_url":"https:\/\/portaltela.pt\/noticias\/2026\/02\/03\/fronteira-2-a-eco-run-e-caminhada-cabeco-de-vide-a-fronteira\/","og_site_name":"Portal Tela Portugal","article_published_time":"2026-02-03T18:35:36+00:00","author":"Telinha","twitter_card":"summary_large_image","twitter_misc":{"Escrito por":"Telinha","Tempo estimado de leitura":"2 minutos"},"schema":{"@context":"https:\/\/schema.org","@graph":[{"@type":"Article","@id":"https:\/\/portaltela.pt\/noticias\/2026\/02\/03\/fronteira-2-a-eco-run-e-caminhada-cabeco-de-vide-a-fronteira\/#article","isPartOf":{"@id":"https:\/\/portaltela.pt\/noticias\/2026\/02\/03\/fronteira-2-a-eco-run-e-caminhada-cabeco-de-vide-a-fronteira\/"},"author":{"name":"Telinha","@id":"https:\/\/portaltela.pt\/#\/schema\/person\/c4278d4a6028830caff9ee44b42d32ed"},"headline":"Fronteira: 2.\u00aa ECO Run e caminhada Cabe\u00e7o de Vide a Fronteira","datePublished":"2026-02-03T18:35:36+00:00","mainEntityOfPage":{"@id":"https:\/\/portaltela.pt\/noticias\/2026\/02\/03\/fronteira-2-a-eco-run-e-caminhada-cabeco-de-vide-a-fronteira\/"},"wordCount":366,"image":{"@id":"https:\/\/portaltela.pt\/noticias\/2026\/02\/03\/fronteira-2-a-eco-run-e-caminhada-cabeco-de-vide-a-fronteira\/#primaryimage"},"thumbnailUrl":"https:\/\/portaltela.pt\/s.01k8rhncp4jt1\/2026\/02\/unnamed-file-956.jpg","keywords":["atletismo","corridas","desporto","fronteiras","percurso pedestres","sa\u00fade"],"articleSection":["Desporto"],"inLanguage":"pt-PT"},{"@type":"WebPage","@id":"https:\/\/portaltela.pt\/noticias\/2026\/02\/03\/fronteira-2-a-eco-run-e-caminhada-cabeco-de-vide-a-fronteira\/","url":"https:\/\/portaltela.pt\/noticias\/2026\/02\/03\/fronteira-2-a-eco-run-e-caminhada-cabeco-de-vide-a-fronteira\/","name":"Fronteira: 2.\u00aa ECO Run e caminhada Cabe\u00e7o de Vide a Fronteira - Portal Tela Portugal","isPartOf":{"@id":"https:\/\/portaltela.pt\/#website"},"primaryImageOfPage":{"@id":"https:\/\/portaltela.pt\/noticias\/2026\/02\/03\/fronteira-2-a-eco-run-e-caminhada-cabeco-de-vide-a-fronteira\/#primaryimage"},"image":{"@id":"https:\/\/portaltela.pt\/noticias\/2026\/02\/03\/fronteira-2-a-eco-run-e-caminhada-cabeco-de-vide-a-fronteira\/#primaryimage"},"thumbnailUrl":"https:\/\/portaltela.pt\/s.01k8rhncp4jt1\/2026\/02\/unnamed-file-956.jpg","datePublished":"2026-02-03T18:35:36+00:00","author":{"@id":"https:\/\/portaltela.pt\/#\/schema\/person\/c4278d4a6028830caff9ee44b42d32ed"},"breadcrumb":{"@id":"https:\/\/portaltela.pt\/noticias\/2026\/02\/03\/fronteira-2-a-eco-run-e-caminhada-cabeco-de-vide-a-fronteira\/#breadcrumb"},"inLanguage":"pt-PT","potentialAction":[{"@type":"ReadAction","target":["https:\/\/portaltela.pt\/noticias\/2026\/02\/03\/fronteira-2-a-eco-run-e-caminhada-cabeco-de-vide-a-fronteira\/"]}]},{"@type":"ImageObject","inLanguage":"pt-PT","@id":"https:\/\/portaltela.pt\/noticias\/2026\/02\/03\/fronteira-2-a-eco-run-e-caminhada-cabeco-de-vide-a-fronteira\/#primaryimage","url":"https:\/\/portaltela.pt\/s.01k8rhncp4jt1\/2026\/02\/unnamed-file-956.jpg","contentUrl":"https:\/\/portaltela.pt\/s.01k8rhncp4jt1\/2026\/02\/unnamed-file-956.jpg","width":796,"height":448,"caption":"Fronteira: 2.\u00aa Corrida ECO Run e caminhada entre Cabe\u00e7o de Vide e Fronteira"},{"@type":"BreadcrumbList","@id":"https:\/\/portaltela.pt\/noticias\/2026\/02\/03\/fronteira-2-a-eco-run-e-caminhada-cabeco-de-vide-a-fronteira\/#breadcrumb","itemListElement":[{"@type":"ListItem","position":1,"name":"In\u00edcio","item":"https:\/\/portaltela.pt\/"},{"@type":"ListItem","position":2,"name":"Fronteira: 2.\u00aa ECO Run e caminhada Cabe\u00e7o de Vide a Fronteira"}]},{"@type":"WebSite","@id":"https:\/\/portaltela.pt\/#website","url":"https:\/\/portaltela.pt\/","name":"Portal Tela Portugal","description":"","potentialAction":[{"@type":"SearchAction","target":{"@type":"EntryPoint","urlTemplate":"https:\/\/portaltela.pt\/?s={search_term_string}"},"query-input":{"@type":"PropertyValueSpecification","valueRequired":true,"valueName":"search_term_string"}}],"inLanguage":"pt-PT"},{"@type":"Person","@id":"https:\/\/portaltela.pt\/#\/schema\/person\/c4278d4a6028830caff9ee44b42d32ed","name":"Telinha","image":{"@type":"ImageObject","inLanguage":"pt-PT","@id":"https:\/\/portaltela.pt\/s.01k8rhncp4jt1\/2025\/11\/talking-bot-125x125.png","url":"https:\/\/portaltela.pt\/s.01k8rhncp4jt1\/2025\/11\/talking-bot-125x125.png","contentUrl":"https:\/\/portaltela.pt\/s.01k8rhncp4jt1\/2025\/11\/talking-bot-125x125.png","caption":"Telinha"},"sameAs":["https:\/\/portaltela.pt\/"],"url":"https:\/\/portaltela.pt\/por\/367410592786\/"}]}},"_links":{"self":[{"href":"https:\/\/portaltela.pt\/api\/wp\/v2\/posts\/194776","targetHints":{"allow":["GET"]}}],"collection":[{"href":"https:\/\/portaltela.pt\/api\/wp\/v2\/posts"}],"about":[{"href":"https:\/\/portaltela.pt\/api\/wp\/v2\/types\/post"}],"author":[{"embeddable":true,"href":"https:\/\/portaltela.pt\/api\/wp\/v2\/users\/2"}],"replies":[{"embeddable":true,"href":"https:\/\/portaltela.pt\/api\/wp\/v2\/comments?post=194776"}],"version-history":[{"count":0,"href":"https:\/\/portaltela.pt\/api\/wp\/v2\/posts\/194776\/revisions"}],"wp:featuredmedia":[{"embeddable":true,"href":"https:\/\/portaltela.pt\/api\/wp\/v2\/media\/194783"}],"wp:attachment":[{"href":"https:\/\/portaltela.pt\/api\/wp\/v2\/media?parent=194776"}],"wp:term":[{"taxonomy":"category","embeddable":true,"href":"https:\/\/portaltela.pt\/api\/wp\/v2\/categories?post=194776"},{"taxonomy":"post_tag","embeddable":true,"href":"https:\/\/portaltela.pt\/api\/wp\/v2\/tags?post=194776"}],"curies":[{"name":"wp","href":"https:\/\/api.w.org\/{rel}","templated":true}]}}