{"id":194766,"date":"2026-02-03T15:37:25","date_gmt":"2026-02-03T18:37:25","guid":{"rendered":"https:\/\/portaltela.pt\/noticias\/2026\/02\/03\/confeitaria-em-valongo-e-assaltada-na-madrugada\/"},"modified":"2026-02-03T15:37:25","modified_gmt":"2026-02-03T18:37:25","slug":"confeitaria-em-valongo-e-assaltada-na-madrugada","status":"publish","type":"post","link":"https:\/\/portaltela.pt\/noticias\/2026\/02\/03\/confeitaria-em-valongo-e-assaltada-na-madrugada\/","title":{"rendered":"Confeitaria em Valongo \u00e9 assaltada na madrugada"},"content":{"rendered":"<p>A Confeitaria Lolitana, situada na rotunda da Avenida 25 de Abril, em Valongo, foi assaltada na madrugada de ter\u00e7a-feira, por volta das 01h30. A a\u00e7\u00e3o envolveu a destrui\u00e7\u00e3o da porta de vidro para acesso ao interior, segundo informa\u00e7\u00f5es da PSP recolhidas pelo CM.<\/p>\n<p>Os assaltantes levaram cerca de 500 euros em moedas e aproximadamente 600 euros em tabaco, ainda de acordo com as fontes policiais. O estabelecimento sofreu preju\u00edzos significativos devido aos danos causados pela intrus\u00e3o.<\/p>\n<p>O caso est\u00e1 a ser investigado pela PSP. O CM tentou contactar os propriet\u00e1rios do estabelecimento, sem obter resposta at\u00e9 ao momento.<\/p>\n<h3>Investiga\u00e7\u00e3o<\/h3>\n<p>A PSP est\u00e1 a analisar imagens de videovigil\u00e2ncia e a ouvir testemunhas para identificar os respons\u00e1veis. N\u00e3o foram divulgados detalhes adicionais sobre poss\u00edveis suspeitos ou conduta dos criminosos.<\/p>\n","protected":false},"excerpt":{"rendered":"<ul>\n<li>Confeitaria Lolitana, na rotunda da Avenida 25 de Abril, em Valongo, foi assaltada na madrugada de ter\u00e7a-feira.<\/li>\n<li>O crime ocorreu por volta da 01h30, segundo fonte policial consultada pelo CM.<\/li>\n<li>Os assaltantes levaram cerca de 500 euros em moedas e cerca de 600 euros em tabaco.<\/li>\n<li>Para aceder ao estabelecimento, os intrusos destru\u00edram a porta de vidro da entrada, causando preju\u00edzo significativo.<\/li>\n<li>A PSP est\u00e1 a investigar o caso; o CM tentou ouvir os propriet\u00e1rios, sem obten\u00e7\u00e3o de resposta.<\/li>\n<\/ul>\n","protected":false},"author":2,"featured_media":194767,"comment_status":"closed","ping_status":"closed","sticky":false,"template":"","format":"standard","meta":{"footnotes":""},"categories":[1],"tags":[3220,215,203,250,1244,2234],"class_list":["post-194766","post","type-post","status-publish","format-standard","has-post-thumbnail","hentry","category-noticias","tag-confeitaria","tag-investigacao","tag-roubo","tag-seguranca-publica","tag-valongo","tag-videovigilancia"],"yoast_head":"<!-- This site is optimized with the Yoast SEO plugin v27.2 - https:\/\/yoast.com\/product\/yoast-seo-wordpress\/ -->\n<title>Confeitaria em Valongo \u00e9 assaltada na madrugada - Portal Tela Portugal<\/title>\n<meta name=\"robots\" content=\"index, follow, max-snippet:-1, max-image-preview:large, max-video-preview:-1\" \/>\n<meta property=\"og:locale\" content=\"pt_PT\" \/>\n<meta property=\"og:type\" content=\"article\" \/>\n<meta property=\"og:title\" content=\"Confeitaria em Valongo \u00e9 assaltada na madrugada - Portal Tela Portugal\" \/>\n<meta property=\"og:description\" content=\"Confeitaria Lolitana, na rotunda da Avenida 25 de Abril, em Valongo, foi assaltada na madrugada de ter\u00e7a-feira. O crime ocorreu por volta da 01h30, segundo fonte policial consultada pelo CM. Os assaltantes levaram cerca de 500 euros em moedas e cerca de 600 euros em tabaco. Para aceder ao estabelecimento, os intrusos destru\u00edram a porta de vidro da entrada, causando preju\u00edzo significativo. A PSP est\u00e1 a investigar o caso; o CM tentou ouvir os propriet\u00e1rios, sem obten\u00e7\u00e3o de resposta.\" \/>\n<meta property=\"og:url\" content=\"https:\/\/portaltela.pt\/noticias\/2026\/02\/03\/confeitaria-em-valongo-e-assaltada-na-madrugada\/\" \/>\n<meta property=\"og:site_name\" content=\"Portal Tela Portugal\" \/>\n<meta property=\"article:published_time\" content=\"2026-02-03T18:37:25+00:00\" \/>\n<meta name=\"author\" content=\"Telinha\" \/>\n<meta name=\"twitter:card\" content=\"summary_large_image\" \/>\n<meta name=\"twitter:label1\" content=\"Escrito por\" \/>\n\t<meta name=\"twitter:data1\" content=\"Telinha\" \/>\n\t<meta name=\"twitter:label2\" content=\"Tempo estimado de leitura\" \/>\n\t<meta name=\"twitter:data2\" content=\"1 minuto\" \/>\n<script type=\"application\/ld+json\" class=\"yoast-schema-graph\">{\"@context\":\"https:\/\/schema.org\",\"@graph\":[{\"@type\":\"Article\",\"@id\":\"https:\/\/portaltela.pt\/noticias\/2026\/02\/03\/confeitaria-em-valongo-e-assaltada-na-madrugada\/#article\",\"isPartOf\":{\"@id\":\"https:\/\/portaltela.pt\/noticias\/2026\/02\/03\/confeitaria-em-valongo-e-assaltada-na-madrugada\/\"},\"author\":{\"name\":\"Telinha\",\"@id\":\"https:\/\/portaltela.pt\/#\/schema\/person\/c4278d4a6028830caff9ee44b42d32ed\"},\"headline\":\"Confeitaria em Valongo \u00e9 assaltada na madrugada\",\"datePublished\":\"2026-02-03T18:37:25+00:00\",\"mainEntityOfPage\":{\"@id\":\"https:\/\/portaltela.pt\/noticias\/2026\/02\/03\/confeitaria-em-valongo-e-assaltada-na-madrugada\/\"},\"wordCount\":142,\"image\":{\"@id\":\"https:\/\/portaltela.pt\/noticias\/2026\/02\/03\/confeitaria-em-valongo-e-assaltada-na-madrugada\/#primaryimage\"},\"thumbnailUrl\":\"https:\/\/portaltela.pt\/s.01k8rhncp4jt1\/2026\/02\/img_1280x721uu2025-10-19-11-12-14-2242564-im-639004446437158048.jpg\",\"keywords\":[\"confeitaria\",\"investiga\u00e7\u00e3o\",\"roubo\",\"seguran\u00e7a p\u00fablica\",\"Valongo\",\"videovigil\u00e2ncia\"],\"articleSection\":[\"Not\u00edcias\"],\"inLanguage\":\"pt-PT\"},{\"@type\":\"WebPage\",\"@id\":\"https:\/\/portaltela.pt\/noticias\/2026\/02\/03\/confeitaria-em-valongo-e-assaltada-na-madrugada\/\",\"url\":\"https:\/\/portaltela.pt\/noticias\/2026\/02\/03\/confeitaria-em-valongo-e-assaltada-na-madrugada\/\",\"name\":\"Confeitaria em Valongo \u00e9 assaltada na madrugada - Portal Tela Portugal\",\"isPartOf\":{\"@id\":\"https:\/\/portaltela.pt\/#website\"},\"primaryImageOfPage\":{\"@id\":\"https:\/\/portaltela.pt\/noticias\/2026\/02\/03\/confeitaria-em-valongo-e-assaltada-na-madrugada\/#primaryimage\"},\"image\":{\"@id\":\"https:\/\/portaltela.pt\/noticias\/2026\/02\/03\/confeitaria-em-valongo-e-assaltada-na-madrugada\/#primaryimage\"},\"thumbnailUrl\":\"https:\/\/portaltela.pt\/s.01k8rhncp4jt1\/2026\/02\/img_1280x721uu2025-10-19-11-12-14-2242564-im-639004446437158048.jpg\",\"datePublished\":\"2026-02-03T18:37:25+00:00\",\"author\":{\"@id\":\"https:\/\/portaltela.pt\/#\/schema\/person\/c4278d4a6028830caff9ee44b42d32ed\"},\"breadcrumb\":{\"@id\":\"https:\/\/portaltela.pt\/noticias\/2026\/02\/03\/confeitaria-em-valongo-e-assaltada-na-madrugada\/#breadcrumb\"},\"inLanguage\":\"pt-PT\",\"potentialAction\":[{\"@type\":\"ReadAction\",\"target\":[\"https:\/\/portaltela.pt\/noticias\/2026\/02\/03\/confeitaria-em-valongo-e-assaltada-na-madrugada\/\"]}]},{\"@type\":\"ImageObject\",\"inLanguage\":\"pt-PT\",\"@id\":\"https:\/\/portaltela.pt\/noticias\/2026\/02\/03\/confeitaria-em-valongo-e-assaltada-na-madrugada\/#primaryimage\",\"url\":\"https:\/\/portaltela.pt\/s.01k8rhncp4jt1\/2026\/02\/img_1280x721uu2025-10-19-11-12-14-2242564-im-639004446437158048.jpg\",\"contentUrl\":\"https:\/\/portaltela.pt\/s.01k8rhncp4jt1\/2026\/02\/img_1280x721uu2025-10-19-11-12-14-2242564-im-639004446437158048.jpg\",\"width\":796,\"height\":448,\"caption\":\"Photo\"},{\"@type\":\"BreadcrumbList\",\"@id\":\"https:\/\/portaltela.pt\/noticias\/2026\/02\/03\/confeitaria-em-valongo-e-assaltada-na-madrugada\/#breadcrumb\",\"itemListElement\":[{\"@type\":\"ListItem\",\"position\":1,\"name\":\"In\u00edcio\",\"item\":\"https:\/\/portaltela.pt\/\"},{\"@type\":\"ListItem\",\"position\":2,\"name\":\"Confeitaria em Valongo \u00e9 assaltada na madrugada\"}]},{\"@type\":\"WebSite\",\"@id\":\"https:\/\/portaltela.pt\/#website\",\"url\":\"https:\/\/portaltela.pt\/\",\"name\":\"Portal Tela Portugal\",\"description\":\"\",\"potentialAction\":[{\"@type\":\"SearchAction\",\"target\":{\"@type\":\"EntryPoint\",\"urlTemplate\":\"https:\/\/portaltela.pt\/?s={search_term_string}\"},\"query-input\":{\"@type\":\"PropertyValueSpecification\",\"valueRequired\":true,\"valueName\":\"search_term_string\"}}],\"inLanguage\":\"pt-PT\"},{\"@type\":\"Person\",\"@id\":\"https:\/\/portaltela.pt\/#\/schema\/person\/c4278d4a6028830caff9ee44b42d32ed\",\"name\":\"Telinha\",\"image\":{\"@type\":\"ImageObject\",\"inLanguage\":\"pt-PT\",\"@id\":\"https:\/\/portaltela.pt\/s.01k8rhncp4jt1\/2025\/11\/talking-bot-125x125.png\",\"url\":\"https:\/\/portaltela.pt\/s.01k8rhncp4jt1\/2025\/11\/talking-bot-125x125.png\",\"contentUrl\":\"https:\/\/portaltela.pt\/s.01k8rhncp4jt1\/2025\/11\/talking-bot-125x125.png\",\"caption\":\"Telinha\"},\"sameAs\":[\"https:\/\/portaltela.pt\/\"],\"url\":\"https:\/\/portaltela.pt\/por\/367410592786\/\"}]}<\/script>\n<!-- \/ Yoast SEO plugin. -->","yoast_head_json":{"title":"Confeitaria em Valongo \u00e9 assaltada na madrugada - Portal Tela Portugal","robots":{"index":"index","follow":"follow","max-snippet":"max-snippet:-1","max-image-preview":"max-image-preview:large","max-video-preview":"max-video-preview:-1"},"og_locale":"pt_PT","og_type":"article","og_title":"Confeitaria em Valongo \u00e9 assaltada na madrugada - Portal Tela Portugal","og_description":"Confeitaria Lolitana, na rotunda da Avenida 25 de Abril, em Valongo, foi assaltada na madrugada de ter\u00e7a-feira. O crime ocorreu por volta da 01h30, segundo fonte policial consultada pelo CM. Os assaltantes levaram cerca de 500 euros em moedas e cerca de 600 euros em tabaco. Para aceder ao estabelecimento, os intrusos destru\u00edram a porta de vidro da entrada, causando preju\u00edzo significativo. A PSP est\u00e1 a investigar o caso; o CM tentou ouvir os propriet\u00e1rios, sem obten\u00e7\u00e3o de resposta.","og_url":"https:\/\/portaltela.pt\/noticias\/2026\/02\/03\/confeitaria-em-valongo-e-assaltada-na-madrugada\/","og_site_name":"Portal Tela Portugal","article_published_time":"2026-02-03T18:37:25+00:00","author":"Telinha","twitter_card":"summary_large_image","twitter_misc":{"Escrito por":"Telinha","Tempo estimado de leitura":"1 minuto"},"schema":{"@context":"https:\/\/schema.org","@graph":[{"@type":"Article","@id":"https:\/\/portaltela.pt\/noticias\/2026\/02\/03\/confeitaria-em-valongo-e-assaltada-na-madrugada\/#article","isPartOf":{"@id":"https:\/\/portaltela.pt\/noticias\/2026\/02\/03\/confeitaria-em-valongo-e-assaltada-na-madrugada\/"},"author":{"name":"Telinha","@id":"https:\/\/portaltela.pt\/#\/schema\/person\/c4278d4a6028830caff9ee44b42d32ed"},"headline":"Confeitaria em Valongo \u00e9 assaltada na madrugada","datePublished":"2026-02-03T18:37:25+00:00","mainEntityOfPage":{"@id":"https:\/\/portaltela.pt\/noticias\/2026\/02\/03\/confeitaria-em-valongo-e-assaltada-na-madrugada\/"},"wordCount":142,"image":{"@id":"https:\/\/portaltela.pt\/noticias\/2026\/02\/03\/confeitaria-em-valongo-e-assaltada-na-madrugada\/#primaryimage"},"thumbnailUrl":"https:\/\/portaltela.pt\/s.01k8rhncp4jt1\/2026\/02\/img_1280x721uu2025-10-19-11-12-14-2242564-im-639004446437158048.jpg","keywords":["confeitaria","investiga\u00e7\u00e3o","roubo","seguran\u00e7a p\u00fablica","Valongo","videovigil\u00e2ncia"],"articleSection":["Not\u00edcias"],"inLanguage":"pt-PT"},{"@type":"WebPage","@id":"https:\/\/portaltela.pt\/noticias\/2026\/02\/03\/confeitaria-em-valongo-e-assaltada-na-madrugada\/","url":"https:\/\/portaltela.pt\/noticias\/2026\/02\/03\/confeitaria-em-valongo-e-assaltada-na-madrugada\/","name":"Confeitaria em Valongo \u00e9 assaltada na madrugada - Portal Tela Portugal","isPartOf":{"@id":"https:\/\/portaltela.pt\/#website"},"primaryImageOfPage":{"@id":"https:\/\/portaltela.pt\/noticias\/2026\/02\/03\/confeitaria-em-valongo-e-assaltada-na-madrugada\/#primaryimage"},"image":{"@id":"https:\/\/portaltela.pt\/noticias\/2026\/02\/03\/confeitaria-em-valongo-e-assaltada-na-madrugada\/#primaryimage"},"thumbnailUrl":"https:\/\/portaltela.pt\/s.01k8rhncp4jt1\/2026\/02\/img_1280x721uu2025-10-19-11-12-14-2242564-im-639004446437158048.jpg","datePublished":"2026-02-03T18:37:25+00:00","author":{"@id":"https:\/\/portaltela.pt\/#\/schema\/person\/c4278d4a6028830caff9ee44b42d32ed"},"breadcrumb":{"@id":"https:\/\/portaltela.pt\/noticias\/2026\/02\/03\/confeitaria-em-valongo-e-assaltada-na-madrugada\/#breadcrumb"},"inLanguage":"pt-PT","potentialAction":[{"@type":"ReadAction","target":["https:\/\/portaltela.pt\/noticias\/2026\/02\/03\/confeitaria-em-valongo-e-assaltada-na-madrugada\/"]}]},{"@type":"ImageObject","inLanguage":"pt-PT","@id":"https:\/\/portaltela.pt\/noticias\/2026\/02\/03\/confeitaria-em-valongo-e-assaltada-na-madrugada\/#primaryimage","url":"https:\/\/portaltela.pt\/s.01k8rhncp4jt1\/2026\/02\/img_1280x721uu2025-10-19-11-12-14-2242564-im-639004446437158048.jpg","contentUrl":"https:\/\/portaltela.pt\/s.01k8rhncp4jt1\/2026\/02\/img_1280x721uu2025-10-19-11-12-14-2242564-im-639004446437158048.jpg","width":796,"height":448,"caption":"Photo"},{"@type":"BreadcrumbList","@id":"https:\/\/portaltela.pt\/noticias\/2026\/02\/03\/confeitaria-em-valongo-e-assaltada-na-madrugada\/#breadcrumb","itemListElement":[{"@type":"ListItem","position":1,"name":"In\u00edcio","item":"https:\/\/portaltela.pt\/"},{"@type":"ListItem","position":2,"name":"Confeitaria em Valongo \u00e9 assaltada na madrugada"}]},{"@type":"WebSite","@id":"https:\/\/portaltela.pt\/#website","url":"https:\/\/portaltela.pt\/","name":"Portal Tela Portugal","description":"","potentialAction":[{"@type":"SearchAction","target":{"@type":"EntryPoint","urlTemplate":"https:\/\/portaltela.pt\/?s={search_term_string}"},"query-input":{"@type":"PropertyValueSpecification","valueRequired":true,"valueName":"search_term_string"}}],"inLanguage":"pt-PT"},{"@type":"Person","@id":"https:\/\/portaltela.pt\/#\/schema\/person\/c4278d4a6028830caff9ee44b42d32ed","name":"Telinha","image":{"@type":"ImageObject","inLanguage":"pt-PT","@id":"https:\/\/portaltela.pt\/s.01k8rhncp4jt1\/2025\/11\/talking-bot-125x125.png","url":"https:\/\/portaltela.pt\/s.01k8rhncp4jt1\/2025\/11\/talking-bot-125x125.png","contentUrl":"https:\/\/portaltela.pt\/s.01k8rhncp4jt1\/2025\/11\/talking-bot-125x125.png","caption":"Telinha"},"sameAs":["https:\/\/portaltela.pt\/"],"url":"https:\/\/portaltela.pt\/por\/367410592786\/"}]}},"_links":{"self":[{"href":"https:\/\/portaltela.pt\/api\/wp\/v2\/posts\/194766","targetHints":{"allow":["GET"]}}],"collection":[{"href":"https:\/\/portaltela.pt\/api\/wp\/v2\/posts"}],"about":[{"href":"https:\/\/portaltela.pt\/api\/wp\/v2\/types\/post"}],"author":[{"embeddable":true,"href":"https:\/\/portaltela.pt\/api\/wp\/v2\/users\/2"}],"replies":[{"embeddable":true,"href":"https:\/\/portaltela.pt\/api\/wp\/v2\/comments?post=194766"}],"version-history":[{"count":0,"href":"https:\/\/portaltela.pt\/api\/wp\/v2\/posts\/194766\/revisions"}],"wp:featuredmedia":[{"embeddable":true,"href":"https:\/\/portaltela.pt\/api\/wp\/v2\/media\/194767"}],"wp:attachment":[{"href":"https:\/\/portaltela.pt\/api\/wp\/v2\/media?parent=194766"}],"wp:term":[{"taxonomy":"category","embeddable":true,"href":"https:\/\/portaltela.pt\/api\/wp\/v2\/categories?post=194766"},{"taxonomy":"post_tag","embeddable":true,"href":"https:\/\/portaltela.pt\/api\/wp\/v2\/tags?post=194766"}],"curies":[{"name":"wp","href":"https:\/\/api.w.org\/{rel}","templated":true}]}}