{"id":194761,"date":"2026-02-03T15:26:01","date_gmt":"2026-02-03T18:26:01","guid":{"rendered":"https:\/\/portaltela.pt\/noticias\/2026\/02\/03\/marvao-organiza-recolha-de-donativos-para-vitimas-da-depressao-kristin\/"},"modified":"2026-02-03T15:26:01","modified_gmt":"2026-02-03T18:26:01","slug":"marvao-organiza-recolha-de-donativos-para-vitimas-da-depressao-kristin","status":"publish","type":"post","link":"https:\/\/portaltela.pt\/noticias\/2026\/02\/03\/marvao-organiza-recolha-de-donativos-para-vitimas-da-depressao-kristin\/","title":{"rendered":"Marv\u00e3o organiza recolha de donativos para v\u00edtimas da depress\u00e3o Kristin"},"content":{"rendered":"<p>O Munic\u00edpio de Marv\u00e3o, em parceria com escolas e juntas de freguesia, organiza uma recolha de donativos at\u00e9 \u00e0s 12h de quinta-feira, 5 de Fevereiro, destinada \u00e0s popula\u00e7\u00f5es afetadas pela depress\u00e3o Kristin. S\u00e3o aceites alimentos n\u00e3o perec\u00edveis, produtos de higiene, lonas, pl\u00e1sticos e cordas, que devem ser entregues nas quatro Juntas de Freguesia do concelho, na C\u00e2mara Municipal ou na Escola B\u00e1sica de Ammaia, na Portagem.<\/p>\n<p>A iniciativa visa apoiar as fam\u00edlias e pessoas atingidas pela depress\u00e3o Kristin, reunindo material essencial para resposta imediata e apoio posterior. A log\u00edstica e a coordena\u00e7\u00e3o s\u00e3o asseguradas pela C\u00e2mara Municipal de Marv\u00e3o em parceria com as entidades locais.<\/p>\n<h3>Detalhes da recolha<\/h3>\n<p>Na sexta-feira, 6 de Fevereiro, os donativos recolhidos ser\u00e3o entregues ao Fundo de Emerg\u00eancia Social da C\u00e1ritas Diocesana de Leiria, institui\u00e7\u00e3o que presta apoio aos concelhos vizinhos, nomeadamente Batalha, Marinha Grande, Porto de M\u00f3s, Our\u00e9m e Pombal.<\/p>\n<h3>Entrega aos acess\u00f3rios de apoio<\/h3>\n<p>A C\u00e1ritas Diocesana de Leiria ficar\u00e1 respons\u00e1vel pela distribui\u00e7\u00e3o local conforme necessidade, com foco na mobiliza\u00e7\u00e3o de recursos para fam\u00edlias em dificuldade decorrentes da depress\u00e3o Kristin. A iniciativa mant\u00e9m-se como esfor\u00e7o conjunto do munic\u00edpio, escolas e juntas de freguesia para uma resposta r\u00e1pida e coordenada.<\/p>\n","protected":false},"excerpt":{"rendered":"<ul>\n<li>Marv\u00e3o promove uma recolha de donativos at\u00e9 \u00e0s 12h de quinta-feira, 5 de fevereiro, para as v\u00edtimas da depress\u00e3o Kristin.<\/li>\n<li>Aceitam-se alimentos n\u00e3o perec\u00edveis, produtos de higiene, lonas, pl\u00e1sticos e cordas.<\/li>\n<li>Pontos de entrega: quatro Juntas de Freguesia, C\u00e2mara Municipal e Escola B\u00e1sica de Ammaia, na Portagem.<\/li>\n<li>Na sexta-feira, 6 de fevereiro, os donativos s\u00e3o encaminhados ao Fundo de Emerg\u00eancia Social da C\u00e1ritas Diocesana de Leiria.<\/li>\n<li>A C\u00e1ritas de Leiria apoia tamb\u00e9m concelhos vizinhos, incluindo Batalha, Marinha Grande, Porto de M\u00f3s, Our\u00e9m e Pombal.<\/li>\n<\/ul>\n","protected":false},"author":2,"featured_media":194763,"comment_status":"closed","ping_status":"closed","sticky":false,"template":"","format":"standard","meta":{"footnotes":""},"categories":[1],"tags":[2172,5304,5215,3123,5112,3377],"class_list":["post-194761","post","type-post","status-publish","format-standard","has-post-thumbnail","hentry","category-noticias","tag-assistencia-social","tag-caritas-diocesana-de-leiria","tag-catastrofes-naturais","tag-doacoes","tag-fundo-de-emergencia-social","tag-marvao"],"yoast_head":"<!-- This site is optimized with the Yoast SEO plugin v27.2 - https:\/\/yoast.com\/product\/yoast-seo-wordpress\/ -->\n<title>Marv\u00e3o organiza recolha de donativos para v\u00edtimas da depress\u00e3o Kristin - Portal Tela Portugal<\/title>\n<meta name=\"robots\" content=\"index, follow, max-snippet:-1, max-image-preview:large, max-video-preview:-1\" \/>\n<meta property=\"og:locale\" content=\"pt_PT\" \/>\n<meta property=\"og:type\" content=\"article\" \/>\n<meta property=\"og:title\" content=\"Marv\u00e3o organiza recolha de donativos para v\u00edtimas da depress\u00e3o Kristin - Portal Tela Portugal\" \/>\n<meta property=\"og:description\" content=\"Marv\u00e3o promove uma recolha de donativos at\u00e9 \u00e0s 12h de quinta-feira, 5 de fevereiro, para as v\u00edtimas da depress\u00e3o Kristin. Aceitam-se alimentos n\u00e3o perec\u00edveis, produtos de higiene, lonas, pl\u00e1sticos e cordas. Pontos de entrega: quatro Juntas de Freguesia, C\u00e2mara Municipal e Escola B\u00e1sica de Ammaia, na Portagem. Na sexta-feira, 6 de fevereiro, os donativos s\u00e3o encaminhados ao Fundo de Emerg\u00eancia Social da C\u00e1ritas Diocesana de Leiria. A C\u00e1ritas de Leiria apoia tamb\u00e9m concelhos vizinhos, incluindo Batalha, Marinha Grande, Porto de M\u00f3s, Our\u00e9m e Pombal.\" \/>\n<meta property=\"og:url\" content=\"https:\/\/portaltela.pt\/noticias\/2026\/02\/03\/marvao-organiza-recolha-de-donativos-para-vitimas-da-depressao-kristin\/\" \/>\n<meta property=\"og:site_name\" content=\"Portal Tela Portugal\" \/>\n<meta property=\"article:published_time\" content=\"2026-02-03T18:26:01+00:00\" \/>\n<meta name=\"author\" content=\"Telinha\" \/>\n<meta name=\"twitter:card\" content=\"summary_large_image\" \/>\n<meta name=\"twitter:label1\" content=\"Escrito por\" \/>\n\t<meta name=\"twitter:data1\" content=\"Telinha\" \/>\n\t<meta name=\"twitter:label2\" content=\"Tempo estimado de leitura\" \/>\n\t<meta name=\"twitter:data2\" content=\"1 minuto\" \/>\n<script type=\"application\/ld+json\" class=\"yoast-schema-graph\">{\"@context\":\"https:\/\/schema.org\",\"@graph\":[{\"@type\":\"Article\",\"@id\":\"https:\/\/portaltela.pt\/noticias\/2026\/02\/03\/marvao-organiza-recolha-de-donativos-para-vitimas-da-depressao-kristin\/#article\",\"isPartOf\":{\"@id\":\"https:\/\/portaltela.pt\/noticias\/2026\/02\/03\/marvao-organiza-recolha-de-donativos-para-vitimas-da-depressao-kristin\/\"},\"author\":{\"name\":\"Telinha\",\"@id\":\"https:\/\/portaltela.pt\/#\/schema\/person\/c4278d4a6028830caff9ee44b42d32ed\"},\"headline\":\"Marv\u00e3o organiza recolha de donativos para v\u00edtimas da depress\u00e3o Kristin\",\"datePublished\":\"2026-02-03T18:26:01+00:00\",\"mainEntityOfPage\":{\"@id\":\"https:\/\/portaltela.pt\/noticias\/2026\/02\/03\/marvao-organiza-recolha-de-donativos-para-vitimas-da-depressao-kristin\/\"},\"wordCount\":240,\"image\":{\"@id\":\"https:\/\/portaltela.pt\/noticias\/2026\/02\/03\/marvao-organiza-recolha-de-donativos-para-vitimas-da-depressao-kristin\/#primaryimage\"},\"thumbnailUrl\":\"https:\/\/portaltela.pt\/s.01k8rhncp4jt1\/2026\/02\/unnamed-file-955.jpg\",\"keywords\":[\"assist\u00eancia social\",\"C\u00e1ritas Diocesana de Leiria\",\"cat\u00e1strofes naturais\",\"doa\u00e7\u00f5es\",\"Fundo de Emerg\u00eancia Social\",\"Marv\u00e3o\"],\"articleSection\":[\"Not\u00edcias\"],\"inLanguage\":\"pt-PT\"},{\"@type\":\"WebPage\",\"@id\":\"https:\/\/portaltela.pt\/noticias\/2026\/02\/03\/marvao-organiza-recolha-de-donativos-para-vitimas-da-depressao-kristin\/\",\"url\":\"https:\/\/portaltela.pt\/noticias\/2026\/02\/03\/marvao-organiza-recolha-de-donativos-para-vitimas-da-depressao-kristin\/\",\"name\":\"Marv\u00e3o organiza recolha de donativos para v\u00edtimas da depress\u00e3o Kristin - Portal Tela Portugal\",\"isPartOf\":{\"@id\":\"https:\/\/portaltela.pt\/#website\"},\"primaryImageOfPage\":{\"@id\":\"https:\/\/portaltela.pt\/noticias\/2026\/02\/03\/marvao-organiza-recolha-de-donativos-para-vitimas-da-depressao-kristin\/#primaryimage\"},\"image\":{\"@id\":\"https:\/\/portaltela.pt\/noticias\/2026\/02\/03\/marvao-organiza-recolha-de-donativos-para-vitimas-da-depressao-kristin\/#primaryimage\"},\"thumbnailUrl\":\"https:\/\/portaltela.pt\/s.01k8rhncp4jt1\/2026\/02\/unnamed-file-955.jpg\",\"datePublished\":\"2026-02-03T18:26:01+00:00\",\"author\":{\"@id\":\"https:\/\/portaltela.pt\/#\/schema\/person\/c4278d4a6028830caff9ee44b42d32ed\"},\"breadcrumb\":{\"@id\":\"https:\/\/portaltela.pt\/noticias\/2026\/02\/03\/marvao-organiza-recolha-de-donativos-para-vitimas-da-depressao-kristin\/#breadcrumb\"},\"inLanguage\":\"pt-PT\",\"potentialAction\":[{\"@type\":\"ReadAction\",\"target\":[\"https:\/\/portaltela.pt\/noticias\/2026\/02\/03\/marvao-organiza-recolha-de-donativos-para-vitimas-da-depressao-kristin\/\"]}]},{\"@type\":\"ImageObject\",\"inLanguage\":\"pt-PT\",\"@id\":\"https:\/\/portaltela.pt\/noticias\/2026\/02\/03\/marvao-organiza-recolha-de-donativos-para-vitimas-da-depressao-kristin\/#primaryimage\",\"url\":\"https:\/\/portaltela.pt\/s.01k8rhncp4jt1\/2026\/02\/unnamed-file-955.jpg\",\"contentUrl\":\"https:\/\/portaltela.pt\/s.01k8rhncp4jt1\/2026\/02\/unnamed-file-955.jpg\",\"width\":796,\"height\":448,\"caption\":\"Marv\u00e3o promove recolha de donativos para v\u00edtimas da depress\u00e3o Kristin\"},{\"@type\":\"BreadcrumbList\",\"@id\":\"https:\/\/portaltela.pt\/noticias\/2026\/02\/03\/marvao-organiza-recolha-de-donativos-para-vitimas-da-depressao-kristin\/#breadcrumb\",\"itemListElement\":[{\"@type\":\"ListItem\",\"position\":1,\"name\":\"In\u00edcio\",\"item\":\"https:\/\/portaltela.pt\/\"},{\"@type\":\"ListItem\",\"position\":2,\"name\":\"Marv\u00e3o organiza recolha de donativos para v\u00edtimas da depress\u00e3o Kristin\"}]},{\"@type\":\"WebSite\",\"@id\":\"https:\/\/portaltela.pt\/#website\",\"url\":\"https:\/\/portaltela.pt\/\",\"name\":\"Portal Tela Portugal\",\"description\":\"\",\"potentialAction\":[{\"@type\":\"SearchAction\",\"target\":{\"@type\":\"EntryPoint\",\"urlTemplate\":\"https:\/\/portaltela.pt\/?s={search_term_string}\"},\"query-input\":{\"@type\":\"PropertyValueSpecification\",\"valueRequired\":true,\"valueName\":\"search_term_string\"}}],\"inLanguage\":\"pt-PT\"},{\"@type\":\"Person\",\"@id\":\"https:\/\/portaltela.pt\/#\/schema\/person\/c4278d4a6028830caff9ee44b42d32ed\",\"name\":\"Telinha\",\"image\":{\"@type\":\"ImageObject\",\"inLanguage\":\"pt-PT\",\"@id\":\"https:\/\/portaltela.pt\/s.01k8rhncp4jt1\/2025\/11\/talking-bot-125x125.png\",\"url\":\"https:\/\/portaltela.pt\/s.01k8rhncp4jt1\/2025\/11\/talking-bot-125x125.png\",\"contentUrl\":\"https:\/\/portaltela.pt\/s.01k8rhncp4jt1\/2025\/11\/talking-bot-125x125.png\",\"caption\":\"Telinha\"},\"sameAs\":[\"https:\/\/portaltela.pt\/\"],\"url\":\"https:\/\/portaltela.pt\/por\/367410592786\/\"}]}<\/script>\n<!-- \/ Yoast SEO plugin. -->","yoast_head_json":{"title":"Marv\u00e3o organiza recolha de donativos para v\u00edtimas da depress\u00e3o Kristin - Portal Tela Portugal","robots":{"index":"index","follow":"follow","max-snippet":"max-snippet:-1","max-image-preview":"max-image-preview:large","max-video-preview":"max-video-preview:-1"},"og_locale":"pt_PT","og_type":"article","og_title":"Marv\u00e3o organiza recolha de donativos para v\u00edtimas da depress\u00e3o Kristin - Portal Tela Portugal","og_description":"Marv\u00e3o promove uma recolha de donativos at\u00e9 \u00e0s 12h de quinta-feira, 5 de fevereiro, para as v\u00edtimas da depress\u00e3o Kristin. Aceitam-se alimentos n\u00e3o perec\u00edveis, produtos de higiene, lonas, pl\u00e1sticos e cordas. Pontos de entrega: quatro Juntas de Freguesia, C\u00e2mara Municipal e Escola B\u00e1sica de Ammaia, na Portagem. Na sexta-feira, 6 de fevereiro, os donativos s\u00e3o encaminhados ao Fundo de Emerg\u00eancia Social da C\u00e1ritas Diocesana de Leiria. A C\u00e1ritas de Leiria apoia tamb\u00e9m concelhos vizinhos, incluindo Batalha, Marinha Grande, Porto de M\u00f3s, Our\u00e9m e Pombal.","og_url":"https:\/\/portaltela.pt\/noticias\/2026\/02\/03\/marvao-organiza-recolha-de-donativos-para-vitimas-da-depressao-kristin\/","og_site_name":"Portal Tela Portugal","article_published_time":"2026-02-03T18:26:01+00:00","author":"Telinha","twitter_card":"summary_large_image","twitter_misc":{"Escrito por":"Telinha","Tempo estimado de leitura":"1 minuto"},"schema":{"@context":"https:\/\/schema.org","@graph":[{"@type":"Article","@id":"https:\/\/portaltela.pt\/noticias\/2026\/02\/03\/marvao-organiza-recolha-de-donativos-para-vitimas-da-depressao-kristin\/#article","isPartOf":{"@id":"https:\/\/portaltela.pt\/noticias\/2026\/02\/03\/marvao-organiza-recolha-de-donativos-para-vitimas-da-depressao-kristin\/"},"author":{"name":"Telinha","@id":"https:\/\/portaltela.pt\/#\/schema\/person\/c4278d4a6028830caff9ee44b42d32ed"},"headline":"Marv\u00e3o organiza recolha de donativos para v\u00edtimas da depress\u00e3o Kristin","datePublished":"2026-02-03T18:26:01+00:00","mainEntityOfPage":{"@id":"https:\/\/portaltela.pt\/noticias\/2026\/02\/03\/marvao-organiza-recolha-de-donativos-para-vitimas-da-depressao-kristin\/"},"wordCount":240,"image":{"@id":"https:\/\/portaltela.pt\/noticias\/2026\/02\/03\/marvao-organiza-recolha-de-donativos-para-vitimas-da-depressao-kristin\/#primaryimage"},"thumbnailUrl":"https:\/\/portaltela.pt\/s.01k8rhncp4jt1\/2026\/02\/unnamed-file-955.jpg","keywords":["assist\u00eancia social","C\u00e1ritas Diocesana de Leiria","cat\u00e1strofes naturais","doa\u00e7\u00f5es","Fundo de Emerg\u00eancia Social","Marv\u00e3o"],"articleSection":["Not\u00edcias"],"inLanguage":"pt-PT"},{"@type":"WebPage","@id":"https:\/\/portaltela.pt\/noticias\/2026\/02\/03\/marvao-organiza-recolha-de-donativos-para-vitimas-da-depressao-kristin\/","url":"https:\/\/portaltela.pt\/noticias\/2026\/02\/03\/marvao-organiza-recolha-de-donativos-para-vitimas-da-depressao-kristin\/","name":"Marv\u00e3o organiza recolha de donativos para v\u00edtimas da depress\u00e3o Kristin - Portal Tela Portugal","isPartOf":{"@id":"https:\/\/portaltela.pt\/#website"},"primaryImageOfPage":{"@id":"https:\/\/portaltela.pt\/noticias\/2026\/02\/03\/marvao-organiza-recolha-de-donativos-para-vitimas-da-depressao-kristin\/#primaryimage"},"image":{"@id":"https:\/\/portaltela.pt\/noticias\/2026\/02\/03\/marvao-organiza-recolha-de-donativos-para-vitimas-da-depressao-kristin\/#primaryimage"},"thumbnailUrl":"https:\/\/portaltela.pt\/s.01k8rhncp4jt1\/2026\/02\/unnamed-file-955.jpg","datePublished":"2026-02-03T18:26:01+00:00","author":{"@id":"https:\/\/portaltela.pt\/#\/schema\/person\/c4278d4a6028830caff9ee44b42d32ed"},"breadcrumb":{"@id":"https:\/\/portaltela.pt\/noticias\/2026\/02\/03\/marvao-organiza-recolha-de-donativos-para-vitimas-da-depressao-kristin\/#breadcrumb"},"inLanguage":"pt-PT","potentialAction":[{"@type":"ReadAction","target":["https:\/\/portaltela.pt\/noticias\/2026\/02\/03\/marvao-organiza-recolha-de-donativos-para-vitimas-da-depressao-kristin\/"]}]},{"@type":"ImageObject","inLanguage":"pt-PT","@id":"https:\/\/portaltela.pt\/noticias\/2026\/02\/03\/marvao-organiza-recolha-de-donativos-para-vitimas-da-depressao-kristin\/#primaryimage","url":"https:\/\/portaltela.pt\/s.01k8rhncp4jt1\/2026\/02\/unnamed-file-955.jpg","contentUrl":"https:\/\/portaltela.pt\/s.01k8rhncp4jt1\/2026\/02\/unnamed-file-955.jpg","width":796,"height":448,"caption":"Marv\u00e3o promove recolha de donativos para v\u00edtimas da depress\u00e3o Kristin"},{"@type":"BreadcrumbList","@id":"https:\/\/portaltela.pt\/noticias\/2026\/02\/03\/marvao-organiza-recolha-de-donativos-para-vitimas-da-depressao-kristin\/#breadcrumb","itemListElement":[{"@type":"ListItem","position":1,"name":"In\u00edcio","item":"https:\/\/portaltela.pt\/"},{"@type":"ListItem","position":2,"name":"Marv\u00e3o organiza recolha de donativos para v\u00edtimas da depress\u00e3o Kristin"}]},{"@type":"WebSite","@id":"https:\/\/portaltela.pt\/#website","url":"https:\/\/portaltela.pt\/","name":"Portal Tela Portugal","description":"","potentialAction":[{"@type":"SearchAction","target":{"@type":"EntryPoint","urlTemplate":"https:\/\/portaltela.pt\/?s={search_term_string}"},"query-input":{"@type":"PropertyValueSpecification","valueRequired":true,"valueName":"search_term_string"}}],"inLanguage":"pt-PT"},{"@type":"Person","@id":"https:\/\/portaltela.pt\/#\/schema\/person\/c4278d4a6028830caff9ee44b42d32ed","name":"Telinha","image":{"@type":"ImageObject","inLanguage":"pt-PT","@id":"https:\/\/portaltela.pt\/s.01k8rhncp4jt1\/2025\/11\/talking-bot-125x125.png","url":"https:\/\/portaltela.pt\/s.01k8rhncp4jt1\/2025\/11\/talking-bot-125x125.png","contentUrl":"https:\/\/portaltela.pt\/s.01k8rhncp4jt1\/2025\/11\/talking-bot-125x125.png","caption":"Telinha"},"sameAs":["https:\/\/portaltela.pt\/"],"url":"https:\/\/portaltela.pt\/por\/367410592786\/"}]}},"_links":{"self":[{"href":"https:\/\/portaltela.pt\/api\/wp\/v2\/posts\/194761","targetHints":{"allow":["GET"]}}],"collection":[{"href":"https:\/\/portaltela.pt\/api\/wp\/v2\/posts"}],"about":[{"href":"https:\/\/portaltela.pt\/api\/wp\/v2\/types\/post"}],"author":[{"embeddable":true,"href":"https:\/\/portaltela.pt\/api\/wp\/v2\/users\/2"}],"replies":[{"embeddable":true,"href":"https:\/\/portaltela.pt\/api\/wp\/v2\/comments?post=194761"}],"version-history":[{"count":0,"href":"https:\/\/portaltela.pt\/api\/wp\/v2\/posts\/194761\/revisions"}],"wp:featuredmedia":[{"embeddable":true,"href":"https:\/\/portaltela.pt\/api\/wp\/v2\/media\/194763"}],"wp:attachment":[{"href":"https:\/\/portaltela.pt\/api\/wp\/v2\/media?parent=194761"}],"wp:term":[{"taxonomy":"category","embeddable":true,"href":"https:\/\/portaltela.pt\/api\/wp\/v2\/categories?post=194761"},{"taxonomy":"post_tag","embeddable":true,"href":"https:\/\/portaltela.pt\/api\/wp\/v2\/tags?post=194761"}],"curies":[{"name":"wp","href":"https:\/\/api.w.org\/{rel}","templated":true}]}}