{"id":194753,"date":"2026-02-03T15:20:37","date_gmt":"2026-02-03T18:20:37","guid":{"rendered":"https:\/\/portaltela.pt\/noticias\/2026\/02\/03\/justica-brasileira-volta-a-decretar-prisao-preventiva-de-oruam\/"},"modified":"2026-02-03T15:20:37","modified_gmt":"2026-02-03T18:20:37","slug":"justica-brasileira-volta-a-decretar-prisao-preventiva-de-oruam","status":"publish","type":"post","link":"https:\/\/portaltela.pt\/noticias\/2026\/02\/03\/justica-brasileira-volta-a-decretar-prisao-preventiva-de-oruam\/","title":{"rendered":"Justi\u00e7a brasileira volta a decretar pris\u00e3o preventiva de Oruam"},"content":{"rendered":"<p>O Tribunal Superior de Justi\u00e7a (STJ) revogou hoje o habeas corpus e decretou novamente a pris\u00e3o preventiva de Oruam, rapper brasileiro e filho de um dos l\u00edderes do Comando Vermelho. O caso envolve v\u00e1rias acusa\u00e7\u00f5es, incluindo associa\u00e7\u00e3o ao tr\u00e1fico de drogas.<\/p>\n<p>Segundo o juiz Joel Ilan Paciornik, o artista incumpriu v\u00e1rias medidas cautelares, nomeadamente n\u00e3o carregar a bateria da pulseira eletr\u00f3nica. O magistrado indicou lacunas nos mapas de movimenta\u00e7\u00e3o do acusado e afirmou que o jovem desrespeita autoridades e decis\u00f5es judiciais.<\/p>\n<p>Entre 30 de setembro e 12 de novembro de 2025 ocorreram 28 interrup\u00e7\u00f5es na monitoriza\u00e7\u00e3o da pulseira, conforme o STJ. A defesa argumenta que as falhas se devem ao descarregamento da bateria, n\u00e3o a desrespeito \u00e0s cautelas.<\/p>\n<h3>Contexto processual<\/h3>\n<p>Oruam saiu da pris\u00e3o a 29 de setembro de 2025, ap\u00f3s 69 dias em deten\u00e7\u00e3o, com a pris\u00e3o preventiva revogada, mas sujeito a 25 medidas cautelares, incluindo comparecimento mensal e recolhimento domicili\u00e1rio noturno, al\u00e9m do uso de pulseira.<\/p>\n<p>O artista, de 24 anos, responde por associa\u00e7\u00e3o para o tr\u00e1fico, resist\u00eancia qualificada, dano ao patrim\u00f3nio p\u00fablico, desacato, les\u00e3o e tr\u00e1fico. A primeira deten\u00e7\u00e3o preventiva ocorreu em julho de 2025.<\/p>\n<p>A \u00faltima atua\u00e7\u00e3o de Oruam em Portugal ocorreu em 1 de fevereiro de 2025, no MainStreet Festival, em Lisboa, conforme registo p\u00fablico. A defesa aguarda nova decis\u00e3o sobre o caso.<\/p>\n","protected":false},"excerpt":{"rendered":"<ul>\n<li>A justi\u00e7a brasileira revogou o habeas corpus e decretou novamente pris\u00e3o preventiva ao artista Oruam, filho de um dos l\u00edderes do Comando Vermelho.<\/li>\n<li>Segundo o juiz do Superior Tribunal de Justi\u00e7a, Joel Ilan Paciornik, Oruam incumpriu v\u00e1rias medidas cautelares, nomeadamente ao n\u00e3o carregar a bateria da pulseira eletr\u00f3nica, com lacunas nos mapas de movimenta\u00e7\u00e3o.<\/li>\n<li>O STJ reportou 28 interrup\u00e7\u00f5es na monitoriza\u00e7\u00e3o da pulseira entre 30 de setembro e 12 de novembro de 2025.<\/li>\n<li>A defesa afirma que as interrup\u00e7\u00f5es representam apenas descarregamento de bateria, n\u00e3o desrespeito \u00e0s cautelas nem incumprimento de outras medidas.<\/li>\n<li>Oruam tinha sa\u00eddo da pris\u00e3o a 29 de setembro de 2025, ap\u00f3s 69 dias, com medidas como recolhimento domicili\u00e1rio nocturno e uso de pulseira eletr\u00f3nica.<\/li>\n<\/ul>\n","protected":false},"author":2,"featured_media":194757,"comment_status":"closed","ping_status":"closed","sticky":false,"template":"","format":"standard","meta":{"footnotes":""},"categories":[1],"tags":[2547,5302,4139,803,3315,2349],"class_list":["post-194753","post","type-post","status-publish","format-standard","has-post-thumbnail","hentry","category-noticias","tag-brasil","tag-desacato","tag-detencao","tag-justica","tag-pulseira-eletronica","tag-trafico-de-drogas"],"yoast_head":"<!-- This site is optimized with the Yoast SEO plugin v27.2 - https:\/\/yoast.com\/product\/yoast-seo-wordpress\/ -->\n<title>Justi\u00e7a brasileira volta a decretar pris\u00e3o preventiva de Oruam - Portal Tela Portugal<\/title>\n<meta name=\"robots\" content=\"index, follow, max-snippet:-1, max-image-preview:large, max-video-preview:-1\" \/>\n<meta property=\"og:locale\" content=\"pt_PT\" \/>\n<meta property=\"og:type\" content=\"article\" \/>\n<meta property=\"og:title\" content=\"Justi\u00e7a brasileira volta a decretar pris\u00e3o preventiva de Oruam - Portal Tela Portugal\" \/>\n<meta property=\"og:description\" content=\"A justi\u00e7a brasileira revogou o habeas corpus e decretou novamente pris\u00e3o preventiva ao artista Oruam, filho de um dos l\u00edderes do Comando Vermelho. Segundo o juiz do Superior Tribunal de Justi\u00e7a, Joel Ilan Paciornik, Oruam incumpriu v\u00e1rias medidas cautelares, nomeadamente ao n\u00e3o carregar a bateria da pulseira eletr\u00f3nica, com lacunas nos mapas de movimenta\u00e7\u00e3o. O STJ reportou 28 interrup\u00e7\u00f5es na monitoriza\u00e7\u00e3o da pulseira entre 30 de setembro e 12 de novembro de 2025. A defesa afirma que as interrup\u00e7\u00f5es representam apenas descarregamento de bateria, n\u00e3o desrespeito \u00e0s cautelas nem incumprimento de outras medidas. Oruam tinha sa\u00eddo da pris\u00e3o a 29 de setembro de 2025, ap\u00f3s 69 dias, com medidas como recolhimento domicili\u00e1rio nocturno e uso de pulseira eletr\u00f3nica.\" \/>\n<meta property=\"og:url\" content=\"https:\/\/portaltela.pt\/noticias\/2026\/02\/03\/justica-brasileira-volta-a-decretar-prisao-preventiva-de-oruam\/\" \/>\n<meta property=\"og:site_name\" content=\"Portal Tela Portugal\" \/>\n<meta property=\"article:published_time\" content=\"2026-02-03T18:20:37+00:00\" \/>\n<meta name=\"author\" content=\"Telinha\" \/>\n<meta name=\"twitter:card\" content=\"summary_large_image\" \/>\n<meta name=\"twitter:label1\" content=\"Escrito por\" \/>\n\t<meta name=\"twitter:data1\" content=\"Telinha\" \/>\n\t<meta name=\"twitter:label2\" content=\"Tempo estimado de leitura\" \/>\n\t<meta name=\"twitter:data2\" content=\"1 minuto\" \/>\n<script type=\"application\/ld+json\" class=\"yoast-schema-graph\">{\"@context\":\"https:\/\/schema.org\",\"@graph\":[{\"@type\":\"Article\",\"@id\":\"https:\/\/portaltela.pt\/noticias\/2026\/02\/03\/justica-brasileira-volta-a-decretar-prisao-preventiva-de-oruam\/#article\",\"isPartOf\":{\"@id\":\"https:\/\/portaltela.pt\/noticias\/2026\/02\/03\/justica-brasileira-volta-a-decretar-prisao-preventiva-de-oruam\/\"},\"author\":{\"name\":\"Telinha\",\"@id\":\"https:\/\/portaltela.pt\/#\/schema\/person\/c4278d4a6028830caff9ee44b42d32ed\"},\"headline\":\"Justi\u00e7a brasileira volta a decretar pris\u00e3o preventiva de Oruam\",\"datePublished\":\"2026-02-03T18:20:37+00:00\",\"mainEntityOfPage\":{\"@id\":\"https:\/\/portaltela.pt\/noticias\/2026\/02\/03\/justica-brasileira-volta-a-decretar-prisao-preventiva-de-oruam\/\"},\"wordCount\":249,\"image\":{\"@id\":\"https:\/\/portaltela.pt\/noticias\/2026\/02\/03\/justica-brasileira-volta-a-decretar-prisao-preventiva-de-oruam\/#primaryimage\"},\"thumbnailUrl\":\"https:\/\/portaltela.pt\/s.01k8rhncp4jt1\/2026\/02\/27698821.jpg\",\"keywords\":[\"Brasil\",\"desacato\",\"deten\u00e7\u00e3o\",\"justi\u00e7a\",\"pulseira eletr\u00f3nica\",\"tr\u00e1fico de drogas\"],\"articleSection\":[\"Not\u00edcias\"],\"inLanguage\":\"pt-PT\"},{\"@type\":\"WebPage\",\"@id\":\"https:\/\/portaltela.pt\/noticias\/2026\/02\/03\/justica-brasileira-volta-a-decretar-prisao-preventiva-de-oruam\/\",\"url\":\"https:\/\/portaltela.pt\/noticias\/2026\/02\/03\/justica-brasileira-volta-a-decretar-prisao-preventiva-de-oruam\/\",\"name\":\"Justi\u00e7a brasileira volta a decretar pris\u00e3o preventiva de Oruam - Portal Tela Portugal\",\"isPartOf\":{\"@id\":\"https:\/\/portaltela.pt\/#website\"},\"primaryImageOfPage\":{\"@id\":\"https:\/\/portaltela.pt\/noticias\/2026\/02\/03\/justica-brasileira-volta-a-decretar-prisao-preventiva-de-oruam\/#primaryimage\"},\"image\":{\"@id\":\"https:\/\/portaltela.pt\/noticias\/2026\/02\/03\/justica-brasileira-volta-a-decretar-prisao-preventiva-de-oruam\/#primaryimage\"},\"thumbnailUrl\":\"https:\/\/portaltela.pt\/s.01k8rhncp4jt1\/2026\/02\/27698821.jpg\",\"datePublished\":\"2026-02-03T18:20:37+00:00\",\"author\":{\"@id\":\"https:\/\/portaltela.pt\/#\/schema\/person\/c4278d4a6028830caff9ee44b42d32ed\"},\"breadcrumb\":{\"@id\":\"https:\/\/portaltela.pt\/noticias\/2026\/02\/03\/justica-brasileira-volta-a-decretar-prisao-preventiva-de-oruam\/#breadcrumb\"},\"inLanguage\":\"pt-PT\",\"potentialAction\":[{\"@type\":\"ReadAction\",\"target\":[\"https:\/\/portaltela.pt\/noticias\/2026\/02\/03\/justica-brasileira-volta-a-decretar-prisao-preventiva-de-oruam\/\"]}]},{\"@type\":\"ImageObject\",\"inLanguage\":\"pt-PT\",\"@id\":\"https:\/\/portaltela.pt\/noticias\/2026\/02\/03\/justica-brasileira-volta-a-decretar-prisao-preventiva-de-oruam\/#primaryimage\",\"url\":\"https:\/\/portaltela.pt\/s.01k8rhncp4jt1\/2026\/02\/27698821.jpg\",\"contentUrl\":\"https:\/\/portaltela.pt\/s.01k8rhncp4jt1\/2026\/02\/27698821.jpg\",\"width\":796,\"height\":448,\"caption\":\"Justi\u00e7a brasileira volta a decretar pris\u00e3o preventiva de Oruam\"},{\"@type\":\"BreadcrumbList\",\"@id\":\"https:\/\/portaltela.pt\/noticias\/2026\/02\/03\/justica-brasileira-volta-a-decretar-prisao-preventiva-de-oruam\/#breadcrumb\",\"itemListElement\":[{\"@type\":\"ListItem\",\"position\":1,\"name\":\"In\u00edcio\",\"item\":\"https:\/\/portaltela.pt\/\"},{\"@type\":\"ListItem\",\"position\":2,\"name\":\"Justi\u00e7a brasileira volta a decretar pris\u00e3o preventiva de Oruam\"}]},{\"@type\":\"WebSite\",\"@id\":\"https:\/\/portaltela.pt\/#website\",\"url\":\"https:\/\/portaltela.pt\/\",\"name\":\"Portal Tela Portugal\",\"description\":\"\",\"potentialAction\":[{\"@type\":\"SearchAction\",\"target\":{\"@type\":\"EntryPoint\",\"urlTemplate\":\"https:\/\/portaltela.pt\/?s={search_term_string}\"},\"query-input\":{\"@type\":\"PropertyValueSpecification\",\"valueRequired\":true,\"valueName\":\"search_term_string\"}}],\"inLanguage\":\"pt-PT\"},{\"@type\":\"Person\",\"@id\":\"https:\/\/portaltela.pt\/#\/schema\/person\/c4278d4a6028830caff9ee44b42d32ed\",\"name\":\"Telinha\",\"image\":{\"@type\":\"ImageObject\",\"inLanguage\":\"pt-PT\",\"@id\":\"https:\/\/portaltela.pt\/s.01k8rhncp4jt1\/2025\/11\/talking-bot-125x125.png\",\"url\":\"https:\/\/portaltela.pt\/s.01k8rhncp4jt1\/2025\/11\/talking-bot-125x125.png\",\"contentUrl\":\"https:\/\/portaltela.pt\/s.01k8rhncp4jt1\/2025\/11\/talking-bot-125x125.png\",\"caption\":\"Telinha\"},\"sameAs\":[\"https:\/\/portaltela.pt\/\"],\"url\":\"https:\/\/portaltela.pt\/por\/367410592786\/\"}]}<\/script>\n<!-- \/ Yoast SEO plugin. -->","yoast_head_json":{"title":"Justi\u00e7a brasileira volta a decretar pris\u00e3o preventiva de Oruam - Portal Tela Portugal","robots":{"index":"index","follow":"follow","max-snippet":"max-snippet:-1","max-image-preview":"max-image-preview:large","max-video-preview":"max-video-preview:-1"},"og_locale":"pt_PT","og_type":"article","og_title":"Justi\u00e7a brasileira volta a decretar pris\u00e3o preventiva de Oruam - Portal Tela Portugal","og_description":"A justi\u00e7a brasileira revogou o habeas corpus e decretou novamente pris\u00e3o preventiva ao artista Oruam, filho de um dos l\u00edderes do Comando Vermelho. Segundo o juiz do Superior Tribunal de Justi\u00e7a, Joel Ilan Paciornik, Oruam incumpriu v\u00e1rias medidas cautelares, nomeadamente ao n\u00e3o carregar a bateria da pulseira eletr\u00f3nica, com lacunas nos mapas de movimenta\u00e7\u00e3o. O STJ reportou 28 interrup\u00e7\u00f5es na monitoriza\u00e7\u00e3o da pulseira entre 30 de setembro e 12 de novembro de 2025. A defesa afirma que as interrup\u00e7\u00f5es representam apenas descarregamento de bateria, n\u00e3o desrespeito \u00e0s cautelas nem incumprimento de outras medidas. Oruam tinha sa\u00eddo da pris\u00e3o a 29 de setembro de 2025, ap\u00f3s 69 dias, com medidas como recolhimento domicili\u00e1rio nocturno e uso de pulseira eletr\u00f3nica.","og_url":"https:\/\/portaltela.pt\/noticias\/2026\/02\/03\/justica-brasileira-volta-a-decretar-prisao-preventiva-de-oruam\/","og_site_name":"Portal Tela Portugal","article_published_time":"2026-02-03T18:20:37+00:00","author":"Telinha","twitter_card":"summary_large_image","twitter_misc":{"Escrito por":"Telinha","Tempo estimado de leitura":"1 minuto"},"schema":{"@context":"https:\/\/schema.org","@graph":[{"@type":"Article","@id":"https:\/\/portaltela.pt\/noticias\/2026\/02\/03\/justica-brasileira-volta-a-decretar-prisao-preventiva-de-oruam\/#article","isPartOf":{"@id":"https:\/\/portaltela.pt\/noticias\/2026\/02\/03\/justica-brasileira-volta-a-decretar-prisao-preventiva-de-oruam\/"},"author":{"name":"Telinha","@id":"https:\/\/portaltela.pt\/#\/schema\/person\/c4278d4a6028830caff9ee44b42d32ed"},"headline":"Justi\u00e7a brasileira volta a decretar pris\u00e3o preventiva de Oruam","datePublished":"2026-02-03T18:20:37+00:00","mainEntityOfPage":{"@id":"https:\/\/portaltela.pt\/noticias\/2026\/02\/03\/justica-brasileira-volta-a-decretar-prisao-preventiva-de-oruam\/"},"wordCount":249,"image":{"@id":"https:\/\/portaltela.pt\/noticias\/2026\/02\/03\/justica-brasileira-volta-a-decretar-prisao-preventiva-de-oruam\/#primaryimage"},"thumbnailUrl":"https:\/\/portaltela.pt\/s.01k8rhncp4jt1\/2026\/02\/27698821.jpg","keywords":["Brasil","desacato","deten\u00e7\u00e3o","justi\u00e7a","pulseira eletr\u00f3nica","tr\u00e1fico de drogas"],"articleSection":["Not\u00edcias"],"inLanguage":"pt-PT"},{"@type":"WebPage","@id":"https:\/\/portaltela.pt\/noticias\/2026\/02\/03\/justica-brasileira-volta-a-decretar-prisao-preventiva-de-oruam\/","url":"https:\/\/portaltela.pt\/noticias\/2026\/02\/03\/justica-brasileira-volta-a-decretar-prisao-preventiva-de-oruam\/","name":"Justi\u00e7a brasileira volta a decretar pris\u00e3o preventiva de Oruam - Portal Tela Portugal","isPartOf":{"@id":"https:\/\/portaltela.pt\/#website"},"primaryImageOfPage":{"@id":"https:\/\/portaltela.pt\/noticias\/2026\/02\/03\/justica-brasileira-volta-a-decretar-prisao-preventiva-de-oruam\/#primaryimage"},"image":{"@id":"https:\/\/portaltela.pt\/noticias\/2026\/02\/03\/justica-brasileira-volta-a-decretar-prisao-preventiva-de-oruam\/#primaryimage"},"thumbnailUrl":"https:\/\/portaltela.pt\/s.01k8rhncp4jt1\/2026\/02\/27698821.jpg","datePublished":"2026-02-03T18:20:37+00:00","author":{"@id":"https:\/\/portaltela.pt\/#\/schema\/person\/c4278d4a6028830caff9ee44b42d32ed"},"breadcrumb":{"@id":"https:\/\/portaltela.pt\/noticias\/2026\/02\/03\/justica-brasileira-volta-a-decretar-prisao-preventiva-de-oruam\/#breadcrumb"},"inLanguage":"pt-PT","potentialAction":[{"@type":"ReadAction","target":["https:\/\/portaltela.pt\/noticias\/2026\/02\/03\/justica-brasileira-volta-a-decretar-prisao-preventiva-de-oruam\/"]}]},{"@type":"ImageObject","inLanguage":"pt-PT","@id":"https:\/\/portaltela.pt\/noticias\/2026\/02\/03\/justica-brasileira-volta-a-decretar-prisao-preventiva-de-oruam\/#primaryimage","url":"https:\/\/portaltela.pt\/s.01k8rhncp4jt1\/2026\/02\/27698821.jpg","contentUrl":"https:\/\/portaltela.pt\/s.01k8rhncp4jt1\/2026\/02\/27698821.jpg","width":796,"height":448,"caption":"Justi\u00e7a brasileira volta a decretar pris\u00e3o preventiva de Oruam"},{"@type":"BreadcrumbList","@id":"https:\/\/portaltela.pt\/noticias\/2026\/02\/03\/justica-brasileira-volta-a-decretar-prisao-preventiva-de-oruam\/#breadcrumb","itemListElement":[{"@type":"ListItem","position":1,"name":"In\u00edcio","item":"https:\/\/portaltela.pt\/"},{"@type":"ListItem","position":2,"name":"Justi\u00e7a brasileira volta a decretar pris\u00e3o preventiva de Oruam"}]},{"@type":"WebSite","@id":"https:\/\/portaltela.pt\/#website","url":"https:\/\/portaltela.pt\/","name":"Portal Tela Portugal","description":"","potentialAction":[{"@type":"SearchAction","target":{"@type":"EntryPoint","urlTemplate":"https:\/\/portaltela.pt\/?s={search_term_string}"},"query-input":{"@type":"PropertyValueSpecification","valueRequired":true,"valueName":"search_term_string"}}],"inLanguage":"pt-PT"},{"@type":"Person","@id":"https:\/\/portaltela.pt\/#\/schema\/person\/c4278d4a6028830caff9ee44b42d32ed","name":"Telinha","image":{"@type":"ImageObject","inLanguage":"pt-PT","@id":"https:\/\/portaltela.pt\/s.01k8rhncp4jt1\/2025\/11\/talking-bot-125x125.png","url":"https:\/\/portaltela.pt\/s.01k8rhncp4jt1\/2025\/11\/talking-bot-125x125.png","contentUrl":"https:\/\/portaltela.pt\/s.01k8rhncp4jt1\/2025\/11\/talking-bot-125x125.png","caption":"Telinha"},"sameAs":["https:\/\/portaltela.pt\/"],"url":"https:\/\/portaltela.pt\/por\/367410592786\/"}]}},"_links":{"self":[{"href":"https:\/\/portaltela.pt\/api\/wp\/v2\/posts\/194753","targetHints":{"allow":["GET"]}}],"collection":[{"href":"https:\/\/portaltela.pt\/api\/wp\/v2\/posts"}],"about":[{"href":"https:\/\/portaltela.pt\/api\/wp\/v2\/types\/post"}],"author":[{"embeddable":true,"href":"https:\/\/portaltela.pt\/api\/wp\/v2\/users\/2"}],"replies":[{"embeddable":true,"href":"https:\/\/portaltela.pt\/api\/wp\/v2\/comments?post=194753"}],"version-history":[{"count":0,"href":"https:\/\/portaltela.pt\/api\/wp\/v2\/posts\/194753\/revisions"}],"wp:featuredmedia":[{"embeddable":true,"href":"https:\/\/portaltela.pt\/api\/wp\/v2\/media\/194757"}],"wp:attachment":[{"href":"https:\/\/portaltela.pt\/api\/wp\/v2\/media?parent=194753"}],"wp:term":[{"taxonomy":"category","embeddable":true,"href":"https:\/\/portaltela.pt\/api\/wp\/v2\/categories?post=194753"},{"taxonomy":"post_tag","embeddable":true,"href":"https:\/\/portaltela.pt\/api\/wp\/v2\/tags?post=194753"}],"curies":[{"name":"wp","href":"https:\/\/api.w.org\/{rel}","templated":true}]}}