{"id":194727,"date":"2026-02-03T15:14:00","date_gmt":"2026-02-03T18:14:00","guid":{"rendered":"https:\/\/portaltela.pt\/noticias\/2026\/02\/03\/recurso-pouco-alterou-o-caso-de-le-pen-mp-recomenda-manter-inelegibilidade\/"},"modified":"2026-02-03T15:14:00","modified_gmt":"2026-02-03T18:14:00","slug":"recurso-pouco-alterou-o-caso-de-le-pen-mp-recomenda-manter-inelegibilidade","status":"publish","type":"post","link":"https:\/\/portaltela.pt\/noticias\/internacional\/2026\/02\/03\/recurso-pouco-alterou-o-caso-de-le-pen-mp-recomenda-manter-inelegibilidade\/","title":{"rendered":"Recurso pouco alterou o caso de Le Pen; MP recomenda manter inelegibilidade"},"content":{"rendered":"<p>O Minist\u00e9rio P\u00fablico recomendou manter a pena de inelegibilidade de Marine Le Pen, ap\u00f3s o recurso apresentado pela lideran\u00e7a da extrema-direita francesa. A sugest\u00e3o \u00e9 de que a pena permane\u00e7a, sem execu\u00e7\u00e3o imediata.<\/p>\n<p>Segundo a leitura do parecer, o recurso n\u00e3o surtiu o efeito desejado pela defesa, que buscava cancelar ou reduzir a san\u00e7\u00e3o. A decis\u00e3o final fica a cargo do tribunal competente.<\/p>\n<p>Caso o tribunal siga o parecer, Le Pen ficar\u00e1 impedida de se candidatar \u00e0 presid\u00eancia em 2027. A not\u00edcia envolve o processo de inelegibilidade e as implica\u00e7\u00f5es eleitorais para a l\u00edder pol\u00edtica.<\/p>\n","protected":false},"excerpt":{"rendered":"<ul>\n<li>O Minist\u00e9rio P\u00fablico franc\u00eas recomendou manter a pena de inelegibilidade de Marine Le Pen, sem execu\u00e7\u00e3o imediata.<\/li>\n<li>A recomenda\u00e7\u00e3o veio ap\u00f3s o recurso da defesa, que teve pouco efeito at\u00e9 ao momento.<\/li>\n<li>Se o tribunal seguir a orienta\u00e7\u00e3o, Le Pen fica impedida de se candidatar \u00e0 presid\u00eancia em 2027.<\/li>\n<li>A defesa esperava um resultado diferente, mas a posi\u00e7\u00e3o do Minist\u00e9rio P\u00fablico n\u00e3o foi alterada.<\/li>\n<li>A decis\u00e3o final cabe ao tribunal competente, que ainda n\u00e3o se pronunciou.<\/li>\n<\/ul>\n","protected":false},"author":2,"featured_media":194735,"comment_status":"closed","ping_status":"closed","sticky":false,"template":"","format":"standard","meta":{"footnotes":""},"categories":[4,1],"tags":[68,1856,2571,2832,3001,30],"class_list":["post-194727","post","type-post","status-publish","format-standard","has-post-thumbnail","hentry","category-internacional","category-noticias","tag-eleicoes","tag-franca","tag-marine-le-pen","tag-politica","tag-presidenciais","tag-presidente"],"yoast_head":"<!-- This site is optimized with the Yoast SEO plugin v27.2 - https:\/\/yoast.com\/product\/yoast-seo-wordpress\/ -->\n<title>Recurso pouco alterou o caso de Le Pen; MP recomenda manter inelegibilidade - Portal Tela Portugal<\/title>\n<meta name=\"robots\" content=\"index, follow, max-snippet:-1, max-image-preview:large, max-video-preview:-1\" \/>\n<meta property=\"og:locale\" content=\"pt_PT\" \/>\n<meta property=\"og:type\" content=\"article\" \/>\n<meta property=\"og:title\" content=\"Recurso pouco alterou o caso de Le Pen; MP recomenda manter inelegibilidade - Portal Tela Portugal\" \/>\n<meta property=\"og:description\" content=\"O Minist\u00e9rio P\u00fablico franc\u00eas recomendou manter a pena de inelegibilidade de Marine Le Pen, sem execu\u00e7\u00e3o imediata. A recomenda\u00e7\u00e3o veio ap\u00f3s o recurso da defesa, que teve pouco efeito at\u00e9 ao momento. Se o tribunal seguir a orienta\u00e7\u00e3o, Le Pen fica impedida de se candidatar \u00e0 presid\u00eancia em 2027. A defesa esperava um resultado diferente, mas a posi\u00e7\u00e3o do Minist\u00e9rio P\u00fablico n\u00e3o foi alterada. A decis\u00e3o final cabe ao tribunal competente, que ainda n\u00e3o se pronunciou.\" \/>\n<meta property=\"og:url\" content=\"https:\/\/portaltela.pt\/noticias\/2026\/02\/03\/recurso-pouco-alterou-o-caso-de-le-pen-mp-recomenda-manter-inelegibilidade\/\" \/>\n<meta property=\"og:site_name\" content=\"Portal Tela Portugal\" \/>\n<meta property=\"article:published_time\" content=\"2026-02-03T18:14:00+00:00\" \/>\n<meta name=\"author\" content=\"Telinha\" \/>\n<meta name=\"twitter:card\" content=\"summary_large_image\" \/>\n<meta name=\"twitter:label1\" content=\"Escrito por\" \/>\n\t<meta name=\"twitter:data1\" content=\"Telinha\" \/>\n\t<meta name=\"twitter:label2\" content=\"Tempo estimado de leitura\" \/>\n\t<meta name=\"twitter:data2\" content=\"1 minuto\" \/>\n<script type=\"application\/ld+json\" class=\"yoast-schema-graph\">{\"@context\":\"https:\/\/schema.org\",\"@graph\":[{\"@type\":\"Article\",\"@id\":\"https:\/\/portaltela.pt\/noticias\/2026\/02\/03\/recurso-pouco-alterou-o-caso-de-le-pen-mp-recomenda-manter-inelegibilidade\/#article\",\"isPartOf\":{\"@id\":\"https:\/\/portaltela.pt\/noticias\/2026\/02\/03\/recurso-pouco-alterou-o-caso-de-le-pen-mp-recomenda-manter-inelegibilidade\/\"},\"author\":{\"name\":\"Telinha\",\"@id\":\"https:\/\/portaltela.pt\/#\/schema\/person\/c4278d4a6028830caff9ee44b42d32ed\"},\"headline\":\"Recurso pouco alterou o caso de Le Pen; MP recomenda manter inelegibilidade\",\"datePublished\":\"2026-02-03T18:14:00+00:00\",\"mainEntityOfPage\":{\"@id\":\"https:\/\/portaltela.pt\/noticias\/2026\/02\/03\/recurso-pouco-alterou-o-caso-de-le-pen-mp-recomenda-manter-inelegibilidade\/\"},\"wordCount\":119,\"image\":{\"@id\":\"https:\/\/portaltela.pt\/noticias\/2026\/02\/03\/recurso-pouco-alterou-o-caso-de-le-pen-mp-recomenda-manter-inelegibilidade\/#primaryimage\"},\"thumbnailUrl\":\"https:\/\/portaltela.pt\/s.01k8rhncp4jt1\/2026\/02\/2064053.jpg\",\"keywords\":[\"elei\u00e7\u00f5es\",\"Fran\u00e7a\",\"Marine Le Pen\",\"pol\u00edtica\",\"Presidenciais\",\"presidente\"],\"articleSection\":[\"Internacional\",\"Not\u00edcias\"],\"inLanguage\":\"pt-PT\"},{\"@type\":\"WebPage\",\"@id\":\"https:\/\/portaltela.pt\/noticias\/2026\/02\/03\/recurso-pouco-alterou-o-caso-de-le-pen-mp-recomenda-manter-inelegibilidade\/\",\"url\":\"https:\/\/portaltela.pt\/noticias\/2026\/02\/03\/recurso-pouco-alterou-o-caso-de-le-pen-mp-recomenda-manter-inelegibilidade\/\",\"name\":\"Recurso pouco alterou o caso de Le Pen; MP recomenda manter inelegibilidade - Portal Tela Portugal\",\"isPartOf\":{\"@id\":\"https:\/\/portaltela.pt\/#website\"},\"primaryImageOfPage\":{\"@id\":\"https:\/\/portaltela.pt\/noticias\/2026\/02\/03\/recurso-pouco-alterou-o-caso-de-le-pen-mp-recomenda-manter-inelegibilidade\/#primaryimage\"},\"image\":{\"@id\":\"https:\/\/portaltela.pt\/noticias\/2026\/02\/03\/recurso-pouco-alterou-o-caso-de-le-pen-mp-recomenda-manter-inelegibilidade\/#primaryimage\"},\"thumbnailUrl\":\"https:\/\/portaltela.pt\/s.01k8rhncp4jt1\/2026\/02\/2064053.jpg\",\"datePublished\":\"2026-02-03T18:14:00+00:00\",\"author\":{\"@id\":\"https:\/\/portaltela.pt\/#\/schema\/person\/c4278d4a6028830caff9ee44b42d32ed\"},\"breadcrumb\":{\"@id\":\"https:\/\/portaltela.pt\/noticias\/2026\/02\/03\/recurso-pouco-alterou-o-caso-de-le-pen-mp-recomenda-manter-inelegibilidade\/#breadcrumb\"},\"inLanguage\":\"pt-PT\",\"potentialAction\":[{\"@type\":\"ReadAction\",\"target\":[\"https:\/\/portaltela.pt\/noticias\/2026\/02\/03\/recurso-pouco-alterou-o-caso-de-le-pen-mp-recomenda-manter-inelegibilidade\/\"]}]},{\"@type\":\"ImageObject\",\"inLanguage\":\"pt-PT\",\"@id\":\"https:\/\/portaltela.pt\/noticias\/2026\/02\/03\/recurso-pouco-alterou-o-caso-de-le-pen-mp-recomenda-manter-inelegibilidade\/#primaryimage\",\"url\":\"https:\/\/portaltela.pt\/s.01k8rhncp4jt1\/2026\/02\/2064053.jpg\",\"contentUrl\":\"https:\/\/portaltela.pt\/s.01k8rhncp4jt1\/2026\/02\/2064053.jpg\",\"width\":796,\"height\":448,\"caption\":\"Photo\"},{\"@type\":\"BreadcrumbList\",\"@id\":\"https:\/\/portaltela.pt\/noticias\/2026\/02\/03\/recurso-pouco-alterou-o-caso-de-le-pen-mp-recomenda-manter-inelegibilidade\/#breadcrumb\",\"itemListElement\":[{\"@type\":\"ListItem\",\"position\":1,\"name\":\"In\u00edcio\",\"item\":\"https:\/\/portaltela.pt\/\"},{\"@type\":\"ListItem\",\"position\":2,\"name\":\"Recurso pouco alterou o caso de Le Pen; MP recomenda manter inelegibilidade\"}]},{\"@type\":\"WebSite\",\"@id\":\"https:\/\/portaltela.pt\/#website\",\"url\":\"https:\/\/portaltela.pt\/\",\"name\":\"Portal Tela Portugal\",\"description\":\"\",\"potentialAction\":[{\"@type\":\"SearchAction\",\"target\":{\"@type\":\"EntryPoint\",\"urlTemplate\":\"https:\/\/portaltela.pt\/?s={search_term_string}\"},\"query-input\":{\"@type\":\"PropertyValueSpecification\",\"valueRequired\":true,\"valueName\":\"search_term_string\"}}],\"inLanguage\":\"pt-PT\"},{\"@type\":\"Person\",\"@id\":\"https:\/\/portaltela.pt\/#\/schema\/person\/c4278d4a6028830caff9ee44b42d32ed\",\"name\":\"Telinha\",\"image\":{\"@type\":\"ImageObject\",\"inLanguage\":\"pt-PT\",\"@id\":\"https:\/\/portaltela.pt\/s.01k8rhncp4jt1\/2025\/11\/talking-bot-125x125.png\",\"url\":\"https:\/\/portaltela.pt\/s.01k8rhncp4jt1\/2025\/11\/talking-bot-125x125.png\",\"contentUrl\":\"https:\/\/portaltela.pt\/s.01k8rhncp4jt1\/2025\/11\/talking-bot-125x125.png\",\"caption\":\"Telinha\"},\"sameAs\":[\"https:\/\/portaltela.pt\/\"],\"url\":\"https:\/\/portaltela.pt\/por\/367410592786\/\"}]}<\/script>\n<!-- \/ Yoast SEO plugin. -->","yoast_head_json":{"title":"Recurso pouco alterou o caso de Le Pen; MP recomenda manter inelegibilidade - Portal Tela Portugal","robots":{"index":"index","follow":"follow","max-snippet":"max-snippet:-1","max-image-preview":"max-image-preview:large","max-video-preview":"max-video-preview:-1"},"og_locale":"pt_PT","og_type":"article","og_title":"Recurso pouco alterou o caso de Le Pen; MP recomenda manter inelegibilidade - Portal Tela Portugal","og_description":"O Minist\u00e9rio P\u00fablico franc\u00eas recomendou manter a pena de inelegibilidade de Marine Le Pen, sem execu\u00e7\u00e3o imediata. A recomenda\u00e7\u00e3o veio ap\u00f3s o recurso da defesa, que teve pouco efeito at\u00e9 ao momento. Se o tribunal seguir a orienta\u00e7\u00e3o, Le Pen fica impedida de se candidatar \u00e0 presid\u00eancia em 2027. A defesa esperava um resultado diferente, mas a posi\u00e7\u00e3o do Minist\u00e9rio P\u00fablico n\u00e3o foi alterada. A decis\u00e3o final cabe ao tribunal competente, que ainda n\u00e3o se pronunciou.","og_url":"https:\/\/portaltela.pt\/noticias\/2026\/02\/03\/recurso-pouco-alterou-o-caso-de-le-pen-mp-recomenda-manter-inelegibilidade\/","og_site_name":"Portal Tela Portugal","article_published_time":"2026-02-03T18:14:00+00:00","author":"Telinha","twitter_card":"summary_large_image","twitter_misc":{"Escrito por":"Telinha","Tempo estimado de leitura":"1 minuto"},"schema":{"@context":"https:\/\/schema.org","@graph":[{"@type":"Article","@id":"https:\/\/portaltela.pt\/noticias\/2026\/02\/03\/recurso-pouco-alterou-o-caso-de-le-pen-mp-recomenda-manter-inelegibilidade\/#article","isPartOf":{"@id":"https:\/\/portaltela.pt\/noticias\/2026\/02\/03\/recurso-pouco-alterou-o-caso-de-le-pen-mp-recomenda-manter-inelegibilidade\/"},"author":{"name":"Telinha","@id":"https:\/\/portaltela.pt\/#\/schema\/person\/c4278d4a6028830caff9ee44b42d32ed"},"headline":"Recurso pouco alterou o caso de Le Pen; MP recomenda manter inelegibilidade","datePublished":"2026-02-03T18:14:00+00:00","mainEntityOfPage":{"@id":"https:\/\/portaltela.pt\/noticias\/2026\/02\/03\/recurso-pouco-alterou-o-caso-de-le-pen-mp-recomenda-manter-inelegibilidade\/"},"wordCount":119,"image":{"@id":"https:\/\/portaltela.pt\/noticias\/2026\/02\/03\/recurso-pouco-alterou-o-caso-de-le-pen-mp-recomenda-manter-inelegibilidade\/#primaryimage"},"thumbnailUrl":"https:\/\/portaltela.pt\/s.01k8rhncp4jt1\/2026\/02\/2064053.jpg","keywords":["elei\u00e7\u00f5es","Fran\u00e7a","Marine Le Pen","pol\u00edtica","Presidenciais","presidente"],"articleSection":["Internacional","Not\u00edcias"],"inLanguage":"pt-PT"},{"@type":"WebPage","@id":"https:\/\/portaltela.pt\/noticias\/2026\/02\/03\/recurso-pouco-alterou-o-caso-de-le-pen-mp-recomenda-manter-inelegibilidade\/","url":"https:\/\/portaltela.pt\/noticias\/2026\/02\/03\/recurso-pouco-alterou-o-caso-de-le-pen-mp-recomenda-manter-inelegibilidade\/","name":"Recurso pouco alterou o caso de Le Pen; MP recomenda manter inelegibilidade - Portal Tela Portugal","isPartOf":{"@id":"https:\/\/portaltela.pt\/#website"},"primaryImageOfPage":{"@id":"https:\/\/portaltela.pt\/noticias\/2026\/02\/03\/recurso-pouco-alterou-o-caso-de-le-pen-mp-recomenda-manter-inelegibilidade\/#primaryimage"},"image":{"@id":"https:\/\/portaltela.pt\/noticias\/2026\/02\/03\/recurso-pouco-alterou-o-caso-de-le-pen-mp-recomenda-manter-inelegibilidade\/#primaryimage"},"thumbnailUrl":"https:\/\/portaltela.pt\/s.01k8rhncp4jt1\/2026\/02\/2064053.jpg","datePublished":"2026-02-03T18:14:00+00:00","author":{"@id":"https:\/\/portaltela.pt\/#\/schema\/person\/c4278d4a6028830caff9ee44b42d32ed"},"breadcrumb":{"@id":"https:\/\/portaltela.pt\/noticias\/2026\/02\/03\/recurso-pouco-alterou-o-caso-de-le-pen-mp-recomenda-manter-inelegibilidade\/#breadcrumb"},"inLanguage":"pt-PT","potentialAction":[{"@type":"ReadAction","target":["https:\/\/portaltela.pt\/noticias\/2026\/02\/03\/recurso-pouco-alterou-o-caso-de-le-pen-mp-recomenda-manter-inelegibilidade\/"]}]},{"@type":"ImageObject","inLanguage":"pt-PT","@id":"https:\/\/portaltela.pt\/noticias\/2026\/02\/03\/recurso-pouco-alterou-o-caso-de-le-pen-mp-recomenda-manter-inelegibilidade\/#primaryimage","url":"https:\/\/portaltela.pt\/s.01k8rhncp4jt1\/2026\/02\/2064053.jpg","contentUrl":"https:\/\/portaltela.pt\/s.01k8rhncp4jt1\/2026\/02\/2064053.jpg","width":796,"height":448,"caption":"Photo"},{"@type":"BreadcrumbList","@id":"https:\/\/portaltela.pt\/noticias\/2026\/02\/03\/recurso-pouco-alterou-o-caso-de-le-pen-mp-recomenda-manter-inelegibilidade\/#breadcrumb","itemListElement":[{"@type":"ListItem","position":1,"name":"In\u00edcio","item":"https:\/\/portaltela.pt\/"},{"@type":"ListItem","position":2,"name":"Recurso pouco alterou o caso de Le Pen; MP recomenda manter inelegibilidade"}]},{"@type":"WebSite","@id":"https:\/\/portaltela.pt\/#website","url":"https:\/\/portaltela.pt\/","name":"Portal Tela Portugal","description":"","potentialAction":[{"@type":"SearchAction","target":{"@type":"EntryPoint","urlTemplate":"https:\/\/portaltela.pt\/?s={search_term_string}"},"query-input":{"@type":"PropertyValueSpecification","valueRequired":true,"valueName":"search_term_string"}}],"inLanguage":"pt-PT"},{"@type":"Person","@id":"https:\/\/portaltela.pt\/#\/schema\/person\/c4278d4a6028830caff9ee44b42d32ed","name":"Telinha","image":{"@type":"ImageObject","inLanguage":"pt-PT","@id":"https:\/\/portaltela.pt\/s.01k8rhncp4jt1\/2025\/11\/talking-bot-125x125.png","url":"https:\/\/portaltela.pt\/s.01k8rhncp4jt1\/2025\/11\/talking-bot-125x125.png","contentUrl":"https:\/\/portaltela.pt\/s.01k8rhncp4jt1\/2025\/11\/talking-bot-125x125.png","caption":"Telinha"},"sameAs":["https:\/\/portaltela.pt\/"],"url":"https:\/\/portaltela.pt\/por\/367410592786\/"}]}},"_links":{"self":[{"href":"https:\/\/portaltela.pt\/api\/wp\/v2\/posts\/194727","targetHints":{"allow":["GET"]}}],"collection":[{"href":"https:\/\/portaltela.pt\/api\/wp\/v2\/posts"}],"about":[{"href":"https:\/\/portaltela.pt\/api\/wp\/v2\/types\/post"}],"author":[{"embeddable":true,"href":"https:\/\/portaltela.pt\/api\/wp\/v2\/users\/2"}],"replies":[{"embeddable":true,"href":"https:\/\/portaltela.pt\/api\/wp\/v2\/comments?post=194727"}],"version-history":[{"count":0,"href":"https:\/\/portaltela.pt\/api\/wp\/v2\/posts\/194727\/revisions"}],"wp:featuredmedia":[{"embeddable":true,"href":"https:\/\/portaltela.pt\/api\/wp\/v2\/media\/194735"}],"wp:attachment":[{"href":"https:\/\/portaltela.pt\/api\/wp\/v2\/media?parent=194727"}],"wp:term":[{"taxonomy":"category","embeddable":true,"href":"https:\/\/portaltela.pt\/api\/wp\/v2\/categories?post=194727"},{"taxonomy":"post_tag","embeddable":true,"href":"https:\/\/portaltela.pt\/api\/wp\/v2\/tags?post=194727"}],"curies":[{"name":"wp","href":"https:\/\/api.w.org\/{rel}","templated":true}]}}