{"id":194712,"date":"2026-02-03T15:41:00","date_gmt":"2026-02-03T18:41:00","guid":{"rendered":"https:\/\/portaltela.pt\/noticias\/2026\/02\/03\/braganca-aposta-em-mascaras-e-gastronomia-para-atrair-turistas\/"},"modified":"2026-02-03T15:41:00","modified_gmt":"2026-02-03T18:41:00","slug":"braganca-aposta-em-mascaras-e-gastronomia-para-atrair-turistas","status":"publish","type":"post","link":"https:\/\/portaltela.pt\/noticias\/2026\/02\/03\/braganca-aposta-em-mascaras-e-gastronomia-para-atrair-turistas\/","title":{"rendered":"Bragan\u00e7a aposta em m\u00e1scaras e gastronomia para atrair turistas"},"content":{"rendered":"<p>Bragan\u00e7a volta a afirmar-se como palco de tradi\u00e7\u00f5es de inverno do Nordeste Transmontano, com a XII Mascararte da M\u00e1scara e o festival do Butelo, Casulas &amp; Caretos entre 12 e 17 de fevereiro. O conjunto de eventos pretende atrair visitantes de Portugal e Espanha. A iniciativa envolve a C\u00e2mara Municipal e entidades culturais locais.<\/p>\n<p>A presidente da C\u00e2mara Municipal, Isabel Ferreira, destacou a vis\u00e3o de Bragan\u00e7a como capital ib\u00e9rica da m\u00e1scara. A ideia \u00e9 consolidar a rela\u00e7\u00e3o entre tradi\u00e7\u00e3o, turismo e identidade local. O objetivo \u00e9 valorizar a cultura regional com impacto econ\u00f3mico.<\/p>\n<p>A comunidade acad\u00e9mica refor\u00e7ou a import\u00e2ncia da Mascararte para o patrim\u00f3nio imaterial da regi\u00e3o. O professor Lu\u00eds Canotilho sublinhou a manifesta\u00e7\u00e3o como marca identit\u00e1ria que chega \u00e0s ra\u00edzes antropol\u00f3gicas do povo da regi\u00e3o.<\/p>\n<h3>Programa e participa\u00e7\u00e3o na Mascararte<\/h3>\n<p>A Mascararte, que decorre ao longo dos dias, inclui exposi\u00e7\u00f5es, confer\u00eancias e um desfile com mil participantes. No dia 14, encerra com a queima do mascareto gigante diante do castelo. O evento \u00e9 apresentado como elemento central da programa\u00e7\u00e3o de inverno.<\/p>\n<p>A iniciativa resulta de uma estrat\u00e9gia de promo\u00e7\u00e3o cultural que j\u00e1 nasceu h\u00e1 24 anos. Em Bragan\u00e7a, destacam-se os caretos, com 12 grupos na cidade e 37 no distrito. A programa\u00e7\u00e3o apresenta ainda artes\u00e3os em a\u00e7\u00e3o, apresenta\u00e7\u00f5es de livros e atividades did\u00e1ticas.<\/p>\n<h3>Feira do Butelo e das Casulas<\/h3>\n<p>Entre 13 e 17 de fevereiro, o festival gastron\u00f3mico promove o prato tradicional brigantino. Al\u00e9m do butelo, est\u00e3o a ser divulgados outros produtos locais. A feira conta com 54 expositores, mais 12 do que no ano anterior, e 750 metros quadrados de \u00e1rea adicional na pra\u00e7a.<\/p>\n<p>A tenda instalada na Pra\u00e7a Cam\u00f5es acolhe espa\u00e7o de restaura\u00e7\u00e3o e demonstra\u00e7\u00f5es culin\u00e1rias, contribuindo para a atrac\u00e7\u00e3o de visitantes \u00e0 cidade e \u00e0 regi\u00e3o. O evento busca refor\u00e7ar a oferta tur\u00edstica de inverno.<\/p>\n<h3>Investimento e expectativas<\/h3>\n<p>O munic\u00edpio investe 170 mil euros na organiza\u00e7\u00e3o das tradi\u00e7\u00f5es de inverno. As autoridades esperam um incremento significativo no fluxo de turistas, provenientes tanto da regi\u00e3o como de outras zonas do pa\u00eds. O conjunto de atividades pretende dinamizar a economia local.<\/p>\n","protected":false},"excerpt":{"rendered":"<ul>\n<li>Bragan\u00e7a volta a ser capital ib\u00e9rica das m\u00e1scaras, com a Mascararte &#8211; XII Bienal da M\u00e1scara e o festival do Butelo, Casulas &amp; Caretos, entre 12 e 17 de fevereiro.<\/li>\n<li>A autarquia pretende afirmar Bragan\u00e7a como capital ib\u00e9rica da m\u00e1scara, segundo a presidente da c\u00e2mara, Isabel Ferreira.<\/li>\n<li>A Mascararte inclui exposi\u00e7\u00f5es, confer\u00eancias e desfile com mil participantes no dia 14, encerrando com a queima do mascareto gigante diante do castelo.<\/li>\n<li>A bienal, com 24 anos, refor\u00e7a as ra\u00edzes antropol\u00f3gicas da regi\u00e3o, com 12 caretos no munic\u00edpio (37 no distrito de Bragan\u00e7a).<\/li>\n<li>O Festival do Butelo e das Casulas tem 54 expositores (mais 12) e mais 750 metros quadrados de \u00e1rea, num investimento de 170 mil euros para as Tradi\u00e7\u00f5es de Inverno.<\/li>\n<\/ul>\n","protected":false},"author":2,"featured_media":194720,"comment_status":"closed","ping_status":"closed","sticky":false,"template":"","format":"standard","meta":{"footnotes":""},"categories":[1],"tags":[906,145,3674,219,3295,169],"class_list":["post-194712","post","type-post","status-publish","format-standard","has-post-thumbnail","hentry","category-noticias","tag-braganca","tag-cultura","tag-festival","tag-gastronomia","tag-patrimonio-imaterial","tag-turismo"],"yoast_head":"<!-- This site is optimized with the Yoast SEO plugin v27.2 - https:\/\/yoast.com\/product\/yoast-seo-wordpress\/ -->\n<title>Bragan\u00e7a aposta em m\u00e1scaras e gastronomia para atrair turistas - Portal Tela Portugal<\/title>\n<meta name=\"robots\" content=\"index, follow, max-snippet:-1, max-image-preview:large, max-video-preview:-1\" \/>\n<meta property=\"og:locale\" content=\"pt_PT\" \/>\n<meta property=\"og:type\" content=\"article\" \/>\n<meta property=\"og:title\" content=\"Bragan\u00e7a aposta em m\u00e1scaras e gastronomia para atrair turistas - Portal Tela Portugal\" \/>\n<meta property=\"og:description\" content=\"Bragan\u00e7a volta a ser capital ib\u00e9rica das m\u00e1scaras, com a Mascararte - XII Bienal da M\u00e1scara e o festival do Butelo, Casulas &amp; Caretos, entre 12 e 17 de fevereiro. A autarquia pretende afirmar Bragan\u00e7a como capital ib\u00e9rica da m\u00e1scara, segundo a presidente da c\u00e2mara, Isabel Ferreira. A Mascararte inclui exposi\u00e7\u00f5es, confer\u00eancias e desfile com mil participantes no dia 14, encerrando com a queima do mascareto gigante diante do castelo. A bienal, com 24 anos, refor\u00e7a as ra\u00edzes antropol\u00f3gicas da regi\u00e3o, com 12 caretos no munic\u00edpio (37 no distrito de Bragan\u00e7a). O Festival do Butelo e das Casulas tem 54 expositores (mais 12) e mais 750 metros quadrados de \u00e1rea, num investimento de 170 mil euros para as Tradi\u00e7\u00f5es de Inverno.\" \/>\n<meta property=\"og:url\" content=\"https:\/\/portaltela.pt\/noticias\/2026\/02\/03\/braganca-aposta-em-mascaras-e-gastronomia-para-atrair-turistas\/\" \/>\n<meta property=\"og:site_name\" content=\"Portal Tela Portugal\" \/>\n<meta property=\"article:published_time\" content=\"2026-02-03T18:41:00+00:00\" \/>\n<meta name=\"author\" content=\"Telinha\" \/>\n<meta name=\"twitter:card\" content=\"summary_large_image\" \/>\n<meta name=\"twitter:label1\" content=\"Escrito por\" \/>\n\t<meta name=\"twitter:data1\" content=\"Telinha\" \/>\n\t<meta name=\"twitter:label2\" content=\"Tempo estimado de leitura\" \/>\n\t<meta name=\"twitter:data2\" content=\"2 minutos\" \/>\n<script type=\"application\/ld+json\" class=\"yoast-schema-graph\">{\"@context\":\"https:\/\/schema.org\",\"@graph\":[{\"@type\":\"Article\",\"@id\":\"https:\/\/portaltela.pt\/noticias\/2026\/02\/03\/braganca-aposta-em-mascaras-e-gastronomia-para-atrair-turistas\/#article\",\"isPartOf\":{\"@id\":\"https:\/\/portaltela.pt\/noticias\/2026\/02\/03\/braganca-aposta-em-mascaras-e-gastronomia-para-atrair-turistas\/\"},\"author\":{\"name\":\"Telinha\",\"@id\":\"https:\/\/portaltela.pt\/#\/schema\/person\/c4278d4a6028830caff9ee44b42d32ed\"},\"headline\":\"Bragan\u00e7a aposta em m\u00e1scaras e gastronomia para atrair turistas\",\"datePublished\":\"2026-02-03T18:41:00+00:00\",\"mainEntityOfPage\":{\"@id\":\"https:\/\/portaltela.pt\/noticias\/2026\/02\/03\/braganca-aposta-em-mascaras-e-gastronomia-para-atrair-turistas\/\"},\"wordCount\":391,\"image\":{\"@id\":\"https:\/\/portaltela.pt\/noticias\/2026\/02\/03\/braganca-aposta-em-mascaras-e-gastronomia-para-atrair-turistas\/#primaryimage\"},\"thumbnailUrl\":\"https:\/\/portaltela.pt\/s.01k8rhncp4jt1\/2026\/02\/image-229.jpg\",\"keywords\":[\"Bragan\u00e7a\",\"cultura\",\"festival\",\"gastronomia\",\"patrim\u00f3nio imaterial\",\"turismo\"],\"articleSection\":[\"Not\u00edcias\"],\"inLanguage\":\"pt-PT\"},{\"@type\":\"WebPage\",\"@id\":\"https:\/\/portaltela.pt\/noticias\/2026\/02\/03\/braganca-aposta-em-mascaras-e-gastronomia-para-atrair-turistas\/\",\"url\":\"https:\/\/portaltela.pt\/noticias\/2026\/02\/03\/braganca-aposta-em-mascaras-e-gastronomia-para-atrair-turistas\/\",\"name\":\"Bragan\u00e7a aposta em m\u00e1scaras e gastronomia para atrair turistas - Portal Tela Portugal\",\"isPartOf\":{\"@id\":\"https:\/\/portaltela.pt\/#website\"},\"primaryImageOfPage\":{\"@id\":\"https:\/\/portaltela.pt\/noticias\/2026\/02\/03\/braganca-aposta-em-mascaras-e-gastronomia-para-atrair-turistas\/#primaryimage\"},\"image\":{\"@id\":\"https:\/\/portaltela.pt\/noticias\/2026\/02\/03\/braganca-aposta-em-mascaras-e-gastronomia-para-atrair-turistas\/#primaryimage\"},\"thumbnailUrl\":\"https:\/\/portaltela.pt\/s.01k8rhncp4jt1\/2026\/02\/image-229.jpg\",\"datePublished\":\"2026-02-03T18:41:00+00:00\",\"author\":{\"@id\":\"https:\/\/portaltela.pt\/#\/schema\/person\/c4278d4a6028830caff9ee44b42d32ed\"},\"breadcrumb\":{\"@id\":\"https:\/\/portaltela.pt\/noticias\/2026\/02\/03\/braganca-aposta-em-mascaras-e-gastronomia-para-atrair-turistas\/#breadcrumb\"},\"inLanguage\":\"pt-PT\",\"potentialAction\":[{\"@type\":\"ReadAction\",\"target\":[\"https:\/\/portaltela.pt\/noticias\/2026\/02\/03\/braganca-aposta-em-mascaras-e-gastronomia-para-atrair-turistas\/\"]}]},{\"@type\":\"ImageObject\",\"inLanguage\":\"pt-PT\",\"@id\":\"https:\/\/portaltela.pt\/noticias\/2026\/02\/03\/braganca-aposta-em-mascaras-e-gastronomia-para-atrair-turistas\/#primaryimage\",\"url\":\"https:\/\/portaltela.pt\/s.01k8rhncp4jt1\/2026\/02\/image-229.jpg\",\"contentUrl\":\"https:\/\/portaltela.pt\/s.01k8rhncp4jt1\/2026\/02\/image-229.jpg\",\"width\":796,\"height\":448,\"caption\":\"Imagem de contexto do artigo Munic\u00edpio de Bragan\u00e7a aposta nas m\u00e1scaras e na gastronomia para atrair turistas\"},{\"@type\":\"BreadcrumbList\",\"@id\":\"https:\/\/portaltela.pt\/noticias\/2026\/02\/03\/braganca-aposta-em-mascaras-e-gastronomia-para-atrair-turistas\/#breadcrumb\",\"itemListElement\":[{\"@type\":\"ListItem\",\"position\":1,\"name\":\"In\u00edcio\",\"item\":\"https:\/\/portaltela.pt\/\"},{\"@type\":\"ListItem\",\"position\":2,\"name\":\"Bragan\u00e7a aposta em m\u00e1scaras e gastronomia para atrair turistas\"}]},{\"@type\":\"WebSite\",\"@id\":\"https:\/\/portaltela.pt\/#website\",\"url\":\"https:\/\/portaltela.pt\/\",\"name\":\"Portal Tela Portugal\",\"description\":\"\",\"potentialAction\":[{\"@type\":\"SearchAction\",\"target\":{\"@type\":\"EntryPoint\",\"urlTemplate\":\"https:\/\/portaltela.pt\/?s={search_term_string}\"},\"query-input\":{\"@type\":\"PropertyValueSpecification\",\"valueRequired\":true,\"valueName\":\"search_term_string\"}}],\"inLanguage\":\"pt-PT\"},{\"@type\":\"Person\",\"@id\":\"https:\/\/portaltela.pt\/#\/schema\/person\/c4278d4a6028830caff9ee44b42d32ed\",\"name\":\"Telinha\",\"image\":{\"@type\":\"ImageObject\",\"inLanguage\":\"pt-PT\",\"@id\":\"https:\/\/portaltela.pt\/s.01k8rhncp4jt1\/2025\/11\/talking-bot-125x125.png\",\"url\":\"https:\/\/portaltela.pt\/s.01k8rhncp4jt1\/2025\/11\/talking-bot-125x125.png\",\"contentUrl\":\"https:\/\/portaltela.pt\/s.01k8rhncp4jt1\/2025\/11\/talking-bot-125x125.png\",\"caption\":\"Telinha\"},\"sameAs\":[\"https:\/\/portaltela.pt\/\"],\"url\":\"https:\/\/portaltela.pt\/por\/367410592786\/\"}]}<\/script>\n<!-- \/ Yoast SEO plugin. -->","yoast_head_json":{"title":"Bragan\u00e7a aposta em m\u00e1scaras e gastronomia para atrair turistas - Portal Tela Portugal","robots":{"index":"index","follow":"follow","max-snippet":"max-snippet:-1","max-image-preview":"max-image-preview:large","max-video-preview":"max-video-preview:-1"},"og_locale":"pt_PT","og_type":"article","og_title":"Bragan\u00e7a aposta em m\u00e1scaras e gastronomia para atrair turistas - Portal Tela Portugal","og_description":"Bragan\u00e7a volta a ser capital ib\u00e9rica das m\u00e1scaras, com a Mascararte - XII Bienal da M\u00e1scara e o festival do Butelo, Casulas &amp; Caretos, entre 12 e 17 de fevereiro. A autarquia pretende afirmar Bragan\u00e7a como capital ib\u00e9rica da m\u00e1scara, segundo a presidente da c\u00e2mara, Isabel Ferreira. A Mascararte inclui exposi\u00e7\u00f5es, confer\u00eancias e desfile com mil participantes no dia 14, encerrando com a queima do mascareto gigante diante do castelo. A bienal, com 24 anos, refor\u00e7a as ra\u00edzes antropol\u00f3gicas da regi\u00e3o, com 12 caretos no munic\u00edpio (37 no distrito de Bragan\u00e7a). O Festival do Butelo e das Casulas tem 54 expositores (mais 12) e mais 750 metros quadrados de \u00e1rea, num investimento de 170 mil euros para as Tradi\u00e7\u00f5es de Inverno.","og_url":"https:\/\/portaltela.pt\/noticias\/2026\/02\/03\/braganca-aposta-em-mascaras-e-gastronomia-para-atrair-turistas\/","og_site_name":"Portal Tela Portugal","article_published_time":"2026-02-03T18:41:00+00:00","author":"Telinha","twitter_card":"summary_large_image","twitter_misc":{"Escrito por":"Telinha","Tempo estimado de leitura":"2 minutos"},"schema":{"@context":"https:\/\/schema.org","@graph":[{"@type":"Article","@id":"https:\/\/portaltela.pt\/noticias\/2026\/02\/03\/braganca-aposta-em-mascaras-e-gastronomia-para-atrair-turistas\/#article","isPartOf":{"@id":"https:\/\/portaltela.pt\/noticias\/2026\/02\/03\/braganca-aposta-em-mascaras-e-gastronomia-para-atrair-turistas\/"},"author":{"name":"Telinha","@id":"https:\/\/portaltela.pt\/#\/schema\/person\/c4278d4a6028830caff9ee44b42d32ed"},"headline":"Bragan\u00e7a aposta em m\u00e1scaras e gastronomia para atrair turistas","datePublished":"2026-02-03T18:41:00+00:00","mainEntityOfPage":{"@id":"https:\/\/portaltela.pt\/noticias\/2026\/02\/03\/braganca-aposta-em-mascaras-e-gastronomia-para-atrair-turistas\/"},"wordCount":391,"image":{"@id":"https:\/\/portaltela.pt\/noticias\/2026\/02\/03\/braganca-aposta-em-mascaras-e-gastronomia-para-atrair-turistas\/#primaryimage"},"thumbnailUrl":"https:\/\/portaltela.pt\/s.01k8rhncp4jt1\/2026\/02\/image-229.jpg","keywords":["Bragan\u00e7a","cultura","festival","gastronomia","patrim\u00f3nio imaterial","turismo"],"articleSection":["Not\u00edcias"],"inLanguage":"pt-PT"},{"@type":"WebPage","@id":"https:\/\/portaltela.pt\/noticias\/2026\/02\/03\/braganca-aposta-em-mascaras-e-gastronomia-para-atrair-turistas\/","url":"https:\/\/portaltela.pt\/noticias\/2026\/02\/03\/braganca-aposta-em-mascaras-e-gastronomia-para-atrair-turistas\/","name":"Bragan\u00e7a aposta em m\u00e1scaras e gastronomia para atrair turistas - Portal Tela Portugal","isPartOf":{"@id":"https:\/\/portaltela.pt\/#website"},"primaryImageOfPage":{"@id":"https:\/\/portaltela.pt\/noticias\/2026\/02\/03\/braganca-aposta-em-mascaras-e-gastronomia-para-atrair-turistas\/#primaryimage"},"image":{"@id":"https:\/\/portaltela.pt\/noticias\/2026\/02\/03\/braganca-aposta-em-mascaras-e-gastronomia-para-atrair-turistas\/#primaryimage"},"thumbnailUrl":"https:\/\/portaltela.pt\/s.01k8rhncp4jt1\/2026\/02\/image-229.jpg","datePublished":"2026-02-03T18:41:00+00:00","author":{"@id":"https:\/\/portaltela.pt\/#\/schema\/person\/c4278d4a6028830caff9ee44b42d32ed"},"breadcrumb":{"@id":"https:\/\/portaltela.pt\/noticias\/2026\/02\/03\/braganca-aposta-em-mascaras-e-gastronomia-para-atrair-turistas\/#breadcrumb"},"inLanguage":"pt-PT","potentialAction":[{"@type":"ReadAction","target":["https:\/\/portaltela.pt\/noticias\/2026\/02\/03\/braganca-aposta-em-mascaras-e-gastronomia-para-atrair-turistas\/"]}]},{"@type":"ImageObject","inLanguage":"pt-PT","@id":"https:\/\/portaltela.pt\/noticias\/2026\/02\/03\/braganca-aposta-em-mascaras-e-gastronomia-para-atrair-turistas\/#primaryimage","url":"https:\/\/portaltela.pt\/s.01k8rhncp4jt1\/2026\/02\/image-229.jpg","contentUrl":"https:\/\/portaltela.pt\/s.01k8rhncp4jt1\/2026\/02\/image-229.jpg","width":796,"height":448,"caption":"Imagem de contexto do artigo Munic\u00edpio de Bragan\u00e7a aposta nas m\u00e1scaras e na gastronomia para atrair turistas"},{"@type":"BreadcrumbList","@id":"https:\/\/portaltela.pt\/noticias\/2026\/02\/03\/braganca-aposta-em-mascaras-e-gastronomia-para-atrair-turistas\/#breadcrumb","itemListElement":[{"@type":"ListItem","position":1,"name":"In\u00edcio","item":"https:\/\/portaltela.pt\/"},{"@type":"ListItem","position":2,"name":"Bragan\u00e7a aposta em m\u00e1scaras e gastronomia para atrair turistas"}]},{"@type":"WebSite","@id":"https:\/\/portaltela.pt\/#website","url":"https:\/\/portaltela.pt\/","name":"Portal Tela Portugal","description":"","potentialAction":[{"@type":"SearchAction","target":{"@type":"EntryPoint","urlTemplate":"https:\/\/portaltela.pt\/?s={search_term_string}"},"query-input":{"@type":"PropertyValueSpecification","valueRequired":true,"valueName":"search_term_string"}}],"inLanguage":"pt-PT"},{"@type":"Person","@id":"https:\/\/portaltela.pt\/#\/schema\/person\/c4278d4a6028830caff9ee44b42d32ed","name":"Telinha","image":{"@type":"ImageObject","inLanguage":"pt-PT","@id":"https:\/\/portaltela.pt\/s.01k8rhncp4jt1\/2025\/11\/talking-bot-125x125.png","url":"https:\/\/portaltela.pt\/s.01k8rhncp4jt1\/2025\/11\/talking-bot-125x125.png","contentUrl":"https:\/\/portaltela.pt\/s.01k8rhncp4jt1\/2025\/11\/talking-bot-125x125.png","caption":"Telinha"},"sameAs":["https:\/\/portaltela.pt\/"],"url":"https:\/\/portaltela.pt\/por\/367410592786\/"}]}},"_links":{"self":[{"href":"https:\/\/portaltela.pt\/api\/wp\/v2\/posts\/194712","targetHints":{"allow":["GET"]}}],"collection":[{"href":"https:\/\/portaltela.pt\/api\/wp\/v2\/posts"}],"about":[{"href":"https:\/\/portaltela.pt\/api\/wp\/v2\/types\/post"}],"author":[{"embeddable":true,"href":"https:\/\/portaltela.pt\/api\/wp\/v2\/users\/2"}],"replies":[{"embeddable":true,"href":"https:\/\/portaltela.pt\/api\/wp\/v2\/comments?post=194712"}],"version-history":[{"count":0,"href":"https:\/\/portaltela.pt\/api\/wp\/v2\/posts\/194712\/revisions"}],"wp:featuredmedia":[{"embeddable":true,"href":"https:\/\/portaltela.pt\/api\/wp\/v2\/media\/194720"}],"wp:attachment":[{"href":"https:\/\/portaltela.pt\/api\/wp\/v2\/media?parent=194712"}],"wp:term":[{"taxonomy":"category","embeddable":true,"href":"https:\/\/portaltela.pt\/api\/wp\/v2\/categories?post=194712"},{"taxonomy":"post_tag","embeddable":true,"href":"https:\/\/portaltela.pt\/api\/wp\/v2\/tags?post=194712"}],"curies":[{"name":"wp","href":"https:\/\/api.w.org\/{rel}","templated":true}]}}