{"id":194681,"date":"2026-02-03T15:05:00","date_gmt":"2026-02-03T18:05:00","guid":{"rendered":"https:\/\/portaltela.pt\/noticias\/2026\/02\/03\/riscos-do-acordo-ue-mercosul-para-a-agricultura-portuguesa\/"},"modified":"2026-02-03T15:05:00","modified_gmt":"2026-02-03T18:05:00","slug":"riscos-do-acordo-ue-mercosul-para-a-agricultura-portuguesa","status":"publish","type":"post","link":"https:\/\/portaltela.pt\/noticias\/2026\/02\/03\/riscos-do-acordo-ue-mercosul-para-a-agricultura-portuguesa\/","title":{"rendered":"Riscos do acordo UE\u2013Mercosul para a agricultura portuguesa"},"content":{"rendered":"<p>O acordo entre a Uni\u00e3o Europeia (UE) e o Mercosul, apresentado como uma oportunidade estrat\u00e9gica, tem sido alvo de cr\u00edticas por parte de setores agr\u00edcolas em Portugal. O texto em an\u00e1lise sustenta que o pacto pode representar riscos para a agricultura europeia, especialmente para a portuguesa, e acusa o sil\u00eancio institucional de facilitar o debate p\u00fablico.<\/p>\n<p>Segundo a leitura, o acordo prev\u00ea abrir o mercado europeu a produtos provenientes do Brasil, Argentina, Uruguai e Paraguai, com regras ambientais, sanit\u00e1rias e laborais menos exigentes. Defende ainda que as condi\u00e7\u00f5es de competi\u00e7\u00e3o s\u00e3o desiguais face aos agricultores da UE.<\/p>\n<p>A reconstitui\u00e7\u00e3o do cen\u00e1rio aponta que a carne bovina, cereais, a\u00e7\u00facar, etanol e soja do Mercosul poderiam entrar na Europa a custos incompat\u00edveis com a produ\u00e7\u00e3o europeia. O resultado apontado \u00e9 press\u00e3o sobre pre\u00e7os e viabiliza\u00e7\u00e3o econ\u00f3mica de pequenas explora\u00e7\u00f5es.<\/p>\n<h3>Oportunidades de exporta\u00e7\u00e3o: miragens ou realidades?<\/h3>\n<p>Defende-se que o acordo poderia abrir mercados para vinhos, azeite e lactic\u00ednios europeus. No entanto, a an\u00e1lise sustenta que a procura nesses mercados no Mercosul \u00e9 limitada e pouco capaz de absorver volumes relevantes de produtos premium europeus.<\/p>\n<p>O texto questiona a efic\u00e1cia das salvaguardas e dos fundos de compensa\u00e7\u00e3o prometidos pela Comiss\u00e3o Europeia. Considera-as medidas tardias que n\u00e3o evitam quedas de produ\u00e7\u00e3o e de territ\u00f3rio agr\u00edcola.<\/p>\n<h3>Soberania alimentar e participa\u00e7\u00e3o setorial<\/h3>\n<p>Afirma que o debate p\u00fablico em Portugal \u00e9 insuficiente. Onde estariam, segundo o texto, as confedera\u00e7\u00f5es e representantes do setor? Alega-se falta de discuss\u00e3o parlamentar e de participa\u00e7\u00e3o de agricultores, o que seria prejudicial para a defini\u00e7\u00e3o de pol\u00edticas.<\/p>\n<p>Conclui-se que o acordo, tal como descrito, aumenta a depend\u00eancia externa e pode acelerar o abandono de regi\u00f5es rurais. O texto prop\u00f5e um debate p\u00fablico urgente e transpar\u00eancia sobre os impactos do pacto.<\/p>\n<h3>Impacte social e territ\u00f3rio<\/h3>\n<p>A not\u00edcia ressalta que a agricultura n\u00e3o \u00e9 apenas uma atividade econ\u00f3mica, mas tamb\u00e9m uma parte da identidade e da paisagem nacionais. O encerramento de explora\u00e7\u00f5es \u00e9 visto como agravamento do despovoamento do interior.<\/p>\n<p>Encerrando, a pe\u00e7a defende que o sil\u00eancio atual impede uma decis\u00e3o democr\u00e1tica. Recomenda-se abrir espa\u00e7o para debates, com foco em evid\u00eancias e neutralidade, para avaliar metas de soberania alimentar versus depend\u00eancia externa.<\/p>\n","protected":false},"excerpt":{"rendered":"<ul>\n<li>O acordo UE\u2013Mercosul \u00e9 criticado por colocar em risco a agricultura europeia, nomeadamente a portuguesa, devido a concorr\u00eancia supostamente desleal com produtores sul-americanos de menor custo e menos exig\u00eancias ambientais e laborais.<\/li>\n<li>O texto alerta para entrada na Europa de carne bovina, cereais, a\u00e7\u00facar, etanol e soja a pre\u00e7os que os agricultores europeus n\u00e3o conseguem acompanhar, gerando press\u00e3o descendente sobre pre\u00e7os e viabilidade de explora\u00e7\u00f5es familiares.<\/li>\n<li>Embora se alegue abertura a mercados de alto valor acrescentado (vinho, azeite, lactic\u00ednios), sustenta-se que a procura nesses pa\u00edses \u00e9 limitada e que a maioria dos consumidores n\u00e3o tem poder de compra para absorver esses produtos em escala relevante.<\/li>\n<li>A privatiza\u00e7\u00e3o da soberania alimentar \u00e9 questionada: as chamadas cl\u00e1usulas de salvaguarda e fundos de compensa\u00e7\u00e3o s\u00e3o descritas como paliativos tardios que n\u00e3o protegem o agricultor antes da quebra nem preservam territ\u00f3rio.<\/li>\n<li>O texto acusa o sil\u00eancio pol\u00edtico em Portugal, pedindo debate p\u00fablico, transpar\u00eancia e coragem pol\u00edtica para discutir o modelo agr\u00edcola desejado, fronteiras entre livre com\u00e9rcio e prote\u00e7\u00e3o local, e o impacto social e territorial do acordo.<\/li>\n<\/ul>\n","protected":false},"author":2,"featured_media":194693,"comment_status":"closed","ping_status":"closed","sticky":false,"template":"","format":"standard","meta":{"footnotes":""},"categories":[1],"tags":[4914,28,2487,2832,1014,5187],"class_list":["post-194681","post","type-post","status-publish","format-standard","has-post-thumbnail","hentry","category-noticias","tag-a-agricultura","tag-economia","tag-europa","tag-politica","tag-portugal","tag-soberania-alimentar"],"yoast_head":"<!-- This site is optimized with the Yoast SEO plugin v27.2 - https:\/\/yoast.com\/product\/yoast-seo-wordpress\/ -->\n<title>Riscos do acordo UE\u2013Mercosul para a agricultura portuguesa - Portal Tela Portugal<\/title>\n<meta name=\"robots\" content=\"index, follow, max-snippet:-1, max-image-preview:large, max-video-preview:-1\" \/>\n<meta property=\"og:locale\" content=\"pt_PT\" \/>\n<meta property=\"og:type\" content=\"article\" \/>\n<meta property=\"og:title\" content=\"Riscos do acordo UE\u2013Mercosul para a agricultura portuguesa - Portal Tela Portugal\" \/>\n<meta property=\"og:description\" content=\"O acordo UE\u2013Mercosul \u00e9 criticado por colocar em risco a agricultura europeia, nomeadamente a portuguesa, devido a concorr\u00eancia supostamente desleal com produtores sul-americanos de menor custo e menos exig\u00eancias ambientais e laborais. O texto alerta para entrada na Europa de carne bovina, cereais, a\u00e7\u00facar, etanol e soja a pre\u00e7os que os agricultores europeus n\u00e3o conseguem acompanhar, gerando press\u00e3o descendente sobre pre\u00e7os e viabilidade de explora\u00e7\u00f5es familiares. Embora se alegue abertura a mercados de alto valor acrescentado (vinho, azeite, lactic\u00ednios), sustenta-se que a procura nesses pa\u00edses \u00e9 limitada e que a maioria dos consumidores n\u00e3o tem poder de compra para absorver esses produtos em escala relevante. A privatiza\u00e7\u00e3o da soberania alimentar \u00e9 questionada: as chamadas cl\u00e1usulas de salvaguarda e fundos de compensa\u00e7\u00e3o s\u00e3o descritas como paliativos tardios que n\u00e3o protegem o agricultor antes da quebra nem preservam territ\u00f3rio. O texto acusa o sil\u00eancio pol\u00edtico em Portugal, pedindo debate p\u00fablico, transpar\u00eancia e coragem pol\u00edtica para discutir o modelo agr\u00edcola desejado, fronteiras entre livre com\u00e9rcio e prote\u00e7\u00e3o local, e o impacto social e territorial do acordo.\" \/>\n<meta property=\"og:url\" content=\"https:\/\/portaltela.pt\/noticias\/2026\/02\/03\/riscos-do-acordo-ue-mercosul-para-a-agricultura-portuguesa\/\" \/>\n<meta property=\"og:site_name\" content=\"Portal Tela Portugal\" \/>\n<meta property=\"article:published_time\" content=\"2026-02-03T18:05:00+00:00\" \/>\n<meta name=\"author\" content=\"Telinha\" \/>\n<meta name=\"twitter:card\" content=\"summary_large_image\" \/>\n<meta name=\"twitter:label1\" content=\"Escrito por\" \/>\n\t<meta name=\"twitter:data1\" content=\"Telinha\" \/>\n\t<meta name=\"twitter:label2\" content=\"Tempo estimado de leitura\" \/>\n\t<meta name=\"twitter:data2\" content=\"2 minutos\" \/>\n<script type=\"application\/ld+json\" class=\"yoast-schema-graph\">{\"@context\":\"https:\/\/schema.org\",\"@graph\":[{\"@type\":\"Article\",\"@id\":\"https:\/\/portaltela.pt\/noticias\/2026\/02\/03\/riscos-do-acordo-ue-mercosul-para-a-agricultura-portuguesa\/#article\",\"isPartOf\":{\"@id\":\"https:\/\/portaltela.pt\/noticias\/2026\/02\/03\/riscos-do-acordo-ue-mercosul-para-a-agricultura-portuguesa\/\"},\"author\":{\"name\":\"Telinha\",\"@id\":\"https:\/\/portaltela.pt\/#\/schema\/person\/c4278d4a6028830caff9ee44b42d32ed\"},\"headline\":\"Riscos do acordo UE\u2013Mercosul para a agricultura portuguesa\",\"datePublished\":\"2026-02-03T18:05:00+00:00\",\"mainEntityOfPage\":{\"@id\":\"https:\/\/portaltela.pt\/noticias\/2026\/02\/03\/riscos-do-acordo-ue-mercosul-para-a-agricultura-portuguesa\/\"},\"wordCount\":417,\"image\":{\"@id\":\"https:\/\/portaltela.pt\/noticias\/2026\/02\/03\/riscos-do-acordo-ue-mercosul-para-a-agricultura-portuguesa\/#primaryimage\"},\"thumbnailUrl\":\"https:\/\/portaltela.pt\/s.01k8rhncp4jt1\/2026\/02\/agricultura.jpg\",\"keywords\":[\"A agricultura\",\"economia\",\"Europa\",\"pol\u00edtica\",\"Portugal\",\"soberania alimentar\"],\"articleSection\":[\"Not\u00edcias\"],\"inLanguage\":\"pt-PT\"},{\"@type\":\"WebPage\",\"@id\":\"https:\/\/portaltela.pt\/noticias\/2026\/02\/03\/riscos-do-acordo-ue-mercosul-para-a-agricultura-portuguesa\/\",\"url\":\"https:\/\/portaltela.pt\/noticias\/2026\/02\/03\/riscos-do-acordo-ue-mercosul-para-a-agricultura-portuguesa\/\",\"name\":\"Riscos do acordo UE\u2013Mercosul para a agricultura portuguesa - Portal Tela Portugal\",\"isPartOf\":{\"@id\":\"https:\/\/portaltela.pt\/#website\"},\"primaryImageOfPage\":{\"@id\":\"https:\/\/portaltela.pt\/noticias\/2026\/02\/03\/riscos-do-acordo-ue-mercosul-para-a-agricultura-portuguesa\/#primaryimage\"},\"image\":{\"@id\":\"https:\/\/portaltela.pt\/noticias\/2026\/02\/03\/riscos-do-acordo-ue-mercosul-para-a-agricultura-portuguesa\/#primaryimage\"},\"thumbnailUrl\":\"https:\/\/portaltela.pt\/s.01k8rhncp4jt1\/2026\/02\/agricultura.jpg\",\"datePublished\":\"2026-02-03T18:05:00+00:00\",\"author\":{\"@id\":\"https:\/\/portaltela.pt\/#\/schema\/person\/c4278d4a6028830caff9ee44b42d32ed\"},\"breadcrumb\":{\"@id\":\"https:\/\/portaltela.pt\/noticias\/2026\/02\/03\/riscos-do-acordo-ue-mercosul-para-a-agricultura-portuguesa\/#breadcrumb\"},\"inLanguage\":\"pt-PT\",\"potentialAction\":[{\"@type\":\"ReadAction\",\"target\":[\"https:\/\/portaltela.pt\/noticias\/2026\/02\/03\/riscos-do-acordo-ue-mercosul-para-a-agricultura-portuguesa\/\"]}]},{\"@type\":\"ImageObject\",\"inLanguage\":\"pt-PT\",\"@id\":\"https:\/\/portaltela.pt\/noticias\/2026\/02\/03\/riscos-do-acordo-ue-mercosul-para-a-agricultura-portuguesa\/#primaryimage\",\"url\":\"https:\/\/portaltela.pt\/s.01k8rhncp4jt1\/2026\/02\/agricultura.jpg\",\"contentUrl\":\"https:\/\/portaltela.pt\/s.01k8rhncp4jt1\/2026\/02\/agricultura.jpg\",\"width\":796,\"height\":448,\"caption\":\"Photo\"},{\"@type\":\"BreadcrumbList\",\"@id\":\"https:\/\/portaltela.pt\/noticias\/2026\/02\/03\/riscos-do-acordo-ue-mercosul-para-a-agricultura-portuguesa\/#breadcrumb\",\"itemListElement\":[{\"@type\":\"ListItem\",\"position\":1,\"name\":\"In\u00edcio\",\"item\":\"https:\/\/portaltela.pt\/\"},{\"@type\":\"ListItem\",\"position\":2,\"name\":\"Riscos do acordo UE\u2013Mercosul para a agricultura portuguesa\"}]},{\"@type\":\"WebSite\",\"@id\":\"https:\/\/portaltela.pt\/#website\",\"url\":\"https:\/\/portaltela.pt\/\",\"name\":\"Portal Tela Portugal\",\"description\":\"\",\"potentialAction\":[{\"@type\":\"SearchAction\",\"target\":{\"@type\":\"EntryPoint\",\"urlTemplate\":\"https:\/\/portaltela.pt\/?s={search_term_string}\"},\"query-input\":{\"@type\":\"PropertyValueSpecification\",\"valueRequired\":true,\"valueName\":\"search_term_string\"}}],\"inLanguage\":\"pt-PT\"},{\"@type\":\"Person\",\"@id\":\"https:\/\/portaltela.pt\/#\/schema\/person\/c4278d4a6028830caff9ee44b42d32ed\",\"name\":\"Telinha\",\"image\":{\"@type\":\"ImageObject\",\"inLanguage\":\"pt-PT\",\"@id\":\"https:\/\/portaltela.pt\/s.01k8rhncp4jt1\/2025\/11\/talking-bot-125x125.png\",\"url\":\"https:\/\/portaltela.pt\/s.01k8rhncp4jt1\/2025\/11\/talking-bot-125x125.png\",\"contentUrl\":\"https:\/\/portaltela.pt\/s.01k8rhncp4jt1\/2025\/11\/talking-bot-125x125.png\",\"caption\":\"Telinha\"},\"sameAs\":[\"https:\/\/portaltela.pt\/\"],\"url\":\"https:\/\/portaltela.pt\/por\/367410592786\/\"}]}<\/script>\n<!-- \/ Yoast SEO plugin. -->","yoast_head_json":{"title":"Riscos do acordo UE\u2013Mercosul para a agricultura portuguesa - Portal Tela Portugal","robots":{"index":"index","follow":"follow","max-snippet":"max-snippet:-1","max-image-preview":"max-image-preview:large","max-video-preview":"max-video-preview:-1"},"og_locale":"pt_PT","og_type":"article","og_title":"Riscos do acordo UE\u2013Mercosul para a agricultura portuguesa - Portal Tela Portugal","og_description":"O acordo UE\u2013Mercosul \u00e9 criticado por colocar em risco a agricultura europeia, nomeadamente a portuguesa, devido a concorr\u00eancia supostamente desleal com produtores sul-americanos de menor custo e menos exig\u00eancias ambientais e laborais. O texto alerta para entrada na Europa de carne bovina, cereais, a\u00e7\u00facar, etanol e soja a pre\u00e7os que os agricultores europeus n\u00e3o conseguem acompanhar, gerando press\u00e3o descendente sobre pre\u00e7os e viabilidade de explora\u00e7\u00f5es familiares. Embora se alegue abertura a mercados de alto valor acrescentado (vinho, azeite, lactic\u00ednios), sustenta-se que a procura nesses pa\u00edses \u00e9 limitada e que a maioria dos consumidores n\u00e3o tem poder de compra para absorver esses produtos em escala relevante. A privatiza\u00e7\u00e3o da soberania alimentar \u00e9 questionada: as chamadas cl\u00e1usulas de salvaguarda e fundos de compensa\u00e7\u00e3o s\u00e3o descritas como paliativos tardios que n\u00e3o protegem o agricultor antes da quebra nem preservam territ\u00f3rio. O texto acusa o sil\u00eancio pol\u00edtico em Portugal, pedindo debate p\u00fablico, transpar\u00eancia e coragem pol\u00edtica para discutir o modelo agr\u00edcola desejado, fronteiras entre livre com\u00e9rcio e prote\u00e7\u00e3o local, e o impacto social e territorial do acordo.","og_url":"https:\/\/portaltela.pt\/noticias\/2026\/02\/03\/riscos-do-acordo-ue-mercosul-para-a-agricultura-portuguesa\/","og_site_name":"Portal Tela Portugal","article_published_time":"2026-02-03T18:05:00+00:00","author":"Telinha","twitter_card":"summary_large_image","twitter_misc":{"Escrito por":"Telinha","Tempo estimado de leitura":"2 minutos"},"schema":{"@context":"https:\/\/schema.org","@graph":[{"@type":"Article","@id":"https:\/\/portaltela.pt\/noticias\/2026\/02\/03\/riscos-do-acordo-ue-mercosul-para-a-agricultura-portuguesa\/#article","isPartOf":{"@id":"https:\/\/portaltela.pt\/noticias\/2026\/02\/03\/riscos-do-acordo-ue-mercosul-para-a-agricultura-portuguesa\/"},"author":{"name":"Telinha","@id":"https:\/\/portaltela.pt\/#\/schema\/person\/c4278d4a6028830caff9ee44b42d32ed"},"headline":"Riscos do acordo UE\u2013Mercosul para a agricultura portuguesa","datePublished":"2026-02-03T18:05:00+00:00","mainEntityOfPage":{"@id":"https:\/\/portaltela.pt\/noticias\/2026\/02\/03\/riscos-do-acordo-ue-mercosul-para-a-agricultura-portuguesa\/"},"wordCount":417,"image":{"@id":"https:\/\/portaltela.pt\/noticias\/2026\/02\/03\/riscos-do-acordo-ue-mercosul-para-a-agricultura-portuguesa\/#primaryimage"},"thumbnailUrl":"https:\/\/portaltela.pt\/s.01k8rhncp4jt1\/2026\/02\/agricultura.jpg","keywords":["A agricultura","economia","Europa","pol\u00edtica","Portugal","soberania alimentar"],"articleSection":["Not\u00edcias"],"inLanguage":"pt-PT"},{"@type":"WebPage","@id":"https:\/\/portaltela.pt\/noticias\/2026\/02\/03\/riscos-do-acordo-ue-mercosul-para-a-agricultura-portuguesa\/","url":"https:\/\/portaltela.pt\/noticias\/2026\/02\/03\/riscos-do-acordo-ue-mercosul-para-a-agricultura-portuguesa\/","name":"Riscos do acordo UE\u2013Mercosul para a agricultura portuguesa - Portal Tela Portugal","isPartOf":{"@id":"https:\/\/portaltela.pt\/#website"},"primaryImageOfPage":{"@id":"https:\/\/portaltela.pt\/noticias\/2026\/02\/03\/riscos-do-acordo-ue-mercosul-para-a-agricultura-portuguesa\/#primaryimage"},"image":{"@id":"https:\/\/portaltela.pt\/noticias\/2026\/02\/03\/riscos-do-acordo-ue-mercosul-para-a-agricultura-portuguesa\/#primaryimage"},"thumbnailUrl":"https:\/\/portaltela.pt\/s.01k8rhncp4jt1\/2026\/02\/agricultura.jpg","datePublished":"2026-02-03T18:05:00+00:00","author":{"@id":"https:\/\/portaltela.pt\/#\/schema\/person\/c4278d4a6028830caff9ee44b42d32ed"},"breadcrumb":{"@id":"https:\/\/portaltela.pt\/noticias\/2026\/02\/03\/riscos-do-acordo-ue-mercosul-para-a-agricultura-portuguesa\/#breadcrumb"},"inLanguage":"pt-PT","potentialAction":[{"@type":"ReadAction","target":["https:\/\/portaltela.pt\/noticias\/2026\/02\/03\/riscos-do-acordo-ue-mercosul-para-a-agricultura-portuguesa\/"]}]},{"@type":"ImageObject","inLanguage":"pt-PT","@id":"https:\/\/portaltela.pt\/noticias\/2026\/02\/03\/riscos-do-acordo-ue-mercosul-para-a-agricultura-portuguesa\/#primaryimage","url":"https:\/\/portaltela.pt\/s.01k8rhncp4jt1\/2026\/02\/agricultura.jpg","contentUrl":"https:\/\/portaltela.pt\/s.01k8rhncp4jt1\/2026\/02\/agricultura.jpg","width":796,"height":448,"caption":"Photo"},{"@type":"BreadcrumbList","@id":"https:\/\/portaltela.pt\/noticias\/2026\/02\/03\/riscos-do-acordo-ue-mercosul-para-a-agricultura-portuguesa\/#breadcrumb","itemListElement":[{"@type":"ListItem","position":1,"name":"In\u00edcio","item":"https:\/\/portaltela.pt\/"},{"@type":"ListItem","position":2,"name":"Riscos do acordo UE\u2013Mercosul para a agricultura portuguesa"}]},{"@type":"WebSite","@id":"https:\/\/portaltela.pt\/#website","url":"https:\/\/portaltela.pt\/","name":"Portal Tela Portugal","description":"","potentialAction":[{"@type":"SearchAction","target":{"@type":"EntryPoint","urlTemplate":"https:\/\/portaltela.pt\/?s={search_term_string}"},"query-input":{"@type":"PropertyValueSpecification","valueRequired":true,"valueName":"search_term_string"}}],"inLanguage":"pt-PT"},{"@type":"Person","@id":"https:\/\/portaltela.pt\/#\/schema\/person\/c4278d4a6028830caff9ee44b42d32ed","name":"Telinha","image":{"@type":"ImageObject","inLanguage":"pt-PT","@id":"https:\/\/portaltela.pt\/s.01k8rhncp4jt1\/2025\/11\/talking-bot-125x125.png","url":"https:\/\/portaltela.pt\/s.01k8rhncp4jt1\/2025\/11\/talking-bot-125x125.png","contentUrl":"https:\/\/portaltela.pt\/s.01k8rhncp4jt1\/2025\/11\/talking-bot-125x125.png","caption":"Telinha"},"sameAs":["https:\/\/portaltela.pt\/"],"url":"https:\/\/portaltela.pt\/por\/367410592786\/"}]}},"_links":{"self":[{"href":"https:\/\/portaltela.pt\/api\/wp\/v2\/posts\/194681","targetHints":{"allow":["GET"]}}],"collection":[{"href":"https:\/\/portaltela.pt\/api\/wp\/v2\/posts"}],"about":[{"href":"https:\/\/portaltela.pt\/api\/wp\/v2\/types\/post"}],"author":[{"embeddable":true,"href":"https:\/\/portaltela.pt\/api\/wp\/v2\/users\/2"}],"replies":[{"embeddable":true,"href":"https:\/\/portaltela.pt\/api\/wp\/v2\/comments?post=194681"}],"version-history":[{"count":0,"href":"https:\/\/portaltela.pt\/api\/wp\/v2\/posts\/194681\/revisions"}],"wp:featuredmedia":[{"embeddable":true,"href":"https:\/\/portaltela.pt\/api\/wp\/v2\/media\/194693"}],"wp:attachment":[{"href":"https:\/\/portaltela.pt\/api\/wp\/v2\/media?parent=194681"}],"wp:term":[{"taxonomy":"category","embeddable":true,"href":"https:\/\/portaltela.pt\/api\/wp\/v2\/categories?post=194681"},{"taxonomy":"post_tag","embeddable":true,"href":"https:\/\/portaltela.pt\/api\/wp\/v2\/tags?post=194681"}],"curies":[{"name":"wp","href":"https:\/\/api.w.org\/{rel}","templated":true}]}}