{"id":194678,"date":"2026-02-03T15:29:00","date_gmt":"2026-02-03T18:29:00","guid":{"rendered":"https:\/\/portaltela.pt\/noticias\/2026\/02\/03\/guardiola-critica-falta-de-investimento-do-manchester-city\/"},"modified":"2026-02-03T15:29:00","modified_gmt":"2026-02-03T18:29:00","slug":"guardiola-critica-falta-de-investimento-do-manchester-city","status":"publish","type":"post","link":"https:\/\/portaltela.pt\/desporto\/futebol\/2026\/02\/03\/guardiola-critica-falta-de-investimento-do-manchester-city\/","title":{"rendered":"Guardiola critica falta de investimento do Manchester City"},"content":{"rendered":"<p>O Manchester City foi o clube que mais gastou neste mercado de inverno a n\u00edvel mundial. Ainda assim, Pep Guardiola admitiu estar descontente com a despesa l\u00edquida do clube nos \u00faltimos cinco anos, ocupando uma posi\u00e7\u00e3o baixa na Premier League. A observa\u00e7\u00e3o foi feita na confer\u00eancia de antevis\u00e3o \u00e0 meia-final da Ta\u00e7a da Liga contra o Newcastle.<\/p>\n<p>O t\u00e9cnico espanhol afirmou que, segundo a sua leitura, seis clubes gastaram mais dinheiro nos \u00faltimos cinco anos. Comentou de forma ir\u00f3nica que, apesar de o City ter gasto menos, estes clubes sentem-se pressionados a vencer as grandes competi\u00e7\u00f5es. A lista publicada chegou a colocar o City em s\u00e9timo lugar, mesmo estando o clube em nono.<\/p>\n<p>Guardiola salientou que o investimento \u00e9 determinante para a competitividade, referindo que o r\u00e1cio entre gastos e conquistas n\u00e3o \u00e9 apenas uma opini\u00e3o, mas uma realidade para as seis equipas que gastaram mais. Reconheceu ainda que a atual din\u00e2mica exige resultados consistentes na Premier League, Champions League e Ta\u00e7a de Inglaterra.<\/p>\n<p>Al\u00e9m das quest\u00f5es de investimento, o treinador abordou a condi\u00e7\u00e3o f\u00edsica dos jogadores. Anunciou que R\u00faben Dias regressou aos treinos na segunda-feira, sinalizando retorno pr\u00f3ximo ao plantel.<\/p>\n<h3>Investimento e press\u00e3o por t\u00edtulos<\/h3>\n<p>O t\u00e9cnico refor\u00e7ou a ideia de que as decis\u00f5es financeiras do clube t\u00eam impacto direto no desempenho competitivo, sobretudo em fases decisivas da temporada.<\/p>\n<h3>Situa\u00e7\u00e3o do elenco<\/h3>\n<p>Com o regresso de Dias, o plantel ganha uma op\u00e7\u00e3o adicional para os jogos a caminho de fases finais, mantendo o City sob observa\u00e7\u00e3o para pr\u00f3ximos compromissos oficiais.<\/p>\n","protected":false},"excerpt":{"rendered":"<ul>\n<li>O Manchester City foi o clube que mais dinheiro investiu no mercado de inverno, mas Pep Guardiola disse estar insatisfeito com os gastos do clube.<\/li>\n<li>O treinador afirmou estar &#8220;um pouco triste e chateado&#8221; com a despesa l\u00edquida dos \u00faltimos cinco anos, onde o City aparece em s\u00e9timo lugar, e mostrou o desejo de ficar no topo.<\/li>\n<li>Guardiola, de forma ir\u00f3nica, disse que seis clubes com despesa l\u00edquida superior ao City nos \u00faltimos cinco anos t\u00eam press\u00e3o para vencer as principais competi\u00e7\u00f5es; na pr\u00e1tica, a lista aponta para oito clubes, com o City em nono.<\/li>\n<li>O t\u00e9cnico afirmou que esses clubes gastaram mais para tentar conquistar a Premier League, a Liga dos Campe\u00f5es e a Ta\u00e7a de Inglaterra.<\/li>\n<li>Sobre a condi\u00e7\u00e3o f\u00edsica dos jogadores, R\u00faben Dias regressou aos treinos nesta segunda-feira.<\/li>\n<\/ul>\n","protected":false},"author":2,"featured_media":194690,"comment_status":"closed","ping_status":"closed","sticky":false,"template":"","format":"standard","meta":{"footnotes":""},"categories":[21,24],"tags":[316,1980,2604,3369,5295,1172],"class_list":["post-194678","post","type-post","status-publish","format-standard","has-post-thumbnail","hentry","category-desporto","category-futebol","tag-investimento","tag-manchester-city","tag-newcastle","tag-premier-league","tag-ruben-dias","tag-taca-da-liga"],"yoast_head":"<!-- This site is optimized with the Yoast SEO plugin v27.2 - https:\/\/yoast.com\/product\/yoast-seo-wordpress\/ -->\n<title>Guardiola critica falta de investimento do Manchester City - Portal Tela Portugal<\/title>\n<meta name=\"robots\" content=\"index, follow, max-snippet:-1, max-image-preview:large, max-video-preview:-1\" \/>\n<meta property=\"og:locale\" content=\"pt_PT\" \/>\n<meta property=\"og:type\" content=\"article\" \/>\n<meta property=\"og:title\" content=\"Guardiola critica falta de investimento do Manchester City - Portal Tela Portugal\" \/>\n<meta property=\"og:description\" content=\"O Manchester City foi o clube que mais dinheiro investiu no mercado de inverno, mas Pep Guardiola disse estar insatisfeito com os gastos do clube. O treinador afirmou estar &quot;um pouco triste e chateado&quot; com a despesa l\u00edquida dos \u00faltimos cinco anos, onde o City aparece em s\u00e9timo lugar, e mostrou o desejo de ficar no topo. Guardiola, de forma ir\u00f3nica, disse que seis clubes com despesa l\u00edquida superior ao City nos \u00faltimos cinco anos t\u00eam press\u00e3o para vencer as principais competi\u00e7\u00f5es; na pr\u00e1tica, a lista aponta para oito clubes, com o City em nono. O t\u00e9cnico afirmou que esses clubes gastaram mais para tentar conquistar a Premier League, a Liga dos Campe\u00f5es e a Ta\u00e7a de Inglaterra. Sobre a condi\u00e7\u00e3o f\u00edsica dos jogadores, R\u00faben Dias regressou aos treinos nesta segunda-feira.\" \/>\n<meta property=\"og:url\" content=\"https:\/\/portaltela.pt\/noticias\/2026\/02\/03\/guardiola-critica-falta-de-investimento-do-manchester-city\/\" \/>\n<meta property=\"og:site_name\" content=\"Portal Tela Portugal\" \/>\n<meta property=\"article:published_time\" content=\"2026-02-03T18:29:00+00:00\" \/>\n<meta name=\"author\" content=\"Telinha\" \/>\n<meta name=\"twitter:card\" content=\"summary_large_image\" \/>\n<meta name=\"twitter:label1\" content=\"Escrito por\" \/>\n\t<meta name=\"twitter:data1\" content=\"Telinha\" \/>\n\t<meta name=\"twitter:label2\" content=\"Tempo estimado de leitura\" \/>\n\t<meta name=\"twitter:data2\" content=\"1 minuto\" \/>\n<script type=\"application\/ld+json\" class=\"yoast-schema-graph\">{\"@context\":\"https:\/\/schema.org\",\"@graph\":[{\"@type\":\"Article\",\"@id\":\"https:\/\/portaltela.pt\/noticias\/2026\/02\/03\/guardiola-critica-falta-de-investimento-do-manchester-city\/#article\",\"isPartOf\":{\"@id\":\"https:\/\/portaltela.pt\/noticias\/2026\/02\/03\/guardiola-critica-falta-de-investimento-do-manchester-city\/\"},\"author\":{\"name\":\"Telinha\",\"@id\":\"https:\/\/portaltela.pt\/#\/schema\/person\/c4278d4a6028830caff9ee44b42d32ed\"},\"headline\":\"Guardiola critica falta de investimento do Manchester City\",\"datePublished\":\"2026-02-03T18:29:00+00:00\",\"mainEntityOfPage\":{\"@id\":\"https:\/\/portaltela.pt\/noticias\/2026\/02\/03\/guardiola-critica-falta-de-investimento-do-manchester-city\/\"},\"wordCount\":288,\"image\":{\"@id\":\"https:\/\/portaltela.pt\/noticias\/2026\/02\/03\/guardiola-critica-falta-de-investimento-do-manchester-city\/#primaryimage\"},\"thumbnailUrl\":\"https:\/\/portaltela.pt\/s.01k8rhncp4jt1\/2026\/02\/img_920x518uu2025-12-22-16-24-02-2410762-im-639020174775120844.jpg\",\"keywords\":[\"investimento\",\"Manchester City\",\"Newcastle\",\"Premier League\",\"R\u00faben Dias\",\"Ta\u00e7a da Liga\"],\"articleSection\":[\"Desporto\",\"Futebol\"],\"inLanguage\":\"pt-PT\"},{\"@type\":\"WebPage\",\"@id\":\"https:\/\/portaltela.pt\/noticias\/2026\/02\/03\/guardiola-critica-falta-de-investimento-do-manchester-city\/\",\"url\":\"https:\/\/portaltela.pt\/noticias\/2026\/02\/03\/guardiola-critica-falta-de-investimento-do-manchester-city\/\",\"name\":\"Guardiola critica falta de investimento do Manchester City - Portal Tela Portugal\",\"isPartOf\":{\"@id\":\"https:\/\/portaltela.pt\/#website\"},\"primaryImageOfPage\":{\"@id\":\"https:\/\/portaltela.pt\/noticias\/2026\/02\/03\/guardiola-critica-falta-de-investimento-do-manchester-city\/#primaryimage\"},\"image\":{\"@id\":\"https:\/\/portaltela.pt\/noticias\/2026\/02\/03\/guardiola-critica-falta-de-investimento-do-manchester-city\/#primaryimage\"},\"thumbnailUrl\":\"https:\/\/portaltela.pt\/s.01k8rhncp4jt1\/2026\/02\/img_920x518uu2025-12-22-16-24-02-2410762-im-639020174775120844.jpg\",\"datePublished\":\"2026-02-03T18:29:00+00:00\",\"author\":{\"@id\":\"https:\/\/portaltela.pt\/#\/schema\/person\/c4278d4a6028830caff9ee44b42d32ed\"},\"breadcrumb\":{\"@id\":\"https:\/\/portaltela.pt\/noticias\/2026\/02\/03\/guardiola-critica-falta-de-investimento-do-manchester-city\/#breadcrumb\"},\"inLanguage\":\"pt-PT\",\"potentialAction\":[{\"@type\":\"ReadAction\",\"target\":[\"https:\/\/portaltela.pt\/noticias\/2026\/02\/03\/guardiola-critica-falta-de-investimento-do-manchester-city\/\"]}]},{\"@type\":\"ImageObject\",\"inLanguage\":\"pt-PT\",\"@id\":\"https:\/\/portaltela.pt\/noticias\/2026\/02\/03\/guardiola-critica-falta-de-investimento-do-manchester-city\/#primaryimage\",\"url\":\"https:\/\/portaltela.pt\/s.01k8rhncp4jt1\/2026\/02\/img_920x518uu2025-12-22-16-24-02-2410762-im-639020174775120844.jpg\",\"contentUrl\":\"https:\/\/portaltela.pt\/s.01k8rhncp4jt1\/2026\/02\/img_920x518uu2025-12-22-16-24-02-2410762-im-639020174775120844.jpg\",\"width\":796,\"height\":448,\"caption\":\"Pep Guardiola quer que o Man. City desembolse mais dinheiro em contrata\u00e7\u00f5es\"},{\"@type\":\"BreadcrumbList\",\"@id\":\"https:\/\/portaltela.pt\/noticias\/2026\/02\/03\/guardiola-critica-falta-de-investimento-do-manchester-city\/#breadcrumb\",\"itemListElement\":[{\"@type\":\"ListItem\",\"position\":1,\"name\":\"In\u00edcio\",\"item\":\"https:\/\/portaltela.pt\/\"},{\"@type\":\"ListItem\",\"position\":2,\"name\":\"Guardiola critica falta de investimento do Manchester City\"}]},{\"@type\":\"WebSite\",\"@id\":\"https:\/\/portaltela.pt\/#website\",\"url\":\"https:\/\/portaltela.pt\/\",\"name\":\"Portal Tela Portugal\",\"description\":\"\",\"potentialAction\":[{\"@type\":\"SearchAction\",\"target\":{\"@type\":\"EntryPoint\",\"urlTemplate\":\"https:\/\/portaltela.pt\/?s={search_term_string}\"},\"query-input\":{\"@type\":\"PropertyValueSpecification\",\"valueRequired\":true,\"valueName\":\"search_term_string\"}}],\"inLanguage\":\"pt-PT\"},{\"@type\":\"Person\",\"@id\":\"https:\/\/portaltela.pt\/#\/schema\/person\/c4278d4a6028830caff9ee44b42d32ed\",\"name\":\"Telinha\",\"image\":{\"@type\":\"ImageObject\",\"inLanguage\":\"pt-PT\",\"@id\":\"https:\/\/portaltela.pt\/s.01k8rhncp4jt1\/2025\/11\/talking-bot-125x125.png\",\"url\":\"https:\/\/portaltela.pt\/s.01k8rhncp4jt1\/2025\/11\/talking-bot-125x125.png\",\"contentUrl\":\"https:\/\/portaltela.pt\/s.01k8rhncp4jt1\/2025\/11\/talking-bot-125x125.png\",\"caption\":\"Telinha\"},\"sameAs\":[\"https:\/\/portaltela.pt\/\"],\"url\":\"https:\/\/portaltela.pt\/por\/367410592786\/\"}]}<\/script>\n<!-- \/ Yoast SEO plugin. -->","yoast_head_json":{"title":"Guardiola critica falta de investimento do Manchester City - Portal Tela Portugal","robots":{"index":"index","follow":"follow","max-snippet":"max-snippet:-1","max-image-preview":"max-image-preview:large","max-video-preview":"max-video-preview:-1"},"og_locale":"pt_PT","og_type":"article","og_title":"Guardiola critica falta de investimento do Manchester City - Portal Tela Portugal","og_description":"O Manchester City foi o clube que mais dinheiro investiu no mercado de inverno, mas Pep Guardiola disse estar insatisfeito com os gastos do clube. O treinador afirmou estar \"um pouco triste e chateado\" com a despesa l\u00edquida dos \u00faltimos cinco anos, onde o City aparece em s\u00e9timo lugar, e mostrou o desejo de ficar no topo. Guardiola, de forma ir\u00f3nica, disse que seis clubes com despesa l\u00edquida superior ao City nos \u00faltimos cinco anos t\u00eam press\u00e3o para vencer as principais competi\u00e7\u00f5es; na pr\u00e1tica, a lista aponta para oito clubes, com o City em nono. O t\u00e9cnico afirmou que esses clubes gastaram mais para tentar conquistar a Premier League, a Liga dos Campe\u00f5es e a Ta\u00e7a de Inglaterra. Sobre a condi\u00e7\u00e3o f\u00edsica dos jogadores, R\u00faben Dias regressou aos treinos nesta segunda-feira.","og_url":"https:\/\/portaltela.pt\/noticias\/2026\/02\/03\/guardiola-critica-falta-de-investimento-do-manchester-city\/","og_site_name":"Portal Tela Portugal","article_published_time":"2026-02-03T18:29:00+00:00","author":"Telinha","twitter_card":"summary_large_image","twitter_misc":{"Escrito por":"Telinha","Tempo estimado de leitura":"1 minuto"},"schema":{"@context":"https:\/\/schema.org","@graph":[{"@type":"Article","@id":"https:\/\/portaltela.pt\/noticias\/2026\/02\/03\/guardiola-critica-falta-de-investimento-do-manchester-city\/#article","isPartOf":{"@id":"https:\/\/portaltela.pt\/noticias\/2026\/02\/03\/guardiola-critica-falta-de-investimento-do-manchester-city\/"},"author":{"name":"Telinha","@id":"https:\/\/portaltela.pt\/#\/schema\/person\/c4278d4a6028830caff9ee44b42d32ed"},"headline":"Guardiola critica falta de investimento do Manchester City","datePublished":"2026-02-03T18:29:00+00:00","mainEntityOfPage":{"@id":"https:\/\/portaltela.pt\/noticias\/2026\/02\/03\/guardiola-critica-falta-de-investimento-do-manchester-city\/"},"wordCount":288,"image":{"@id":"https:\/\/portaltela.pt\/noticias\/2026\/02\/03\/guardiola-critica-falta-de-investimento-do-manchester-city\/#primaryimage"},"thumbnailUrl":"https:\/\/portaltela.pt\/s.01k8rhncp4jt1\/2026\/02\/img_920x518uu2025-12-22-16-24-02-2410762-im-639020174775120844.jpg","keywords":["investimento","Manchester City","Newcastle","Premier League","R\u00faben Dias","Ta\u00e7a da Liga"],"articleSection":["Desporto","Futebol"],"inLanguage":"pt-PT"},{"@type":"WebPage","@id":"https:\/\/portaltela.pt\/noticias\/2026\/02\/03\/guardiola-critica-falta-de-investimento-do-manchester-city\/","url":"https:\/\/portaltela.pt\/noticias\/2026\/02\/03\/guardiola-critica-falta-de-investimento-do-manchester-city\/","name":"Guardiola critica falta de investimento do Manchester City - Portal Tela Portugal","isPartOf":{"@id":"https:\/\/portaltela.pt\/#website"},"primaryImageOfPage":{"@id":"https:\/\/portaltela.pt\/noticias\/2026\/02\/03\/guardiola-critica-falta-de-investimento-do-manchester-city\/#primaryimage"},"image":{"@id":"https:\/\/portaltela.pt\/noticias\/2026\/02\/03\/guardiola-critica-falta-de-investimento-do-manchester-city\/#primaryimage"},"thumbnailUrl":"https:\/\/portaltela.pt\/s.01k8rhncp4jt1\/2026\/02\/img_920x518uu2025-12-22-16-24-02-2410762-im-639020174775120844.jpg","datePublished":"2026-02-03T18:29:00+00:00","author":{"@id":"https:\/\/portaltela.pt\/#\/schema\/person\/c4278d4a6028830caff9ee44b42d32ed"},"breadcrumb":{"@id":"https:\/\/portaltela.pt\/noticias\/2026\/02\/03\/guardiola-critica-falta-de-investimento-do-manchester-city\/#breadcrumb"},"inLanguage":"pt-PT","potentialAction":[{"@type":"ReadAction","target":["https:\/\/portaltela.pt\/noticias\/2026\/02\/03\/guardiola-critica-falta-de-investimento-do-manchester-city\/"]}]},{"@type":"ImageObject","inLanguage":"pt-PT","@id":"https:\/\/portaltela.pt\/noticias\/2026\/02\/03\/guardiola-critica-falta-de-investimento-do-manchester-city\/#primaryimage","url":"https:\/\/portaltela.pt\/s.01k8rhncp4jt1\/2026\/02\/img_920x518uu2025-12-22-16-24-02-2410762-im-639020174775120844.jpg","contentUrl":"https:\/\/portaltela.pt\/s.01k8rhncp4jt1\/2026\/02\/img_920x518uu2025-12-22-16-24-02-2410762-im-639020174775120844.jpg","width":796,"height":448,"caption":"Pep Guardiola quer que o Man. City desembolse mais dinheiro em contrata\u00e7\u00f5es"},{"@type":"BreadcrumbList","@id":"https:\/\/portaltela.pt\/noticias\/2026\/02\/03\/guardiola-critica-falta-de-investimento-do-manchester-city\/#breadcrumb","itemListElement":[{"@type":"ListItem","position":1,"name":"In\u00edcio","item":"https:\/\/portaltela.pt\/"},{"@type":"ListItem","position":2,"name":"Guardiola critica falta de investimento do Manchester City"}]},{"@type":"WebSite","@id":"https:\/\/portaltela.pt\/#website","url":"https:\/\/portaltela.pt\/","name":"Portal Tela Portugal","description":"","potentialAction":[{"@type":"SearchAction","target":{"@type":"EntryPoint","urlTemplate":"https:\/\/portaltela.pt\/?s={search_term_string}"},"query-input":{"@type":"PropertyValueSpecification","valueRequired":true,"valueName":"search_term_string"}}],"inLanguage":"pt-PT"},{"@type":"Person","@id":"https:\/\/portaltela.pt\/#\/schema\/person\/c4278d4a6028830caff9ee44b42d32ed","name":"Telinha","image":{"@type":"ImageObject","inLanguage":"pt-PT","@id":"https:\/\/portaltela.pt\/s.01k8rhncp4jt1\/2025\/11\/talking-bot-125x125.png","url":"https:\/\/portaltela.pt\/s.01k8rhncp4jt1\/2025\/11\/talking-bot-125x125.png","contentUrl":"https:\/\/portaltela.pt\/s.01k8rhncp4jt1\/2025\/11\/talking-bot-125x125.png","caption":"Telinha"},"sameAs":["https:\/\/portaltela.pt\/"],"url":"https:\/\/portaltela.pt\/por\/367410592786\/"}]}},"_links":{"self":[{"href":"https:\/\/portaltela.pt\/api\/wp\/v2\/posts\/194678","targetHints":{"allow":["GET"]}}],"collection":[{"href":"https:\/\/portaltela.pt\/api\/wp\/v2\/posts"}],"about":[{"href":"https:\/\/portaltela.pt\/api\/wp\/v2\/types\/post"}],"author":[{"embeddable":true,"href":"https:\/\/portaltela.pt\/api\/wp\/v2\/users\/2"}],"replies":[{"embeddable":true,"href":"https:\/\/portaltela.pt\/api\/wp\/v2\/comments?post=194678"}],"version-history":[{"count":0,"href":"https:\/\/portaltela.pt\/api\/wp\/v2\/posts\/194678\/revisions"}],"wp:featuredmedia":[{"embeddable":true,"href":"https:\/\/portaltela.pt\/api\/wp\/v2\/media\/194690"}],"wp:attachment":[{"href":"https:\/\/portaltela.pt\/api\/wp\/v2\/media?parent=194678"}],"wp:term":[{"taxonomy":"category","embeddable":true,"href":"https:\/\/portaltela.pt\/api\/wp\/v2\/categories?post=194678"},{"taxonomy":"post_tag","embeddable":true,"href":"https:\/\/portaltela.pt\/api\/wp\/v2\/tags?post=194678"}],"curies":[{"name":"wp","href":"https:\/\/api.w.org\/{rel}","templated":true}]}}