{"id":194641,"date":"2026-02-03T15:03:00","date_gmt":"2026-02-03T18:03:00","guid":{"rendered":"https:\/\/portaltela.pt\/noticias\/2026\/02\/03\/filho-do-dono-da-visabeira-torna-se-presidente-da-vista-alegre\/"},"modified":"2026-02-03T15:03:00","modified_gmt":"2026-02-03T18:03:00","slug":"filho-do-dono-da-visabeira-torna-se-presidente-da-vista-alegre","status":"publish","type":"post","link":"https:\/\/portaltela.pt\/noticias\/2026\/02\/03\/filho-do-dono-da-visabeira-torna-se-presidente-da-vista-alegre\/","title":{"rendered":"Filho do dono da Visabeira torna-se presidente da Vista Alegre"},"content":{"rendered":"<p>A Vista Alegre Atlantis anunciou a mudan\u00e7a na presid\u00eancia executiva. Fernando Daniel Leoc\u00e1dio Campos Nunes, filho mais velho do fundador do grupo Visabeira, assume o cargo. A nomea\u00e7\u00e3o foi comunicada pela empresa nesta ter\u00e7a-feira, 3 de fevereiro.<\/p>\n<p>Em reuni\u00e3o do Conselho de Administra\u00e7\u00e3o, foi designado como presidente da Comiss\u00e3o Executiva o engenheiro Fernando Daniel Nunes, at\u00e9 \u00e0 realiza\u00e7\u00e3o da pr\u00f3xima Assembleia Geral Anual eletiva. A decis\u00e3o mant\u00e9m a continuidade familiar na gest\u00e3o.<\/p>\n<p>Fernando Daniel \u00e9 engenheiro eletrot\u00e9cnico e de computadores pelo Instituto Superior T\u00e9cnico, com especializa\u00e7\u00e3o em energia. \u00c9 o segundo no grupo Visabeira, onde j\u00e1 desempenhava fun\u00e7\u00f5es executivas, incluindo a vice-presid\u00eancia.<\/p>\n<p>Nuno Terras Marques permanece ligado ao grupo, passando a exercer o cargo de presidente do conselho de administra\u00e7\u00e3o, ainda que n\u00e3o executivo. O movimento refor\u00e7a a liga\u00e7\u00e3o entre a gest\u00e3o da Vista Alegre Atlantis e o grupo Visabeira.<\/p>\n","protected":false},"excerpt":{"rendered":"<ul>\n<li>A Vista Alegre Atlantis anunciou, em 3 de fevereiro, a nomea\u00e7\u00e3o de Fernando Daniel Leoc\u00e1dio Campos Nunes como novo presidente executivo.<\/li>\n<li>Fernando Daniel \u00e9 filho mais velho do fundador do grupo Visabeira, Fernando Nunes, que adquiriu a Vista Alegre Atlantis em 2009.<\/li>\n<li>O novo l\u00edder \u00e9 engenheiro e j\u00e1 era vice-presidente do grupo Visabeira.<\/li>\n<li>Nuno Terras Marques passa a exercer o cargo de presidente n\u00e3o executivo do conselho de administra\u00e7\u00e3o da Vista Alegre Atlantis.<\/li>\n<\/ul>\n","protected":false},"author":2,"featured_media":194642,"comment_status":"closed","ping_status":"closed","sticky":false,"template":"","format":"standard","meta":{"footnotes":""},"categories":[1],"tags":[552,2697,64,2415,3728,30],"class_list":["post-194641","post","type-post","status-publish","format-standard","has-post-thumbnail","hentry","category-noticias","tag-conselho-de-administracao","tag-empresas","tag-familia","tag-gestao","tag-liderancas","tag-presidente"],"yoast_head":"<!-- This site is optimized with the Yoast SEO plugin v27.2 - https:\/\/yoast.com\/product\/yoast-seo-wordpress\/ -->\n<title>Filho do dono da Visabeira torna-se presidente da Vista Alegre - Portal Tela Portugal<\/title>\n<meta name=\"robots\" content=\"index, follow, max-snippet:-1, max-image-preview:large, max-video-preview:-1\" \/>\n<meta property=\"og:locale\" content=\"pt_PT\" \/>\n<meta property=\"og:type\" content=\"article\" \/>\n<meta property=\"og:title\" content=\"Filho do dono da Visabeira torna-se presidente da Vista Alegre - Portal Tela Portugal\" \/>\n<meta property=\"og:description\" content=\"A Vista Alegre Atlantis anunciou, em 3 de fevereiro, a nomea\u00e7\u00e3o de Fernando Daniel Leoc\u00e1dio Campos Nunes como novo presidente executivo. Fernando Daniel \u00e9 filho mais velho do fundador do grupo Visabeira, Fernando Nunes, que adquiriu a Vista Alegre Atlantis em 2009. O novo l\u00edder \u00e9 engenheiro e j\u00e1 era vice-presidente do grupo Visabeira. Nuno Terras Marques passa a exercer o cargo de presidente n\u00e3o executivo do conselho de administra\u00e7\u00e3o da Vista Alegre Atlantis.\" \/>\n<meta property=\"og:url\" content=\"https:\/\/portaltela.pt\/noticias\/2026\/02\/03\/filho-do-dono-da-visabeira-torna-se-presidente-da-vista-alegre\/\" \/>\n<meta property=\"og:site_name\" content=\"Portal Tela Portugal\" \/>\n<meta property=\"article:published_time\" content=\"2026-02-03T18:03:00+00:00\" \/>\n<meta name=\"author\" content=\"Telinha\" \/>\n<meta name=\"twitter:card\" content=\"summary_large_image\" \/>\n<meta name=\"twitter:label1\" content=\"Escrito por\" \/>\n\t<meta name=\"twitter:data1\" content=\"Telinha\" \/>\n\t<meta name=\"twitter:label2\" content=\"Tempo estimado de leitura\" \/>\n\t<meta name=\"twitter:data2\" content=\"1 minuto\" \/>\n<script type=\"application\/ld+json\" class=\"yoast-schema-graph\">{\"@context\":\"https:\/\/schema.org\",\"@graph\":[{\"@type\":\"Article\",\"@id\":\"https:\/\/portaltela.pt\/noticias\/2026\/02\/03\/filho-do-dono-da-visabeira-torna-se-presidente-da-vista-alegre\/#article\",\"isPartOf\":{\"@id\":\"https:\/\/portaltela.pt\/noticias\/2026\/02\/03\/filho-do-dono-da-visabeira-torna-se-presidente-da-vista-alegre\/\"},\"author\":{\"name\":\"Telinha\",\"@id\":\"https:\/\/portaltela.pt\/#\/schema\/person\/c4278d4a6028830caff9ee44b42d32ed\"},\"headline\":\"Filho do dono da Visabeira torna-se presidente da Vista Alegre\",\"datePublished\":\"2026-02-03T18:03:00+00:00\",\"mainEntityOfPage\":{\"@id\":\"https:\/\/portaltela.pt\/noticias\/2026\/02\/03\/filho-do-dono-da-visabeira-torna-se-presidente-da-vista-alegre\/\"},\"wordCount\":169,\"image\":{\"@id\":\"https:\/\/portaltela.pt\/noticias\/2026\/02\/03\/filho-do-dono-da-visabeira-torna-se-presidente-da-vista-alegre\/#primaryimage\"},\"thumbnailUrl\":\"https:\/\/portaltela.pt\/s.01k8rhncp4jt1\/2026\/02\/unnamed-file-939.jpg\",\"keywords\":[\"Conselho de Administra\u00e7\u00e3o\",\"empresas\",\"fam\u00edlia\",\"gest\u00e3o\",\"lideran\u00e7as\",\"presidente\"],\"articleSection\":[\"Not\u00edcias\"],\"inLanguage\":\"pt-PT\"},{\"@type\":\"WebPage\",\"@id\":\"https:\/\/portaltela.pt\/noticias\/2026\/02\/03\/filho-do-dono-da-visabeira-torna-se-presidente-da-vista-alegre\/\",\"url\":\"https:\/\/portaltela.pt\/noticias\/2026\/02\/03\/filho-do-dono-da-visabeira-torna-se-presidente-da-vista-alegre\/\",\"name\":\"Filho do dono da Visabeira torna-se presidente da Vista Alegre - Portal Tela Portugal\",\"isPartOf\":{\"@id\":\"https:\/\/portaltela.pt\/#website\"},\"primaryImageOfPage\":{\"@id\":\"https:\/\/portaltela.pt\/noticias\/2026\/02\/03\/filho-do-dono-da-visabeira-torna-se-presidente-da-vista-alegre\/#primaryimage\"},\"image\":{\"@id\":\"https:\/\/portaltela.pt\/noticias\/2026\/02\/03\/filho-do-dono-da-visabeira-torna-se-presidente-da-vista-alegre\/#primaryimage\"},\"thumbnailUrl\":\"https:\/\/portaltela.pt\/s.01k8rhncp4jt1\/2026\/02\/unnamed-file-939.jpg\",\"datePublished\":\"2026-02-03T18:03:00+00:00\",\"author\":{\"@id\":\"https:\/\/portaltela.pt\/#\/schema\/person\/c4278d4a6028830caff9ee44b42d32ed\"},\"breadcrumb\":{\"@id\":\"https:\/\/portaltela.pt\/noticias\/2026\/02\/03\/filho-do-dono-da-visabeira-torna-se-presidente-da-vista-alegre\/#breadcrumb\"},\"inLanguage\":\"pt-PT\",\"potentialAction\":[{\"@type\":\"ReadAction\",\"target\":[\"https:\/\/portaltela.pt\/noticias\/2026\/02\/03\/filho-do-dono-da-visabeira-torna-se-presidente-da-vista-alegre\/\"]}]},{\"@type\":\"ImageObject\",\"inLanguage\":\"pt-PT\",\"@id\":\"https:\/\/portaltela.pt\/noticias\/2026\/02\/03\/filho-do-dono-da-visabeira-torna-se-presidente-da-vista-alegre\/#primaryimage\",\"url\":\"https:\/\/portaltela.pt\/s.01k8rhncp4jt1\/2026\/02\/unnamed-file-939.jpg\",\"contentUrl\":\"https:\/\/portaltela.pt\/s.01k8rhncp4jt1\/2026\/02\/unnamed-file-939.jpg\",\"width\":796,\"height\":448,\"caption\":\"Filho do dono da Visabeira fica presidente da Vista Alegre\"},{\"@type\":\"BreadcrumbList\",\"@id\":\"https:\/\/portaltela.pt\/noticias\/2026\/02\/03\/filho-do-dono-da-visabeira-torna-se-presidente-da-vista-alegre\/#breadcrumb\",\"itemListElement\":[{\"@type\":\"ListItem\",\"position\":1,\"name\":\"In\u00edcio\",\"item\":\"https:\/\/portaltela.pt\/\"},{\"@type\":\"ListItem\",\"position\":2,\"name\":\"Filho do dono da Visabeira torna-se presidente da Vista Alegre\"}]},{\"@type\":\"WebSite\",\"@id\":\"https:\/\/portaltela.pt\/#website\",\"url\":\"https:\/\/portaltela.pt\/\",\"name\":\"Portal Tela Portugal\",\"description\":\"\",\"potentialAction\":[{\"@type\":\"SearchAction\",\"target\":{\"@type\":\"EntryPoint\",\"urlTemplate\":\"https:\/\/portaltela.pt\/?s={search_term_string}\"},\"query-input\":{\"@type\":\"PropertyValueSpecification\",\"valueRequired\":true,\"valueName\":\"search_term_string\"}}],\"inLanguage\":\"pt-PT\"},{\"@type\":\"Person\",\"@id\":\"https:\/\/portaltela.pt\/#\/schema\/person\/c4278d4a6028830caff9ee44b42d32ed\",\"name\":\"Telinha\",\"image\":{\"@type\":\"ImageObject\",\"inLanguage\":\"pt-PT\",\"@id\":\"https:\/\/portaltela.pt\/s.01k8rhncp4jt1\/2025\/11\/talking-bot-125x125.png\",\"url\":\"https:\/\/portaltela.pt\/s.01k8rhncp4jt1\/2025\/11\/talking-bot-125x125.png\",\"contentUrl\":\"https:\/\/portaltela.pt\/s.01k8rhncp4jt1\/2025\/11\/talking-bot-125x125.png\",\"caption\":\"Telinha\"},\"sameAs\":[\"https:\/\/portaltela.pt\/\"],\"url\":\"https:\/\/portaltela.pt\/por\/367410592786\/\"}]}<\/script>\n<!-- \/ Yoast SEO plugin. -->","yoast_head_json":{"title":"Filho do dono da Visabeira torna-se presidente da Vista Alegre - Portal Tela Portugal","robots":{"index":"index","follow":"follow","max-snippet":"max-snippet:-1","max-image-preview":"max-image-preview:large","max-video-preview":"max-video-preview:-1"},"og_locale":"pt_PT","og_type":"article","og_title":"Filho do dono da Visabeira torna-se presidente da Vista Alegre - Portal Tela Portugal","og_description":"A Vista Alegre Atlantis anunciou, em 3 de fevereiro, a nomea\u00e7\u00e3o de Fernando Daniel Leoc\u00e1dio Campos Nunes como novo presidente executivo. Fernando Daniel \u00e9 filho mais velho do fundador do grupo Visabeira, Fernando Nunes, que adquiriu a Vista Alegre Atlantis em 2009. O novo l\u00edder \u00e9 engenheiro e j\u00e1 era vice-presidente do grupo Visabeira. Nuno Terras Marques passa a exercer o cargo de presidente n\u00e3o executivo do conselho de administra\u00e7\u00e3o da Vista Alegre Atlantis.","og_url":"https:\/\/portaltela.pt\/noticias\/2026\/02\/03\/filho-do-dono-da-visabeira-torna-se-presidente-da-vista-alegre\/","og_site_name":"Portal Tela Portugal","article_published_time":"2026-02-03T18:03:00+00:00","author":"Telinha","twitter_card":"summary_large_image","twitter_misc":{"Escrito por":"Telinha","Tempo estimado de leitura":"1 minuto"},"schema":{"@context":"https:\/\/schema.org","@graph":[{"@type":"Article","@id":"https:\/\/portaltela.pt\/noticias\/2026\/02\/03\/filho-do-dono-da-visabeira-torna-se-presidente-da-vista-alegre\/#article","isPartOf":{"@id":"https:\/\/portaltela.pt\/noticias\/2026\/02\/03\/filho-do-dono-da-visabeira-torna-se-presidente-da-vista-alegre\/"},"author":{"name":"Telinha","@id":"https:\/\/portaltela.pt\/#\/schema\/person\/c4278d4a6028830caff9ee44b42d32ed"},"headline":"Filho do dono da Visabeira torna-se presidente da Vista Alegre","datePublished":"2026-02-03T18:03:00+00:00","mainEntityOfPage":{"@id":"https:\/\/portaltela.pt\/noticias\/2026\/02\/03\/filho-do-dono-da-visabeira-torna-se-presidente-da-vista-alegre\/"},"wordCount":169,"image":{"@id":"https:\/\/portaltela.pt\/noticias\/2026\/02\/03\/filho-do-dono-da-visabeira-torna-se-presidente-da-vista-alegre\/#primaryimage"},"thumbnailUrl":"https:\/\/portaltela.pt\/s.01k8rhncp4jt1\/2026\/02\/unnamed-file-939.jpg","keywords":["Conselho de Administra\u00e7\u00e3o","empresas","fam\u00edlia","gest\u00e3o","lideran\u00e7as","presidente"],"articleSection":["Not\u00edcias"],"inLanguage":"pt-PT"},{"@type":"WebPage","@id":"https:\/\/portaltela.pt\/noticias\/2026\/02\/03\/filho-do-dono-da-visabeira-torna-se-presidente-da-vista-alegre\/","url":"https:\/\/portaltela.pt\/noticias\/2026\/02\/03\/filho-do-dono-da-visabeira-torna-se-presidente-da-vista-alegre\/","name":"Filho do dono da Visabeira torna-se presidente da Vista Alegre - Portal Tela Portugal","isPartOf":{"@id":"https:\/\/portaltela.pt\/#website"},"primaryImageOfPage":{"@id":"https:\/\/portaltela.pt\/noticias\/2026\/02\/03\/filho-do-dono-da-visabeira-torna-se-presidente-da-vista-alegre\/#primaryimage"},"image":{"@id":"https:\/\/portaltela.pt\/noticias\/2026\/02\/03\/filho-do-dono-da-visabeira-torna-se-presidente-da-vista-alegre\/#primaryimage"},"thumbnailUrl":"https:\/\/portaltela.pt\/s.01k8rhncp4jt1\/2026\/02\/unnamed-file-939.jpg","datePublished":"2026-02-03T18:03:00+00:00","author":{"@id":"https:\/\/portaltela.pt\/#\/schema\/person\/c4278d4a6028830caff9ee44b42d32ed"},"breadcrumb":{"@id":"https:\/\/portaltela.pt\/noticias\/2026\/02\/03\/filho-do-dono-da-visabeira-torna-se-presidente-da-vista-alegre\/#breadcrumb"},"inLanguage":"pt-PT","potentialAction":[{"@type":"ReadAction","target":["https:\/\/portaltela.pt\/noticias\/2026\/02\/03\/filho-do-dono-da-visabeira-torna-se-presidente-da-vista-alegre\/"]}]},{"@type":"ImageObject","inLanguage":"pt-PT","@id":"https:\/\/portaltela.pt\/noticias\/2026\/02\/03\/filho-do-dono-da-visabeira-torna-se-presidente-da-vista-alegre\/#primaryimage","url":"https:\/\/portaltela.pt\/s.01k8rhncp4jt1\/2026\/02\/unnamed-file-939.jpg","contentUrl":"https:\/\/portaltela.pt\/s.01k8rhncp4jt1\/2026\/02\/unnamed-file-939.jpg","width":796,"height":448,"caption":"Filho do dono da Visabeira fica presidente da Vista Alegre"},{"@type":"BreadcrumbList","@id":"https:\/\/portaltela.pt\/noticias\/2026\/02\/03\/filho-do-dono-da-visabeira-torna-se-presidente-da-vista-alegre\/#breadcrumb","itemListElement":[{"@type":"ListItem","position":1,"name":"In\u00edcio","item":"https:\/\/portaltela.pt\/"},{"@type":"ListItem","position":2,"name":"Filho do dono da Visabeira torna-se presidente da Vista Alegre"}]},{"@type":"WebSite","@id":"https:\/\/portaltela.pt\/#website","url":"https:\/\/portaltela.pt\/","name":"Portal Tela Portugal","description":"","potentialAction":[{"@type":"SearchAction","target":{"@type":"EntryPoint","urlTemplate":"https:\/\/portaltela.pt\/?s={search_term_string}"},"query-input":{"@type":"PropertyValueSpecification","valueRequired":true,"valueName":"search_term_string"}}],"inLanguage":"pt-PT"},{"@type":"Person","@id":"https:\/\/portaltela.pt\/#\/schema\/person\/c4278d4a6028830caff9ee44b42d32ed","name":"Telinha","image":{"@type":"ImageObject","inLanguage":"pt-PT","@id":"https:\/\/portaltela.pt\/s.01k8rhncp4jt1\/2025\/11\/talking-bot-125x125.png","url":"https:\/\/portaltela.pt\/s.01k8rhncp4jt1\/2025\/11\/talking-bot-125x125.png","contentUrl":"https:\/\/portaltela.pt\/s.01k8rhncp4jt1\/2025\/11\/talking-bot-125x125.png","caption":"Telinha"},"sameAs":["https:\/\/portaltela.pt\/"],"url":"https:\/\/portaltela.pt\/por\/367410592786\/"}]}},"_links":{"self":[{"href":"https:\/\/portaltela.pt\/api\/wp\/v2\/posts\/194641","targetHints":{"allow":["GET"]}}],"collection":[{"href":"https:\/\/portaltela.pt\/api\/wp\/v2\/posts"}],"about":[{"href":"https:\/\/portaltela.pt\/api\/wp\/v2\/types\/post"}],"author":[{"embeddable":true,"href":"https:\/\/portaltela.pt\/api\/wp\/v2\/users\/2"}],"replies":[{"embeddable":true,"href":"https:\/\/portaltela.pt\/api\/wp\/v2\/comments?post=194641"}],"version-history":[{"count":0,"href":"https:\/\/portaltela.pt\/api\/wp\/v2\/posts\/194641\/revisions"}],"wp:featuredmedia":[{"embeddable":true,"href":"https:\/\/portaltela.pt\/api\/wp\/v2\/media\/194642"}],"wp:attachment":[{"href":"https:\/\/portaltela.pt\/api\/wp\/v2\/media?parent=194641"}],"wp:term":[{"taxonomy":"category","embeddable":true,"href":"https:\/\/portaltela.pt\/api\/wp\/v2\/categories?post=194641"},{"taxonomy":"post_tag","embeddable":true,"href":"https:\/\/portaltela.pt\/api\/wp\/v2\/tags?post=194641"}],"curies":[{"name":"wp","href":"https:\/\/api.w.org\/{rel}","templated":true}]}}