{"id":194602,"date":"2026-02-03T14:45:24","date_gmt":"2026-02-03T17:45:24","guid":{"rendered":"https:\/\/portaltela.pt\/noticias\/2026\/02\/03\/presidente-do-inem-afirma-que-novo-modelo-de-triagem-evitara-mais-mortes\/"},"modified":"2026-02-03T14:45:24","modified_gmt":"2026-02-03T17:45:24","slug":"presidente-do-inem-afirma-que-novo-modelo-de-triagem-evitara-mais-mortes","status":"publish","type":"post","link":"https:\/\/portaltela.pt\/noticias\/2026\/02\/03\/presidente-do-inem-afirma-que-novo-modelo-de-triagem-evitara-mais-mortes\/","title":{"rendered":"Presidente do INEM afirma que novo modelo de triagem evitar\u00e1 mais mortes"},"content":{"rendered":"<p>O presidente do INEM, Lu\u00eds Mendes Cabral, afirmou que o novo modelo de triagem telef\u00f3nica ter\u00e1 salvaguardado o socorro nos per\u00edodos de maior pico. O sistema diferencia prioridades para evitar que ocorr\u00eancias menos graves ocupem meios que deveriam estar dispon\u00edveis para emerg\u00eancias.<\/p>\n<p>Na Comiss\u00e3o de Sa\u00fade, o respons\u00e1vel explicou que, desde janeiro, o CODU distingue cinco n\u00edveis de prioridade, com tempos de resposta definidos. A mudan\u00e7a visa melhorar a rapidez de atendimento em situa\u00e7\u00f5es de risco de vida.<\/p>\n<p>O INEM come\u00e7ou a aplicar o sistema de triagem alinhado com modelos hospitalares, informando os utentes sobre a prioridade, o tempo estimado de chegada e o encaminhamento. Anteriormente, mais de 80% das chamadas eram classificadas como P3.<\/p>\n<p>A diferen\u00e7a entre o modelo antigo e o atual reside na interpreta\u00e7\u00e3o cl\u00ednica dos sintomas, mantendo perguntas, fluxogramas e t\u00e9cnicos, mas ajustando a forma de classificar os casos. Os P1 e P2 continuam para emerg\u00eancias.<\/p>\n<p>Os tempos de resposta passaram a ser r\u00e1pidos: 8 a 18 minutos para emerg\u00eancias e at\u00e9 60 minutos para P3, chegando a 120 minutos para P4. As situa\u00e7\u00f5es n\u00e3o urgentes podem ser encaminhadas para o SNS 24.<\/p>\n<p>O respons\u00e1vel reconheceu limita\u00e7\u00f5es estruturais, sobretudo na Pen\u00ednsula de Set\u00fabal e no Algarve, mais pressionadas nos per\u00edodos de maior procura. A Liga dos Bombeiros Portugueses informou disponibilidade reduzida de ambul\u00e2ncias na regi\u00e3o.<\/p>\n<p>Segundo Mendes Cabral, a reorganiza\u00e7\u00e3o e o refor\u00e7o de meios evitaram casos graves. Se n\u00e3o tivesse havido diferencia\u00e7\u00e3o, afirmou, poderia haver mais mortes em situa\u00e7\u00f5es de pico.<\/p>\n<p>Um caso utilizado na discuss\u00e3o ocorreu no Seixal, onde um homem de 78 anos morreu ap\u00f3s esperar cerca de tr\u00eas horas por socorro. O INEM indicou que a resposta r\u00e1pida \u00e9 cr\u00edtica para esse tipo de desfecho.<\/p>\n<h3>Mudan\u00e7a de enfoque no atendimento<\/h3>\n<p>O presidente destacou que a diferen\u00e7a de classifica\u00e7\u00e3o facilita uma resposta mais adequada \u00e0s necessidades reais dos pacientes, sem alterar a ess\u00eancia das perguntas ou dos procedimentos t\u00e9cnicos.<\/p>\n","protected":false},"excerpt":{"rendered":"<ul>\n<li>O presidente do Instituto Nacional de Emerg\u00eancia M\u00e9dica (INEM), Lu\u00eds Mendes Cabral, disse que o novo modelo de triagem aplicado desde janeiro nos Centros de Orienta\u00e7\u00e3o de Doentes Urgentes (CODU) permite distinguir entre emerg\u00eancias e situa\u00e7\u00f5es menos graves, evitando mais mortes.<\/li>\n<li>O sistema, com cinco n\u00edveis de prioridade \u2014 emergente, muito urgente, urgente, pouco urgente e n\u00e3o urgente \u2014 define tempos de resposta e encaminha as n\u00e3o urgentes para o SNS 24.<\/li>\n<li>Cabral criticou o modelo anterior, que classificava mais de oitenta por cento das ocorr\u00eancias como P3, sem diferencia\u00e7\u00e3o de meios, o que comprometia a gest\u00e3o dos recursos.<\/li>\n<li>Afirmou que a resposta \u00e9 mais precisa nos per\u00edodos de maior pico, com cerca de quatro mil e quinhentas chamadas di\u00e1rias nos CODU, e referiu a morte de um homem de 78 anos no Seixal ap\u00f3s esperar cerca de tr\u00eas horas por socorro.<\/li>\n<li>O respons\u00e1vel indicou que a mudan\u00e7a n\u00e3o alterou as perguntas ou fluxos t\u00e9cnicos, apenas a interpreta\u00e7\u00e3o cl\u00ednica dos sintomas, e reconheceu limita\u00e7\u00f5es estruturais na Pen\u00ednsula de Set\u00fabal e no Algarve, com falta de ambul\u00e2ncias na regi\u00e3o sul.<\/li>\n<\/ul>\n","protected":false},"author":2,"featured_media":194604,"comment_status":"closed","ping_status":"closed","sticky":false,"template":"","format":"standard","meta":{"footnotes":""},"categories":[1],"tags":[3656,971,2319,1935,994,1775],"class_list":["post-194602","post","type-post","status-publish","format-standard","has-post-thumbnail","hentry","category-noticias","tag-ambulancias","tag-bombeiros","tag-codu","tag-emergencias","tag-setubal","tag-sns"],"yoast_head":"<!-- This site is optimized with the Yoast SEO plugin v27.2 - https:\/\/yoast.com\/product\/yoast-seo-wordpress\/ -->\n<title>Presidente do INEM afirma que novo modelo de triagem evitar\u00e1 mais mortes - Portal Tela Portugal<\/title>\n<meta name=\"robots\" content=\"index, follow, max-snippet:-1, max-image-preview:large, max-video-preview:-1\" \/>\n<meta property=\"og:locale\" content=\"pt_PT\" \/>\n<meta property=\"og:type\" content=\"article\" \/>\n<meta property=\"og:title\" content=\"Presidente do INEM afirma que novo modelo de triagem evitar\u00e1 mais mortes - Portal Tela Portugal\" \/>\n<meta property=\"og:description\" content=\"O presidente do Instituto Nacional de Emerg\u00eancia M\u00e9dica (INEM), Lu\u00eds Mendes Cabral, disse que o novo modelo de triagem aplicado desde janeiro nos Centros de Orienta\u00e7\u00e3o de Doentes Urgentes (CODU) permite distinguir entre emerg\u00eancias e situa\u00e7\u00f5es menos graves, evitando mais mortes. O sistema, com cinco n\u00edveis de prioridade \u2014 emergente, muito urgente, urgente, pouco urgente e n\u00e3o urgente \u2014 define tempos de resposta e encaminha as n\u00e3o urgentes para o SNS 24. Cabral criticou o modelo anterior, que classificava mais de oitenta por cento das ocorr\u00eancias como P3, sem diferencia\u00e7\u00e3o de meios, o que comprometia a gest\u00e3o dos recursos. Afirmou que a resposta \u00e9 mais precisa nos per\u00edodos de maior pico, com cerca de quatro mil e quinhentas chamadas di\u00e1rias nos CODU, e referiu a morte de um homem de 78 anos no Seixal ap\u00f3s esperar cerca de tr\u00eas horas por socorro. O respons\u00e1vel indicou que a mudan\u00e7a n\u00e3o alterou as perguntas ou fluxos t\u00e9cnicos, apenas a interpreta\u00e7\u00e3o cl\u00ednica dos sintomas, e reconheceu limita\u00e7\u00f5es estruturais na Pen\u00ednsula de Set\u00fabal e no Algarve, com falta de ambul\u00e2ncias na regi\u00e3o sul.\" \/>\n<meta property=\"og:url\" content=\"https:\/\/portaltela.pt\/noticias\/2026\/02\/03\/presidente-do-inem-afirma-que-novo-modelo-de-triagem-evitara-mais-mortes\/\" \/>\n<meta property=\"og:site_name\" content=\"Portal Tela Portugal\" \/>\n<meta property=\"article:published_time\" content=\"2026-02-03T17:45:24+00:00\" \/>\n<meta name=\"author\" content=\"Telinha\" \/>\n<meta name=\"twitter:card\" content=\"summary_large_image\" \/>\n<meta name=\"twitter:label1\" content=\"Escrito por\" \/>\n\t<meta name=\"twitter:data1\" content=\"Telinha\" \/>\n\t<meta name=\"twitter:label2\" content=\"Tempo estimado de leitura\" \/>\n\t<meta name=\"twitter:data2\" content=\"2 minutos\" \/>\n<script type=\"application\/ld+json\" class=\"yoast-schema-graph\">{\"@context\":\"https:\/\/schema.org\",\"@graph\":[{\"@type\":\"Article\",\"@id\":\"https:\/\/portaltela.pt\/noticias\/2026\/02\/03\/presidente-do-inem-afirma-que-novo-modelo-de-triagem-evitara-mais-mortes\/#article\",\"isPartOf\":{\"@id\":\"https:\/\/portaltela.pt\/noticias\/2026\/02\/03\/presidente-do-inem-afirma-que-novo-modelo-de-triagem-evitara-mais-mortes\/\"},\"author\":{\"name\":\"Telinha\",\"@id\":\"https:\/\/portaltela.pt\/#\/schema\/person\/c4278d4a6028830caff9ee44b42d32ed\"},\"headline\":\"Presidente do INEM afirma que novo modelo de triagem evitar\u00e1 mais mortes\",\"datePublished\":\"2026-02-03T17:45:24+00:00\",\"mainEntityOfPage\":{\"@id\":\"https:\/\/portaltela.pt\/noticias\/2026\/02\/03\/presidente-do-inem-afirma-que-novo-modelo-de-triagem-evitara-mais-mortes\/\"},\"wordCount\":364,\"image\":{\"@id\":\"https:\/\/portaltela.pt\/noticias\/2026\/02\/03\/presidente-do-inem-afirma-que-novo-modelo-de-triagem-evitara-mais-mortes\/#primaryimage\"},\"thumbnailUrl\":\"https:\/\/portaltela.pt\/s.01k8rhncp4jt1\/2026\/02\/unnamed-file-935.jpg\",\"keywords\":[\"ambul\u00e2ncias\",\"bombeiros\",\"CODU\",\"emerg\u00eancias\",\"Set\u00fabal\",\"SNS\"],\"articleSection\":[\"Not\u00edcias\"],\"inLanguage\":\"pt-PT\"},{\"@type\":\"WebPage\",\"@id\":\"https:\/\/portaltela.pt\/noticias\/2026\/02\/03\/presidente-do-inem-afirma-que-novo-modelo-de-triagem-evitara-mais-mortes\/\",\"url\":\"https:\/\/portaltela.pt\/noticias\/2026\/02\/03\/presidente-do-inem-afirma-que-novo-modelo-de-triagem-evitara-mais-mortes\/\",\"name\":\"Presidente do INEM afirma que novo modelo de triagem evitar\u00e1 mais mortes - Portal Tela Portugal\",\"isPartOf\":{\"@id\":\"https:\/\/portaltela.pt\/#website\"},\"primaryImageOfPage\":{\"@id\":\"https:\/\/portaltela.pt\/noticias\/2026\/02\/03\/presidente-do-inem-afirma-que-novo-modelo-de-triagem-evitara-mais-mortes\/#primaryimage\"},\"image\":{\"@id\":\"https:\/\/portaltela.pt\/noticias\/2026\/02\/03\/presidente-do-inem-afirma-que-novo-modelo-de-triagem-evitara-mais-mortes\/#primaryimage\"},\"thumbnailUrl\":\"https:\/\/portaltela.pt\/s.01k8rhncp4jt1\/2026\/02\/unnamed-file-935.jpg\",\"datePublished\":\"2026-02-03T17:45:24+00:00\",\"author\":{\"@id\":\"https:\/\/portaltela.pt\/#\/schema\/person\/c4278d4a6028830caff9ee44b42d32ed\"},\"breadcrumb\":{\"@id\":\"https:\/\/portaltela.pt\/noticias\/2026\/02\/03\/presidente-do-inem-afirma-que-novo-modelo-de-triagem-evitara-mais-mortes\/#breadcrumb\"},\"inLanguage\":\"pt-PT\",\"potentialAction\":[{\"@type\":\"ReadAction\",\"target\":[\"https:\/\/portaltela.pt\/noticias\/2026\/02\/03\/presidente-do-inem-afirma-que-novo-modelo-de-triagem-evitara-mais-mortes\/\"]}]},{\"@type\":\"ImageObject\",\"inLanguage\":\"pt-PT\",\"@id\":\"https:\/\/portaltela.pt\/noticias\/2026\/02\/03\/presidente-do-inem-afirma-que-novo-modelo-de-triagem-evitara-mais-mortes\/#primaryimage\",\"url\":\"https:\/\/portaltela.pt\/s.01k8rhncp4jt1\/2026\/02\/unnamed-file-935.jpg\",\"contentUrl\":\"https:\/\/portaltela.pt\/s.01k8rhncp4jt1\/2026\/02\/unnamed-file-935.jpg\",\"width\":796,\"height\":448,\"caption\":\"Presidente do INEM diz que novo modelo de triagem ter\u00e1 evitado mais mortes\"},{\"@type\":\"BreadcrumbList\",\"@id\":\"https:\/\/portaltela.pt\/noticias\/2026\/02\/03\/presidente-do-inem-afirma-que-novo-modelo-de-triagem-evitara-mais-mortes\/#breadcrumb\",\"itemListElement\":[{\"@type\":\"ListItem\",\"position\":1,\"name\":\"In\u00edcio\",\"item\":\"https:\/\/portaltela.pt\/\"},{\"@type\":\"ListItem\",\"position\":2,\"name\":\"Presidente do INEM afirma que novo modelo de triagem evitar\u00e1 mais mortes\"}]},{\"@type\":\"WebSite\",\"@id\":\"https:\/\/portaltela.pt\/#website\",\"url\":\"https:\/\/portaltela.pt\/\",\"name\":\"Portal Tela Portugal\",\"description\":\"\",\"potentialAction\":[{\"@type\":\"SearchAction\",\"target\":{\"@type\":\"EntryPoint\",\"urlTemplate\":\"https:\/\/portaltela.pt\/?s={search_term_string}\"},\"query-input\":{\"@type\":\"PropertyValueSpecification\",\"valueRequired\":true,\"valueName\":\"search_term_string\"}}],\"inLanguage\":\"pt-PT\"},{\"@type\":\"Person\",\"@id\":\"https:\/\/portaltela.pt\/#\/schema\/person\/c4278d4a6028830caff9ee44b42d32ed\",\"name\":\"Telinha\",\"image\":{\"@type\":\"ImageObject\",\"inLanguage\":\"pt-PT\",\"@id\":\"https:\/\/portaltela.pt\/s.01k8rhncp4jt1\/2025\/11\/talking-bot-125x125.png\",\"url\":\"https:\/\/portaltela.pt\/s.01k8rhncp4jt1\/2025\/11\/talking-bot-125x125.png\",\"contentUrl\":\"https:\/\/portaltela.pt\/s.01k8rhncp4jt1\/2025\/11\/talking-bot-125x125.png\",\"caption\":\"Telinha\"},\"sameAs\":[\"https:\/\/portaltela.pt\/\"],\"url\":\"https:\/\/portaltela.pt\/por\/367410592786\/\"}]}<\/script>\n<!-- \/ Yoast SEO plugin. -->","yoast_head_json":{"title":"Presidente do INEM afirma que novo modelo de triagem evitar\u00e1 mais mortes - Portal Tela Portugal","robots":{"index":"index","follow":"follow","max-snippet":"max-snippet:-1","max-image-preview":"max-image-preview:large","max-video-preview":"max-video-preview:-1"},"og_locale":"pt_PT","og_type":"article","og_title":"Presidente do INEM afirma que novo modelo de triagem evitar\u00e1 mais mortes - Portal Tela Portugal","og_description":"O presidente do Instituto Nacional de Emerg\u00eancia M\u00e9dica (INEM), Lu\u00eds Mendes Cabral, disse que o novo modelo de triagem aplicado desde janeiro nos Centros de Orienta\u00e7\u00e3o de Doentes Urgentes (CODU) permite distinguir entre emerg\u00eancias e situa\u00e7\u00f5es menos graves, evitando mais mortes. O sistema, com cinco n\u00edveis de prioridade \u2014 emergente, muito urgente, urgente, pouco urgente e n\u00e3o urgente \u2014 define tempos de resposta e encaminha as n\u00e3o urgentes para o SNS 24. Cabral criticou o modelo anterior, que classificava mais de oitenta por cento das ocorr\u00eancias como P3, sem diferencia\u00e7\u00e3o de meios, o que comprometia a gest\u00e3o dos recursos. Afirmou que a resposta \u00e9 mais precisa nos per\u00edodos de maior pico, com cerca de quatro mil e quinhentas chamadas di\u00e1rias nos CODU, e referiu a morte de um homem de 78 anos no Seixal ap\u00f3s esperar cerca de tr\u00eas horas por socorro. O respons\u00e1vel indicou que a mudan\u00e7a n\u00e3o alterou as perguntas ou fluxos t\u00e9cnicos, apenas a interpreta\u00e7\u00e3o cl\u00ednica dos sintomas, e reconheceu limita\u00e7\u00f5es estruturais na Pen\u00ednsula de Set\u00fabal e no Algarve, com falta de ambul\u00e2ncias na regi\u00e3o sul.","og_url":"https:\/\/portaltela.pt\/noticias\/2026\/02\/03\/presidente-do-inem-afirma-que-novo-modelo-de-triagem-evitara-mais-mortes\/","og_site_name":"Portal Tela Portugal","article_published_time":"2026-02-03T17:45:24+00:00","author":"Telinha","twitter_card":"summary_large_image","twitter_misc":{"Escrito por":"Telinha","Tempo estimado de leitura":"2 minutos"},"schema":{"@context":"https:\/\/schema.org","@graph":[{"@type":"Article","@id":"https:\/\/portaltela.pt\/noticias\/2026\/02\/03\/presidente-do-inem-afirma-que-novo-modelo-de-triagem-evitara-mais-mortes\/#article","isPartOf":{"@id":"https:\/\/portaltela.pt\/noticias\/2026\/02\/03\/presidente-do-inem-afirma-que-novo-modelo-de-triagem-evitara-mais-mortes\/"},"author":{"name":"Telinha","@id":"https:\/\/portaltela.pt\/#\/schema\/person\/c4278d4a6028830caff9ee44b42d32ed"},"headline":"Presidente do INEM afirma que novo modelo de triagem evitar\u00e1 mais mortes","datePublished":"2026-02-03T17:45:24+00:00","mainEntityOfPage":{"@id":"https:\/\/portaltela.pt\/noticias\/2026\/02\/03\/presidente-do-inem-afirma-que-novo-modelo-de-triagem-evitara-mais-mortes\/"},"wordCount":364,"image":{"@id":"https:\/\/portaltela.pt\/noticias\/2026\/02\/03\/presidente-do-inem-afirma-que-novo-modelo-de-triagem-evitara-mais-mortes\/#primaryimage"},"thumbnailUrl":"https:\/\/portaltela.pt\/s.01k8rhncp4jt1\/2026\/02\/unnamed-file-935.jpg","keywords":["ambul\u00e2ncias","bombeiros","CODU","emerg\u00eancias","Set\u00fabal","SNS"],"articleSection":["Not\u00edcias"],"inLanguage":"pt-PT"},{"@type":"WebPage","@id":"https:\/\/portaltela.pt\/noticias\/2026\/02\/03\/presidente-do-inem-afirma-que-novo-modelo-de-triagem-evitara-mais-mortes\/","url":"https:\/\/portaltela.pt\/noticias\/2026\/02\/03\/presidente-do-inem-afirma-que-novo-modelo-de-triagem-evitara-mais-mortes\/","name":"Presidente do INEM afirma que novo modelo de triagem evitar\u00e1 mais mortes - Portal Tela Portugal","isPartOf":{"@id":"https:\/\/portaltela.pt\/#website"},"primaryImageOfPage":{"@id":"https:\/\/portaltela.pt\/noticias\/2026\/02\/03\/presidente-do-inem-afirma-que-novo-modelo-de-triagem-evitara-mais-mortes\/#primaryimage"},"image":{"@id":"https:\/\/portaltela.pt\/noticias\/2026\/02\/03\/presidente-do-inem-afirma-que-novo-modelo-de-triagem-evitara-mais-mortes\/#primaryimage"},"thumbnailUrl":"https:\/\/portaltela.pt\/s.01k8rhncp4jt1\/2026\/02\/unnamed-file-935.jpg","datePublished":"2026-02-03T17:45:24+00:00","author":{"@id":"https:\/\/portaltela.pt\/#\/schema\/person\/c4278d4a6028830caff9ee44b42d32ed"},"breadcrumb":{"@id":"https:\/\/portaltela.pt\/noticias\/2026\/02\/03\/presidente-do-inem-afirma-que-novo-modelo-de-triagem-evitara-mais-mortes\/#breadcrumb"},"inLanguage":"pt-PT","potentialAction":[{"@type":"ReadAction","target":["https:\/\/portaltela.pt\/noticias\/2026\/02\/03\/presidente-do-inem-afirma-que-novo-modelo-de-triagem-evitara-mais-mortes\/"]}]},{"@type":"ImageObject","inLanguage":"pt-PT","@id":"https:\/\/portaltela.pt\/noticias\/2026\/02\/03\/presidente-do-inem-afirma-que-novo-modelo-de-triagem-evitara-mais-mortes\/#primaryimage","url":"https:\/\/portaltela.pt\/s.01k8rhncp4jt1\/2026\/02\/unnamed-file-935.jpg","contentUrl":"https:\/\/portaltela.pt\/s.01k8rhncp4jt1\/2026\/02\/unnamed-file-935.jpg","width":796,"height":448,"caption":"Presidente do INEM diz que novo modelo de triagem ter\u00e1 evitado mais mortes"},{"@type":"BreadcrumbList","@id":"https:\/\/portaltela.pt\/noticias\/2026\/02\/03\/presidente-do-inem-afirma-que-novo-modelo-de-triagem-evitara-mais-mortes\/#breadcrumb","itemListElement":[{"@type":"ListItem","position":1,"name":"In\u00edcio","item":"https:\/\/portaltela.pt\/"},{"@type":"ListItem","position":2,"name":"Presidente do INEM afirma que novo modelo de triagem evitar\u00e1 mais mortes"}]},{"@type":"WebSite","@id":"https:\/\/portaltela.pt\/#website","url":"https:\/\/portaltela.pt\/","name":"Portal Tela Portugal","description":"","potentialAction":[{"@type":"SearchAction","target":{"@type":"EntryPoint","urlTemplate":"https:\/\/portaltela.pt\/?s={search_term_string}"},"query-input":{"@type":"PropertyValueSpecification","valueRequired":true,"valueName":"search_term_string"}}],"inLanguage":"pt-PT"},{"@type":"Person","@id":"https:\/\/portaltela.pt\/#\/schema\/person\/c4278d4a6028830caff9ee44b42d32ed","name":"Telinha","image":{"@type":"ImageObject","inLanguage":"pt-PT","@id":"https:\/\/portaltela.pt\/s.01k8rhncp4jt1\/2025\/11\/talking-bot-125x125.png","url":"https:\/\/portaltela.pt\/s.01k8rhncp4jt1\/2025\/11\/talking-bot-125x125.png","contentUrl":"https:\/\/portaltela.pt\/s.01k8rhncp4jt1\/2025\/11\/talking-bot-125x125.png","caption":"Telinha"},"sameAs":["https:\/\/portaltela.pt\/"],"url":"https:\/\/portaltela.pt\/por\/367410592786\/"}]}},"_links":{"self":[{"href":"https:\/\/portaltela.pt\/api\/wp\/v2\/posts\/194602","targetHints":{"allow":["GET"]}}],"collection":[{"href":"https:\/\/portaltela.pt\/api\/wp\/v2\/posts"}],"about":[{"href":"https:\/\/portaltela.pt\/api\/wp\/v2\/types\/post"}],"author":[{"embeddable":true,"href":"https:\/\/portaltela.pt\/api\/wp\/v2\/users\/2"}],"replies":[{"embeddable":true,"href":"https:\/\/portaltela.pt\/api\/wp\/v2\/comments?post=194602"}],"version-history":[{"count":0,"href":"https:\/\/portaltela.pt\/api\/wp\/v2\/posts\/194602\/revisions"}],"wp:featuredmedia":[{"embeddable":true,"href":"https:\/\/portaltela.pt\/api\/wp\/v2\/media\/194604"}],"wp:attachment":[{"href":"https:\/\/portaltela.pt\/api\/wp\/v2\/media?parent=194602"}],"wp:term":[{"taxonomy":"category","embeddable":true,"href":"https:\/\/portaltela.pt\/api\/wp\/v2\/categories?post=194602"},{"taxonomy":"post_tag","embeddable":true,"href":"https:\/\/portaltela.pt\/api\/wp\/v2\/tags?post=194602"}],"curies":[{"name":"wp","href":"https:\/\/api.w.org\/{rel}","templated":true}]}}