{"id":194590,"date":"2026-02-03T14:42:32","date_gmt":"2026-02-03T17:42:32","guid":{"rendered":"https:\/\/portaltela.pt\/noticias\/2026\/02\/03\/conversa-aberta-sobre-freddy-ferreira-cesar-na-quinta-do-revoredo\/"},"modified":"2026-02-03T14:42:32","modified_gmt":"2026-02-03T17:42:32","slug":"conversa-aberta-sobre-freddy-ferreira-cesar-na-quinta-do-revoredo","status":"publish","type":"post","link":"https:\/\/portaltela.pt\/noticias\/2026\/02\/03\/conversa-aberta-sobre-freddy-ferreira-cesar-na-quinta-do-revoredo\/","title":{"rendered":"Conversa aberta sobre Freddy Ferreira C\u00e9sar na Quinta do Revoredo"},"content":{"rendered":"<p>A Casa da Cultura de Santa Cruz | Quinta do Revoredo acolhe, na pr\u00f3xima sexta-feira \u00e0s 18h, uma conversa aberta ao p\u00fablico sobre a obra de Freddy Ferreira C\u00e9sar. O semin\u00e1rio ter\u00e1 como orador o professor Gon\u00e7alo Canto Moniz.<\/p>\n<p>Gon\u00e7alo Canto Moniz \u00e9 professor associado no Departamento de Arquitectura da Universidade de Coimbra e investigador do Centro de Estudos Sociais. Leciona projecto de Arquitectura e metodologias de investiga\u00e7\u00e3o e coordena projetos sobre regenera\u00e7\u00e3o urbana inclusiva e reabilita\u00e7\u00e3o de edif\u00edcios escolares.<\/p>\n<p>Freddy Ferreira C\u00e9sar, nascido em Caracas (1966), formou-se em Arquitectura na Universidade de Coimbra e consolidou a carreira na Madeira. Foi cofundador do atelier Risco A4; destacam-se o Centro C\u00edvico do Estreito da Calheta (2004) e o Centro C\u00edvico do Estreito de C\u00e2mara de Lobos (2004).<\/p>\n<p>Entre 2010 e 2025 atuou em nome individual, com v\u00e1rias obras premiadas. O Centro Cultural e de Investiga\u00e7\u00e3o do Funchal (2024) recebeu o Pr\u00e9mio de Arquitectura da Madeira e Porto Santo. Atualmente colabora com o atelier MSB \u2013 Macaronesian Studio Base, ampliando a atua\u00e7\u00e3o atl\u00e2ntica.<\/p>\n","protected":false},"excerpt":{"rendered":"<ul>\n<li>Uma conversa aberta sobre Freddy Ferreira C\u00e9sar realiza-se na sexta-feira, \u00e0s 18 horas, na Casa da Cultura de Santa Cruz | Quinta do Revoredo, integrada na exposi\u00e7\u00e3o imPERMANENTE.<\/li>\n<li>O orador ser\u00e1 Gon\u00e7alo Canto Moniz, professor associado do Departamento de Arquitectura da Universidade de Coimbra e investigador do Centro de Estudos Sociais.<\/li>\n<li>A apresenta\u00e7\u00e3o destaca que as obras de Freddy Ferreira C\u00e9sar dialogam com o territ\u00f3rio madeirense, cruzando geografia, hist\u00f3ria, bot\u00e2nica e arquitetura, com refer\u00eancias a mestres modernos como Louis Kahn, Le Corbusier e Alvar Aalto.<\/li>\n<li>Freddy Ferreira C\u00e9sar nasceu em Caracas, em 1966, formou-se em Arquitectura pela Universidade de Coimbra e cofundou, em 2002, o atelier Risco A4.<\/li>\n<li>Entre as obras destacadas est\u00e3o o Centro C\u00edvico do Estreito da Calheta (2004) e o Centro C\u00edvico do Estreito de C\u00e2mara de Lobos (2004); o Centro Cultural e de Investiga\u00e7\u00e3o do Funchal (2024) foi premiado pela Madeira e Porto Santo; atualmente colabora com o Macaronesian Studio Base.<\/li>\n<\/ul>\n","protected":false},"author":2,"featured_media":194596,"comment_status":"closed","ping_status":"closed","sticky":false,"template":"","format":"standard","meta":{"footnotes":""},"categories":[1],"tags":[142,1070,1120,859,1014,1563],"class_list":["post-194590","post","type-post","status-publish","format-standard","has-post-thumbnail","hentry","category-noticias","tag-arquitetura","tag-coimbra","tag-funchal","tag-madeira","tag-portugal","tag-regeneracao-urbana"],"yoast_head":"<!-- This site is optimized with the Yoast SEO plugin v27.2 - https:\/\/yoast.com\/product\/yoast-seo-wordpress\/ -->\n<title>Conversa aberta sobre Freddy Ferreira C\u00e9sar na Quinta do Revoredo - Portal Tela Portugal<\/title>\n<meta name=\"robots\" content=\"index, follow, max-snippet:-1, max-image-preview:large, max-video-preview:-1\" \/>\n<meta property=\"og:locale\" content=\"pt_PT\" \/>\n<meta property=\"og:type\" content=\"article\" \/>\n<meta property=\"og:title\" content=\"Conversa aberta sobre Freddy Ferreira C\u00e9sar na Quinta do Revoredo - Portal Tela Portugal\" \/>\n<meta property=\"og:description\" content=\"Uma conversa aberta sobre Freddy Ferreira C\u00e9sar realiza-se na sexta-feira, \u00e0s 18 horas, na Casa da Cultura de Santa Cruz | Quinta do Revoredo, integrada na exposi\u00e7\u00e3o imPERMANENTE. O orador ser\u00e1 Gon\u00e7alo Canto Moniz, professor associado do Departamento de Arquitectura da Universidade de Coimbra e investigador do Centro de Estudos Sociais. A apresenta\u00e7\u00e3o destaca que as obras de Freddy Ferreira C\u00e9sar dialogam com o territ\u00f3rio madeirense, cruzando geografia, hist\u00f3ria, bot\u00e2nica e arquitetura, com refer\u00eancias a mestres modernos como Louis Kahn, Le Corbusier e Alvar Aalto. Freddy Ferreira C\u00e9sar nasceu em Caracas, em 1966, formou-se em Arquitectura pela Universidade de Coimbra e cofundou, em 2002, o atelier Risco A4. Entre as obras destacadas est\u00e3o o Centro C\u00edvico do Estreito da Calheta (2004) e o Centro C\u00edvico do Estreito de C\u00e2mara de Lobos (2004); o Centro Cultural e de Investiga\u00e7\u00e3o do Funchal (2024) foi premiado pela Madeira e Porto Santo; atualmente colabora com o Macaronesian Studio Base.\" \/>\n<meta property=\"og:url\" content=\"https:\/\/portaltela.pt\/noticias\/2026\/02\/03\/conversa-aberta-sobre-freddy-ferreira-cesar-na-quinta-do-revoredo\/\" \/>\n<meta property=\"og:site_name\" content=\"Portal Tela Portugal\" \/>\n<meta property=\"article:published_time\" content=\"2026-02-03T17:42:32+00:00\" \/>\n<meta name=\"author\" content=\"Telinha\" \/>\n<meta name=\"twitter:card\" content=\"summary_large_image\" \/>\n<meta name=\"twitter:label1\" content=\"Escrito por\" \/>\n\t<meta name=\"twitter:data1\" content=\"Telinha\" \/>\n\t<meta name=\"twitter:label2\" content=\"Tempo estimado de leitura\" \/>\n\t<meta name=\"twitter:data2\" content=\"1 minuto\" \/>\n<script type=\"application\/ld+json\" class=\"yoast-schema-graph\">{\"@context\":\"https:\/\/schema.org\",\"@graph\":[{\"@type\":\"Article\",\"@id\":\"https:\/\/portaltela.pt\/noticias\/2026\/02\/03\/conversa-aberta-sobre-freddy-ferreira-cesar-na-quinta-do-revoredo\/#article\",\"isPartOf\":{\"@id\":\"https:\/\/portaltela.pt\/noticias\/2026\/02\/03\/conversa-aberta-sobre-freddy-ferreira-cesar-na-quinta-do-revoredo\/\"},\"author\":{\"name\":\"Telinha\",\"@id\":\"https:\/\/portaltela.pt\/#\/schema\/person\/c4278d4a6028830caff9ee44b42d32ed\"},\"headline\":\"Conversa aberta sobre Freddy Ferreira C\u00e9sar na Quinta do Revoredo\",\"datePublished\":\"2026-02-03T17:42:32+00:00\",\"mainEntityOfPage\":{\"@id\":\"https:\/\/portaltela.pt\/noticias\/2026\/02\/03\/conversa-aberta-sobre-freddy-ferreira-cesar-na-quinta-do-revoredo\/\"},\"wordCount\":192,\"image\":{\"@id\":\"https:\/\/portaltela.pt\/noticias\/2026\/02\/03\/conversa-aberta-sobre-freddy-ferreira-cesar-na-quinta-do-revoredo\/#primaryimage\"},\"thumbnailUrl\":\"https:\/\/portaltela.pt\/s.01k8rhncp4jt1\/2026\/02\/unnamed-file-934.jpg\",\"keywords\":[\"arquitetura\",\"Coimbra\",\"Funchal\",\"Madeira\",\"Portugal\",\"Regenera\u00e7\u00e3o Urbana\"],\"articleSection\":[\"Not\u00edcias\"],\"inLanguage\":\"pt-PT\"},{\"@type\":\"WebPage\",\"@id\":\"https:\/\/portaltela.pt\/noticias\/2026\/02\/03\/conversa-aberta-sobre-freddy-ferreira-cesar-na-quinta-do-revoredo\/\",\"url\":\"https:\/\/portaltela.pt\/noticias\/2026\/02\/03\/conversa-aberta-sobre-freddy-ferreira-cesar-na-quinta-do-revoredo\/\",\"name\":\"Conversa aberta sobre Freddy Ferreira C\u00e9sar na Quinta do Revoredo - Portal Tela Portugal\",\"isPartOf\":{\"@id\":\"https:\/\/portaltela.pt\/#website\"},\"primaryImageOfPage\":{\"@id\":\"https:\/\/portaltela.pt\/noticias\/2026\/02\/03\/conversa-aberta-sobre-freddy-ferreira-cesar-na-quinta-do-revoredo\/#primaryimage\"},\"image\":{\"@id\":\"https:\/\/portaltela.pt\/noticias\/2026\/02\/03\/conversa-aberta-sobre-freddy-ferreira-cesar-na-quinta-do-revoredo\/#primaryimage\"},\"thumbnailUrl\":\"https:\/\/portaltela.pt\/s.01k8rhncp4jt1\/2026\/02\/unnamed-file-934.jpg\",\"datePublished\":\"2026-02-03T17:42:32+00:00\",\"author\":{\"@id\":\"https:\/\/portaltela.pt\/#\/schema\/person\/c4278d4a6028830caff9ee44b42d32ed\"},\"breadcrumb\":{\"@id\":\"https:\/\/portaltela.pt\/noticias\/2026\/02\/03\/conversa-aberta-sobre-freddy-ferreira-cesar-na-quinta-do-revoredo\/#breadcrumb\"},\"inLanguage\":\"pt-PT\",\"potentialAction\":[{\"@type\":\"ReadAction\",\"target\":[\"https:\/\/portaltela.pt\/noticias\/2026\/02\/03\/conversa-aberta-sobre-freddy-ferreira-cesar-na-quinta-do-revoredo\/\"]}]},{\"@type\":\"ImageObject\",\"inLanguage\":\"pt-PT\",\"@id\":\"https:\/\/portaltela.pt\/noticias\/2026\/02\/03\/conversa-aberta-sobre-freddy-ferreira-cesar-na-quinta-do-revoredo\/#primaryimage\",\"url\":\"https:\/\/portaltela.pt\/s.01k8rhncp4jt1\/2026\/02\/unnamed-file-934.jpg\",\"contentUrl\":\"https:\/\/portaltela.pt\/s.01k8rhncp4jt1\/2026\/02\/unnamed-file-934.jpg\",\"width\":796,\"height\":448,\"caption\":\"Conversa aberta sobre Freddy Ferreira C\u00e9sar na Quinta do Revoredo\"},{\"@type\":\"BreadcrumbList\",\"@id\":\"https:\/\/portaltela.pt\/noticias\/2026\/02\/03\/conversa-aberta-sobre-freddy-ferreira-cesar-na-quinta-do-revoredo\/#breadcrumb\",\"itemListElement\":[{\"@type\":\"ListItem\",\"position\":1,\"name\":\"In\u00edcio\",\"item\":\"https:\/\/portaltela.pt\/\"},{\"@type\":\"ListItem\",\"position\":2,\"name\":\"Conversa aberta sobre Freddy Ferreira C\u00e9sar na Quinta do Revoredo\"}]},{\"@type\":\"WebSite\",\"@id\":\"https:\/\/portaltela.pt\/#website\",\"url\":\"https:\/\/portaltela.pt\/\",\"name\":\"Portal Tela Portugal\",\"description\":\"\",\"potentialAction\":[{\"@type\":\"SearchAction\",\"target\":{\"@type\":\"EntryPoint\",\"urlTemplate\":\"https:\/\/portaltela.pt\/?s={search_term_string}\"},\"query-input\":{\"@type\":\"PropertyValueSpecification\",\"valueRequired\":true,\"valueName\":\"search_term_string\"}}],\"inLanguage\":\"pt-PT\"},{\"@type\":\"Person\",\"@id\":\"https:\/\/portaltela.pt\/#\/schema\/person\/c4278d4a6028830caff9ee44b42d32ed\",\"name\":\"Telinha\",\"image\":{\"@type\":\"ImageObject\",\"inLanguage\":\"pt-PT\",\"@id\":\"https:\/\/portaltela.pt\/s.01k8rhncp4jt1\/2025\/11\/talking-bot-125x125.png\",\"url\":\"https:\/\/portaltela.pt\/s.01k8rhncp4jt1\/2025\/11\/talking-bot-125x125.png\",\"contentUrl\":\"https:\/\/portaltela.pt\/s.01k8rhncp4jt1\/2025\/11\/talking-bot-125x125.png\",\"caption\":\"Telinha\"},\"sameAs\":[\"https:\/\/portaltela.pt\/\"],\"url\":\"https:\/\/portaltela.pt\/por\/367410592786\/\"}]}<\/script>\n<!-- \/ Yoast SEO plugin. -->","yoast_head_json":{"title":"Conversa aberta sobre Freddy Ferreira C\u00e9sar na Quinta do Revoredo - Portal Tela Portugal","robots":{"index":"index","follow":"follow","max-snippet":"max-snippet:-1","max-image-preview":"max-image-preview:large","max-video-preview":"max-video-preview:-1"},"og_locale":"pt_PT","og_type":"article","og_title":"Conversa aberta sobre Freddy Ferreira C\u00e9sar na Quinta do Revoredo - Portal Tela Portugal","og_description":"Uma conversa aberta sobre Freddy Ferreira C\u00e9sar realiza-se na sexta-feira, \u00e0s 18 horas, na Casa da Cultura de Santa Cruz | Quinta do Revoredo, integrada na exposi\u00e7\u00e3o imPERMANENTE. O orador ser\u00e1 Gon\u00e7alo Canto Moniz, professor associado do Departamento de Arquitectura da Universidade de Coimbra e investigador do Centro de Estudos Sociais. A apresenta\u00e7\u00e3o destaca que as obras de Freddy Ferreira C\u00e9sar dialogam com o territ\u00f3rio madeirense, cruzando geografia, hist\u00f3ria, bot\u00e2nica e arquitetura, com refer\u00eancias a mestres modernos como Louis Kahn, Le Corbusier e Alvar Aalto. Freddy Ferreira C\u00e9sar nasceu em Caracas, em 1966, formou-se em Arquitectura pela Universidade de Coimbra e cofundou, em 2002, o atelier Risco A4. Entre as obras destacadas est\u00e3o o Centro C\u00edvico do Estreito da Calheta (2004) e o Centro C\u00edvico do Estreito de C\u00e2mara de Lobos (2004); o Centro Cultural e de Investiga\u00e7\u00e3o do Funchal (2024) foi premiado pela Madeira e Porto Santo; atualmente colabora com o Macaronesian Studio Base.","og_url":"https:\/\/portaltela.pt\/noticias\/2026\/02\/03\/conversa-aberta-sobre-freddy-ferreira-cesar-na-quinta-do-revoredo\/","og_site_name":"Portal Tela Portugal","article_published_time":"2026-02-03T17:42:32+00:00","author":"Telinha","twitter_card":"summary_large_image","twitter_misc":{"Escrito por":"Telinha","Tempo estimado de leitura":"1 minuto"},"schema":{"@context":"https:\/\/schema.org","@graph":[{"@type":"Article","@id":"https:\/\/portaltela.pt\/noticias\/2026\/02\/03\/conversa-aberta-sobre-freddy-ferreira-cesar-na-quinta-do-revoredo\/#article","isPartOf":{"@id":"https:\/\/portaltela.pt\/noticias\/2026\/02\/03\/conversa-aberta-sobre-freddy-ferreira-cesar-na-quinta-do-revoredo\/"},"author":{"name":"Telinha","@id":"https:\/\/portaltela.pt\/#\/schema\/person\/c4278d4a6028830caff9ee44b42d32ed"},"headline":"Conversa aberta sobre Freddy Ferreira C\u00e9sar na Quinta do Revoredo","datePublished":"2026-02-03T17:42:32+00:00","mainEntityOfPage":{"@id":"https:\/\/portaltela.pt\/noticias\/2026\/02\/03\/conversa-aberta-sobre-freddy-ferreira-cesar-na-quinta-do-revoredo\/"},"wordCount":192,"image":{"@id":"https:\/\/portaltela.pt\/noticias\/2026\/02\/03\/conversa-aberta-sobre-freddy-ferreira-cesar-na-quinta-do-revoredo\/#primaryimage"},"thumbnailUrl":"https:\/\/portaltela.pt\/s.01k8rhncp4jt1\/2026\/02\/unnamed-file-934.jpg","keywords":["arquitetura","Coimbra","Funchal","Madeira","Portugal","Regenera\u00e7\u00e3o Urbana"],"articleSection":["Not\u00edcias"],"inLanguage":"pt-PT"},{"@type":"WebPage","@id":"https:\/\/portaltela.pt\/noticias\/2026\/02\/03\/conversa-aberta-sobre-freddy-ferreira-cesar-na-quinta-do-revoredo\/","url":"https:\/\/portaltela.pt\/noticias\/2026\/02\/03\/conversa-aberta-sobre-freddy-ferreira-cesar-na-quinta-do-revoredo\/","name":"Conversa aberta sobre Freddy Ferreira C\u00e9sar na Quinta do Revoredo - Portal Tela Portugal","isPartOf":{"@id":"https:\/\/portaltela.pt\/#website"},"primaryImageOfPage":{"@id":"https:\/\/portaltela.pt\/noticias\/2026\/02\/03\/conversa-aberta-sobre-freddy-ferreira-cesar-na-quinta-do-revoredo\/#primaryimage"},"image":{"@id":"https:\/\/portaltela.pt\/noticias\/2026\/02\/03\/conversa-aberta-sobre-freddy-ferreira-cesar-na-quinta-do-revoredo\/#primaryimage"},"thumbnailUrl":"https:\/\/portaltela.pt\/s.01k8rhncp4jt1\/2026\/02\/unnamed-file-934.jpg","datePublished":"2026-02-03T17:42:32+00:00","author":{"@id":"https:\/\/portaltela.pt\/#\/schema\/person\/c4278d4a6028830caff9ee44b42d32ed"},"breadcrumb":{"@id":"https:\/\/portaltela.pt\/noticias\/2026\/02\/03\/conversa-aberta-sobre-freddy-ferreira-cesar-na-quinta-do-revoredo\/#breadcrumb"},"inLanguage":"pt-PT","potentialAction":[{"@type":"ReadAction","target":["https:\/\/portaltela.pt\/noticias\/2026\/02\/03\/conversa-aberta-sobre-freddy-ferreira-cesar-na-quinta-do-revoredo\/"]}]},{"@type":"ImageObject","inLanguage":"pt-PT","@id":"https:\/\/portaltela.pt\/noticias\/2026\/02\/03\/conversa-aberta-sobre-freddy-ferreira-cesar-na-quinta-do-revoredo\/#primaryimage","url":"https:\/\/portaltela.pt\/s.01k8rhncp4jt1\/2026\/02\/unnamed-file-934.jpg","contentUrl":"https:\/\/portaltela.pt\/s.01k8rhncp4jt1\/2026\/02\/unnamed-file-934.jpg","width":796,"height":448,"caption":"Conversa aberta sobre Freddy Ferreira C\u00e9sar na Quinta do Revoredo"},{"@type":"BreadcrumbList","@id":"https:\/\/portaltela.pt\/noticias\/2026\/02\/03\/conversa-aberta-sobre-freddy-ferreira-cesar-na-quinta-do-revoredo\/#breadcrumb","itemListElement":[{"@type":"ListItem","position":1,"name":"In\u00edcio","item":"https:\/\/portaltela.pt\/"},{"@type":"ListItem","position":2,"name":"Conversa aberta sobre Freddy Ferreira C\u00e9sar na Quinta do Revoredo"}]},{"@type":"WebSite","@id":"https:\/\/portaltela.pt\/#website","url":"https:\/\/portaltela.pt\/","name":"Portal Tela Portugal","description":"","potentialAction":[{"@type":"SearchAction","target":{"@type":"EntryPoint","urlTemplate":"https:\/\/portaltela.pt\/?s={search_term_string}"},"query-input":{"@type":"PropertyValueSpecification","valueRequired":true,"valueName":"search_term_string"}}],"inLanguage":"pt-PT"},{"@type":"Person","@id":"https:\/\/portaltela.pt\/#\/schema\/person\/c4278d4a6028830caff9ee44b42d32ed","name":"Telinha","image":{"@type":"ImageObject","inLanguage":"pt-PT","@id":"https:\/\/portaltela.pt\/s.01k8rhncp4jt1\/2025\/11\/talking-bot-125x125.png","url":"https:\/\/portaltela.pt\/s.01k8rhncp4jt1\/2025\/11\/talking-bot-125x125.png","contentUrl":"https:\/\/portaltela.pt\/s.01k8rhncp4jt1\/2025\/11\/talking-bot-125x125.png","caption":"Telinha"},"sameAs":["https:\/\/portaltela.pt\/"],"url":"https:\/\/portaltela.pt\/por\/367410592786\/"}]}},"_links":{"self":[{"href":"https:\/\/portaltela.pt\/api\/wp\/v2\/posts\/194590","targetHints":{"allow":["GET"]}}],"collection":[{"href":"https:\/\/portaltela.pt\/api\/wp\/v2\/posts"}],"about":[{"href":"https:\/\/portaltela.pt\/api\/wp\/v2\/types\/post"}],"author":[{"embeddable":true,"href":"https:\/\/portaltela.pt\/api\/wp\/v2\/users\/2"}],"replies":[{"embeddable":true,"href":"https:\/\/portaltela.pt\/api\/wp\/v2\/comments?post=194590"}],"version-history":[{"count":0,"href":"https:\/\/portaltela.pt\/api\/wp\/v2\/posts\/194590\/revisions"}],"wp:featuredmedia":[{"embeddable":true,"href":"https:\/\/portaltela.pt\/api\/wp\/v2\/media\/194596"}],"wp:attachment":[{"href":"https:\/\/portaltela.pt\/api\/wp\/v2\/media?parent=194590"}],"wp:term":[{"taxonomy":"category","embeddable":true,"href":"https:\/\/portaltela.pt\/api\/wp\/v2\/categories?post=194590"},{"taxonomy":"post_tag","embeddable":true,"href":"https:\/\/portaltela.pt\/api\/wp\/v2\/tags?post=194590"}],"curies":[{"name":"wp","href":"https:\/\/api.w.org\/{rel}","templated":true}]}}