{"id":194589,"date":"2026-02-03T14:59:35","date_gmt":"2026-02-03T17:59:35","guid":{"rendered":"https:\/\/portaltela.pt\/noticias\/2026\/02\/03\/seko-fofana-acionista-do-lens-reforca-o-fc-porto\/"},"modified":"2026-02-03T14:59:35","modified_gmt":"2026-02-03T17:59:35","slug":"seko-fofana-acionista-do-lens-reforca-o-fc-porto","status":"publish","type":"post","link":"https:\/\/portaltela.pt\/desporto\/futebol\/2026\/02\/03\/seko-fofana-acionista-do-lens-reforca-o-fc-porto\/","title":{"rendered":"Seko Fofana, acionista do Lens, refor\u00e7a o FC Porto"},"content":{"rendered":"<p>Seko Fofana tornou-se o mais recente refor\u00e7o do FC Porto no mercado de inverno. O m\u00e9dio internacional pela Costa do Marfim chega por empr\u00e9stimo do Rennes at\u00e9 30 de junho de 2026, sem op\u00e7\u00e3o de compra, para fortalecer o meio-campo na segunda metade da \u00e9poca. A oficializa\u00e7\u00e3o ocorreu na antev\u00e9spera do regresso aos trabalhos.<\/p>\n<p>A contrata\u00e7\u00e3o marca um percurso invulgar assinalado pela liga\u00e7\u00e3o institucional ao Lens, antes da chegada ao Drag\u00e3o. O jogador realizou j\u00e1 a primeira sess\u00e3o de treino com o plantel, no Olival, integrando-se na prepara\u00e7\u00e3o para os pr\u00f3ximos jogos.<\/p>\n<p>Fofana iniciou a prepara\u00e7\u00e3o alimentando a carga de trabalho com o grupo, ap\u00f3s o forte desejo do clube de refor\u00e7ar o meio-campo na reta final da \u00e9poca. O regresso aos treinos aconteceu pouco depois da conclus\u00e3o da transfer\u00eancia, com o jogador a demonstrar adaptabilidade ao estilo do FC Porto.<\/p>\n","protected":false},"excerpt":{"rendered":"<ul>\n<li>Seko Fofana, m\u00e9dio internacional pela Costa do Marfim, chega por empr\u00e9stimo do Rennes ao FC Porto at\u00e9 30 de junho de 2026, sem op\u00e7\u00e3o de compra.<\/li>\n<li>\u00c9 o \u00faltimo refor\u00e7o do FC Porto no mercado de inverno e j\u00e1 treinou pela primeira vez no Olival.<\/li>\n<li>O jogador integrou o plantel e participa na prepara\u00e7\u00e3o para o cl\u00e1ssico.<\/li>\n<li>A opera\u00e7\u00e3o visa refor\u00e7ar o meio-campo portista na segunda metade da \u00e9poca.<\/li>\n<li>A contrata\u00e7\u00e3o insere-se na estrat\u00e9gia do clube para fortalecer o meio-campo durante a temporada.<\/li>\n<\/ul>\n","protected":false},"author":2,"featured_media":194592,"comment_status":"closed","ping_status":"closed","sticky":false,"template":"","format":"standard","meta":{"footnotes":""},"categories":[21,24],"tags":[2044,2457,2028,32,457,1633],"class_list":["post-194589","post","type-post","status-publish","format-standard","has-post-thumbnail","hentry","category-desporto","category-futebol","tag-costa-do-marfim","tag-emprestimos","tag-fc-porto","tag-futebol","tag-liga-portugal","tag-transferencias-internacionais"],"yoast_head":"<!-- This site is optimized with the Yoast SEO plugin v27.2 - https:\/\/yoast.com\/product\/yoast-seo-wordpress\/ -->\n<title>Seko Fofana, acionista do Lens, refor\u00e7a o FC Porto - Portal Tela Portugal<\/title>\n<meta name=\"robots\" content=\"index, follow, max-snippet:-1, max-image-preview:large, max-video-preview:-1\" \/>\n<meta property=\"og:locale\" content=\"pt_PT\" \/>\n<meta property=\"og:type\" content=\"article\" \/>\n<meta property=\"og:title\" content=\"Seko Fofana, acionista do Lens, refor\u00e7a o FC Porto - Portal Tela Portugal\" \/>\n<meta property=\"og:description\" content=\"Seko Fofana, m\u00e9dio internacional pela Costa do Marfim, chega por empr\u00e9stimo do Rennes ao FC Porto at\u00e9 30 de junho de 2026, sem op\u00e7\u00e3o de compra. \u00c9 o \u00faltimo refor\u00e7o do FC Porto no mercado de inverno e j\u00e1 treinou pela primeira vez no Olival. O jogador integrou o plantel e participa na prepara\u00e7\u00e3o para o cl\u00e1ssico. A opera\u00e7\u00e3o visa refor\u00e7ar o meio-campo portista na segunda metade da \u00e9poca. A contrata\u00e7\u00e3o insere-se na estrat\u00e9gia do clube para fortalecer o meio-campo durante a temporada.\" \/>\n<meta property=\"og:url\" content=\"https:\/\/portaltela.pt\/noticias\/2026\/02\/03\/seko-fofana-acionista-do-lens-reforca-o-fc-porto\/\" \/>\n<meta property=\"og:site_name\" content=\"Portal Tela Portugal\" \/>\n<meta property=\"article:published_time\" content=\"2026-02-03T17:59:35+00:00\" \/>\n<meta name=\"author\" content=\"Telinha\" \/>\n<meta name=\"twitter:card\" content=\"summary_large_image\" \/>\n<meta name=\"twitter:label1\" content=\"Escrito por\" \/>\n\t<meta name=\"twitter:data1\" content=\"Telinha\" \/>\n\t<meta name=\"twitter:label2\" content=\"Tempo estimado de leitura\" \/>\n\t<meta name=\"twitter:data2\" content=\"1 minuto\" \/>\n<script type=\"application\/ld+json\" class=\"yoast-schema-graph\">{\"@context\":\"https:\/\/schema.org\",\"@graph\":[{\"@type\":\"Article\",\"@id\":\"https:\/\/portaltela.pt\/noticias\/2026\/02\/03\/seko-fofana-acionista-do-lens-reforca-o-fc-porto\/#article\",\"isPartOf\":{\"@id\":\"https:\/\/portaltela.pt\/noticias\/2026\/02\/03\/seko-fofana-acionista-do-lens-reforca-o-fc-porto\/\"},\"author\":{\"name\":\"Telinha\",\"@id\":\"https:\/\/portaltela.pt\/#\/schema\/person\/c4278d4a6028830caff9ee44b42d32ed\"},\"headline\":\"Seko Fofana, acionista do Lens, refor\u00e7a o FC Porto\",\"datePublished\":\"2026-02-03T17:59:35+00:00\",\"mainEntityOfPage\":{\"@id\":\"https:\/\/portaltela.pt\/noticias\/2026\/02\/03\/seko-fofana-acionista-do-lens-reforca-o-fc-porto\/\"},\"wordCount\":166,\"image\":{\"@id\":\"https:\/\/portaltela.pt\/noticias\/2026\/02\/03\/seko-fofana-acionista-do-lens-reforca-o-fc-porto\/#primaryimage\"},\"thumbnailUrl\":\"https:\/\/portaltela.pt\/s.01k8rhncp4jt1\/2026\/02\/img_920x518uu2026-02-03-17-55-57-2419318-im-639057382082738285.jpg\",\"keywords\":[\"Costa do Marfim\",\"empr\u00e9stimos\",\"FC Porto\",\"futebol\",\"Liga Portugal\",\"transfer\u00eancias internacionais\"],\"articleSection\":[\"Desporto\",\"Futebol\"],\"inLanguage\":\"pt-PT\"},{\"@type\":\"WebPage\",\"@id\":\"https:\/\/portaltela.pt\/noticias\/2026\/02\/03\/seko-fofana-acionista-do-lens-reforca-o-fc-porto\/\",\"url\":\"https:\/\/portaltela.pt\/noticias\/2026\/02\/03\/seko-fofana-acionista-do-lens-reforca-o-fc-porto\/\",\"name\":\"Seko Fofana, acionista do Lens, refor\u00e7a o FC Porto - Portal Tela Portugal\",\"isPartOf\":{\"@id\":\"https:\/\/portaltela.pt\/#website\"},\"primaryImageOfPage\":{\"@id\":\"https:\/\/portaltela.pt\/noticias\/2026\/02\/03\/seko-fofana-acionista-do-lens-reforca-o-fc-porto\/#primaryimage\"},\"image\":{\"@id\":\"https:\/\/portaltela.pt\/noticias\/2026\/02\/03\/seko-fofana-acionista-do-lens-reforca-o-fc-porto\/#primaryimage\"},\"thumbnailUrl\":\"https:\/\/portaltela.pt\/s.01k8rhncp4jt1\/2026\/02\/img_920x518uu2026-02-03-17-55-57-2419318-im-639057382082738285.jpg\",\"datePublished\":\"2026-02-03T17:59:35+00:00\",\"author\":{\"@id\":\"https:\/\/portaltela.pt\/#\/schema\/person\/c4278d4a6028830caff9ee44b42d32ed\"},\"breadcrumb\":{\"@id\":\"https:\/\/portaltela.pt\/noticias\/2026\/02\/03\/seko-fofana-acionista-do-lens-reforca-o-fc-porto\/#breadcrumb\"},\"inLanguage\":\"pt-PT\",\"potentialAction\":[{\"@type\":\"ReadAction\",\"target\":[\"https:\/\/portaltela.pt\/noticias\/2026\/02\/03\/seko-fofana-acionista-do-lens-reforca-o-fc-porto\/\"]}]},{\"@type\":\"ImageObject\",\"inLanguage\":\"pt-PT\",\"@id\":\"https:\/\/portaltela.pt\/noticias\/2026\/02\/03\/seko-fofana-acionista-do-lens-reforca-o-fc-porto\/#primaryimage\",\"url\":\"https:\/\/portaltela.pt\/s.01k8rhncp4jt1\/2026\/02\/img_920x518uu2026-02-03-17-55-57-2419318-im-639057382082738285.jpg\",\"contentUrl\":\"https:\/\/portaltela.pt\/s.01k8rhncp4jt1\/2026\/02\/img_920x518uu2026-02-03-17-55-57-2419318-im-639057382082738285.jpg\",\"width\":796,\"height\":448,\"caption\":\"Seko Fofana chegou ao FC Porto na reta final do mercado de inverno\"},{\"@type\":\"BreadcrumbList\",\"@id\":\"https:\/\/portaltela.pt\/noticias\/2026\/02\/03\/seko-fofana-acionista-do-lens-reforca-o-fc-porto\/#breadcrumb\",\"itemListElement\":[{\"@type\":\"ListItem\",\"position\":1,\"name\":\"In\u00edcio\",\"item\":\"https:\/\/portaltela.pt\/\"},{\"@type\":\"ListItem\",\"position\":2,\"name\":\"Seko Fofana, acionista do Lens, refor\u00e7a o FC Porto\"}]},{\"@type\":\"WebSite\",\"@id\":\"https:\/\/portaltela.pt\/#website\",\"url\":\"https:\/\/portaltela.pt\/\",\"name\":\"Portal Tela Portugal\",\"description\":\"\",\"potentialAction\":[{\"@type\":\"SearchAction\",\"target\":{\"@type\":\"EntryPoint\",\"urlTemplate\":\"https:\/\/portaltela.pt\/?s={search_term_string}\"},\"query-input\":{\"@type\":\"PropertyValueSpecification\",\"valueRequired\":true,\"valueName\":\"search_term_string\"}}],\"inLanguage\":\"pt-PT\"},{\"@type\":\"Person\",\"@id\":\"https:\/\/portaltela.pt\/#\/schema\/person\/c4278d4a6028830caff9ee44b42d32ed\",\"name\":\"Telinha\",\"image\":{\"@type\":\"ImageObject\",\"inLanguage\":\"pt-PT\",\"@id\":\"https:\/\/portaltela.pt\/s.01k8rhncp4jt1\/2025\/11\/talking-bot-125x125.png\",\"url\":\"https:\/\/portaltela.pt\/s.01k8rhncp4jt1\/2025\/11\/talking-bot-125x125.png\",\"contentUrl\":\"https:\/\/portaltela.pt\/s.01k8rhncp4jt1\/2025\/11\/talking-bot-125x125.png\",\"caption\":\"Telinha\"},\"sameAs\":[\"https:\/\/portaltela.pt\/\"],\"url\":\"https:\/\/portaltela.pt\/por\/367410592786\/\"}]}<\/script>\n<!-- \/ Yoast SEO plugin. -->","yoast_head_json":{"title":"Seko Fofana, acionista do Lens, refor\u00e7a o FC Porto - Portal Tela Portugal","robots":{"index":"index","follow":"follow","max-snippet":"max-snippet:-1","max-image-preview":"max-image-preview:large","max-video-preview":"max-video-preview:-1"},"og_locale":"pt_PT","og_type":"article","og_title":"Seko Fofana, acionista do Lens, refor\u00e7a o FC Porto - Portal Tela Portugal","og_description":"Seko Fofana, m\u00e9dio internacional pela Costa do Marfim, chega por empr\u00e9stimo do Rennes ao FC Porto at\u00e9 30 de junho de 2026, sem op\u00e7\u00e3o de compra. \u00c9 o \u00faltimo refor\u00e7o do FC Porto no mercado de inverno e j\u00e1 treinou pela primeira vez no Olival. O jogador integrou o plantel e participa na prepara\u00e7\u00e3o para o cl\u00e1ssico. A opera\u00e7\u00e3o visa refor\u00e7ar o meio-campo portista na segunda metade da \u00e9poca. A contrata\u00e7\u00e3o insere-se na estrat\u00e9gia do clube para fortalecer o meio-campo durante a temporada.","og_url":"https:\/\/portaltela.pt\/noticias\/2026\/02\/03\/seko-fofana-acionista-do-lens-reforca-o-fc-porto\/","og_site_name":"Portal Tela Portugal","article_published_time":"2026-02-03T17:59:35+00:00","author":"Telinha","twitter_card":"summary_large_image","twitter_misc":{"Escrito por":"Telinha","Tempo estimado de leitura":"1 minuto"},"schema":{"@context":"https:\/\/schema.org","@graph":[{"@type":"Article","@id":"https:\/\/portaltela.pt\/noticias\/2026\/02\/03\/seko-fofana-acionista-do-lens-reforca-o-fc-porto\/#article","isPartOf":{"@id":"https:\/\/portaltela.pt\/noticias\/2026\/02\/03\/seko-fofana-acionista-do-lens-reforca-o-fc-porto\/"},"author":{"name":"Telinha","@id":"https:\/\/portaltela.pt\/#\/schema\/person\/c4278d4a6028830caff9ee44b42d32ed"},"headline":"Seko Fofana, acionista do Lens, refor\u00e7a o FC Porto","datePublished":"2026-02-03T17:59:35+00:00","mainEntityOfPage":{"@id":"https:\/\/portaltela.pt\/noticias\/2026\/02\/03\/seko-fofana-acionista-do-lens-reforca-o-fc-porto\/"},"wordCount":166,"image":{"@id":"https:\/\/portaltela.pt\/noticias\/2026\/02\/03\/seko-fofana-acionista-do-lens-reforca-o-fc-porto\/#primaryimage"},"thumbnailUrl":"https:\/\/portaltela.pt\/s.01k8rhncp4jt1\/2026\/02\/img_920x518uu2026-02-03-17-55-57-2419318-im-639057382082738285.jpg","keywords":["Costa do Marfim","empr\u00e9stimos","FC Porto","futebol","Liga Portugal","transfer\u00eancias internacionais"],"articleSection":["Desporto","Futebol"],"inLanguage":"pt-PT"},{"@type":"WebPage","@id":"https:\/\/portaltela.pt\/noticias\/2026\/02\/03\/seko-fofana-acionista-do-lens-reforca-o-fc-porto\/","url":"https:\/\/portaltela.pt\/noticias\/2026\/02\/03\/seko-fofana-acionista-do-lens-reforca-o-fc-porto\/","name":"Seko Fofana, acionista do Lens, refor\u00e7a o FC Porto - Portal Tela Portugal","isPartOf":{"@id":"https:\/\/portaltela.pt\/#website"},"primaryImageOfPage":{"@id":"https:\/\/portaltela.pt\/noticias\/2026\/02\/03\/seko-fofana-acionista-do-lens-reforca-o-fc-porto\/#primaryimage"},"image":{"@id":"https:\/\/portaltela.pt\/noticias\/2026\/02\/03\/seko-fofana-acionista-do-lens-reforca-o-fc-porto\/#primaryimage"},"thumbnailUrl":"https:\/\/portaltela.pt\/s.01k8rhncp4jt1\/2026\/02\/img_920x518uu2026-02-03-17-55-57-2419318-im-639057382082738285.jpg","datePublished":"2026-02-03T17:59:35+00:00","author":{"@id":"https:\/\/portaltela.pt\/#\/schema\/person\/c4278d4a6028830caff9ee44b42d32ed"},"breadcrumb":{"@id":"https:\/\/portaltela.pt\/noticias\/2026\/02\/03\/seko-fofana-acionista-do-lens-reforca-o-fc-porto\/#breadcrumb"},"inLanguage":"pt-PT","potentialAction":[{"@type":"ReadAction","target":["https:\/\/portaltela.pt\/noticias\/2026\/02\/03\/seko-fofana-acionista-do-lens-reforca-o-fc-porto\/"]}]},{"@type":"ImageObject","inLanguage":"pt-PT","@id":"https:\/\/portaltela.pt\/noticias\/2026\/02\/03\/seko-fofana-acionista-do-lens-reforca-o-fc-porto\/#primaryimage","url":"https:\/\/portaltela.pt\/s.01k8rhncp4jt1\/2026\/02\/img_920x518uu2026-02-03-17-55-57-2419318-im-639057382082738285.jpg","contentUrl":"https:\/\/portaltela.pt\/s.01k8rhncp4jt1\/2026\/02\/img_920x518uu2026-02-03-17-55-57-2419318-im-639057382082738285.jpg","width":796,"height":448,"caption":"Seko Fofana chegou ao FC Porto na reta final do mercado de inverno"},{"@type":"BreadcrumbList","@id":"https:\/\/portaltela.pt\/noticias\/2026\/02\/03\/seko-fofana-acionista-do-lens-reforca-o-fc-porto\/#breadcrumb","itemListElement":[{"@type":"ListItem","position":1,"name":"In\u00edcio","item":"https:\/\/portaltela.pt\/"},{"@type":"ListItem","position":2,"name":"Seko Fofana, acionista do Lens, refor\u00e7a o FC Porto"}]},{"@type":"WebSite","@id":"https:\/\/portaltela.pt\/#website","url":"https:\/\/portaltela.pt\/","name":"Portal Tela Portugal","description":"","potentialAction":[{"@type":"SearchAction","target":{"@type":"EntryPoint","urlTemplate":"https:\/\/portaltela.pt\/?s={search_term_string}"},"query-input":{"@type":"PropertyValueSpecification","valueRequired":true,"valueName":"search_term_string"}}],"inLanguage":"pt-PT"},{"@type":"Person","@id":"https:\/\/portaltela.pt\/#\/schema\/person\/c4278d4a6028830caff9ee44b42d32ed","name":"Telinha","image":{"@type":"ImageObject","inLanguage":"pt-PT","@id":"https:\/\/portaltela.pt\/s.01k8rhncp4jt1\/2025\/11\/talking-bot-125x125.png","url":"https:\/\/portaltela.pt\/s.01k8rhncp4jt1\/2025\/11\/talking-bot-125x125.png","contentUrl":"https:\/\/portaltela.pt\/s.01k8rhncp4jt1\/2025\/11\/talking-bot-125x125.png","caption":"Telinha"},"sameAs":["https:\/\/portaltela.pt\/"],"url":"https:\/\/portaltela.pt\/por\/367410592786\/"}]}},"_links":{"self":[{"href":"https:\/\/portaltela.pt\/api\/wp\/v2\/posts\/194589","targetHints":{"allow":["GET"]}}],"collection":[{"href":"https:\/\/portaltela.pt\/api\/wp\/v2\/posts"}],"about":[{"href":"https:\/\/portaltela.pt\/api\/wp\/v2\/types\/post"}],"author":[{"embeddable":true,"href":"https:\/\/portaltela.pt\/api\/wp\/v2\/users\/2"}],"replies":[{"embeddable":true,"href":"https:\/\/portaltela.pt\/api\/wp\/v2\/comments?post=194589"}],"version-history":[{"count":0,"href":"https:\/\/portaltela.pt\/api\/wp\/v2\/posts\/194589\/revisions"}],"wp:featuredmedia":[{"embeddable":true,"href":"https:\/\/portaltela.pt\/api\/wp\/v2\/media\/194592"}],"wp:attachment":[{"href":"https:\/\/portaltela.pt\/api\/wp\/v2\/media?parent=194589"}],"wp:term":[{"taxonomy":"category","embeddable":true,"href":"https:\/\/portaltela.pt\/api\/wp\/v2\/categories?post=194589"},{"taxonomy":"post_tag","embeddable":true,"href":"https:\/\/portaltela.pt\/api\/wp\/v2\/tags?post=194589"}],"curies":[{"name":"wp","href":"https:\/\/api.w.org\/{rel}","templated":true}]}}