{"id":194558,"date":"2026-02-03T14:47:00","date_gmt":"2026-02-03T17:47:00","guid":{"rendered":"https:\/\/portaltela.pt\/noticias\/2026\/02\/03\/camara-de-alvaiazere-considera-o-apoio-do-governo-um-bom-principio\/"},"modified":"2026-02-03T14:47:00","modified_gmt":"2026-02-03T17:47:00","slug":"camara-de-alvaiazere-considera-o-apoio-do-governo-um-bom-principio","status":"publish","type":"post","link":"https:\/\/portaltela.pt\/noticias\/2026\/02\/03\/camara-de-alvaiazere-considera-o-apoio-do-governo-um-bom-principio\/","title":{"rendered":"C\u00e2mara de Alvai\u00e1zere considera o apoio do Governo um bom princ\u00edpio"},"content":{"rendered":"<p>A C\u00e2mara Municipal de Alvai\u00e1zere defende que o apoio do Governo \u00e9 um bom princ\u00edpio para orientar pol\u00edticas p\u00fablicas locais. A posi\u00e7\u00e3o reflete a vis\u00e3o da autarquia sobre como as medidas nacionais podem influenciar o desenvolvimento da regi\u00e3o.<\/p>\n<p>Segundo o portal, a defesa do apoio governamental insere-se numa leitura favor\u00e1vel \u00e0 coopera\u00e7\u00e3o entre o munic\u00edpio e o governo central. A atualidade mant\u00e9m-se em vigil\u00e2ncia para entender impactos pr\u00e1ticos.<\/p>\n<p>O conte\u00fado completo n\u00e3o est\u00e1 dispon\u00edvel publicamente; encontra-se acess\u00edvel apenas a subscritores. Os detalhes, n\u00fameros e poss\u00edveis desdobramentos n\u00e3o foram divulgados nos materiais abertos.<\/p>\n","protected":false},"excerpt":{"rendered":"<ul>\n<li>A C\u00e2mara Municipal de Alvai\u00e1zere afirma que o apoio do Governo \u00e9 &#8220;um bom princ\u00edpio&#8221;.<\/li>\n<li>A not\u00edcia completa s\u00f3 est\u00e1 dispon\u00edvel para subscritores.<\/li>\n<li>No trecho dispon\u00edvel n\u00e3o foram divulgados detalhes adicionais.<\/li>\n<\/ul>\n","protected":false},"author":2,"featured_media":194562,"comment_status":"closed","ping_status":"closed","sticky":false,"template":"","format":"standard","meta":{"footnotes":""},"categories":[1],"tags":[168,4941,703,4654,34,229],"class_list":["post-194558","post","type-post","status-publish","format-standard","has-post-thumbnail","hentry","category-noticias","tag-administracao-publica","tag-alvaiazere","tag-camara","tag-cooperacao-institucional","tag-governo","tag-politica-publica"],"yoast_head":"<!-- This site is optimized with the Yoast SEO plugin v27.2 - https:\/\/yoast.com\/product\/yoast-seo-wordpress\/ -->\n<title>C\u00e2mara de Alvai\u00e1zere considera o apoio do Governo um bom princ\u00edpio - Portal Tela Portugal<\/title>\n<meta name=\"robots\" content=\"index, follow, max-snippet:-1, max-image-preview:large, max-video-preview:-1\" \/>\n<meta property=\"og:locale\" content=\"pt_PT\" \/>\n<meta property=\"og:type\" content=\"article\" \/>\n<meta property=\"og:title\" content=\"C\u00e2mara de Alvai\u00e1zere considera o apoio do Governo um bom princ\u00edpio - Portal Tela Portugal\" \/>\n<meta property=\"og:description\" content=\"A C\u00e2mara Municipal de Alvai\u00e1zere afirma que o apoio do Governo \u00e9 &quot;um bom princ\u00edpio&quot;. A not\u00edcia completa s\u00f3 est\u00e1 dispon\u00edvel para subscritores. No trecho dispon\u00edvel n\u00e3o foram divulgados detalhes adicionais.\" \/>\n<meta property=\"og:url\" content=\"https:\/\/portaltela.pt\/noticias\/2026\/02\/03\/camara-de-alvaiazere-considera-o-apoio-do-governo-um-bom-principio\/\" \/>\n<meta property=\"og:site_name\" content=\"Portal Tela Portugal\" \/>\n<meta property=\"article:published_time\" content=\"2026-02-03T17:47:00+00:00\" \/>\n<meta name=\"author\" content=\"Telinha\" \/>\n<meta name=\"twitter:card\" content=\"summary_large_image\" \/>\n<meta name=\"twitter:label1\" content=\"Escrito por\" \/>\n\t<meta name=\"twitter:data1\" content=\"Telinha\" \/>\n\t<meta name=\"twitter:label2\" content=\"Tempo estimado de leitura\" \/>\n\t<meta name=\"twitter:data2\" content=\"1 minuto\" \/>\n<script type=\"application\/ld+json\" class=\"yoast-schema-graph\">{\"@context\":\"https:\/\/schema.org\",\"@graph\":[{\"@type\":\"Article\",\"@id\":\"https:\/\/portaltela.pt\/noticias\/2026\/02\/03\/camara-de-alvaiazere-considera-o-apoio-do-governo-um-bom-principio\/#article\",\"isPartOf\":{\"@id\":\"https:\/\/portaltela.pt\/noticias\/2026\/02\/03\/camara-de-alvaiazere-considera-o-apoio-do-governo-um-bom-principio\/\"},\"author\":{\"name\":\"Telinha\",\"@id\":\"https:\/\/portaltela.pt\/#\/schema\/person\/c4278d4a6028830caff9ee44b42d32ed\"},\"headline\":\"C\u00e2mara de Alvai\u00e1zere considera o apoio do Governo um bom princ\u00edpio\",\"datePublished\":\"2026-02-03T17:47:00+00:00\",\"mainEntityOfPage\":{\"@id\":\"https:\/\/portaltela.pt\/noticias\/2026\/02\/03\/camara-de-alvaiazere-considera-o-apoio-do-governo-um-bom-principio\/\"},\"wordCount\":125,\"image\":{\"@id\":\"https:\/\/portaltela.pt\/noticias\/2026\/02\/03\/camara-de-alvaiazere-considera-o-apoio-do-governo-um-bom-principio\/#primaryimage\"},\"thumbnailUrl\":\"https:\/\/portaltela.pt\/s.01k8rhncp4jt1\/2026\/02\/CACHE_780X1200_ANALOG_WATERMARKED_46481926_5237849_03022026030559.jpg\",\"keywords\":[\"administra\u00e7\u00e3o p\u00fablica\",\"Alvai\u00e1zere\",\"c\u00e2mara\",\"coopera\u00e7\u00e3o institucional\",\"governo\",\"pol\u00edtica p\u00fablica\"],\"articleSection\":[\"Not\u00edcias\"],\"inLanguage\":\"pt-PT\"},{\"@type\":\"WebPage\",\"@id\":\"https:\/\/portaltela.pt\/noticias\/2026\/02\/03\/camara-de-alvaiazere-considera-o-apoio-do-governo-um-bom-principio\/\",\"url\":\"https:\/\/portaltela.pt\/noticias\/2026\/02\/03\/camara-de-alvaiazere-considera-o-apoio-do-governo-um-bom-principio\/\",\"name\":\"C\u00e2mara de Alvai\u00e1zere considera o apoio do Governo um bom princ\u00edpio - Portal Tela Portugal\",\"isPartOf\":{\"@id\":\"https:\/\/portaltela.pt\/#website\"},\"primaryImageOfPage\":{\"@id\":\"https:\/\/portaltela.pt\/noticias\/2026\/02\/03\/camara-de-alvaiazere-considera-o-apoio-do-governo-um-bom-principio\/#primaryimage\"},\"image\":{\"@id\":\"https:\/\/portaltela.pt\/noticias\/2026\/02\/03\/camara-de-alvaiazere-considera-o-apoio-do-governo-um-bom-principio\/#primaryimage\"},\"thumbnailUrl\":\"https:\/\/portaltela.pt\/s.01k8rhncp4jt1\/2026\/02\/CACHE_780X1200_ANALOG_WATERMARKED_46481926_5237849_03022026030559.jpg\",\"datePublished\":\"2026-02-03T17:47:00+00:00\",\"author\":{\"@id\":\"https:\/\/portaltela.pt\/#\/schema\/person\/c4278d4a6028830caff9ee44b42d32ed\"},\"breadcrumb\":{\"@id\":\"https:\/\/portaltela.pt\/noticias\/2026\/02\/03\/camara-de-alvaiazere-considera-o-apoio-do-governo-um-bom-principio\/#breadcrumb\"},\"inLanguage\":\"pt-PT\",\"potentialAction\":[{\"@type\":\"ReadAction\",\"target\":[\"https:\/\/portaltela.pt\/noticias\/2026\/02\/03\/camara-de-alvaiazere-considera-o-apoio-do-governo-um-bom-principio\/\"]}]},{\"@type\":\"ImageObject\",\"inLanguage\":\"pt-PT\",\"@id\":\"https:\/\/portaltela.pt\/noticias\/2026\/02\/03\/camara-de-alvaiazere-considera-o-apoio-do-governo-um-bom-principio\/#primaryimage\",\"url\":\"https:\/\/portaltela.pt\/s.01k8rhncp4jt1\/2026\/02\/CACHE_780X1200_ANALOG_WATERMARKED_46481926_5237849_03022026030559.jpg\",\"contentUrl\":\"https:\/\/portaltela.pt\/s.01k8rhncp4jt1\/2026\/02\/CACHE_780X1200_ANALOG_WATERMARKED_46481926_5237849_03022026030559.jpg\",\"width\":796,\"height\":448,\"caption\":\"C\u00e2mara de Alvai\u00e1zere defende que apoio do Governo \u00e9 \u201cum bom princ\u00edpio\u201d\"},{\"@type\":\"BreadcrumbList\",\"@id\":\"https:\/\/portaltela.pt\/noticias\/2026\/02\/03\/camara-de-alvaiazere-considera-o-apoio-do-governo-um-bom-principio\/#breadcrumb\",\"itemListElement\":[{\"@type\":\"ListItem\",\"position\":1,\"name\":\"In\u00edcio\",\"item\":\"https:\/\/portaltela.pt\/\"},{\"@type\":\"ListItem\",\"position\":2,\"name\":\"C\u00e2mara de Alvai\u00e1zere considera o apoio do Governo um bom princ\u00edpio\"}]},{\"@type\":\"WebSite\",\"@id\":\"https:\/\/portaltela.pt\/#website\",\"url\":\"https:\/\/portaltela.pt\/\",\"name\":\"Portal Tela Portugal\",\"description\":\"\",\"potentialAction\":[{\"@type\":\"SearchAction\",\"target\":{\"@type\":\"EntryPoint\",\"urlTemplate\":\"https:\/\/portaltela.pt\/?s={search_term_string}\"},\"query-input\":{\"@type\":\"PropertyValueSpecification\",\"valueRequired\":true,\"valueName\":\"search_term_string\"}}],\"inLanguage\":\"pt-PT\"},{\"@type\":\"Person\",\"@id\":\"https:\/\/portaltela.pt\/#\/schema\/person\/c4278d4a6028830caff9ee44b42d32ed\",\"name\":\"Telinha\",\"image\":{\"@type\":\"ImageObject\",\"inLanguage\":\"pt-PT\",\"@id\":\"https:\/\/portaltela.pt\/s.01k8rhncp4jt1\/2025\/11\/talking-bot-125x125.png\",\"url\":\"https:\/\/portaltela.pt\/s.01k8rhncp4jt1\/2025\/11\/talking-bot-125x125.png\",\"contentUrl\":\"https:\/\/portaltela.pt\/s.01k8rhncp4jt1\/2025\/11\/talking-bot-125x125.png\",\"caption\":\"Telinha\"},\"sameAs\":[\"https:\/\/portaltela.pt\/\"],\"url\":\"https:\/\/portaltela.pt\/por\/367410592786\/\"}]}<\/script>\n<!-- \/ Yoast SEO plugin. -->","yoast_head_json":{"title":"C\u00e2mara de Alvai\u00e1zere considera o apoio do Governo um bom princ\u00edpio - Portal Tela Portugal","robots":{"index":"index","follow":"follow","max-snippet":"max-snippet:-1","max-image-preview":"max-image-preview:large","max-video-preview":"max-video-preview:-1"},"og_locale":"pt_PT","og_type":"article","og_title":"C\u00e2mara de Alvai\u00e1zere considera o apoio do Governo um bom princ\u00edpio - Portal Tela Portugal","og_description":"A C\u00e2mara Municipal de Alvai\u00e1zere afirma que o apoio do Governo \u00e9 \"um bom princ\u00edpio\". A not\u00edcia completa s\u00f3 est\u00e1 dispon\u00edvel para subscritores. No trecho dispon\u00edvel n\u00e3o foram divulgados detalhes adicionais.","og_url":"https:\/\/portaltela.pt\/noticias\/2026\/02\/03\/camara-de-alvaiazere-considera-o-apoio-do-governo-um-bom-principio\/","og_site_name":"Portal Tela Portugal","article_published_time":"2026-02-03T17:47:00+00:00","author":"Telinha","twitter_card":"summary_large_image","twitter_misc":{"Escrito por":"Telinha","Tempo estimado de leitura":"1 minuto"},"schema":{"@context":"https:\/\/schema.org","@graph":[{"@type":"Article","@id":"https:\/\/portaltela.pt\/noticias\/2026\/02\/03\/camara-de-alvaiazere-considera-o-apoio-do-governo-um-bom-principio\/#article","isPartOf":{"@id":"https:\/\/portaltela.pt\/noticias\/2026\/02\/03\/camara-de-alvaiazere-considera-o-apoio-do-governo-um-bom-principio\/"},"author":{"name":"Telinha","@id":"https:\/\/portaltela.pt\/#\/schema\/person\/c4278d4a6028830caff9ee44b42d32ed"},"headline":"C\u00e2mara de Alvai\u00e1zere considera o apoio do Governo um bom princ\u00edpio","datePublished":"2026-02-03T17:47:00+00:00","mainEntityOfPage":{"@id":"https:\/\/portaltela.pt\/noticias\/2026\/02\/03\/camara-de-alvaiazere-considera-o-apoio-do-governo-um-bom-principio\/"},"wordCount":125,"image":{"@id":"https:\/\/portaltela.pt\/noticias\/2026\/02\/03\/camara-de-alvaiazere-considera-o-apoio-do-governo-um-bom-principio\/#primaryimage"},"thumbnailUrl":"https:\/\/portaltela.pt\/s.01k8rhncp4jt1\/2026\/02\/CACHE_780X1200_ANALOG_WATERMARKED_46481926_5237849_03022026030559.jpg","keywords":["administra\u00e7\u00e3o p\u00fablica","Alvai\u00e1zere","c\u00e2mara","coopera\u00e7\u00e3o institucional","governo","pol\u00edtica p\u00fablica"],"articleSection":["Not\u00edcias"],"inLanguage":"pt-PT"},{"@type":"WebPage","@id":"https:\/\/portaltela.pt\/noticias\/2026\/02\/03\/camara-de-alvaiazere-considera-o-apoio-do-governo-um-bom-principio\/","url":"https:\/\/portaltela.pt\/noticias\/2026\/02\/03\/camara-de-alvaiazere-considera-o-apoio-do-governo-um-bom-principio\/","name":"C\u00e2mara de Alvai\u00e1zere considera o apoio do Governo um bom princ\u00edpio - Portal Tela Portugal","isPartOf":{"@id":"https:\/\/portaltela.pt\/#website"},"primaryImageOfPage":{"@id":"https:\/\/portaltela.pt\/noticias\/2026\/02\/03\/camara-de-alvaiazere-considera-o-apoio-do-governo-um-bom-principio\/#primaryimage"},"image":{"@id":"https:\/\/portaltela.pt\/noticias\/2026\/02\/03\/camara-de-alvaiazere-considera-o-apoio-do-governo-um-bom-principio\/#primaryimage"},"thumbnailUrl":"https:\/\/portaltela.pt\/s.01k8rhncp4jt1\/2026\/02\/CACHE_780X1200_ANALOG_WATERMARKED_46481926_5237849_03022026030559.jpg","datePublished":"2026-02-03T17:47:00+00:00","author":{"@id":"https:\/\/portaltela.pt\/#\/schema\/person\/c4278d4a6028830caff9ee44b42d32ed"},"breadcrumb":{"@id":"https:\/\/portaltela.pt\/noticias\/2026\/02\/03\/camara-de-alvaiazere-considera-o-apoio-do-governo-um-bom-principio\/#breadcrumb"},"inLanguage":"pt-PT","potentialAction":[{"@type":"ReadAction","target":["https:\/\/portaltela.pt\/noticias\/2026\/02\/03\/camara-de-alvaiazere-considera-o-apoio-do-governo-um-bom-principio\/"]}]},{"@type":"ImageObject","inLanguage":"pt-PT","@id":"https:\/\/portaltela.pt\/noticias\/2026\/02\/03\/camara-de-alvaiazere-considera-o-apoio-do-governo-um-bom-principio\/#primaryimage","url":"https:\/\/portaltela.pt\/s.01k8rhncp4jt1\/2026\/02\/CACHE_780X1200_ANALOG_WATERMARKED_46481926_5237849_03022026030559.jpg","contentUrl":"https:\/\/portaltela.pt\/s.01k8rhncp4jt1\/2026\/02\/CACHE_780X1200_ANALOG_WATERMARKED_46481926_5237849_03022026030559.jpg","width":796,"height":448,"caption":"C\u00e2mara de Alvai\u00e1zere defende que apoio do Governo \u00e9 \u201cum bom princ\u00edpio\u201d"},{"@type":"BreadcrumbList","@id":"https:\/\/portaltela.pt\/noticias\/2026\/02\/03\/camara-de-alvaiazere-considera-o-apoio-do-governo-um-bom-principio\/#breadcrumb","itemListElement":[{"@type":"ListItem","position":1,"name":"In\u00edcio","item":"https:\/\/portaltela.pt\/"},{"@type":"ListItem","position":2,"name":"C\u00e2mara de Alvai\u00e1zere considera o apoio do Governo um bom princ\u00edpio"}]},{"@type":"WebSite","@id":"https:\/\/portaltela.pt\/#website","url":"https:\/\/portaltela.pt\/","name":"Portal Tela Portugal","description":"","potentialAction":[{"@type":"SearchAction","target":{"@type":"EntryPoint","urlTemplate":"https:\/\/portaltela.pt\/?s={search_term_string}"},"query-input":{"@type":"PropertyValueSpecification","valueRequired":true,"valueName":"search_term_string"}}],"inLanguage":"pt-PT"},{"@type":"Person","@id":"https:\/\/portaltela.pt\/#\/schema\/person\/c4278d4a6028830caff9ee44b42d32ed","name":"Telinha","image":{"@type":"ImageObject","inLanguage":"pt-PT","@id":"https:\/\/portaltela.pt\/s.01k8rhncp4jt1\/2025\/11\/talking-bot-125x125.png","url":"https:\/\/portaltela.pt\/s.01k8rhncp4jt1\/2025\/11\/talking-bot-125x125.png","contentUrl":"https:\/\/portaltela.pt\/s.01k8rhncp4jt1\/2025\/11\/talking-bot-125x125.png","caption":"Telinha"},"sameAs":["https:\/\/portaltela.pt\/"],"url":"https:\/\/portaltela.pt\/por\/367410592786\/"}]}},"_links":{"self":[{"href":"https:\/\/portaltela.pt\/api\/wp\/v2\/posts\/194558","targetHints":{"allow":["GET"]}}],"collection":[{"href":"https:\/\/portaltela.pt\/api\/wp\/v2\/posts"}],"about":[{"href":"https:\/\/portaltela.pt\/api\/wp\/v2\/types\/post"}],"author":[{"embeddable":true,"href":"https:\/\/portaltela.pt\/api\/wp\/v2\/users\/2"}],"replies":[{"embeddable":true,"href":"https:\/\/portaltela.pt\/api\/wp\/v2\/comments?post=194558"}],"version-history":[{"count":0,"href":"https:\/\/portaltela.pt\/api\/wp\/v2\/posts\/194558\/revisions"}],"wp:featuredmedia":[{"embeddable":true,"href":"https:\/\/portaltela.pt\/api\/wp\/v2\/media\/194562"}],"wp:attachment":[{"href":"https:\/\/portaltela.pt\/api\/wp\/v2\/media?parent=194558"}],"wp:term":[{"taxonomy":"category","embeddable":true,"href":"https:\/\/portaltela.pt\/api\/wp\/v2\/categories?post=194558"},{"taxonomy":"post_tag","embeddable":true,"href":"https:\/\/portaltela.pt\/api\/wp\/v2\/tags?post=194558"}],"curies":[{"name":"wp","href":"https:\/\/api.w.org\/{rel}","templated":true}]}}