{"id":194523,"date":"2026-02-03T14:25:04","date_gmt":"2026-02-03T17:25:04","guid":{"rendered":"https:\/\/portaltela.pt\/noticias\/2026\/02\/03\/diabeticos-de-beja-convocados-para-rastreio-gratuito-a-retina\/"},"modified":"2026-02-03T14:25:04","modified_gmt":"2026-02-03T17:25:04","slug":"diabeticos-de-beja-convocados-para-rastreio-gratuito-a-retina","status":"publish","type":"post","link":"https:\/\/portaltela.pt\/noticias\/2026\/02\/03\/diabeticos-de-beja-convocados-para-rastreio-gratuito-a-retina\/","title":{"rendered":"Diab\u00e9ticos de Beja convocados para rastreio gratuito \u00e0 retina"},"content":{"rendered":"<p>O Centro de Sa\u00fade de Beja lan\u00e7ou uma campanha gratuita de rastreio da retinopatia diab\u00e9tica para utentes diab\u00e9ticos com mais de 12 anos, inscritos na Unidade de Cuidados de Sa\u00fade Personalizados (UCSP) de Beja. A iniciativa visa detetar precocemente a doen\u00e7a ocular associada ao diabetes.<\/p>\n<p>O rastreio, simples e indolor, \u00e9 realizado por um ortoptista atrav\u00e9s de uma retinografia, com as imagens enviadas para an\u00e1lise por m\u00e9dicos oftalmologistas. Caso haja altera\u00e7\u00f5es, o utente \u00e9 encaminhado de imediato para tratamento hospitalar.<\/p>\n<p>A retinopatia pode causar perda de vis\u00e3o, especialmente se fica sem diagn\u00f3stico precoce. Por isso, o diagn\u00f3stico atempado funciona como a principal forma de evitar danos irrevers\u00edveis.<\/p>\n<p>A Unidade Local de Sa\u00fade apela aos diab\u00e9ticos convocados para n\u00e3o faltar ao agendamento, destacando que o rastreio \u00e9 a ferramenta mais eficaz para preservar a vis\u00e3o na regi\u00e3o alentejana.<\/p>\n","protected":false},"excerpt":{"rendered":"<ul>\n<li>O Centro de Sa\u00fade de Beja lan\u00e7ou uma campanha de rastreio gratuito da retinopatia diab\u00e9tica para utentes diab\u00e9ticos com mais de 12 anos inscritos na Unidade de Cuidados de Sa\u00fade Personalizados (UCSP) de Beja.<\/li>\n<li>O rastreio \u00e9 gratuito e envolve retinografia (fotografia do fundo do olho) realizada por um ortoptista, com an\u00e1lise por m\u00e9dicos oftalmologistas.<\/li>\n<li>Se forem detetadas altera\u00e7\u00f5es, o utente \u00e9 encaminhado de imediato para tratamento hospitalar.<\/li>\n<li>A doen\u00e7a \u00e9 silenciosa nas fases iniciais, pelo que o diagn\u00f3stico precoce evita danos irrevers\u00edveis na vis\u00e3o.<\/li>\n<li>A Unidade Local de Sa\u00fade pede aos diab\u00e9ticos convocados que n\u00e3o faltem ao agendamento, refor\u00e7ando que o rastreio \u00e9 a ferramenta mais eficaz para evitar a perda de vis\u00e3o na regi\u00e3o do Alentejo.<\/li>\n<\/ul>\n","protected":false},"author":2,"featured_media":194525,"comment_status":"closed","ping_status":"closed","sticky":false,"template":"","format":"standard","meta":{"footnotes":""},"categories":[1],"tags":[883,943,3631,3884,172],"class_list":["post-194523","post","type-post","status-publish","format-standard","has-post-thumbnail","hentry","category-noticias","tag-alentejo","tag-beja","tag-diabeticos","tag-retinopatia-diabetica","tag-saude"],"yoast_head":"<!-- This site is optimized with the Yoast SEO plugin v27.2 - https:\/\/yoast.com\/product\/yoast-seo-wordpress\/ -->\n<title>Diab\u00e9ticos de Beja convocados para rastreio gratuito \u00e0 retina - Portal Tela Portugal<\/title>\n<meta name=\"robots\" content=\"index, follow, max-snippet:-1, max-image-preview:large, max-video-preview:-1\" \/>\n<meta property=\"og:locale\" content=\"pt_PT\" \/>\n<meta property=\"og:type\" content=\"article\" \/>\n<meta property=\"og:title\" content=\"Diab\u00e9ticos de Beja convocados para rastreio gratuito \u00e0 retina - Portal Tela Portugal\" \/>\n<meta property=\"og:description\" content=\"O Centro de Sa\u00fade de Beja lan\u00e7ou uma campanha de rastreio gratuito da retinopatia diab\u00e9tica para utentes diab\u00e9ticos com mais de 12 anos inscritos na Unidade de Cuidados de Sa\u00fade Personalizados (UCSP) de Beja. O rastreio \u00e9 gratuito e envolve retinografia (fotografia do fundo do olho) realizada por um ortoptista, com an\u00e1lise por m\u00e9dicos oftalmologistas. Se forem detetadas altera\u00e7\u00f5es, o utente \u00e9 encaminhado de imediato para tratamento hospitalar. A doen\u00e7a \u00e9 silenciosa nas fases iniciais, pelo que o diagn\u00f3stico precoce evita danos irrevers\u00edveis na vis\u00e3o. A Unidade Local de Sa\u00fade pede aos diab\u00e9ticos convocados que n\u00e3o faltem ao agendamento, refor\u00e7ando que o rastreio \u00e9 a ferramenta mais eficaz para evitar a perda de vis\u00e3o na regi\u00e3o do Alentejo.\" \/>\n<meta property=\"og:url\" content=\"https:\/\/portaltela.pt\/noticias\/2026\/02\/03\/diabeticos-de-beja-convocados-para-rastreio-gratuito-a-retina\/\" \/>\n<meta property=\"og:site_name\" content=\"Portal Tela Portugal\" \/>\n<meta property=\"article:published_time\" content=\"2026-02-03T17:25:04+00:00\" \/>\n<meta name=\"author\" content=\"Telinha\" \/>\n<meta name=\"twitter:card\" content=\"summary_large_image\" \/>\n<meta name=\"twitter:label1\" content=\"Escrito por\" \/>\n\t<meta name=\"twitter:data1\" content=\"Telinha\" \/>\n\t<meta name=\"twitter:label2\" content=\"Tempo estimado de leitura\" \/>\n\t<meta name=\"twitter:data2\" content=\"1 minuto\" \/>\n<script type=\"application\/ld+json\" class=\"yoast-schema-graph\">{\"@context\":\"https:\/\/schema.org\",\"@graph\":[{\"@type\":\"Article\",\"@id\":\"https:\/\/portaltela.pt\/noticias\/2026\/02\/03\/diabeticos-de-beja-convocados-para-rastreio-gratuito-a-retina\/#article\",\"isPartOf\":{\"@id\":\"https:\/\/portaltela.pt\/noticias\/2026\/02\/03\/diabeticos-de-beja-convocados-para-rastreio-gratuito-a-retina\/\"},\"author\":{\"name\":\"Telinha\",\"@id\":\"https:\/\/portaltela.pt\/#\/schema\/person\/c4278d4a6028830caff9ee44b42d32ed\"},\"headline\":\"Diab\u00e9ticos de Beja convocados para rastreio gratuito \u00e0 retina\",\"datePublished\":\"2026-02-03T17:25:04+00:00\",\"mainEntityOfPage\":{\"@id\":\"https:\/\/portaltela.pt\/noticias\/2026\/02\/03\/diabeticos-de-beja-convocados-para-rastreio-gratuito-a-retina\/\"},\"wordCount\":161,\"image\":{\"@id\":\"https:\/\/portaltela.pt\/noticias\/2026\/02\/03\/diabeticos-de-beja-convocados-para-rastreio-gratuito-a-retina\/#primaryimage\"},\"thumbnailUrl\":\"https:\/\/portaltela.pt\/s.01k8rhncp4jt1\/2026\/02\/unnamed-file-919.jpg\",\"keywords\":[\"Alentejo\",\"Beja\",\"diab\u00e9ticos\",\"retinopatia diab\u00e9tica\",\"sa\u00fade\"],\"articleSection\":[\"Not\u00edcias\"],\"inLanguage\":\"pt-PT\"},{\"@type\":\"WebPage\",\"@id\":\"https:\/\/portaltela.pt\/noticias\/2026\/02\/03\/diabeticos-de-beja-convocados-para-rastreio-gratuito-a-retina\/\",\"url\":\"https:\/\/portaltela.pt\/noticias\/2026\/02\/03\/diabeticos-de-beja-convocados-para-rastreio-gratuito-a-retina\/\",\"name\":\"Diab\u00e9ticos de Beja convocados para rastreio gratuito \u00e0 retina - Portal Tela Portugal\",\"isPartOf\":{\"@id\":\"https:\/\/portaltela.pt\/#website\"},\"primaryImageOfPage\":{\"@id\":\"https:\/\/portaltela.pt\/noticias\/2026\/02\/03\/diabeticos-de-beja-convocados-para-rastreio-gratuito-a-retina\/#primaryimage\"},\"image\":{\"@id\":\"https:\/\/portaltela.pt\/noticias\/2026\/02\/03\/diabeticos-de-beja-convocados-para-rastreio-gratuito-a-retina\/#primaryimage\"},\"thumbnailUrl\":\"https:\/\/portaltela.pt\/s.01k8rhncp4jt1\/2026\/02\/unnamed-file-919.jpg\",\"datePublished\":\"2026-02-03T17:25:04+00:00\",\"author\":{\"@id\":\"https:\/\/portaltela.pt\/#\/schema\/person\/c4278d4a6028830caff9ee44b42d32ed\"},\"breadcrumb\":{\"@id\":\"https:\/\/portaltela.pt\/noticias\/2026\/02\/03\/diabeticos-de-beja-convocados-para-rastreio-gratuito-a-retina\/#breadcrumb\"},\"inLanguage\":\"pt-PT\",\"potentialAction\":[{\"@type\":\"ReadAction\",\"target\":[\"https:\/\/portaltela.pt\/noticias\/2026\/02\/03\/diabeticos-de-beja-convocados-para-rastreio-gratuito-a-retina\/\"]}]},{\"@type\":\"ImageObject\",\"inLanguage\":\"pt-PT\",\"@id\":\"https:\/\/portaltela.pt\/noticias\/2026\/02\/03\/diabeticos-de-beja-convocados-para-rastreio-gratuito-a-retina\/#primaryimage\",\"url\":\"https:\/\/portaltela.pt\/s.01k8rhncp4jt1\/2026\/02\/unnamed-file-919.jpg\",\"contentUrl\":\"https:\/\/portaltela.pt\/s.01k8rhncp4jt1\/2026\/02\/unnamed-file-919.jpg\",\"width\":796,\"height\":448,\"caption\":\"Sa\u00fade Ocular: Diab\u00e9ticos de Beja convocados para rastreio gratuito \u00e0 retina\"},{\"@type\":\"BreadcrumbList\",\"@id\":\"https:\/\/portaltela.pt\/noticias\/2026\/02\/03\/diabeticos-de-beja-convocados-para-rastreio-gratuito-a-retina\/#breadcrumb\",\"itemListElement\":[{\"@type\":\"ListItem\",\"position\":1,\"name\":\"In\u00edcio\",\"item\":\"https:\/\/portaltela.pt\/\"},{\"@type\":\"ListItem\",\"position\":2,\"name\":\"Diab\u00e9ticos de Beja convocados para rastreio gratuito \u00e0 retina\"}]},{\"@type\":\"WebSite\",\"@id\":\"https:\/\/portaltela.pt\/#website\",\"url\":\"https:\/\/portaltela.pt\/\",\"name\":\"Portal Tela Portugal\",\"description\":\"\",\"potentialAction\":[{\"@type\":\"SearchAction\",\"target\":{\"@type\":\"EntryPoint\",\"urlTemplate\":\"https:\/\/portaltela.pt\/?s={search_term_string}\"},\"query-input\":{\"@type\":\"PropertyValueSpecification\",\"valueRequired\":true,\"valueName\":\"search_term_string\"}}],\"inLanguage\":\"pt-PT\"},{\"@type\":\"Person\",\"@id\":\"https:\/\/portaltela.pt\/#\/schema\/person\/c4278d4a6028830caff9ee44b42d32ed\",\"name\":\"Telinha\",\"image\":{\"@type\":\"ImageObject\",\"inLanguage\":\"pt-PT\",\"@id\":\"https:\/\/portaltela.pt\/s.01k8rhncp4jt1\/2025\/11\/talking-bot-125x125.png\",\"url\":\"https:\/\/portaltela.pt\/s.01k8rhncp4jt1\/2025\/11\/talking-bot-125x125.png\",\"contentUrl\":\"https:\/\/portaltela.pt\/s.01k8rhncp4jt1\/2025\/11\/talking-bot-125x125.png\",\"caption\":\"Telinha\"},\"sameAs\":[\"https:\/\/portaltela.pt\/\"],\"url\":\"https:\/\/portaltela.pt\/por\/367410592786\/\"}]}<\/script>\n<!-- \/ Yoast SEO plugin. -->","yoast_head_json":{"title":"Diab\u00e9ticos de Beja convocados para rastreio gratuito \u00e0 retina - Portal Tela Portugal","robots":{"index":"index","follow":"follow","max-snippet":"max-snippet:-1","max-image-preview":"max-image-preview:large","max-video-preview":"max-video-preview:-1"},"og_locale":"pt_PT","og_type":"article","og_title":"Diab\u00e9ticos de Beja convocados para rastreio gratuito \u00e0 retina - Portal Tela Portugal","og_description":"O Centro de Sa\u00fade de Beja lan\u00e7ou uma campanha de rastreio gratuito da retinopatia diab\u00e9tica para utentes diab\u00e9ticos com mais de 12 anos inscritos na Unidade de Cuidados de Sa\u00fade Personalizados (UCSP) de Beja. O rastreio \u00e9 gratuito e envolve retinografia (fotografia do fundo do olho) realizada por um ortoptista, com an\u00e1lise por m\u00e9dicos oftalmologistas. Se forem detetadas altera\u00e7\u00f5es, o utente \u00e9 encaminhado de imediato para tratamento hospitalar. A doen\u00e7a \u00e9 silenciosa nas fases iniciais, pelo que o diagn\u00f3stico precoce evita danos irrevers\u00edveis na vis\u00e3o. A Unidade Local de Sa\u00fade pede aos diab\u00e9ticos convocados que n\u00e3o faltem ao agendamento, refor\u00e7ando que o rastreio \u00e9 a ferramenta mais eficaz para evitar a perda de vis\u00e3o na regi\u00e3o do Alentejo.","og_url":"https:\/\/portaltela.pt\/noticias\/2026\/02\/03\/diabeticos-de-beja-convocados-para-rastreio-gratuito-a-retina\/","og_site_name":"Portal Tela Portugal","article_published_time":"2026-02-03T17:25:04+00:00","author":"Telinha","twitter_card":"summary_large_image","twitter_misc":{"Escrito por":"Telinha","Tempo estimado de leitura":"1 minuto"},"schema":{"@context":"https:\/\/schema.org","@graph":[{"@type":"Article","@id":"https:\/\/portaltela.pt\/noticias\/2026\/02\/03\/diabeticos-de-beja-convocados-para-rastreio-gratuito-a-retina\/#article","isPartOf":{"@id":"https:\/\/portaltela.pt\/noticias\/2026\/02\/03\/diabeticos-de-beja-convocados-para-rastreio-gratuito-a-retina\/"},"author":{"name":"Telinha","@id":"https:\/\/portaltela.pt\/#\/schema\/person\/c4278d4a6028830caff9ee44b42d32ed"},"headline":"Diab\u00e9ticos de Beja convocados para rastreio gratuito \u00e0 retina","datePublished":"2026-02-03T17:25:04+00:00","mainEntityOfPage":{"@id":"https:\/\/portaltela.pt\/noticias\/2026\/02\/03\/diabeticos-de-beja-convocados-para-rastreio-gratuito-a-retina\/"},"wordCount":161,"image":{"@id":"https:\/\/portaltela.pt\/noticias\/2026\/02\/03\/diabeticos-de-beja-convocados-para-rastreio-gratuito-a-retina\/#primaryimage"},"thumbnailUrl":"https:\/\/portaltela.pt\/s.01k8rhncp4jt1\/2026\/02\/unnamed-file-919.jpg","keywords":["Alentejo","Beja","diab\u00e9ticos","retinopatia diab\u00e9tica","sa\u00fade"],"articleSection":["Not\u00edcias"],"inLanguage":"pt-PT"},{"@type":"WebPage","@id":"https:\/\/portaltela.pt\/noticias\/2026\/02\/03\/diabeticos-de-beja-convocados-para-rastreio-gratuito-a-retina\/","url":"https:\/\/portaltela.pt\/noticias\/2026\/02\/03\/diabeticos-de-beja-convocados-para-rastreio-gratuito-a-retina\/","name":"Diab\u00e9ticos de Beja convocados para rastreio gratuito \u00e0 retina - Portal Tela Portugal","isPartOf":{"@id":"https:\/\/portaltela.pt\/#website"},"primaryImageOfPage":{"@id":"https:\/\/portaltela.pt\/noticias\/2026\/02\/03\/diabeticos-de-beja-convocados-para-rastreio-gratuito-a-retina\/#primaryimage"},"image":{"@id":"https:\/\/portaltela.pt\/noticias\/2026\/02\/03\/diabeticos-de-beja-convocados-para-rastreio-gratuito-a-retina\/#primaryimage"},"thumbnailUrl":"https:\/\/portaltela.pt\/s.01k8rhncp4jt1\/2026\/02\/unnamed-file-919.jpg","datePublished":"2026-02-03T17:25:04+00:00","author":{"@id":"https:\/\/portaltela.pt\/#\/schema\/person\/c4278d4a6028830caff9ee44b42d32ed"},"breadcrumb":{"@id":"https:\/\/portaltela.pt\/noticias\/2026\/02\/03\/diabeticos-de-beja-convocados-para-rastreio-gratuito-a-retina\/#breadcrumb"},"inLanguage":"pt-PT","potentialAction":[{"@type":"ReadAction","target":["https:\/\/portaltela.pt\/noticias\/2026\/02\/03\/diabeticos-de-beja-convocados-para-rastreio-gratuito-a-retina\/"]}]},{"@type":"ImageObject","inLanguage":"pt-PT","@id":"https:\/\/portaltela.pt\/noticias\/2026\/02\/03\/diabeticos-de-beja-convocados-para-rastreio-gratuito-a-retina\/#primaryimage","url":"https:\/\/portaltela.pt\/s.01k8rhncp4jt1\/2026\/02\/unnamed-file-919.jpg","contentUrl":"https:\/\/portaltela.pt\/s.01k8rhncp4jt1\/2026\/02\/unnamed-file-919.jpg","width":796,"height":448,"caption":"Sa\u00fade Ocular: Diab\u00e9ticos de Beja convocados para rastreio gratuito \u00e0 retina"},{"@type":"BreadcrumbList","@id":"https:\/\/portaltela.pt\/noticias\/2026\/02\/03\/diabeticos-de-beja-convocados-para-rastreio-gratuito-a-retina\/#breadcrumb","itemListElement":[{"@type":"ListItem","position":1,"name":"In\u00edcio","item":"https:\/\/portaltela.pt\/"},{"@type":"ListItem","position":2,"name":"Diab\u00e9ticos de Beja convocados para rastreio gratuito \u00e0 retina"}]},{"@type":"WebSite","@id":"https:\/\/portaltela.pt\/#website","url":"https:\/\/portaltela.pt\/","name":"Portal Tela Portugal","description":"","potentialAction":[{"@type":"SearchAction","target":{"@type":"EntryPoint","urlTemplate":"https:\/\/portaltela.pt\/?s={search_term_string}"},"query-input":{"@type":"PropertyValueSpecification","valueRequired":true,"valueName":"search_term_string"}}],"inLanguage":"pt-PT"},{"@type":"Person","@id":"https:\/\/portaltela.pt\/#\/schema\/person\/c4278d4a6028830caff9ee44b42d32ed","name":"Telinha","image":{"@type":"ImageObject","inLanguage":"pt-PT","@id":"https:\/\/portaltela.pt\/s.01k8rhncp4jt1\/2025\/11\/talking-bot-125x125.png","url":"https:\/\/portaltela.pt\/s.01k8rhncp4jt1\/2025\/11\/talking-bot-125x125.png","contentUrl":"https:\/\/portaltela.pt\/s.01k8rhncp4jt1\/2025\/11\/talking-bot-125x125.png","caption":"Telinha"},"sameAs":["https:\/\/portaltela.pt\/"],"url":"https:\/\/portaltela.pt\/por\/367410592786\/"}]}},"_links":{"self":[{"href":"https:\/\/portaltela.pt\/api\/wp\/v2\/posts\/194523","targetHints":{"allow":["GET"]}}],"collection":[{"href":"https:\/\/portaltela.pt\/api\/wp\/v2\/posts"}],"about":[{"href":"https:\/\/portaltela.pt\/api\/wp\/v2\/types\/post"}],"author":[{"embeddable":true,"href":"https:\/\/portaltela.pt\/api\/wp\/v2\/users\/2"}],"replies":[{"embeddable":true,"href":"https:\/\/portaltela.pt\/api\/wp\/v2\/comments?post=194523"}],"version-history":[{"count":0,"href":"https:\/\/portaltela.pt\/api\/wp\/v2\/posts\/194523\/revisions"}],"wp:featuredmedia":[{"embeddable":true,"href":"https:\/\/portaltela.pt\/api\/wp\/v2\/media\/194525"}],"wp:attachment":[{"href":"https:\/\/portaltela.pt\/api\/wp\/v2\/media?parent=194523"}],"wp:term":[{"taxonomy":"category","embeddable":true,"href":"https:\/\/portaltela.pt\/api\/wp\/v2\/categories?post=194523"},{"taxonomy":"post_tag","embeddable":true,"href":"https:\/\/portaltela.pt\/api\/wp\/v2\/tags?post=194523"}],"curies":[{"name":"wp","href":"https:\/\/api.w.org\/{rel}","templated":true}]}}