{"id":194517,"date":"2026-02-03T14:28:04","date_gmt":"2026-02-03T17:28:04","guid":{"rendered":"https:\/\/portaltela.pt\/noticias\/2026\/02\/03\/alentejo-2030-reforca-capacidade-tecnica-em-organismos-intermedios\/"},"modified":"2026-02-03T14:28:04","modified_gmt":"2026-02-03T17:28:04","slug":"alentejo-2030-reforca-capacidade-tecnica-em-organismos-intermedios","status":"publish","type":"post","link":"https:\/\/portaltela.pt\/noticias\/2026\/02\/03\/alentejo-2030-reforca-capacidade-tecnica-em-organismos-intermedios\/","title":{"rendered":"Alentejo 2030 refor\u00e7a capacidade t\u00e9cnica em Organismos Interm\u00e9dios"},"content":{"rendered":"<p>O Programa Regional Alentejo 2030 lan\u00e7ou tr\u00eas avisos-convite de Assist\u00eancia T\u00e9cnica para o per\u00edodo 2026\/2027. O objetivo \u00e9 refor\u00e7ar a capacidade t\u00e9cnica, operacional e institucional dos Organismos Interm\u00e9dios que gerem e executam o programa na regi\u00e3o. A iniciativa tem uma dota\u00e7\u00e3o global superior a 1,8 milh\u00f5es de euros, financiada pelo Fundo Social Europeu (FSE). O foco \u00e9 melhorar a gest\u00e3o, o acompanhamento e a avalia\u00e7\u00e3o das pol\u00edticas financiadas pelo Alentejo 2030.<\/p>\n<p>Os avisos visam consolidar estruturas t\u00e9cnicas qualificadas, ampliar meios log\u00edsticos e desenvolver instrumentos de gest\u00e3o e monitoriza\u00e7\u00e3o mais eficazes. O primeiro aviso, destinado \u00e0s Comunidades Intermunicipais, tem dota\u00e7\u00e3o de 1.456.668 euros e cofinanciamento de 85%. O segundo destina 370.000 euros, tamb\u00e9m com 85% de cofinanciamento, para outros Organismos Interm\u00e9dios com compet\u00eancias delegadas.<\/p>\n<p>O terceiro aviso apoia a gest\u00e3o de tipologias de Empreendedorismo e Inova\u00e7\u00e3o Social, com 43.139,37 euros de dota\u00e7\u00e3o e cofinanciamento de 85%. Este montante visa fortificar a capacidade t\u00e9cnica na \u00e1rea da inova\u00e7\u00e3o social, especialmente junto de grupos vulner\u00e1veis. Em conjunto, os avisos promovem uma governa\u00e7\u00e3o mais qualificada e orientada para resultados no Alentejo 2030.<\/p>\n<p>O per\u00edodo de candidaturas decorre at\u00e9 31 de Mar\u00e7o de 2026. O Alentejo 2030 refor\u00e7a o compromisso com uma gest\u00e3o p\u00fablica robusta, capacitada e orientada para o desenvolvimento territorial sustent\u00e1vel. Os recursos humanos e t\u00e9cnicos s\u00e3o centrais para a boa execu\u00e7\u00e3o dos fundos europeus na regi\u00e3o.<\/p>\n","protected":false},"excerpt":{"rendered":"<ul>\n<li>O programa Alentejo 2030 lan\u00e7ou tr\u00eas avisos-convite de Assist\u00eancia T\u00e9cnica para 2026\/2027, visando refor\u00e7ar capacidade t\u00e9cnica, operacional e institucional dos Organismos Interm\u00e9dios da regi\u00e3o.<\/li>\n<li>A dota\u00e7\u00e3o global supera 1,8 milh\u00f5es de euros, financiados pelo Fundo Social Europeu, para melhorar gest\u00e3o, acompanhamento e avalia\u00e7\u00e3o das pol\u00edticas financiadas pelo Alentejo 2030.<\/li>\n<li>Assist\u00eancia T\u00e9cnica 2026\/2027 \u2013 ITI \u2013 CIM recebe 1.456.668 euros com cofinanciamento de 85%, para consolidar estruturas t\u00e9cnicas e instrumentos de gest\u00e3o e monitoriza\u00e7\u00e3o.<\/li>\n<li>Assist\u00eancia T\u00e9cnica 2026\/2027 \u2013 Organismos Interm\u00e9dios disp\u00f5e de 370.000 euros com cofinanciamento de 85%, com foco na capacita\u00e7\u00e3o t\u00e9cnica e melhoria de gest\u00e3o e comunica\u00e7\u00e3o do programa.<\/li>\n<li>Assist\u00eancia T\u00e9cnica 2026\/2027 \u2013 EMPIS recebe 43.139,37 euros com cofinanciamento de 85%, orientada para a gest\u00e3o de empreendedorismo e inova\u00e7\u00e3o social junto de grupos vulner\u00e1veis. O per\u00edodo de candidaturas termina em 31 de mar\u00e7o de 2026.<\/li>\n<\/ul>\n","protected":false},"author":2,"featured_media":194519,"comment_status":"closed","ping_status":"closed","sticky":false,"template":"","format":"standard","meta":{"footnotes":""},"categories":[1],"tags":[883,903,2417,3971,2415,133],"class_list":["post-194517","post","type-post","status-publish","format-standard","has-post-thumbnail","hentry","category-noticias","tag-alentejo","tag-comunidades","tag-financiamento","tag-fundo-europeus","tag-gestao","tag-politicas-publicas"],"yoast_head":"<!-- This site is optimized with the Yoast SEO plugin v27.2 - https:\/\/yoast.com\/product\/yoast-seo-wordpress\/ -->\n<title>Alentejo 2030 refor\u00e7a capacidade t\u00e9cnica em Organismos Interm\u00e9dios - Portal Tela Portugal<\/title>\n<meta name=\"robots\" content=\"index, follow, max-snippet:-1, max-image-preview:large, max-video-preview:-1\" \/>\n<meta property=\"og:locale\" content=\"pt_PT\" \/>\n<meta property=\"og:type\" content=\"article\" \/>\n<meta property=\"og:title\" content=\"Alentejo 2030 refor\u00e7a capacidade t\u00e9cnica em Organismos Interm\u00e9dios - Portal Tela Portugal\" \/>\n<meta property=\"og:description\" content=\"O programa Alentejo 2030 lan\u00e7ou tr\u00eas avisos-convite de Assist\u00eancia T\u00e9cnica para 2026\/2027, visando refor\u00e7ar capacidade t\u00e9cnica, operacional e institucional dos Organismos Interm\u00e9dios da regi\u00e3o. A dota\u00e7\u00e3o global supera 1,8 milh\u00f5es de euros, financiados pelo Fundo Social Europeu, para melhorar gest\u00e3o, acompanhamento e avalia\u00e7\u00e3o das pol\u00edticas financiadas pelo Alentejo 2030. Assist\u00eancia T\u00e9cnica 2026\/2027 \u2013 ITI \u2013 CIM recebe 1.456.668 euros com cofinanciamento de 85%, para consolidar estruturas t\u00e9cnicas e instrumentos de gest\u00e3o e monitoriza\u00e7\u00e3o. Assist\u00eancia T\u00e9cnica 2026\/2027 \u2013 Organismos Interm\u00e9dios disp\u00f5e de 370.000 euros com cofinanciamento de 85%, com foco na capacita\u00e7\u00e3o t\u00e9cnica e melhoria de gest\u00e3o e comunica\u00e7\u00e3o do programa. Assist\u00eancia T\u00e9cnica 2026\/2027 \u2013 EMPIS recebe 43.139,37 euros com cofinanciamento de 85%, orientada para a gest\u00e3o de empreendedorismo e inova\u00e7\u00e3o social junto de grupos vulner\u00e1veis. O per\u00edodo de candidaturas termina em 31 de mar\u00e7o de 2026.\" \/>\n<meta property=\"og:url\" content=\"https:\/\/portaltela.pt\/noticias\/2026\/02\/03\/alentejo-2030-reforca-capacidade-tecnica-em-organismos-intermedios\/\" \/>\n<meta property=\"og:site_name\" content=\"Portal Tela Portugal\" \/>\n<meta property=\"article:published_time\" content=\"2026-02-03T17:28:04+00:00\" \/>\n<meta name=\"author\" content=\"Telinha\" \/>\n<meta name=\"twitter:card\" content=\"summary_large_image\" \/>\n<meta name=\"twitter:label1\" content=\"Escrito por\" \/>\n\t<meta name=\"twitter:data1\" content=\"Telinha\" \/>\n\t<meta name=\"twitter:label2\" content=\"Tempo estimado de leitura\" \/>\n\t<meta name=\"twitter:data2\" content=\"1 minuto\" \/>\n<script type=\"application\/ld+json\" class=\"yoast-schema-graph\">{\"@context\":\"https:\/\/schema.org\",\"@graph\":[{\"@type\":\"Article\",\"@id\":\"https:\/\/portaltela.pt\/noticias\/2026\/02\/03\/alentejo-2030-reforca-capacidade-tecnica-em-organismos-intermedios\/#article\",\"isPartOf\":{\"@id\":\"https:\/\/portaltela.pt\/noticias\/2026\/02\/03\/alentejo-2030-reforca-capacidade-tecnica-em-organismos-intermedios\/\"},\"author\":{\"name\":\"Telinha\",\"@id\":\"https:\/\/portaltela.pt\/#\/schema\/person\/c4278d4a6028830caff9ee44b42d32ed\"},\"headline\":\"Alentejo 2030 refor\u00e7a capacidade t\u00e9cnica em Organismos Interm\u00e9dios\",\"datePublished\":\"2026-02-03T17:28:04+00:00\",\"mainEntityOfPage\":{\"@id\":\"https:\/\/portaltela.pt\/noticias\/2026\/02\/03\/alentejo-2030-reforca-capacidade-tecnica-em-organismos-intermedios\/\"},\"wordCount\":257,\"image\":{\"@id\":\"https:\/\/portaltela.pt\/noticias\/2026\/02\/03\/alentejo-2030-reforca-capacidade-tecnica-em-organismos-intermedios\/#primaryimage\"},\"thumbnailUrl\":\"https:\/\/portaltela.pt\/s.01k8rhncp4jt1\/2026\/02\/unnamed-file-918.jpg\",\"keywords\":[\"Alentejo\",\"comunidades\",\"financiamento\",\"Fundo Europeus\",\"gest\u00e3o\",\"pol\u00edticas p\u00fablicas\"],\"articleSection\":[\"Not\u00edcias\"],\"inLanguage\":\"pt-PT\"},{\"@type\":\"WebPage\",\"@id\":\"https:\/\/portaltela.pt\/noticias\/2026\/02\/03\/alentejo-2030-reforca-capacidade-tecnica-em-organismos-intermedios\/\",\"url\":\"https:\/\/portaltela.pt\/noticias\/2026\/02\/03\/alentejo-2030-reforca-capacidade-tecnica-em-organismos-intermedios\/\",\"name\":\"Alentejo 2030 refor\u00e7a capacidade t\u00e9cnica em Organismos Interm\u00e9dios - Portal Tela Portugal\",\"isPartOf\":{\"@id\":\"https:\/\/portaltela.pt\/#website\"},\"primaryImageOfPage\":{\"@id\":\"https:\/\/portaltela.pt\/noticias\/2026\/02\/03\/alentejo-2030-reforca-capacidade-tecnica-em-organismos-intermedios\/#primaryimage\"},\"image\":{\"@id\":\"https:\/\/portaltela.pt\/noticias\/2026\/02\/03\/alentejo-2030-reforca-capacidade-tecnica-em-organismos-intermedios\/#primaryimage\"},\"thumbnailUrl\":\"https:\/\/portaltela.pt\/s.01k8rhncp4jt1\/2026\/02\/unnamed-file-918.jpg\",\"datePublished\":\"2026-02-03T17:28:04+00:00\",\"author\":{\"@id\":\"https:\/\/portaltela.pt\/#\/schema\/person\/c4278d4a6028830caff9ee44b42d32ed\"},\"breadcrumb\":{\"@id\":\"https:\/\/portaltela.pt\/noticias\/2026\/02\/03\/alentejo-2030-reforca-capacidade-tecnica-em-organismos-intermedios\/#breadcrumb\"},\"inLanguage\":\"pt-PT\",\"potentialAction\":[{\"@type\":\"ReadAction\",\"target\":[\"https:\/\/portaltela.pt\/noticias\/2026\/02\/03\/alentejo-2030-reforca-capacidade-tecnica-em-organismos-intermedios\/\"]}]},{\"@type\":\"ImageObject\",\"inLanguage\":\"pt-PT\",\"@id\":\"https:\/\/portaltela.pt\/noticias\/2026\/02\/03\/alentejo-2030-reforca-capacidade-tecnica-em-organismos-intermedios\/#primaryimage\",\"url\":\"https:\/\/portaltela.pt\/s.01k8rhncp4jt1\/2026\/02\/unnamed-file-918.jpg\",\"contentUrl\":\"https:\/\/portaltela.pt\/s.01k8rhncp4jt1\/2026\/02\/unnamed-file-918.jpg\",\"width\":796,\"height\":448,\"caption\":\"Candidaturas \u00e0 Inclus\u00e3o pela Cultura j\u00e1 est\u00e3o abertas\"},{\"@type\":\"BreadcrumbList\",\"@id\":\"https:\/\/portaltela.pt\/noticias\/2026\/02\/03\/alentejo-2030-reforca-capacidade-tecnica-em-organismos-intermedios\/#breadcrumb\",\"itemListElement\":[{\"@type\":\"ListItem\",\"position\":1,\"name\":\"In\u00edcio\",\"item\":\"https:\/\/portaltela.pt\/\"},{\"@type\":\"ListItem\",\"position\":2,\"name\":\"Alentejo 2030 refor\u00e7a capacidade t\u00e9cnica em Organismos Interm\u00e9dios\"}]},{\"@type\":\"WebSite\",\"@id\":\"https:\/\/portaltela.pt\/#website\",\"url\":\"https:\/\/portaltela.pt\/\",\"name\":\"Portal Tela Portugal\",\"description\":\"\",\"potentialAction\":[{\"@type\":\"SearchAction\",\"target\":{\"@type\":\"EntryPoint\",\"urlTemplate\":\"https:\/\/portaltela.pt\/?s={search_term_string}\"},\"query-input\":{\"@type\":\"PropertyValueSpecification\",\"valueRequired\":true,\"valueName\":\"search_term_string\"}}],\"inLanguage\":\"pt-PT\"},{\"@type\":\"Person\",\"@id\":\"https:\/\/portaltela.pt\/#\/schema\/person\/c4278d4a6028830caff9ee44b42d32ed\",\"name\":\"Telinha\",\"image\":{\"@type\":\"ImageObject\",\"inLanguage\":\"pt-PT\",\"@id\":\"https:\/\/portaltela.pt\/s.01k8rhncp4jt1\/2025\/11\/talking-bot-125x125.png\",\"url\":\"https:\/\/portaltela.pt\/s.01k8rhncp4jt1\/2025\/11\/talking-bot-125x125.png\",\"contentUrl\":\"https:\/\/portaltela.pt\/s.01k8rhncp4jt1\/2025\/11\/talking-bot-125x125.png\",\"caption\":\"Telinha\"},\"sameAs\":[\"https:\/\/portaltela.pt\/\"],\"url\":\"https:\/\/portaltela.pt\/por\/367410592786\/\"}]}<\/script>\n<!-- \/ Yoast SEO plugin. -->","yoast_head_json":{"title":"Alentejo 2030 refor\u00e7a capacidade t\u00e9cnica em Organismos Interm\u00e9dios - Portal Tela Portugal","robots":{"index":"index","follow":"follow","max-snippet":"max-snippet:-1","max-image-preview":"max-image-preview:large","max-video-preview":"max-video-preview:-1"},"og_locale":"pt_PT","og_type":"article","og_title":"Alentejo 2030 refor\u00e7a capacidade t\u00e9cnica em Organismos Interm\u00e9dios - Portal Tela Portugal","og_description":"O programa Alentejo 2030 lan\u00e7ou tr\u00eas avisos-convite de Assist\u00eancia T\u00e9cnica para 2026\/2027, visando refor\u00e7ar capacidade t\u00e9cnica, operacional e institucional dos Organismos Interm\u00e9dios da regi\u00e3o. A dota\u00e7\u00e3o global supera 1,8 milh\u00f5es de euros, financiados pelo Fundo Social Europeu, para melhorar gest\u00e3o, acompanhamento e avalia\u00e7\u00e3o das pol\u00edticas financiadas pelo Alentejo 2030. Assist\u00eancia T\u00e9cnica 2026\/2027 \u2013 ITI \u2013 CIM recebe 1.456.668 euros com cofinanciamento de 85%, para consolidar estruturas t\u00e9cnicas e instrumentos de gest\u00e3o e monitoriza\u00e7\u00e3o. Assist\u00eancia T\u00e9cnica 2026\/2027 \u2013 Organismos Interm\u00e9dios disp\u00f5e de 370.000 euros com cofinanciamento de 85%, com foco na capacita\u00e7\u00e3o t\u00e9cnica e melhoria de gest\u00e3o e comunica\u00e7\u00e3o do programa. Assist\u00eancia T\u00e9cnica 2026\/2027 \u2013 EMPIS recebe 43.139,37 euros com cofinanciamento de 85%, orientada para a gest\u00e3o de empreendedorismo e inova\u00e7\u00e3o social junto de grupos vulner\u00e1veis. O per\u00edodo de candidaturas termina em 31 de mar\u00e7o de 2026.","og_url":"https:\/\/portaltela.pt\/noticias\/2026\/02\/03\/alentejo-2030-reforca-capacidade-tecnica-em-organismos-intermedios\/","og_site_name":"Portal Tela Portugal","article_published_time":"2026-02-03T17:28:04+00:00","author":"Telinha","twitter_card":"summary_large_image","twitter_misc":{"Escrito por":"Telinha","Tempo estimado de leitura":"1 minuto"},"schema":{"@context":"https:\/\/schema.org","@graph":[{"@type":"Article","@id":"https:\/\/portaltela.pt\/noticias\/2026\/02\/03\/alentejo-2030-reforca-capacidade-tecnica-em-organismos-intermedios\/#article","isPartOf":{"@id":"https:\/\/portaltela.pt\/noticias\/2026\/02\/03\/alentejo-2030-reforca-capacidade-tecnica-em-organismos-intermedios\/"},"author":{"name":"Telinha","@id":"https:\/\/portaltela.pt\/#\/schema\/person\/c4278d4a6028830caff9ee44b42d32ed"},"headline":"Alentejo 2030 refor\u00e7a capacidade t\u00e9cnica em Organismos Interm\u00e9dios","datePublished":"2026-02-03T17:28:04+00:00","mainEntityOfPage":{"@id":"https:\/\/portaltela.pt\/noticias\/2026\/02\/03\/alentejo-2030-reforca-capacidade-tecnica-em-organismos-intermedios\/"},"wordCount":257,"image":{"@id":"https:\/\/portaltela.pt\/noticias\/2026\/02\/03\/alentejo-2030-reforca-capacidade-tecnica-em-organismos-intermedios\/#primaryimage"},"thumbnailUrl":"https:\/\/portaltela.pt\/s.01k8rhncp4jt1\/2026\/02\/unnamed-file-918.jpg","keywords":["Alentejo","comunidades","financiamento","Fundo Europeus","gest\u00e3o","pol\u00edticas p\u00fablicas"],"articleSection":["Not\u00edcias"],"inLanguage":"pt-PT"},{"@type":"WebPage","@id":"https:\/\/portaltela.pt\/noticias\/2026\/02\/03\/alentejo-2030-reforca-capacidade-tecnica-em-organismos-intermedios\/","url":"https:\/\/portaltela.pt\/noticias\/2026\/02\/03\/alentejo-2030-reforca-capacidade-tecnica-em-organismos-intermedios\/","name":"Alentejo 2030 refor\u00e7a capacidade t\u00e9cnica em Organismos Interm\u00e9dios - Portal Tela Portugal","isPartOf":{"@id":"https:\/\/portaltela.pt\/#website"},"primaryImageOfPage":{"@id":"https:\/\/portaltela.pt\/noticias\/2026\/02\/03\/alentejo-2030-reforca-capacidade-tecnica-em-organismos-intermedios\/#primaryimage"},"image":{"@id":"https:\/\/portaltela.pt\/noticias\/2026\/02\/03\/alentejo-2030-reforca-capacidade-tecnica-em-organismos-intermedios\/#primaryimage"},"thumbnailUrl":"https:\/\/portaltela.pt\/s.01k8rhncp4jt1\/2026\/02\/unnamed-file-918.jpg","datePublished":"2026-02-03T17:28:04+00:00","author":{"@id":"https:\/\/portaltela.pt\/#\/schema\/person\/c4278d4a6028830caff9ee44b42d32ed"},"breadcrumb":{"@id":"https:\/\/portaltela.pt\/noticias\/2026\/02\/03\/alentejo-2030-reforca-capacidade-tecnica-em-organismos-intermedios\/#breadcrumb"},"inLanguage":"pt-PT","potentialAction":[{"@type":"ReadAction","target":["https:\/\/portaltela.pt\/noticias\/2026\/02\/03\/alentejo-2030-reforca-capacidade-tecnica-em-organismos-intermedios\/"]}]},{"@type":"ImageObject","inLanguage":"pt-PT","@id":"https:\/\/portaltela.pt\/noticias\/2026\/02\/03\/alentejo-2030-reforca-capacidade-tecnica-em-organismos-intermedios\/#primaryimage","url":"https:\/\/portaltela.pt\/s.01k8rhncp4jt1\/2026\/02\/unnamed-file-918.jpg","contentUrl":"https:\/\/portaltela.pt\/s.01k8rhncp4jt1\/2026\/02\/unnamed-file-918.jpg","width":796,"height":448,"caption":"Candidaturas \u00e0 Inclus\u00e3o pela Cultura j\u00e1 est\u00e3o abertas"},{"@type":"BreadcrumbList","@id":"https:\/\/portaltela.pt\/noticias\/2026\/02\/03\/alentejo-2030-reforca-capacidade-tecnica-em-organismos-intermedios\/#breadcrumb","itemListElement":[{"@type":"ListItem","position":1,"name":"In\u00edcio","item":"https:\/\/portaltela.pt\/"},{"@type":"ListItem","position":2,"name":"Alentejo 2030 refor\u00e7a capacidade t\u00e9cnica em Organismos Interm\u00e9dios"}]},{"@type":"WebSite","@id":"https:\/\/portaltela.pt\/#website","url":"https:\/\/portaltela.pt\/","name":"Portal Tela Portugal","description":"","potentialAction":[{"@type":"SearchAction","target":{"@type":"EntryPoint","urlTemplate":"https:\/\/portaltela.pt\/?s={search_term_string}"},"query-input":{"@type":"PropertyValueSpecification","valueRequired":true,"valueName":"search_term_string"}}],"inLanguage":"pt-PT"},{"@type":"Person","@id":"https:\/\/portaltela.pt\/#\/schema\/person\/c4278d4a6028830caff9ee44b42d32ed","name":"Telinha","image":{"@type":"ImageObject","inLanguage":"pt-PT","@id":"https:\/\/portaltela.pt\/s.01k8rhncp4jt1\/2025\/11\/talking-bot-125x125.png","url":"https:\/\/portaltela.pt\/s.01k8rhncp4jt1\/2025\/11\/talking-bot-125x125.png","contentUrl":"https:\/\/portaltela.pt\/s.01k8rhncp4jt1\/2025\/11\/talking-bot-125x125.png","caption":"Telinha"},"sameAs":["https:\/\/portaltela.pt\/"],"url":"https:\/\/portaltela.pt\/por\/367410592786\/"}]}},"_links":{"self":[{"href":"https:\/\/portaltela.pt\/api\/wp\/v2\/posts\/194517","targetHints":{"allow":["GET"]}}],"collection":[{"href":"https:\/\/portaltela.pt\/api\/wp\/v2\/posts"}],"about":[{"href":"https:\/\/portaltela.pt\/api\/wp\/v2\/types\/post"}],"author":[{"embeddable":true,"href":"https:\/\/portaltela.pt\/api\/wp\/v2\/users\/2"}],"replies":[{"embeddable":true,"href":"https:\/\/portaltela.pt\/api\/wp\/v2\/comments?post=194517"}],"version-history":[{"count":0,"href":"https:\/\/portaltela.pt\/api\/wp\/v2\/posts\/194517\/revisions"}],"wp:featuredmedia":[{"embeddable":true,"href":"https:\/\/portaltela.pt\/api\/wp\/v2\/media\/194519"}],"wp:attachment":[{"href":"https:\/\/portaltela.pt\/api\/wp\/v2\/media?parent=194517"}],"wp:term":[{"taxonomy":"category","embeddable":true,"href":"https:\/\/portaltela.pt\/api\/wp\/v2\/categories?post=194517"},{"taxonomy":"post_tag","embeddable":true,"href":"https:\/\/portaltela.pt\/api\/wp\/v2\/tags?post=194517"}],"curies":[{"name":"wp","href":"https:\/\/api.w.org\/{rel}","templated":true}]}}