{"id":194514,"date":"2026-02-03T14:24:00","date_gmt":"2026-02-03T17:24:00","guid":{"rendered":"https:\/\/portaltela.pt\/noticias\/2026\/02\/03\/distrito-expande-transporte-a-pedido-com-novos-postaletes-no-alto-alentejo\/"},"modified":"2026-02-03T14:24:00","modified_gmt":"2026-02-03T17:24:00","slug":"distrito-expande-transporte-a-pedido-com-novos-postaletes-no-alto-alentejo","status":"publish","type":"post","link":"https:\/\/portaltela.pt\/noticias\/2026\/02\/03\/distrito-expande-transporte-a-pedido-com-novos-postaletes-no-alto-alentejo\/","title":{"rendered":"Distrito expande Transporte a Pedido com novos postaletes no Alto Alentejo"},"content":{"rendered":"<p>A Comunidade Intermunicipal do Alto Alentejo (CIMAA) est\u00e1 a instalar novos postaletes de paragem no \u00e2mbito da expans\u00e3o do servi\u00e7o de Transporte a Pedido (TAAPedido). As obras seguem os projectos piloto do estudo de implementa\u00e7\u00e3o.<\/p>\n<p>A sinal\u00e9tica est\u00e1 a ser colocada progressivamente em localidades da regi\u00e3o que n\u00e3o dispunham de paragens de transporte p\u00fablico. O objetivo \u00e9 ampliar a cobertura e aproximar a mobilidade das popula\u00e7\u00f5es, sobretudo em zonas de baixa densidade.<\/p>\n<p>Os trabalhos decorrem em colabora\u00e7\u00e3o com os munic\u00edpios de Alter, Arronches, Avis, Campo Maior, Castelo de Vide, Crato, Elvas, Fronteira, Gavi\u00e3o, Marv\u00e3o, Monforte, Nisa, Ponte de Sor e Sousel. A instala\u00e7\u00e3o iniciou a 19 de janeiro e depende de condi\u00e7\u00f5es meteorol\u00f3gicas favor\u00e1veis.<\/p>\n<p>Nas pr\u00f3ximas semanas ser\u00e3o anunciadas as datas de arranque dos novos servi\u00e7os e das localidades abrangidas. Existe j\u00e1 uma linha telef\u00f3nica gratuita \u2014 800 500 506 \u2014 para esclarecimento de d\u00favidas, informa\u00e7\u00f5es e marca\u00e7\u00e3o de servi\u00e7os. A CIMAA sublinha a inten\u00e7\u00e3o de promover uma mobilidade mais pr\u00f3xima, acess\u00edvel e eficiente no Alto Alentejo.<\/p>\n","protected":false},"excerpt":{"rendered":"<ul>\n<li>A Comunidade Intermunicipal do Alto Alentejo est\u00e1 a instalar novos postaletes de paragem no \u00e2mbito da expans\u00e3o do servi\u00e7o de Transporte a Pedido (TAAPedido).<\/li>\n<li>A sinal\u00e9tica est\u00e1 a ser colocada progressivamente em localidades que n\u00e3o tinham paragem de transporte p\u00fablico, com o objetivo de refor\u00e7ar a cobertura e aproximar a mobilidade das popula\u00e7\u00f5es.<\/li>\n<li>Os trabalhos decorrem em colabora\u00e7\u00e3o com os munic\u00edpios de Alter, Arronches, Avis, Campo Maior, Castelo de Vide, Crato, Elvas, Fronteira, Gavi\u00e3o, Marv\u00e3o, Monforte, Nisa, Ponte de Sor e Sousel.<\/li>\n<li>A instala\u00e7\u00e3o teve in\u00edcio a 19 de janeiro e depende de condi\u00e7\u00f5es meteorol\u00f3gicas favor\u00e1veis para terminar nas demais \u00e1reas.<\/li>\n<li>Nas pr\u00f3ximas semanas ser\u00e3o divulgadas datas de arranque e locais abrangidos; h\u00e1 uma linha telef\u00f3nica gratuita \u2014 800 500 506 \u2014 para esclarecimentos e marca\u00e7\u00e3o de servi\u00e7os j\u00e1 em funcionamento.<\/li>\n<\/ul>\n","protected":false},"author":2,"featured_media":194518,"comment_status":"closed","ping_status":"closed","sticky":false,"template":"","format":"standard","meta":{"footnotes":""},"categories":[1],"tags":[883,4673,2834,2110,3263,4535],"class_list":["post-194514","post","type-post","status-publish","format-standard","has-post-thumbnail","hentry","category-noticias","tag-alentejo","tag-alter-do-chao","tag-arronches","tag-mobilidade","tag-mobilidade-urbana","tag-transporte-publico"],"yoast_head":"<!-- This site is optimized with the Yoast SEO plugin v27.2 - https:\/\/yoast.com\/product\/yoast-seo-wordpress\/ -->\n<title>Distrito expande Transporte a Pedido com novos postaletes no Alto Alentejo - Portal Tela Portugal<\/title>\n<meta name=\"robots\" content=\"index, follow, max-snippet:-1, max-image-preview:large, max-video-preview:-1\" \/>\n<meta property=\"og:locale\" content=\"pt_PT\" \/>\n<meta property=\"og:type\" content=\"article\" \/>\n<meta property=\"og:title\" content=\"Distrito expande Transporte a Pedido com novos postaletes no Alto Alentejo - Portal Tela Portugal\" \/>\n<meta property=\"og:description\" content=\"A Comunidade Intermunicipal do Alto Alentejo est\u00e1 a instalar novos postaletes de paragem no \u00e2mbito da expans\u00e3o do servi\u00e7o de Transporte a Pedido (TAAPedido). A sinal\u00e9tica est\u00e1 a ser colocada progressivamente em localidades que n\u00e3o tinham paragem de transporte p\u00fablico, com o objetivo de refor\u00e7ar a cobertura e aproximar a mobilidade das popula\u00e7\u00f5es. Os trabalhos decorrem em colabora\u00e7\u00e3o com os munic\u00edpios de Alter, Arronches, Avis, Campo Maior, Castelo de Vide, Crato, Elvas, Fronteira, Gavi\u00e3o, Marv\u00e3o, Monforte, Nisa, Ponte de Sor e Sousel. A instala\u00e7\u00e3o teve in\u00edcio a 19 de janeiro e depende de condi\u00e7\u00f5es meteorol\u00f3gicas favor\u00e1veis para terminar nas demais \u00e1reas. Nas pr\u00f3ximas semanas ser\u00e3o divulgadas datas de arranque e locais abrangidos; h\u00e1 uma linha telef\u00f3nica gratuita \u2014 800 500 506 \u2014 para esclarecimentos e marca\u00e7\u00e3o de servi\u00e7os j\u00e1 em funcionamento.\" \/>\n<meta property=\"og:url\" content=\"https:\/\/portaltela.pt\/noticias\/2026\/02\/03\/distrito-expande-transporte-a-pedido-com-novos-postaletes-no-alto-alentejo\/\" \/>\n<meta property=\"og:site_name\" content=\"Portal Tela Portugal\" \/>\n<meta property=\"article:published_time\" content=\"2026-02-03T17:24:00+00:00\" \/>\n<meta name=\"author\" content=\"Telinha\" \/>\n<meta name=\"twitter:card\" content=\"summary_large_image\" \/>\n<meta name=\"twitter:label1\" content=\"Escrito por\" \/>\n\t<meta name=\"twitter:data1\" content=\"Telinha\" \/>\n\t<meta name=\"twitter:label2\" content=\"Tempo estimado de leitura\" \/>\n\t<meta name=\"twitter:data2\" content=\"1 minuto\" \/>\n<script type=\"application\/ld+json\" class=\"yoast-schema-graph\">{\"@context\":\"https:\/\/schema.org\",\"@graph\":[{\"@type\":\"Article\",\"@id\":\"https:\/\/portaltela.pt\/noticias\/2026\/02\/03\/distrito-expande-transporte-a-pedido-com-novos-postaletes-no-alto-alentejo\/#article\",\"isPartOf\":{\"@id\":\"https:\/\/portaltela.pt\/noticias\/2026\/02\/03\/distrito-expande-transporte-a-pedido-com-novos-postaletes-no-alto-alentejo\/\"},\"author\":{\"name\":\"Telinha\",\"@id\":\"https:\/\/portaltela.pt\/#\/schema\/person\/c4278d4a6028830caff9ee44b42d32ed\"},\"headline\":\"Distrito expande Transporte a Pedido com novos postaletes no Alto Alentejo\",\"datePublished\":\"2026-02-03T17:24:00+00:00\",\"mainEntityOfPage\":{\"@id\":\"https:\/\/portaltela.pt\/noticias\/2026\/02\/03\/distrito-expande-transporte-a-pedido-com-novos-postaletes-no-alto-alentejo\/\"},\"wordCount\":198,\"image\":{\"@id\":\"https:\/\/portaltela.pt\/noticias\/2026\/02\/03\/distrito-expande-transporte-a-pedido-com-novos-postaletes-no-alto-alentejo\/#primaryimage\"},\"thumbnailUrl\":\"https:\/\/portaltela.pt\/s.01k8rhncp4jt1\/2026\/02\/unnamed-file-917.jpg\",\"keywords\":[\"Alentejo\",\"Alter do Ch\u00e3o\",\"Arronches\",\"mobilidade\",\"mobilidade urbana\",\"transporte p\u00fablico\"],\"articleSection\":[\"Not\u00edcias\"],\"inLanguage\":\"pt-PT\"},{\"@type\":\"WebPage\",\"@id\":\"https:\/\/portaltela.pt\/noticias\/2026\/02\/03\/distrito-expande-transporte-a-pedido-com-novos-postaletes-no-alto-alentejo\/\",\"url\":\"https:\/\/portaltela.pt\/noticias\/2026\/02\/03\/distrito-expande-transporte-a-pedido-com-novos-postaletes-no-alto-alentejo\/\",\"name\":\"Distrito expande Transporte a Pedido com novos postaletes no Alto Alentejo - Portal Tela Portugal\",\"isPartOf\":{\"@id\":\"https:\/\/portaltela.pt\/#website\"},\"primaryImageOfPage\":{\"@id\":\"https:\/\/portaltela.pt\/noticias\/2026\/02\/03\/distrito-expande-transporte-a-pedido-com-novos-postaletes-no-alto-alentejo\/#primaryimage\"},\"image\":{\"@id\":\"https:\/\/portaltela.pt\/noticias\/2026\/02\/03\/distrito-expande-transporte-a-pedido-com-novos-postaletes-no-alto-alentejo\/#primaryimage\"},\"thumbnailUrl\":\"https:\/\/portaltela.pt\/s.01k8rhncp4jt1\/2026\/02\/unnamed-file-917.jpg\",\"datePublished\":\"2026-02-03T17:24:00+00:00\",\"author\":{\"@id\":\"https:\/\/portaltela.pt\/#\/schema\/person\/c4278d4a6028830caff9ee44b42d32ed\"},\"breadcrumb\":{\"@id\":\"https:\/\/portaltela.pt\/noticias\/2026\/02\/03\/distrito-expande-transporte-a-pedido-com-novos-postaletes-no-alto-alentejo\/#breadcrumb\"},\"inLanguage\":\"pt-PT\",\"potentialAction\":[{\"@type\":\"ReadAction\",\"target\":[\"https:\/\/portaltela.pt\/noticias\/2026\/02\/03\/distrito-expande-transporte-a-pedido-com-novos-postaletes-no-alto-alentejo\/\"]}]},{\"@type\":\"ImageObject\",\"inLanguage\":\"pt-PT\",\"@id\":\"https:\/\/portaltela.pt\/noticias\/2026\/02\/03\/distrito-expande-transporte-a-pedido-com-novos-postaletes-no-alto-alentejo\/#primaryimage\",\"url\":\"https:\/\/portaltela.pt\/s.01k8rhncp4jt1\/2026\/02\/unnamed-file-917.jpg\",\"contentUrl\":\"https:\/\/portaltela.pt\/s.01k8rhncp4jt1\/2026\/02\/unnamed-file-917.jpg\",\"width\":796,\"height\":448,\"caption\":\"Distrito: Instala\u00e7\u00e3o de novos postaletes assinala expans\u00e3o do Transporte a Pedido no Alto Alentejo\"},{\"@type\":\"BreadcrumbList\",\"@id\":\"https:\/\/portaltela.pt\/noticias\/2026\/02\/03\/distrito-expande-transporte-a-pedido-com-novos-postaletes-no-alto-alentejo\/#breadcrumb\",\"itemListElement\":[{\"@type\":\"ListItem\",\"position\":1,\"name\":\"In\u00edcio\",\"item\":\"https:\/\/portaltela.pt\/\"},{\"@type\":\"ListItem\",\"position\":2,\"name\":\"Distrito expande Transporte a Pedido com novos postaletes no Alto Alentejo\"}]},{\"@type\":\"WebSite\",\"@id\":\"https:\/\/portaltela.pt\/#website\",\"url\":\"https:\/\/portaltela.pt\/\",\"name\":\"Portal Tela Portugal\",\"description\":\"\",\"potentialAction\":[{\"@type\":\"SearchAction\",\"target\":{\"@type\":\"EntryPoint\",\"urlTemplate\":\"https:\/\/portaltela.pt\/?s={search_term_string}\"},\"query-input\":{\"@type\":\"PropertyValueSpecification\",\"valueRequired\":true,\"valueName\":\"search_term_string\"}}],\"inLanguage\":\"pt-PT\"},{\"@type\":\"Person\",\"@id\":\"https:\/\/portaltela.pt\/#\/schema\/person\/c4278d4a6028830caff9ee44b42d32ed\",\"name\":\"Telinha\",\"image\":{\"@type\":\"ImageObject\",\"inLanguage\":\"pt-PT\",\"@id\":\"https:\/\/portaltela.pt\/s.01k8rhncp4jt1\/2025\/11\/talking-bot-125x125.png\",\"url\":\"https:\/\/portaltela.pt\/s.01k8rhncp4jt1\/2025\/11\/talking-bot-125x125.png\",\"contentUrl\":\"https:\/\/portaltela.pt\/s.01k8rhncp4jt1\/2025\/11\/talking-bot-125x125.png\",\"caption\":\"Telinha\"},\"sameAs\":[\"https:\/\/portaltela.pt\/\"],\"url\":\"https:\/\/portaltela.pt\/por\/367410592786\/\"}]}<\/script>\n<!-- \/ Yoast SEO plugin. -->","yoast_head_json":{"title":"Distrito expande Transporte a Pedido com novos postaletes no Alto Alentejo - Portal Tela Portugal","robots":{"index":"index","follow":"follow","max-snippet":"max-snippet:-1","max-image-preview":"max-image-preview:large","max-video-preview":"max-video-preview:-1"},"og_locale":"pt_PT","og_type":"article","og_title":"Distrito expande Transporte a Pedido com novos postaletes no Alto Alentejo - Portal Tela Portugal","og_description":"A Comunidade Intermunicipal do Alto Alentejo est\u00e1 a instalar novos postaletes de paragem no \u00e2mbito da expans\u00e3o do servi\u00e7o de Transporte a Pedido (TAAPedido). A sinal\u00e9tica est\u00e1 a ser colocada progressivamente em localidades que n\u00e3o tinham paragem de transporte p\u00fablico, com o objetivo de refor\u00e7ar a cobertura e aproximar a mobilidade das popula\u00e7\u00f5es. Os trabalhos decorrem em colabora\u00e7\u00e3o com os munic\u00edpios de Alter, Arronches, Avis, Campo Maior, Castelo de Vide, Crato, Elvas, Fronteira, Gavi\u00e3o, Marv\u00e3o, Monforte, Nisa, Ponte de Sor e Sousel. A instala\u00e7\u00e3o teve in\u00edcio a 19 de janeiro e depende de condi\u00e7\u00f5es meteorol\u00f3gicas favor\u00e1veis para terminar nas demais \u00e1reas. Nas pr\u00f3ximas semanas ser\u00e3o divulgadas datas de arranque e locais abrangidos; h\u00e1 uma linha telef\u00f3nica gratuita \u2014 800 500 506 \u2014 para esclarecimentos e marca\u00e7\u00e3o de servi\u00e7os j\u00e1 em funcionamento.","og_url":"https:\/\/portaltela.pt\/noticias\/2026\/02\/03\/distrito-expande-transporte-a-pedido-com-novos-postaletes-no-alto-alentejo\/","og_site_name":"Portal Tela Portugal","article_published_time":"2026-02-03T17:24:00+00:00","author":"Telinha","twitter_card":"summary_large_image","twitter_misc":{"Escrito por":"Telinha","Tempo estimado de leitura":"1 minuto"},"schema":{"@context":"https:\/\/schema.org","@graph":[{"@type":"Article","@id":"https:\/\/portaltela.pt\/noticias\/2026\/02\/03\/distrito-expande-transporte-a-pedido-com-novos-postaletes-no-alto-alentejo\/#article","isPartOf":{"@id":"https:\/\/portaltela.pt\/noticias\/2026\/02\/03\/distrito-expande-transporte-a-pedido-com-novos-postaletes-no-alto-alentejo\/"},"author":{"name":"Telinha","@id":"https:\/\/portaltela.pt\/#\/schema\/person\/c4278d4a6028830caff9ee44b42d32ed"},"headline":"Distrito expande Transporte a Pedido com novos postaletes no Alto Alentejo","datePublished":"2026-02-03T17:24:00+00:00","mainEntityOfPage":{"@id":"https:\/\/portaltela.pt\/noticias\/2026\/02\/03\/distrito-expande-transporte-a-pedido-com-novos-postaletes-no-alto-alentejo\/"},"wordCount":198,"image":{"@id":"https:\/\/portaltela.pt\/noticias\/2026\/02\/03\/distrito-expande-transporte-a-pedido-com-novos-postaletes-no-alto-alentejo\/#primaryimage"},"thumbnailUrl":"https:\/\/portaltela.pt\/s.01k8rhncp4jt1\/2026\/02\/unnamed-file-917.jpg","keywords":["Alentejo","Alter do Ch\u00e3o","Arronches","mobilidade","mobilidade urbana","transporte p\u00fablico"],"articleSection":["Not\u00edcias"],"inLanguage":"pt-PT"},{"@type":"WebPage","@id":"https:\/\/portaltela.pt\/noticias\/2026\/02\/03\/distrito-expande-transporte-a-pedido-com-novos-postaletes-no-alto-alentejo\/","url":"https:\/\/portaltela.pt\/noticias\/2026\/02\/03\/distrito-expande-transporte-a-pedido-com-novos-postaletes-no-alto-alentejo\/","name":"Distrito expande Transporte a Pedido com novos postaletes no Alto Alentejo - Portal Tela Portugal","isPartOf":{"@id":"https:\/\/portaltela.pt\/#website"},"primaryImageOfPage":{"@id":"https:\/\/portaltela.pt\/noticias\/2026\/02\/03\/distrito-expande-transporte-a-pedido-com-novos-postaletes-no-alto-alentejo\/#primaryimage"},"image":{"@id":"https:\/\/portaltela.pt\/noticias\/2026\/02\/03\/distrito-expande-transporte-a-pedido-com-novos-postaletes-no-alto-alentejo\/#primaryimage"},"thumbnailUrl":"https:\/\/portaltela.pt\/s.01k8rhncp4jt1\/2026\/02\/unnamed-file-917.jpg","datePublished":"2026-02-03T17:24:00+00:00","author":{"@id":"https:\/\/portaltela.pt\/#\/schema\/person\/c4278d4a6028830caff9ee44b42d32ed"},"breadcrumb":{"@id":"https:\/\/portaltela.pt\/noticias\/2026\/02\/03\/distrito-expande-transporte-a-pedido-com-novos-postaletes-no-alto-alentejo\/#breadcrumb"},"inLanguage":"pt-PT","potentialAction":[{"@type":"ReadAction","target":["https:\/\/portaltela.pt\/noticias\/2026\/02\/03\/distrito-expande-transporte-a-pedido-com-novos-postaletes-no-alto-alentejo\/"]}]},{"@type":"ImageObject","inLanguage":"pt-PT","@id":"https:\/\/portaltela.pt\/noticias\/2026\/02\/03\/distrito-expande-transporte-a-pedido-com-novos-postaletes-no-alto-alentejo\/#primaryimage","url":"https:\/\/portaltela.pt\/s.01k8rhncp4jt1\/2026\/02\/unnamed-file-917.jpg","contentUrl":"https:\/\/portaltela.pt\/s.01k8rhncp4jt1\/2026\/02\/unnamed-file-917.jpg","width":796,"height":448,"caption":"Distrito: Instala\u00e7\u00e3o de novos postaletes assinala expans\u00e3o do Transporte a Pedido no Alto Alentejo"},{"@type":"BreadcrumbList","@id":"https:\/\/portaltela.pt\/noticias\/2026\/02\/03\/distrito-expande-transporte-a-pedido-com-novos-postaletes-no-alto-alentejo\/#breadcrumb","itemListElement":[{"@type":"ListItem","position":1,"name":"In\u00edcio","item":"https:\/\/portaltela.pt\/"},{"@type":"ListItem","position":2,"name":"Distrito expande Transporte a Pedido com novos postaletes no Alto Alentejo"}]},{"@type":"WebSite","@id":"https:\/\/portaltela.pt\/#website","url":"https:\/\/portaltela.pt\/","name":"Portal Tela Portugal","description":"","potentialAction":[{"@type":"SearchAction","target":{"@type":"EntryPoint","urlTemplate":"https:\/\/portaltela.pt\/?s={search_term_string}"},"query-input":{"@type":"PropertyValueSpecification","valueRequired":true,"valueName":"search_term_string"}}],"inLanguage":"pt-PT"},{"@type":"Person","@id":"https:\/\/portaltela.pt\/#\/schema\/person\/c4278d4a6028830caff9ee44b42d32ed","name":"Telinha","image":{"@type":"ImageObject","inLanguage":"pt-PT","@id":"https:\/\/portaltela.pt\/s.01k8rhncp4jt1\/2025\/11\/talking-bot-125x125.png","url":"https:\/\/portaltela.pt\/s.01k8rhncp4jt1\/2025\/11\/talking-bot-125x125.png","contentUrl":"https:\/\/portaltela.pt\/s.01k8rhncp4jt1\/2025\/11\/talking-bot-125x125.png","caption":"Telinha"},"sameAs":["https:\/\/portaltela.pt\/"],"url":"https:\/\/portaltela.pt\/por\/367410592786\/"}]}},"_links":{"self":[{"href":"https:\/\/portaltela.pt\/api\/wp\/v2\/posts\/194514","targetHints":{"allow":["GET"]}}],"collection":[{"href":"https:\/\/portaltela.pt\/api\/wp\/v2\/posts"}],"about":[{"href":"https:\/\/portaltela.pt\/api\/wp\/v2\/types\/post"}],"author":[{"embeddable":true,"href":"https:\/\/portaltela.pt\/api\/wp\/v2\/users\/2"}],"replies":[{"embeddable":true,"href":"https:\/\/portaltela.pt\/api\/wp\/v2\/comments?post=194514"}],"version-history":[{"count":0,"href":"https:\/\/portaltela.pt\/api\/wp\/v2\/posts\/194514\/revisions"}],"wp:featuredmedia":[{"embeddable":true,"href":"https:\/\/portaltela.pt\/api\/wp\/v2\/media\/194518"}],"wp:attachment":[{"href":"https:\/\/portaltela.pt\/api\/wp\/v2\/media?parent=194514"}],"wp:term":[{"taxonomy":"category","embeddable":true,"href":"https:\/\/portaltela.pt\/api\/wp\/v2\/categories?post=194514"},{"taxonomy":"post_tag","embeddable":true,"href":"https:\/\/portaltela.pt\/api\/wp\/v2\/tags?post=194514"}],"curies":[{"name":"wp","href":"https:\/\/api.w.org\/{rel}","templated":true}]}}