{"id":194472,"date":"2026-02-03T14:28:00","date_gmt":"2026-02-03T17:28:00","guid":{"rendered":"https:\/\/portaltela.pt\/noticias\/2026\/02\/03\/cancelo-regressa-a-barcelona-com-ligacao-ao-inter\/"},"modified":"2026-02-03T14:28:00","modified_gmt":"2026-02-03T17:28:00","slug":"cancelo-regressa-a-barcelona-com-ligacao-ao-inter","status":"publish","type":"post","link":"https:\/\/portaltela.pt\/desporto\/futebol\/2026\/02\/03\/cancelo-regressa-a-barcelona-com-ligacao-ao-inter\/","title":{"rendered":"Cancelo regressa a Barcelona, com liga\u00e7\u00e3o ao Inter"},"content":{"rendered":"<p>Jo\u00e3o Cancelo regressou ao Barcelona na presente janela, por empr\u00e9stimo do Al Hilal. O defesa-direito foi apresentado pelo clube catal\u00e3o e comprometeu-se a representar o Barcelona at\u00e9 final da temporada.<\/p>\n<p>O atleta esteve, durante grande parte da \u00faltima janela, muito perto de regressar ao Inter Mil\u00e3o. A equipa italiana procurou durante todo o per\u00edodo um ala direito para o seu sistema 3x4x3, mantendo Cancelo como op\u00e7\u00e3o preferencial.<\/p>\n<p>A solu\u00e7\u00e3o de empr\u00e9stimo para o Barcelona surgiu ap\u00f3s a confirma\u00e7\u00e3o de que o Inter n\u00e3o avan\u00e7aria imediatamente com uma aquisi\u00e7\u00e3o efectiva, apesar do interesse p\u00fablico na altura. Cancelo representa, assim, uma op\u00e7\u00e3o para o plantel catal\u00e3o, enquanto o Inter continua a avaliar cen\u00e1rios para a posi\u00e7\u00e3o.<\/p>\n<p>Fonte: Confidencial Record<\/p>\n","protected":false},"excerpt":{"rendered":"<ul>\n<li>Jo\u00e3o Cancelo regressou ao Barcelona por empr\u00e9stimo do Al Hilal.<\/li>\n<li>O jogador portugu\u00eas esteve perto de regressar ao Inter de Mil\u00e3o, que procurava um ala direito para o sistema 3x4x3.<\/li>\n<li>Cancelo j\u00e1 representou o Inter na \u00e9poca 2017\/2018.<\/li>\n<li>O Inter manteve a janela toda \u00e0 procura de uma solu\u00e7\u00e3o para a posi\u00e7\u00e3o de lateral direito.<\/li>\n<li>O regresso\/registo de Cancelo ao Barcelona foi confirmado atrav\u00e9s do empr\u00e9stimo.<\/li>\n<\/ul>\n","protected":false},"author":2,"featured_media":194480,"comment_status":"closed","ping_status":"closed","sticky":false,"template":"","format":"standard","meta":{"footnotes":""},"categories":[21,24],"tags":[2587,2331,2457,32,4813,50],"class_list":["post-194472","post","type-post","status-publish","format-standard","has-post-thumbnail","hentry","category-desporto","category-futebol","tag-barcelona","tag-cancelo","tag-emprestimos","tag-futebol","tag-inter-milao","tag-mercado-da-bola"],"yoast_head":"<!-- This site is optimized with the Yoast SEO plugin v27.2 - https:\/\/yoast.com\/product\/yoast-seo-wordpress\/ -->\n<title>Cancelo regressa a Barcelona, com liga\u00e7\u00e3o ao Inter - Portal Tela Portugal<\/title>\n<meta name=\"robots\" content=\"index, follow, max-snippet:-1, max-image-preview:large, max-video-preview:-1\" \/>\n<meta property=\"og:locale\" content=\"pt_PT\" \/>\n<meta property=\"og:type\" content=\"article\" \/>\n<meta property=\"og:title\" content=\"Cancelo regressa a Barcelona, com liga\u00e7\u00e3o ao Inter - Portal Tela Portugal\" \/>\n<meta property=\"og:description\" content=\"Jo\u00e3o Cancelo regressou ao Barcelona por empr\u00e9stimo do Al Hilal. O jogador portugu\u00eas esteve perto de regressar ao Inter de Mil\u00e3o, que procurava um ala direito para o sistema 3x4x3. Cancelo j\u00e1 representou o Inter na \u00e9poca 2017\/2018. O Inter manteve a janela toda \u00e0 procura de uma solu\u00e7\u00e3o para a posi\u00e7\u00e3o de lateral direito. O regresso\/registo de Cancelo ao Barcelona foi confirmado atrav\u00e9s do empr\u00e9stimo.\" \/>\n<meta property=\"og:url\" content=\"https:\/\/portaltela.pt\/noticias\/2026\/02\/03\/cancelo-regressa-a-barcelona-com-ligacao-ao-inter\/\" \/>\n<meta property=\"og:site_name\" content=\"Portal Tela Portugal\" \/>\n<meta property=\"article:published_time\" content=\"2026-02-03T17:28:00+00:00\" \/>\n<meta name=\"author\" content=\"Telinha\" \/>\n<meta name=\"twitter:card\" content=\"summary_large_image\" \/>\n<meta name=\"twitter:label1\" content=\"Escrito por\" \/>\n\t<meta name=\"twitter:data1\" content=\"Telinha\" \/>\n\t<meta name=\"twitter:label2\" content=\"Tempo estimado de leitura\" \/>\n\t<meta name=\"twitter:data2\" content=\"1 minuto\" \/>\n<script type=\"application\/ld+json\" class=\"yoast-schema-graph\">{\"@context\":\"https:\/\/schema.org\",\"@graph\":[{\"@type\":\"Article\",\"@id\":\"https:\/\/portaltela.pt\/noticias\/2026\/02\/03\/cancelo-regressa-a-barcelona-com-ligacao-ao-inter\/#article\",\"isPartOf\":{\"@id\":\"https:\/\/portaltela.pt\/noticias\/2026\/02\/03\/cancelo-regressa-a-barcelona-com-ligacao-ao-inter\/\"},\"author\":{\"name\":\"Telinha\",\"@id\":\"https:\/\/portaltela.pt\/#\/schema\/person\/c4278d4a6028830caff9ee44b42d32ed\"},\"headline\":\"Cancelo regressa a Barcelona, com liga\u00e7\u00e3o ao Inter\",\"datePublished\":\"2026-02-03T17:28:00+00:00\",\"mainEntityOfPage\":{\"@id\":\"https:\/\/portaltela.pt\/noticias\/2026\/02\/03\/cancelo-regressa-a-barcelona-com-ligacao-ao-inter\/\"},\"wordCount\":145,\"image\":{\"@id\":\"https:\/\/portaltela.pt\/noticias\/2026\/02\/03\/cancelo-regressa-a-barcelona-com-ligacao-ao-inter\/#primaryimage\"},\"thumbnailUrl\":\"https:\/\/portaltela.pt\/s.01k8rhncp4jt1\/2026\/02\/img_920x518uu2026-01-13-21-58-13-2414586.jpg\",\"keywords\":[\"Barcelona\",\"Cancelo\",\"empr\u00e9stimos\",\"futebol\",\"Inter Mil\u00e3o\",\"mercado da bola\"],\"articleSection\":[\"Desporto\",\"Futebol\"],\"inLanguage\":\"pt-PT\"},{\"@type\":\"WebPage\",\"@id\":\"https:\/\/portaltela.pt\/noticias\/2026\/02\/03\/cancelo-regressa-a-barcelona-com-ligacao-ao-inter\/\",\"url\":\"https:\/\/portaltela.pt\/noticias\/2026\/02\/03\/cancelo-regressa-a-barcelona-com-ligacao-ao-inter\/\",\"name\":\"Cancelo regressa a Barcelona, com liga\u00e7\u00e3o ao Inter - Portal Tela Portugal\",\"isPartOf\":{\"@id\":\"https:\/\/portaltela.pt\/#website\"},\"primaryImageOfPage\":{\"@id\":\"https:\/\/portaltela.pt\/noticias\/2026\/02\/03\/cancelo-regressa-a-barcelona-com-ligacao-ao-inter\/#primaryimage\"},\"image\":{\"@id\":\"https:\/\/portaltela.pt\/noticias\/2026\/02\/03\/cancelo-regressa-a-barcelona-com-ligacao-ao-inter\/#primaryimage\"},\"thumbnailUrl\":\"https:\/\/portaltela.pt\/s.01k8rhncp4jt1\/2026\/02\/img_920x518uu2026-01-13-21-58-13-2414586.jpg\",\"datePublished\":\"2026-02-03T17:28:00+00:00\",\"author\":{\"@id\":\"https:\/\/portaltela.pt\/#\/schema\/person\/c4278d4a6028830caff9ee44b42d32ed\"},\"breadcrumb\":{\"@id\":\"https:\/\/portaltela.pt\/noticias\/2026\/02\/03\/cancelo-regressa-a-barcelona-com-ligacao-ao-inter\/#breadcrumb\"},\"inLanguage\":\"pt-PT\",\"potentialAction\":[{\"@type\":\"ReadAction\",\"target\":[\"https:\/\/portaltela.pt\/noticias\/2026\/02\/03\/cancelo-regressa-a-barcelona-com-ligacao-ao-inter\/\"]}]},{\"@type\":\"ImageObject\",\"inLanguage\":\"pt-PT\",\"@id\":\"https:\/\/portaltela.pt\/noticias\/2026\/02\/03\/cancelo-regressa-a-barcelona-com-ligacao-ao-inter\/#primaryimage\",\"url\":\"https:\/\/portaltela.pt\/s.01k8rhncp4jt1\/2026\/02\/img_920x518uu2026-01-13-21-58-13-2414586.jpg\",\"contentUrl\":\"https:\/\/portaltela.pt\/s.01k8rhncp4jt1\/2026\/02\/img_920x518uu2026-01-13-21-58-13-2414586.jpg\",\"width\":796,\"height\":448,\"caption\":\"Jo\u00e3o Cancelo apresentado no Barcelona\"},{\"@type\":\"BreadcrumbList\",\"@id\":\"https:\/\/portaltela.pt\/noticias\/2026\/02\/03\/cancelo-regressa-a-barcelona-com-ligacao-ao-inter\/#breadcrumb\",\"itemListElement\":[{\"@type\":\"ListItem\",\"position\":1,\"name\":\"In\u00edcio\",\"item\":\"https:\/\/portaltela.pt\/\"},{\"@type\":\"ListItem\",\"position\":2,\"name\":\"Cancelo regressa a Barcelona, com liga\u00e7\u00e3o ao Inter\"}]},{\"@type\":\"WebSite\",\"@id\":\"https:\/\/portaltela.pt\/#website\",\"url\":\"https:\/\/portaltela.pt\/\",\"name\":\"Portal Tela Portugal\",\"description\":\"\",\"potentialAction\":[{\"@type\":\"SearchAction\",\"target\":{\"@type\":\"EntryPoint\",\"urlTemplate\":\"https:\/\/portaltela.pt\/?s={search_term_string}\"},\"query-input\":{\"@type\":\"PropertyValueSpecification\",\"valueRequired\":true,\"valueName\":\"search_term_string\"}}],\"inLanguage\":\"pt-PT\"},{\"@type\":\"Person\",\"@id\":\"https:\/\/portaltela.pt\/#\/schema\/person\/c4278d4a6028830caff9ee44b42d32ed\",\"name\":\"Telinha\",\"image\":{\"@type\":\"ImageObject\",\"inLanguage\":\"pt-PT\",\"@id\":\"https:\/\/portaltela.pt\/s.01k8rhncp4jt1\/2025\/11\/talking-bot-125x125.png\",\"url\":\"https:\/\/portaltela.pt\/s.01k8rhncp4jt1\/2025\/11\/talking-bot-125x125.png\",\"contentUrl\":\"https:\/\/portaltela.pt\/s.01k8rhncp4jt1\/2025\/11\/talking-bot-125x125.png\",\"caption\":\"Telinha\"},\"sameAs\":[\"https:\/\/portaltela.pt\/\"],\"url\":\"https:\/\/portaltela.pt\/por\/367410592786\/\"}]}<\/script>\n<!-- \/ Yoast SEO plugin. -->","yoast_head_json":{"title":"Cancelo regressa a Barcelona, com liga\u00e7\u00e3o ao Inter - Portal Tela Portugal","robots":{"index":"index","follow":"follow","max-snippet":"max-snippet:-1","max-image-preview":"max-image-preview:large","max-video-preview":"max-video-preview:-1"},"og_locale":"pt_PT","og_type":"article","og_title":"Cancelo regressa a Barcelona, com liga\u00e7\u00e3o ao Inter - Portal Tela Portugal","og_description":"Jo\u00e3o Cancelo regressou ao Barcelona por empr\u00e9stimo do Al Hilal. O jogador portugu\u00eas esteve perto de regressar ao Inter de Mil\u00e3o, que procurava um ala direito para o sistema 3x4x3. Cancelo j\u00e1 representou o Inter na \u00e9poca 2017\/2018. O Inter manteve a janela toda \u00e0 procura de uma solu\u00e7\u00e3o para a posi\u00e7\u00e3o de lateral direito. O regresso\/registo de Cancelo ao Barcelona foi confirmado atrav\u00e9s do empr\u00e9stimo.","og_url":"https:\/\/portaltela.pt\/noticias\/2026\/02\/03\/cancelo-regressa-a-barcelona-com-ligacao-ao-inter\/","og_site_name":"Portal Tela Portugal","article_published_time":"2026-02-03T17:28:00+00:00","author":"Telinha","twitter_card":"summary_large_image","twitter_misc":{"Escrito por":"Telinha","Tempo estimado de leitura":"1 minuto"},"schema":{"@context":"https:\/\/schema.org","@graph":[{"@type":"Article","@id":"https:\/\/portaltela.pt\/noticias\/2026\/02\/03\/cancelo-regressa-a-barcelona-com-ligacao-ao-inter\/#article","isPartOf":{"@id":"https:\/\/portaltela.pt\/noticias\/2026\/02\/03\/cancelo-regressa-a-barcelona-com-ligacao-ao-inter\/"},"author":{"name":"Telinha","@id":"https:\/\/portaltela.pt\/#\/schema\/person\/c4278d4a6028830caff9ee44b42d32ed"},"headline":"Cancelo regressa a Barcelona, com liga\u00e7\u00e3o ao Inter","datePublished":"2026-02-03T17:28:00+00:00","mainEntityOfPage":{"@id":"https:\/\/portaltela.pt\/noticias\/2026\/02\/03\/cancelo-regressa-a-barcelona-com-ligacao-ao-inter\/"},"wordCount":145,"image":{"@id":"https:\/\/portaltela.pt\/noticias\/2026\/02\/03\/cancelo-regressa-a-barcelona-com-ligacao-ao-inter\/#primaryimage"},"thumbnailUrl":"https:\/\/portaltela.pt\/s.01k8rhncp4jt1\/2026\/02\/img_920x518uu2026-01-13-21-58-13-2414586.jpg","keywords":["Barcelona","Cancelo","empr\u00e9stimos","futebol","Inter Mil\u00e3o","mercado da bola"],"articleSection":["Desporto","Futebol"],"inLanguage":"pt-PT"},{"@type":"WebPage","@id":"https:\/\/portaltela.pt\/noticias\/2026\/02\/03\/cancelo-regressa-a-barcelona-com-ligacao-ao-inter\/","url":"https:\/\/portaltela.pt\/noticias\/2026\/02\/03\/cancelo-regressa-a-barcelona-com-ligacao-ao-inter\/","name":"Cancelo regressa a Barcelona, com liga\u00e7\u00e3o ao Inter - Portal Tela Portugal","isPartOf":{"@id":"https:\/\/portaltela.pt\/#website"},"primaryImageOfPage":{"@id":"https:\/\/portaltela.pt\/noticias\/2026\/02\/03\/cancelo-regressa-a-barcelona-com-ligacao-ao-inter\/#primaryimage"},"image":{"@id":"https:\/\/portaltela.pt\/noticias\/2026\/02\/03\/cancelo-regressa-a-barcelona-com-ligacao-ao-inter\/#primaryimage"},"thumbnailUrl":"https:\/\/portaltela.pt\/s.01k8rhncp4jt1\/2026\/02\/img_920x518uu2026-01-13-21-58-13-2414586.jpg","datePublished":"2026-02-03T17:28:00+00:00","author":{"@id":"https:\/\/portaltela.pt\/#\/schema\/person\/c4278d4a6028830caff9ee44b42d32ed"},"breadcrumb":{"@id":"https:\/\/portaltela.pt\/noticias\/2026\/02\/03\/cancelo-regressa-a-barcelona-com-ligacao-ao-inter\/#breadcrumb"},"inLanguage":"pt-PT","potentialAction":[{"@type":"ReadAction","target":["https:\/\/portaltela.pt\/noticias\/2026\/02\/03\/cancelo-regressa-a-barcelona-com-ligacao-ao-inter\/"]}]},{"@type":"ImageObject","inLanguage":"pt-PT","@id":"https:\/\/portaltela.pt\/noticias\/2026\/02\/03\/cancelo-regressa-a-barcelona-com-ligacao-ao-inter\/#primaryimage","url":"https:\/\/portaltela.pt\/s.01k8rhncp4jt1\/2026\/02\/img_920x518uu2026-01-13-21-58-13-2414586.jpg","contentUrl":"https:\/\/portaltela.pt\/s.01k8rhncp4jt1\/2026\/02\/img_920x518uu2026-01-13-21-58-13-2414586.jpg","width":796,"height":448,"caption":"Jo\u00e3o Cancelo apresentado no Barcelona"},{"@type":"BreadcrumbList","@id":"https:\/\/portaltela.pt\/noticias\/2026\/02\/03\/cancelo-regressa-a-barcelona-com-ligacao-ao-inter\/#breadcrumb","itemListElement":[{"@type":"ListItem","position":1,"name":"In\u00edcio","item":"https:\/\/portaltela.pt\/"},{"@type":"ListItem","position":2,"name":"Cancelo regressa a Barcelona, com liga\u00e7\u00e3o ao Inter"}]},{"@type":"WebSite","@id":"https:\/\/portaltela.pt\/#website","url":"https:\/\/portaltela.pt\/","name":"Portal Tela Portugal","description":"","potentialAction":[{"@type":"SearchAction","target":{"@type":"EntryPoint","urlTemplate":"https:\/\/portaltela.pt\/?s={search_term_string}"},"query-input":{"@type":"PropertyValueSpecification","valueRequired":true,"valueName":"search_term_string"}}],"inLanguage":"pt-PT"},{"@type":"Person","@id":"https:\/\/portaltela.pt\/#\/schema\/person\/c4278d4a6028830caff9ee44b42d32ed","name":"Telinha","image":{"@type":"ImageObject","inLanguage":"pt-PT","@id":"https:\/\/portaltela.pt\/s.01k8rhncp4jt1\/2025\/11\/talking-bot-125x125.png","url":"https:\/\/portaltela.pt\/s.01k8rhncp4jt1\/2025\/11\/talking-bot-125x125.png","contentUrl":"https:\/\/portaltela.pt\/s.01k8rhncp4jt1\/2025\/11\/talking-bot-125x125.png","caption":"Telinha"},"sameAs":["https:\/\/portaltela.pt\/"],"url":"https:\/\/portaltela.pt\/por\/367410592786\/"}]}},"_links":{"self":[{"href":"https:\/\/portaltela.pt\/api\/wp\/v2\/posts\/194472","targetHints":{"allow":["GET"]}}],"collection":[{"href":"https:\/\/portaltela.pt\/api\/wp\/v2\/posts"}],"about":[{"href":"https:\/\/portaltela.pt\/api\/wp\/v2\/types\/post"}],"author":[{"embeddable":true,"href":"https:\/\/portaltela.pt\/api\/wp\/v2\/users\/2"}],"replies":[{"embeddable":true,"href":"https:\/\/portaltela.pt\/api\/wp\/v2\/comments?post=194472"}],"version-history":[{"count":0,"href":"https:\/\/portaltela.pt\/api\/wp\/v2\/posts\/194472\/revisions"}],"wp:featuredmedia":[{"embeddable":true,"href":"https:\/\/portaltela.pt\/api\/wp\/v2\/media\/194480"}],"wp:attachment":[{"href":"https:\/\/portaltela.pt\/api\/wp\/v2\/media?parent=194472"}],"wp:term":[{"taxonomy":"category","embeddable":true,"href":"https:\/\/portaltela.pt\/api\/wp\/v2\/categories?post=194472"},{"taxonomy":"post_tag","embeddable":true,"href":"https:\/\/portaltela.pt\/api\/wp\/v2\/tags?post=194472"}],"curies":[{"name":"wp","href":"https:\/\/api.w.org\/{rel}","templated":true}]}}