{"id":194468,"date":"2026-02-03T14:15:00","date_gmt":"2026-02-03T17:15:00","guid":{"rendered":"https:\/\/portaltela.pt\/noticias\/2026\/02\/03\/cerca-de-3-000-agregados-aguardam-resposta-habitacional\/"},"modified":"2026-02-03T14:15:00","modified_gmt":"2026-02-03T17:15:00","slug":"cerca-de-3-000-agregados-aguardam-resposta-habitacional","status":"publish","type":"post","link":"https:\/\/portaltela.pt\/noticias\/2026\/02\/03\/cerca-de-3-000-agregados-aguardam-resposta-habitacional\/","title":{"rendered":"Cerca de 3.000 agregados aguardam resposta habitacional"},"content":{"rendered":"<p>Cerca de tr\u00eas mil agregados familiares est\u00e3o inscritos nos programas de habita\u00e7\u00e3o do Governo Regional, anunciou hoje o presidente Miguel Albuquerque durante a visita \u00e0 obra de constru\u00e7\u00e3o de 15 fogos na Quinta Josefina, Santo Ant\u00f3nio, Funchal. A interven\u00e7\u00e3o integra o PRR Habita\u00e7\u00e3o para a Regi\u00e3o.<\/p>\n<p>O investimento da empreitada \u00e9 de 3,4 milh\u00f5es de euros e prev\u00ea 15 apartamentos T2 para renda reduzida, destinados a fam\u00edlias com necessidades habitacionais. A conclus\u00e3o est\u00e1 prevista para o Ver\u00e3o, segundo o chefe do Governo Regional.<\/p>\n<p>Albuquerque lembrou que j\u00e1 foram entregues 504 fogos na regi\u00e3o ao abrigo do PRR e que, at\u00e9 ao Ver\u00e3o, devem ficar conclu\u00eddas mais 301 habita\u00e7\u00f5es. O Governo pretende continuar a construir a custos controlados, recorrendo ao Or\u00e7amento Regional, a cooperativas e cl\u00e1usulas com c\u00e2maras municipais.<\/p>\n<h3>Cen\u00e1rio atual da habita\u00e7\u00e3o na regi\u00e3o<\/h3>\n<p>O dirigente reconheceu que a press\u00e3o habitacional afeta sobretudo jovens casais, defendendo solu\u00e7\u00f5es com pre\u00e7os acess\u00edveis num mercado considerado muito dif\u00edcil para iniciar a vida ativa. Os programas abrangem constru\u00e7\u00e3o, recupera\u00e7\u00e3o de casas e apoio ao pagamento de rendas.<\/p>\n<p>Foi igualmente admitida a exist\u00eancia de exclus\u00f5es por incumprimento de crit\u00e9rios, com rectifica\u00e7\u00f5es em alguns casos quando diferen\u00e7as de rendimento afastavam fam\u00edlias do apoio. A situa\u00e7\u00e3o \u00e9 acompanhada pela gest\u00e3o de candidaturas, que visa corrigir margens que possam excluir potenciais benefici\u00e1rios.<\/p>\n<p>Albuquerque indicou uma taxa de execu\u00e7\u00e3o de 100% para o PRR na \u00e1rea da habita\u00e7\u00e3o at\u00e9 junho, apesar dos prazos curtos e do aumento de custos na constru\u00e7\u00e3o. O objetivo \u00e9 assegurar que as verbas dispon\u00edveis sejam plenamente aplicadas.<\/p>\n","protected":false},"excerpt":{"rendered":"<ul>\n<li>Cerca de tr\u00eas mil agregados familiares est\u00e3o actualmente inscritos nos programas de habita\u00e7\u00e3o do Governo Regional, segundo o presidente Miguel Albuquerque durante a visita \u00e0 obra na Quinta Josefina, Santo Ant\u00f3nio, Funchal.<\/li>\n<li>A constru\u00e7\u00e3o de quinze fogos T2 para renda reduzida, integrada no PRR Habita\u00e7\u00e3o para a Regi\u00e3o, representa um investimento de 3,4 milh\u00f5es de euros e dever\u00e1 ficar pronta at\u00e9 ao Ver\u00e3o.<\/li>\n<li>J\u00e1 foram entregues 504 fogos na Regi\u00e3o e, at\u00e9 ao Ver\u00e3o, dever\u00e3o estar conclu\u00eddas mais 301 habita\u00e7\u00f5es.<\/li>\n<li>O Governo Regional quer continuar a construir fogos a custos controlados, atrav\u00e9s do Or\u00e7amento Regional e de modalidades como cooperativas, em articula\u00e7\u00e3o com as c\u00e2maras municipais.<\/li>\n<li>A taxa de execu\u00e7\u00e3o do PRR na habita\u00e7\u00e3o dever\u00e1 atingir cem por cento at\u00e9 junho, enfrentando prazos curtos e aumento de custos na constru\u00e7\u00e3o.<\/li>\n<\/ul>\n","protected":false},"author":2,"featured_media":194483,"comment_status":"closed","ping_status":"closed","sticky":false,"template":"","format":"standard","meta":{"footnotes":""},"categories":[1],"tags":[1120,150,2287,1010,2817,859],"class_list":["post-194468","post","type-post","status-publish","format-standard","has-post-thumbnail","hentry","category-noticias","tag-funchal","tag-habitacao","tag-habitacao-a-custos-controlados","tag-habitacao-publica","tag-habitacoes","tag-madeira"],"yoast_head":"<!-- This site is optimized with the Yoast SEO plugin v27.2 - https:\/\/yoast.com\/product\/yoast-seo-wordpress\/ -->\n<title>Cerca de 3.000 agregados aguardam resposta habitacional - Portal Tela Portugal<\/title>\n<meta name=\"robots\" content=\"index, follow, max-snippet:-1, max-image-preview:large, max-video-preview:-1\" \/>\n<meta property=\"og:locale\" content=\"pt_PT\" \/>\n<meta property=\"og:type\" content=\"article\" \/>\n<meta property=\"og:title\" content=\"Cerca de 3.000 agregados aguardam resposta habitacional - Portal Tela Portugal\" \/>\n<meta property=\"og:description\" content=\"Cerca de tr\u00eas mil agregados familiares est\u00e3o actualmente inscritos nos programas de habita\u00e7\u00e3o do Governo Regional, segundo o presidente Miguel Albuquerque durante a visita \u00e0 obra na Quinta Josefina, Santo Ant\u00f3nio, Funchal. A constru\u00e7\u00e3o de quinze fogos T2 para renda reduzida, integrada no PRR Habita\u00e7\u00e3o para a Regi\u00e3o, representa um investimento de 3,4 milh\u00f5es de euros e dever\u00e1 ficar pronta at\u00e9 ao Ver\u00e3o. J\u00e1 foram entregues 504 fogos na Regi\u00e3o e, at\u00e9 ao Ver\u00e3o, dever\u00e3o estar conclu\u00eddas mais 301 habita\u00e7\u00f5es. O Governo Regional quer continuar a construir fogos a custos controlados, atrav\u00e9s do Or\u00e7amento Regional e de modalidades como cooperativas, em articula\u00e7\u00e3o com as c\u00e2maras municipais. A taxa de execu\u00e7\u00e3o do PRR na habita\u00e7\u00e3o dever\u00e1 atingir cem por cento at\u00e9 junho, enfrentando prazos curtos e aumento de custos na constru\u00e7\u00e3o.\" \/>\n<meta property=\"og:url\" content=\"https:\/\/portaltela.pt\/noticias\/2026\/02\/03\/cerca-de-3-000-agregados-aguardam-resposta-habitacional\/\" \/>\n<meta property=\"og:site_name\" content=\"Portal Tela Portugal\" \/>\n<meta property=\"article:published_time\" content=\"2026-02-03T17:15:00+00:00\" \/>\n<meta name=\"author\" content=\"Telinha\" \/>\n<meta name=\"twitter:card\" content=\"summary_large_image\" \/>\n<meta name=\"twitter:label1\" content=\"Escrito por\" \/>\n\t<meta name=\"twitter:data1\" content=\"Telinha\" \/>\n\t<meta name=\"twitter:label2\" content=\"Tempo estimado de leitura\" \/>\n\t<meta name=\"twitter:data2\" content=\"1 minuto\" \/>\n<script type=\"application\/ld+json\" class=\"yoast-schema-graph\">{\"@context\":\"https:\/\/schema.org\",\"@graph\":[{\"@type\":\"Article\",\"@id\":\"https:\/\/portaltela.pt\/noticias\/2026\/02\/03\/cerca-de-3-000-agregados-aguardam-resposta-habitacional\/#article\",\"isPartOf\":{\"@id\":\"https:\/\/portaltela.pt\/noticias\/2026\/02\/03\/cerca-de-3-000-agregados-aguardam-resposta-habitacional\/\"},\"author\":{\"name\":\"Telinha\",\"@id\":\"https:\/\/portaltela.pt\/#\/schema\/person\/c4278d4a6028830caff9ee44b42d32ed\"},\"headline\":\"Cerca de 3.000 agregados aguardam resposta habitacional\",\"datePublished\":\"2026-02-03T17:15:00+00:00\",\"mainEntityOfPage\":{\"@id\":\"https:\/\/portaltela.pt\/noticias\/2026\/02\/03\/cerca-de-3-000-agregados-aguardam-resposta-habitacional\/\"},\"wordCount\":291,\"image\":{\"@id\":\"https:\/\/portaltela.pt\/noticias\/2026\/02\/03\/cerca-de-3-000-agregados-aguardam-resposta-habitacional\/#primaryimage\"},\"thumbnailUrl\":\"https:\/\/portaltela.pt\/s.01k8rhncp4jt1\/2026\/02\/unnamed-file-912.jpg\",\"keywords\":[\"Funchal\",\"habita\u00e7\u00e3o\",\"habita\u00e7\u00e3o a custos controlados\",\"habita\u00e7\u00e3o p\u00fablica\",\"habita\u00e7\u00f5es\",\"Madeira\"],\"articleSection\":[\"Not\u00edcias\"],\"inLanguage\":\"pt-PT\"},{\"@type\":\"WebPage\",\"@id\":\"https:\/\/portaltela.pt\/noticias\/2026\/02\/03\/cerca-de-3-000-agregados-aguardam-resposta-habitacional\/\",\"url\":\"https:\/\/portaltela.pt\/noticias\/2026\/02\/03\/cerca-de-3-000-agregados-aguardam-resposta-habitacional\/\",\"name\":\"Cerca de 3.000 agregados aguardam resposta habitacional - Portal Tela Portugal\",\"isPartOf\":{\"@id\":\"https:\/\/portaltela.pt\/#website\"},\"primaryImageOfPage\":{\"@id\":\"https:\/\/portaltela.pt\/noticias\/2026\/02\/03\/cerca-de-3-000-agregados-aguardam-resposta-habitacional\/#primaryimage\"},\"image\":{\"@id\":\"https:\/\/portaltela.pt\/noticias\/2026\/02\/03\/cerca-de-3-000-agregados-aguardam-resposta-habitacional\/#primaryimage\"},\"thumbnailUrl\":\"https:\/\/portaltela.pt\/s.01k8rhncp4jt1\/2026\/02\/unnamed-file-912.jpg\",\"datePublished\":\"2026-02-03T17:15:00+00:00\",\"author\":{\"@id\":\"https:\/\/portaltela.pt\/#\/schema\/person\/c4278d4a6028830caff9ee44b42d32ed\"},\"breadcrumb\":{\"@id\":\"https:\/\/portaltela.pt\/noticias\/2026\/02\/03\/cerca-de-3-000-agregados-aguardam-resposta-habitacional\/#breadcrumb\"},\"inLanguage\":\"pt-PT\",\"potentialAction\":[{\"@type\":\"ReadAction\",\"target\":[\"https:\/\/portaltela.pt\/noticias\/2026\/02\/03\/cerca-de-3-000-agregados-aguardam-resposta-habitacional\/\"]}]},{\"@type\":\"ImageObject\",\"inLanguage\":\"pt-PT\",\"@id\":\"https:\/\/portaltela.pt\/noticias\/2026\/02\/03\/cerca-de-3-000-agregados-aguardam-resposta-habitacional\/#primaryimage\",\"url\":\"https:\/\/portaltela.pt\/s.01k8rhncp4jt1\/2026\/02\/unnamed-file-912.jpg\",\"contentUrl\":\"https:\/\/portaltela.pt\/s.01k8rhncp4jt1\/2026\/02\/unnamed-file-912.jpg\",\"width\":796,\"height\":448,\"caption\":\"Cerca de 3 mil agregados aguardam resposta habitacional\"},{\"@type\":\"BreadcrumbList\",\"@id\":\"https:\/\/portaltela.pt\/noticias\/2026\/02\/03\/cerca-de-3-000-agregados-aguardam-resposta-habitacional\/#breadcrumb\",\"itemListElement\":[{\"@type\":\"ListItem\",\"position\":1,\"name\":\"In\u00edcio\",\"item\":\"https:\/\/portaltela.pt\/\"},{\"@type\":\"ListItem\",\"position\":2,\"name\":\"Cerca de 3.000 agregados aguardam resposta habitacional\"}]},{\"@type\":\"WebSite\",\"@id\":\"https:\/\/portaltela.pt\/#website\",\"url\":\"https:\/\/portaltela.pt\/\",\"name\":\"Portal Tela Portugal\",\"description\":\"\",\"potentialAction\":[{\"@type\":\"SearchAction\",\"target\":{\"@type\":\"EntryPoint\",\"urlTemplate\":\"https:\/\/portaltela.pt\/?s={search_term_string}\"},\"query-input\":{\"@type\":\"PropertyValueSpecification\",\"valueRequired\":true,\"valueName\":\"search_term_string\"}}],\"inLanguage\":\"pt-PT\"},{\"@type\":\"Person\",\"@id\":\"https:\/\/portaltela.pt\/#\/schema\/person\/c4278d4a6028830caff9ee44b42d32ed\",\"name\":\"Telinha\",\"image\":{\"@type\":\"ImageObject\",\"inLanguage\":\"pt-PT\",\"@id\":\"https:\/\/portaltela.pt\/s.01k8rhncp4jt1\/2025\/11\/talking-bot-125x125.png\",\"url\":\"https:\/\/portaltela.pt\/s.01k8rhncp4jt1\/2025\/11\/talking-bot-125x125.png\",\"contentUrl\":\"https:\/\/portaltela.pt\/s.01k8rhncp4jt1\/2025\/11\/talking-bot-125x125.png\",\"caption\":\"Telinha\"},\"sameAs\":[\"https:\/\/portaltela.pt\/\"],\"url\":\"https:\/\/portaltela.pt\/por\/367410592786\/\"}]}<\/script>\n<!-- \/ Yoast SEO plugin. -->","yoast_head_json":{"title":"Cerca de 3.000 agregados aguardam resposta habitacional - Portal Tela Portugal","robots":{"index":"index","follow":"follow","max-snippet":"max-snippet:-1","max-image-preview":"max-image-preview:large","max-video-preview":"max-video-preview:-1"},"og_locale":"pt_PT","og_type":"article","og_title":"Cerca de 3.000 agregados aguardam resposta habitacional - Portal Tela Portugal","og_description":"Cerca de tr\u00eas mil agregados familiares est\u00e3o actualmente inscritos nos programas de habita\u00e7\u00e3o do Governo Regional, segundo o presidente Miguel Albuquerque durante a visita \u00e0 obra na Quinta Josefina, Santo Ant\u00f3nio, Funchal. A constru\u00e7\u00e3o de quinze fogos T2 para renda reduzida, integrada no PRR Habita\u00e7\u00e3o para a Regi\u00e3o, representa um investimento de 3,4 milh\u00f5es de euros e dever\u00e1 ficar pronta at\u00e9 ao Ver\u00e3o. J\u00e1 foram entregues 504 fogos na Regi\u00e3o e, at\u00e9 ao Ver\u00e3o, dever\u00e3o estar conclu\u00eddas mais 301 habita\u00e7\u00f5es. O Governo Regional quer continuar a construir fogos a custos controlados, atrav\u00e9s do Or\u00e7amento Regional e de modalidades como cooperativas, em articula\u00e7\u00e3o com as c\u00e2maras municipais. A taxa de execu\u00e7\u00e3o do PRR na habita\u00e7\u00e3o dever\u00e1 atingir cem por cento at\u00e9 junho, enfrentando prazos curtos e aumento de custos na constru\u00e7\u00e3o.","og_url":"https:\/\/portaltela.pt\/noticias\/2026\/02\/03\/cerca-de-3-000-agregados-aguardam-resposta-habitacional\/","og_site_name":"Portal Tela Portugal","article_published_time":"2026-02-03T17:15:00+00:00","author":"Telinha","twitter_card":"summary_large_image","twitter_misc":{"Escrito por":"Telinha","Tempo estimado de leitura":"1 minuto"},"schema":{"@context":"https:\/\/schema.org","@graph":[{"@type":"Article","@id":"https:\/\/portaltela.pt\/noticias\/2026\/02\/03\/cerca-de-3-000-agregados-aguardam-resposta-habitacional\/#article","isPartOf":{"@id":"https:\/\/portaltela.pt\/noticias\/2026\/02\/03\/cerca-de-3-000-agregados-aguardam-resposta-habitacional\/"},"author":{"name":"Telinha","@id":"https:\/\/portaltela.pt\/#\/schema\/person\/c4278d4a6028830caff9ee44b42d32ed"},"headline":"Cerca de 3.000 agregados aguardam resposta habitacional","datePublished":"2026-02-03T17:15:00+00:00","mainEntityOfPage":{"@id":"https:\/\/portaltela.pt\/noticias\/2026\/02\/03\/cerca-de-3-000-agregados-aguardam-resposta-habitacional\/"},"wordCount":291,"image":{"@id":"https:\/\/portaltela.pt\/noticias\/2026\/02\/03\/cerca-de-3-000-agregados-aguardam-resposta-habitacional\/#primaryimage"},"thumbnailUrl":"https:\/\/portaltela.pt\/s.01k8rhncp4jt1\/2026\/02\/unnamed-file-912.jpg","keywords":["Funchal","habita\u00e7\u00e3o","habita\u00e7\u00e3o a custos controlados","habita\u00e7\u00e3o p\u00fablica","habita\u00e7\u00f5es","Madeira"],"articleSection":["Not\u00edcias"],"inLanguage":"pt-PT"},{"@type":"WebPage","@id":"https:\/\/portaltela.pt\/noticias\/2026\/02\/03\/cerca-de-3-000-agregados-aguardam-resposta-habitacional\/","url":"https:\/\/portaltela.pt\/noticias\/2026\/02\/03\/cerca-de-3-000-agregados-aguardam-resposta-habitacional\/","name":"Cerca de 3.000 agregados aguardam resposta habitacional - Portal Tela Portugal","isPartOf":{"@id":"https:\/\/portaltela.pt\/#website"},"primaryImageOfPage":{"@id":"https:\/\/portaltela.pt\/noticias\/2026\/02\/03\/cerca-de-3-000-agregados-aguardam-resposta-habitacional\/#primaryimage"},"image":{"@id":"https:\/\/portaltela.pt\/noticias\/2026\/02\/03\/cerca-de-3-000-agregados-aguardam-resposta-habitacional\/#primaryimage"},"thumbnailUrl":"https:\/\/portaltela.pt\/s.01k8rhncp4jt1\/2026\/02\/unnamed-file-912.jpg","datePublished":"2026-02-03T17:15:00+00:00","author":{"@id":"https:\/\/portaltela.pt\/#\/schema\/person\/c4278d4a6028830caff9ee44b42d32ed"},"breadcrumb":{"@id":"https:\/\/portaltela.pt\/noticias\/2026\/02\/03\/cerca-de-3-000-agregados-aguardam-resposta-habitacional\/#breadcrumb"},"inLanguage":"pt-PT","potentialAction":[{"@type":"ReadAction","target":["https:\/\/portaltela.pt\/noticias\/2026\/02\/03\/cerca-de-3-000-agregados-aguardam-resposta-habitacional\/"]}]},{"@type":"ImageObject","inLanguage":"pt-PT","@id":"https:\/\/portaltela.pt\/noticias\/2026\/02\/03\/cerca-de-3-000-agregados-aguardam-resposta-habitacional\/#primaryimage","url":"https:\/\/portaltela.pt\/s.01k8rhncp4jt1\/2026\/02\/unnamed-file-912.jpg","contentUrl":"https:\/\/portaltela.pt\/s.01k8rhncp4jt1\/2026\/02\/unnamed-file-912.jpg","width":796,"height":448,"caption":"Cerca de 3 mil agregados aguardam resposta habitacional"},{"@type":"BreadcrumbList","@id":"https:\/\/portaltela.pt\/noticias\/2026\/02\/03\/cerca-de-3-000-agregados-aguardam-resposta-habitacional\/#breadcrumb","itemListElement":[{"@type":"ListItem","position":1,"name":"In\u00edcio","item":"https:\/\/portaltela.pt\/"},{"@type":"ListItem","position":2,"name":"Cerca de 3.000 agregados aguardam resposta habitacional"}]},{"@type":"WebSite","@id":"https:\/\/portaltela.pt\/#website","url":"https:\/\/portaltela.pt\/","name":"Portal Tela Portugal","description":"","potentialAction":[{"@type":"SearchAction","target":{"@type":"EntryPoint","urlTemplate":"https:\/\/portaltela.pt\/?s={search_term_string}"},"query-input":{"@type":"PropertyValueSpecification","valueRequired":true,"valueName":"search_term_string"}}],"inLanguage":"pt-PT"},{"@type":"Person","@id":"https:\/\/portaltela.pt\/#\/schema\/person\/c4278d4a6028830caff9ee44b42d32ed","name":"Telinha","image":{"@type":"ImageObject","inLanguage":"pt-PT","@id":"https:\/\/portaltela.pt\/s.01k8rhncp4jt1\/2025\/11\/talking-bot-125x125.png","url":"https:\/\/portaltela.pt\/s.01k8rhncp4jt1\/2025\/11\/talking-bot-125x125.png","contentUrl":"https:\/\/portaltela.pt\/s.01k8rhncp4jt1\/2025\/11\/talking-bot-125x125.png","caption":"Telinha"},"sameAs":["https:\/\/portaltela.pt\/"],"url":"https:\/\/portaltela.pt\/por\/367410592786\/"}]}},"_links":{"self":[{"href":"https:\/\/portaltela.pt\/api\/wp\/v2\/posts\/194468","targetHints":{"allow":["GET"]}}],"collection":[{"href":"https:\/\/portaltela.pt\/api\/wp\/v2\/posts"}],"about":[{"href":"https:\/\/portaltela.pt\/api\/wp\/v2\/types\/post"}],"author":[{"embeddable":true,"href":"https:\/\/portaltela.pt\/api\/wp\/v2\/users\/2"}],"replies":[{"embeddable":true,"href":"https:\/\/portaltela.pt\/api\/wp\/v2\/comments?post=194468"}],"version-history":[{"count":0,"href":"https:\/\/portaltela.pt\/api\/wp\/v2\/posts\/194468\/revisions"}],"wp:featuredmedia":[{"embeddable":true,"href":"https:\/\/portaltela.pt\/api\/wp\/v2\/media\/194483"}],"wp:attachment":[{"href":"https:\/\/portaltela.pt\/api\/wp\/v2\/media?parent=194468"}],"wp:term":[{"taxonomy":"category","embeddable":true,"href":"https:\/\/portaltela.pt\/api\/wp\/v2\/categories?post=194468"},{"taxonomy":"post_tag","embeddable":true,"href":"https:\/\/portaltela.pt\/api\/wp\/v2\/tags?post=194468"}],"curies":[{"name":"wp","href":"https:\/\/api.w.org\/{rel}","templated":true}]}}