{"id":194439,"date":"2026-02-03T13:59:00","date_gmt":"2026-02-03T16:59:00","guid":{"rendered":"https:\/\/portaltela.pt\/noticias\/2026\/02\/03\/carnaval-de-elvas-celebra-28-anos-com-internacional-e-participacao-recorde\/"},"modified":"2026-02-03T13:59:00","modified_gmt":"2026-02-03T16:59:00","slug":"carnaval-de-elvas-celebra-28-anos-com-internacional-e-participacao-recorde","status":"publish","type":"post","link":"https:\/\/portaltela.pt\/noticias\/2026\/02\/03\/carnaval-de-elvas-celebra-28-anos-com-internacional-e-participacao-recorde\/","title":{"rendered":"Carnaval de Elvas celebra 28 anos com internacional e participa\u00e7\u00e3o recorde"},"content":{"rendered":"<p>Elvas prepara-se para celebrar, em 2026, a 28.\u00aa edi\u00e7\u00e3o de um Carnaval que se tornou num dos principais eventos festivos da regi\u00e3o, com dimens\u00e3o internacional e participa\u00e7\u00e3o recorde. A apresenta\u00e7\u00e3o oficial ocorreu na manh\u00e3 de sexta-feira, 30 de janeiro, no Sal\u00e3o Nobre dos Pa\u00e7os do Concelho, com a presen\u00e7a do vice-presidente da C\u00e2mara, Nuno Mocinha, do Chefe de Gabinete, Cl\u00e1udio Monteiro, de representantes dos grupos participantes e dos reis da edi\u00e7\u00e3o.<\/p>\n<p>Os organizadores destacaram a voca\u00e7\u00e3o transfronteiri\u00e7a do Carnaval de Elvas, que j\u00e1 recebe comparsas de Badajoz e Oliven\u00e7a. A crescente participa\u00e7\u00e3o de grupos da regi\u00e3o tem contribu\u00eddo para atrair milhares de visitantes e para projetar Elvas como destino cultural e festivo de refer\u00eancia. Nos \u00faltimos dois anos, foram integrados mascarados provenientes de concelhos vizinhos, aumentando a diversidade e o envolvimento regional, segundo o vice-presidente.<\/p>\n<p>O programa visa dinamizar o per\u00edodo carnavalesco alicer\u00e7ado na tradi\u00e7\u00e3o e na inova\u00e7\u00e3o, mantendo o Carnaval Internacional de Elvas como selo distintivo. Estima-se a presen\u00e7a de milhares de visitantes, dinamizando a economia local. Os grupos convidados para 2026 incluem Meraki, de Badajoz, e a associa\u00e7\u00e3o Agora Quer\u2019Arte, de Campo Maior.<\/p>\n<h3>Dimens\u00e3o e participa\u00e7\u00e3o<\/h3>\n<p>A edi\u00e7\u00e3o de 2026 prev\u00ea cerca de 2 mil elementos integrados em grupos organizados, al\u00e9m de centenas de foli\u00f5es que se juntam espontaneamente. Contam-se 10 carros aleg\u00f3ricos para compor os desfiles, que ocupam o centro hist\u00f3rico da cidade e o Coliseu Comendador Rond\u00e3o Almeida.<\/p>\n<h3>Estrutura do programa<\/h3>\n<p>O Carnaval come\u00e7a no dia 12 de fevereiro, com o desfile dos compadres e comadres, organizado pela Arkus, pela Escola Secund\u00e1ria D. Sancho II e pela Universidade S\u00e9nior de Elvas, \u00e0s 9h30. No dia 13 realiza-se o desfile escolar, com participa\u00e7\u00e3o de cerca de mil crian\u00e7as, \u00e0s 10h, terminando na Pra\u00e7a da Rep\u00fablica com anima\u00e7\u00e3o da Gota D\u2019Arte.<\/p>\n<p>Ainda na sexta-feira, 13, decorre o desfile coreogr\u00e1fico no Coliseu, \u00e0s 21h30, seguido de baile com a Orquestra d Balho e atua\u00e7\u00e3o do DJ Funk2you. No dia 16, domingo, o Coliseu acolhe o tributo Sai do Ch\u00e3o, com DJ FUA a partir das 22h30, valorizando uma noite al\u00e9m dos desfiles.<\/p>\n<p>Os corsos carnavalescos realizam-se nos dias 14, 15 e 17 de fevereiro, sempre \u00e0s 15h00, percorrendo o centro hist\u00f3rico. O conjunto de carros, grupos e foli\u00f5es refor\u00e7a o car\u00e1ter popular e inclusivo da festa, que se apresenta como um grande evento cultural da regi\u00e3o.<\/p>\n<h3>Exposi\u00e7\u00e3o e conclus\u00e3o<\/h3>\n<p>Inteira-se ainda a exposi\u00e7\u00e3o Carnaval Sem Fronteiras, com curadoria de Filipe Belchior, patente de 9 a 17 de fevereiro na Casa da Cultura de Elvas, refor\u00e7ando a tem\u00e1tica internacional do festival.<\/p>\n","protected":false},"excerpt":{"rendered":"<ul>\n<li>O Carnaval de Elvas chega \u00e0 28.\u00aa edi\u00e7\u00e3o em 2026, mantendo a dimens\u00e3o internacional e uma participa\u00e7\u00e3o recorde.<\/li>\n<li>Os reis da edi\u00e7\u00e3o s\u00e3o Lu\u00eds Dias e Raquel Galv\u00e3o, dois jovens elvenses, com grupos convidados de Badajoz e Campo Maior (Meraki e Agora Quer\u2019Arte).<\/li>\n<li>A festa destaca a rela\u00e7\u00e3o transfronteiri\u00e7a, com comparsas de Badajoz e Oliven\u00e7a e milhares de visitantes, incluindo foli\u00f5es espont\u00e2neos.<\/li>\n<li>Est\u00e3o previstas cerca de dois mil elementos em grupos organizados, 10 carros aleg\u00f3ricos e grande participa\u00e7\u00e3o popular.<\/li>\n<li>O programa inclui desfiles nos dias 12 (compadres\/comadres), 13 (desfile escolar e coreogr\u00e1fico no Coliseu), corsos nos dias 14, 15 e 17 \u00e0s 15h, e a exposi\u00e7\u00e3o \u201cCarnaval Sem Fronteiras\u201d na Casa da Cultura de Elvas (9 a 17 de fevereiro).<\/li>\n<\/ul>\n","protected":false},"author":2,"featured_media":194445,"comment_status":"closed","ping_status":"closed","sticky":false,"template":"","format":"standard","meta":{"footnotes":""},"categories":[1],"tags":[3346,145,1089,3674,81,169],"class_list":["post-194439","post","type-post","status-publish","format-standard","has-post-thumbnail","hentry","category-noticias","tag-campo-maior","tag-cultura","tag-elvas","tag-festival","tag-internacionais","tag-turismo"],"yoast_head":"<!-- This site is optimized with the Yoast SEO plugin v27.2 - https:\/\/yoast.com\/product\/yoast-seo-wordpress\/ -->\n<title>Carnaval de Elvas celebra 28 anos com internacional e participa\u00e7\u00e3o recorde - Portal Tela Portugal<\/title>\n<meta name=\"robots\" content=\"index, follow, max-snippet:-1, max-image-preview:large, max-video-preview:-1\" \/>\n<meta property=\"og:locale\" content=\"pt_PT\" \/>\n<meta property=\"og:type\" content=\"article\" \/>\n<meta property=\"og:title\" content=\"Carnaval de Elvas celebra 28 anos com internacional e participa\u00e7\u00e3o recorde - Portal Tela Portugal\" \/>\n<meta property=\"og:description\" content=\"O Carnaval de Elvas chega \u00e0 28.\u00aa edi\u00e7\u00e3o em 2026, mantendo a dimens\u00e3o internacional e uma participa\u00e7\u00e3o recorde. Os reis da edi\u00e7\u00e3o s\u00e3o Lu\u00eds Dias e Raquel Galv\u00e3o, dois jovens elvenses, com grupos convidados de Badajoz e Campo Maior (Meraki e Agora Quer\u2019Arte). A festa destaca a rela\u00e7\u00e3o transfronteiri\u00e7a, com comparsas de Badajoz e Oliven\u00e7a e milhares de visitantes, incluindo foli\u00f5es espont\u00e2neos. Est\u00e3o previstas cerca de dois mil elementos em grupos organizados, 10 carros aleg\u00f3ricos e grande participa\u00e7\u00e3o popular. O programa inclui desfiles nos dias 12 (compadres\/comadres), 13 (desfile escolar e coreogr\u00e1fico no Coliseu), corsos nos dias 14, 15 e 17 \u00e0s 15h, e a exposi\u00e7\u00e3o \u201cCarnaval Sem Fronteiras\u201d na Casa da Cultura de Elvas (9 a 17 de fevereiro).\" \/>\n<meta property=\"og:url\" content=\"https:\/\/portaltela.pt\/noticias\/2026\/02\/03\/carnaval-de-elvas-celebra-28-anos-com-internacional-e-participacao-recorde\/\" \/>\n<meta property=\"og:site_name\" content=\"Portal Tela Portugal\" \/>\n<meta property=\"article:published_time\" content=\"2026-02-03T16:59:00+00:00\" \/>\n<meta name=\"author\" content=\"Telinha\" \/>\n<meta name=\"twitter:card\" content=\"summary_large_image\" \/>\n<meta name=\"twitter:label1\" content=\"Escrito por\" \/>\n\t<meta name=\"twitter:data1\" content=\"Telinha\" \/>\n\t<meta name=\"twitter:label2\" content=\"Tempo estimado de leitura\" \/>\n\t<meta name=\"twitter:data2\" content=\"2 minutos\" \/>\n<script type=\"application\/ld+json\" class=\"yoast-schema-graph\">{\"@context\":\"https:\/\/schema.org\",\"@graph\":[{\"@type\":\"Article\",\"@id\":\"https:\/\/portaltela.pt\/noticias\/2026\/02\/03\/carnaval-de-elvas-celebra-28-anos-com-internacional-e-participacao-recorde\/#article\",\"isPartOf\":{\"@id\":\"https:\/\/portaltela.pt\/noticias\/2026\/02\/03\/carnaval-de-elvas-celebra-28-anos-com-internacional-e-participacao-recorde\/\"},\"author\":{\"name\":\"Telinha\",\"@id\":\"https:\/\/portaltela.pt\/#\/schema\/person\/c4278d4a6028830caff9ee44b42d32ed\"},\"headline\":\"Carnaval de Elvas celebra 28 anos com internacional e participa\u00e7\u00e3o recorde\",\"datePublished\":\"2026-02-03T16:59:00+00:00\",\"mainEntityOfPage\":{\"@id\":\"https:\/\/portaltela.pt\/noticias\/2026\/02\/03\/carnaval-de-elvas-celebra-28-anos-com-internacional-e-participacao-recorde\/\"},\"wordCount\":473,\"image\":{\"@id\":\"https:\/\/portaltela.pt\/noticias\/2026\/02\/03\/carnaval-de-elvas-celebra-28-anos-com-internacional-e-participacao-recorde\/#primaryimage\"},\"thumbnailUrl\":\"https:\/\/portaltela.pt\/s.01k8rhncp4jt1\/2026\/02\/unnamed-file-905.jpg\",\"keywords\":[\"Campo Maior\",\"cultura\",\"Elvas\",\"festival\",\"internacionais\",\"turismo\"],\"articleSection\":[\"Not\u00edcias\"],\"inLanguage\":\"pt-PT\"},{\"@type\":\"WebPage\",\"@id\":\"https:\/\/portaltela.pt\/noticias\/2026\/02\/03\/carnaval-de-elvas-celebra-28-anos-com-internacional-e-participacao-recorde\/\",\"url\":\"https:\/\/portaltela.pt\/noticias\/2026\/02\/03\/carnaval-de-elvas-celebra-28-anos-com-internacional-e-participacao-recorde\/\",\"name\":\"Carnaval de Elvas celebra 28 anos com internacional e participa\u00e7\u00e3o recorde - Portal Tela Portugal\",\"isPartOf\":{\"@id\":\"https:\/\/portaltela.pt\/#website\"},\"primaryImageOfPage\":{\"@id\":\"https:\/\/portaltela.pt\/noticias\/2026\/02\/03\/carnaval-de-elvas-celebra-28-anos-com-internacional-e-participacao-recorde\/#primaryimage\"},\"image\":{\"@id\":\"https:\/\/portaltela.pt\/noticias\/2026\/02\/03\/carnaval-de-elvas-celebra-28-anos-com-internacional-e-participacao-recorde\/#primaryimage\"},\"thumbnailUrl\":\"https:\/\/portaltela.pt\/s.01k8rhncp4jt1\/2026\/02\/unnamed-file-905.jpg\",\"datePublished\":\"2026-02-03T16:59:00+00:00\",\"author\":{\"@id\":\"https:\/\/portaltela.pt\/#\/schema\/person\/c4278d4a6028830caff9ee44b42d32ed\"},\"breadcrumb\":{\"@id\":\"https:\/\/portaltela.pt\/noticias\/2026\/02\/03\/carnaval-de-elvas-celebra-28-anos-com-internacional-e-participacao-recorde\/#breadcrumb\"},\"inLanguage\":\"pt-PT\",\"potentialAction\":[{\"@type\":\"ReadAction\",\"target\":[\"https:\/\/portaltela.pt\/noticias\/2026\/02\/03\/carnaval-de-elvas-celebra-28-anos-com-internacional-e-participacao-recorde\/\"]}]},{\"@type\":\"ImageObject\",\"inLanguage\":\"pt-PT\",\"@id\":\"https:\/\/portaltela.pt\/noticias\/2026\/02\/03\/carnaval-de-elvas-celebra-28-anos-com-internacional-e-participacao-recorde\/#primaryimage\",\"url\":\"https:\/\/portaltela.pt\/s.01k8rhncp4jt1\/2026\/02\/unnamed-file-905.jpg\",\"contentUrl\":\"https:\/\/portaltela.pt\/s.01k8rhncp4jt1\/2026\/02\/unnamed-file-905.jpg\",\"width\":796,\"height\":448,\"caption\":\"Carnaval de Elvas celebra 28 anos com dimens\u00e3o internacional, participa\u00e7\u00e3o recorde e afirma\u00e7\u00e3o regional\"},{\"@type\":\"BreadcrumbList\",\"@id\":\"https:\/\/portaltela.pt\/noticias\/2026\/02\/03\/carnaval-de-elvas-celebra-28-anos-com-internacional-e-participacao-recorde\/#breadcrumb\",\"itemListElement\":[{\"@type\":\"ListItem\",\"position\":1,\"name\":\"In\u00edcio\",\"item\":\"https:\/\/portaltela.pt\/\"},{\"@type\":\"ListItem\",\"position\":2,\"name\":\"Carnaval de Elvas celebra 28 anos com internacional e participa\u00e7\u00e3o recorde\"}]},{\"@type\":\"WebSite\",\"@id\":\"https:\/\/portaltela.pt\/#website\",\"url\":\"https:\/\/portaltela.pt\/\",\"name\":\"Portal Tela Portugal\",\"description\":\"\",\"potentialAction\":[{\"@type\":\"SearchAction\",\"target\":{\"@type\":\"EntryPoint\",\"urlTemplate\":\"https:\/\/portaltela.pt\/?s={search_term_string}\"},\"query-input\":{\"@type\":\"PropertyValueSpecification\",\"valueRequired\":true,\"valueName\":\"search_term_string\"}}],\"inLanguage\":\"pt-PT\"},{\"@type\":\"Person\",\"@id\":\"https:\/\/portaltela.pt\/#\/schema\/person\/c4278d4a6028830caff9ee44b42d32ed\",\"name\":\"Telinha\",\"image\":{\"@type\":\"ImageObject\",\"inLanguage\":\"pt-PT\",\"@id\":\"https:\/\/portaltela.pt\/s.01k8rhncp4jt1\/2025\/11\/talking-bot-125x125.png\",\"url\":\"https:\/\/portaltela.pt\/s.01k8rhncp4jt1\/2025\/11\/talking-bot-125x125.png\",\"contentUrl\":\"https:\/\/portaltela.pt\/s.01k8rhncp4jt1\/2025\/11\/talking-bot-125x125.png\",\"caption\":\"Telinha\"},\"sameAs\":[\"https:\/\/portaltela.pt\/\"],\"url\":\"https:\/\/portaltela.pt\/por\/367410592786\/\"}]}<\/script>\n<!-- \/ Yoast SEO plugin. -->","yoast_head_json":{"title":"Carnaval de Elvas celebra 28 anos com internacional e participa\u00e7\u00e3o recorde - Portal Tela Portugal","robots":{"index":"index","follow":"follow","max-snippet":"max-snippet:-1","max-image-preview":"max-image-preview:large","max-video-preview":"max-video-preview:-1"},"og_locale":"pt_PT","og_type":"article","og_title":"Carnaval de Elvas celebra 28 anos com internacional e participa\u00e7\u00e3o recorde - Portal Tela Portugal","og_description":"O Carnaval de Elvas chega \u00e0 28.\u00aa edi\u00e7\u00e3o em 2026, mantendo a dimens\u00e3o internacional e uma participa\u00e7\u00e3o recorde. Os reis da edi\u00e7\u00e3o s\u00e3o Lu\u00eds Dias e Raquel Galv\u00e3o, dois jovens elvenses, com grupos convidados de Badajoz e Campo Maior (Meraki e Agora Quer\u2019Arte). A festa destaca a rela\u00e7\u00e3o transfronteiri\u00e7a, com comparsas de Badajoz e Oliven\u00e7a e milhares de visitantes, incluindo foli\u00f5es espont\u00e2neos. Est\u00e3o previstas cerca de dois mil elementos em grupos organizados, 10 carros aleg\u00f3ricos e grande participa\u00e7\u00e3o popular. O programa inclui desfiles nos dias 12 (compadres\/comadres), 13 (desfile escolar e coreogr\u00e1fico no Coliseu), corsos nos dias 14, 15 e 17 \u00e0s 15h, e a exposi\u00e7\u00e3o \u201cCarnaval Sem Fronteiras\u201d na Casa da Cultura de Elvas (9 a 17 de fevereiro).","og_url":"https:\/\/portaltela.pt\/noticias\/2026\/02\/03\/carnaval-de-elvas-celebra-28-anos-com-internacional-e-participacao-recorde\/","og_site_name":"Portal Tela Portugal","article_published_time":"2026-02-03T16:59:00+00:00","author":"Telinha","twitter_card":"summary_large_image","twitter_misc":{"Escrito por":"Telinha","Tempo estimado de leitura":"2 minutos"},"schema":{"@context":"https:\/\/schema.org","@graph":[{"@type":"Article","@id":"https:\/\/portaltela.pt\/noticias\/2026\/02\/03\/carnaval-de-elvas-celebra-28-anos-com-internacional-e-participacao-recorde\/#article","isPartOf":{"@id":"https:\/\/portaltela.pt\/noticias\/2026\/02\/03\/carnaval-de-elvas-celebra-28-anos-com-internacional-e-participacao-recorde\/"},"author":{"name":"Telinha","@id":"https:\/\/portaltela.pt\/#\/schema\/person\/c4278d4a6028830caff9ee44b42d32ed"},"headline":"Carnaval de Elvas celebra 28 anos com internacional e participa\u00e7\u00e3o recorde","datePublished":"2026-02-03T16:59:00+00:00","mainEntityOfPage":{"@id":"https:\/\/portaltela.pt\/noticias\/2026\/02\/03\/carnaval-de-elvas-celebra-28-anos-com-internacional-e-participacao-recorde\/"},"wordCount":473,"image":{"@id":"https:\/\/portaltela.pt\/noticias\/2026\/02\/03\/carnaval-de-elvas-celebra-28-anos-com-internacional-e-participacao-recorde\/#primaryimage"},"thumbnailUrl":"https:\/\/portaltela.pt\/s.01k8rhncp4jt1\/2026\/02\/unnamed-file-905.jpg","keywords":["Campo Maior","cultura","Elvas","festival","internacionais","turismo"],"articleSection":["Not\u00edcias"],"inLanguage":"pt-PT"},{"@type":"WebPage","@id":"https:\/\/portaltela.pt\/noticias\/2026\/02\/03\/carnaval-de-elvas-celebra-28-anos-com-internacional-e-participacao-recorde\/","url":"https:\/\/portaltela.pt\/noticias\/2026\/02\/03\/carnaval-de-elvas-celebra-28-anos-com-internacional-e-participacao-recorde\/","name":"Carnaval de Elvas celebra 28 anos com internacional e participa\u00e7\u00e3o recorde - Portal Tela Portugal","isPartOf":{"@id":"https:\/\/portaltela.pt\/#website"},"primaryImageOfPage":{"@id":"https:\/\/portaltela.pt\/noticias\/2026\/02\/03\/carnaval-de-elvas-celebra-28-anos-com-internacional-e-participacao-recorde\/#primaryimage"},"image":{"@id":"https:\/\/portaltela.pt\/noticias\/2026\/02\/03\/carnaval-de-elvas-celebra-28-anos-com-internacional-e-participacao-recorde\/#primaryimage"},"thumbnailUrl":"https:\/\/portaltela.pt\/s.01k8rhncp4jt1\/2026\/02\/unnamed-file-905.jpg","datePublished":"2026-02-03T16:59:00+00:00","author":{"@id":"https:\/\/portaltela.pt\/#\/schema\/person\/c4278d4a6028830caff9ee44b42d32ed"},"breadcrumb":{"@id":"https:\/\/portaltela.pt\/noticias\/2026\/02\/03\/carnaval-de-elvas-celebra-28-anos-com-internacional-e-participacao-recorde\/#breadcrumb"},"inLanguage":"pt-PT","potentialAction":[{"@type":"ReadAction","target":["https:\/\/portaltela.pt\/noticias\/2026\/02\/03\/carnaval-de-elvas-celebra-28-anos-com-internacional-e-participacao-recorde\/"]}]},{"@type":"ImageObject","inLanguage":"pt-PT","@id":"https:\/\/portaltela.pt\/noticias\/2026\/02\/03\/carnaval-de-elvas-celebra-28-anos-com-internacional-e-participacao-recorde\/#primaryimage","url":"https:\/\/portaltela.pt\/s.01k8rhncp4jt1\/2026\/02\/unnamed-file-905.jpg","contentUrl":"https:\/\/portaltela.pt\/s.01k8rhncp4jt1\/2026\/02\/unnamed-file-905.jpg","width":796,"height":448,"caption":"Carnaval de Elvas celebra 28 anos com dimens\u00e3o internacional, participa\u00e7\u00e3o recorde e afirma\u00e7\u00e3o regional"},{"@type":"BreadcrumbList","@id":"https:\/\/portaltela.pt\/noticias\/2026\/02\/03\/carnaval-de-elvas-celebra-28-anos-com-internacional-e-participacao-recorde\/#breadcrumb","itemListElement":[{"@type":"ListItem","position":1,"name":"In\u00edcio","item":"https:\/\/portaltela.pt\/"},{"@type":"ListItem","position":2,"name":"Carnaval de Elvas celebra 28 anos com internacional e participa\u00e7\u00e3o recorde"}]},{"@type":"WebSite","@id":"https:\/\/portaltela.pt\/#website","url":"https:\/\/portaltela.pt\/","name":"Portal Tela Portugal","description":"","potentialAction":[{"@type":"SearchAction","target":{"@type":"EntryPoint","urlTemplate":"https:\/\/portaltela.pt\/?s={search_term_string}"},"query-input":{"@type":"PropertyValueSpecification","valueRequired":true,"valueName":"search_term_string"}}],"inLanguage":"pt-PT"},{"@type":"Person","@id":"https:\/\/portaltela.pt\/#\/schema\/person\/c4278d4a6028830caff9ee44b42d32ed","name":"Telinha","image":{"@type":"ImageObject","inLanguage":"pt-PT","@id":"https:\/\/portaltela.pt\/s.01k8rhncp4jt1\/2025\/11\/talking-bot-125x125.png","url":"https:\/\/portaltela.pt\/s.01k8rhncp4jt1\/2025\/11\/talking-bot-125x125.png","contentUrl":"https:\/\/portaltela.pt\/s.01k8rhncp4jt1\/2025\/11\/talking-bot-125x125.png","caption":"Telinha"},"sameAs":["https:\/\/portaltela.pt\/"],"url":"https:\/\/portaltela.pt\/por\/367410592786\/"}]}},"_links":{"self":[{"href":"https:\/\/portaltela.pt\/api\/wp\/v2\/posts\/194439","targetHints":{"allow":["GET"]}}],"collection":[{"href":"https:\/\/portaltela.pt\/api\/wp\/v2\/posts"}],"about":[{"href":"https:\/\/portaltela.pt\/api\/wp\/v2\/types\/post"}],"author":[{"embeddable":true,"href":"https:\/\/portaltela.pt\/api\/wp\/v2\/users\/2"}],"replies":[{"embeddable":true,"href":"https:\/\/portaltela.pt\/api\/wp\/v2\/comments?post=194439"}],"version-history":[{"count":0,"href":"https:\/\/portaltela.pt\/api\/wp\/v2\/posts\/194439\/revisions"}],"wp:featuredmedia":[{"embeddable":true,"href":"https:\/\/portaltela.pt\/api\/wp\/v2\/media\/194445"}],"wp:attachment":[{"href":"https:\/\/portaltela.pt\/api\/wp\/v2\/media?parent=194439"}],"wp:term":[{"taxonomy":"category","embeddable":true,"href":"https:\/\/portaltela.pt\/api\/wp\/v2\/categories?post=194439"},{"taxonomy":"post_tag","embeddable":true,"href":"https:\/\/portaltela.pt\/api\/wp\/v2\/tags?post=194439"}],"curies":[{"name":"wp","href":"https:\/\/api.w.org\/{rel}","templated":true}]}}