{"id":194424,"date":"2026-02-03T13:57:02","date_gmt":"2026-02-03T16:57:02","guid":{"rendered":"https:\/\/portaltela.pt\/noticias\/2026\/02\/03\/municipio-de-avis-promove-recolha-solidaria-para-leiria\/"},"modified":"2026-02-03T13:57:02","modified_gmt":"2026-02-03T16:57:02","slug":"municipio-de-avis-promove-recolha-solidaria-para-leiria","status":"publish","type":"post","link":"https:\/\/portaltela.pt\/noticias\/2026\/02\/03\/municipio-de-avis-promove-recolha-solidaria-para-leiria\/","title":{"rendered":"Munic\u00edpio de Avis promove recolha solid\u00e1ria para Leiria"},"content":{"rendered":"<p>O Munic\u00edpio de Avis, em colabora\u00e7\u00e3o com as Freguesias e Uni\u00f5es de Freguesias do Concelho, a Associa\u00e7\u00e3o Humanit\u00e1ria dos Bombeiros Volunt\u00e1rios Avisenses e o Agrupamento de Escolas de Avis, organiza uma recolha solid\u00e1ria para apoiar as popula\u00e7\u00f5es da zona de Leiria afetadas pela tempestade Kristin.<\/p>\n<p>Nesta primeira fase, a recolha decorre at\u00e9 quarta-feira, 4 de fevereiro. Os interessados podem entregar contributos no Parque de M\u00e1quinas e Viaturas, no Edif\u00edcio Sede do Munic\u00edpio, nas Juntas de Freguesia, no Quartel dos Bombeiros Avisenses e nas escolas do agrupamento.<\/p>\n<p>O munic\u00edpio apela \u00e0 colabora\u00e7\u00e3o de toda a popula\u00e7\u00e3o de Avis, com a entrega de bens alimentares n\u00e3o perec\u00edveis (arroz, massas, enlatados, azeite, \u00f3leo, leite, papas infantis, bolachas, cereais) e de produtos de higiene pessoal, fraldas, toalhitas, bem como mantas, cobertores, lonas, pl\u00e1sticos e oleados.<\/p>\n","protected":false},"excerpt":{"rendered":"<ul>\n<li>O Munic\u00edpio de Avis, em parceria com as Freguesias e Uni\u00f5es de Freguesias do Concelho, a Associa\u00e7\u00e3o Humanit\u00e1ria dos Bombeiros Volunt\u00e1rios Avisenses e o Agrupamento de Escolas de Avis, promove uma recolha solid\u00e1ria para apoiar as popula\u00e7\u00f5es da zona de Leiria afetadas pela tempestade Kristin.<\/li>\n<li>A primeira fase decorre at\u00e9 quarta-feira, 4 de Fevereiro, com pontos de entrega no Parque de M\u00e1quinas e Viaturas e no Edif\u00edcio Sede do Munic\u00edpio de Avis, nas Juntas de Freguesia, no Quartel dos Bombeiros Volunt\u00e1rios Avisenses e nas Escolas do Agrupamento de Escolas de Avis.<\/li>\n<li>A popula\u00e7\u00e3o do Concelho de Avis \u00e9 convidada a doar bens alimentares n\u00e3o perec\u00edveis, como arroz, massas, enlatados, azeite, \u00f3leo, leite, papas infantis, bolachas e cereais.<\/li>\n<li>Tamb\u00e9m podem ser doados produtos de higiene pessoal, fraldas, toalhetes, bem como mantas, cobertores, lonas, pl\u00e1sticos e oleados.<\/li>\n<\/ul>\n","protected":false},"author":2,"featured_media":194434,"comment_status":"closed","ping_status":"closed","sticky":false,"template":"","format":"standard","meta":{"footnotes":""},"categories":[1],"tags":[2172,2897,4351,5215,1385,4071],"class_list":["post-194424","post","type-post","status-publish","format-standard","has-post-thumbnail","hentry","category-noticias","tag-assistencia-social","tag-avis","tag-bombeiros-voluntarios","tag-catastrofes-naturais","tag-leiria","tag-solidariedade-social"],"yoast_head":"<!-- This site is optimized with the Yoast SEO plugin v27.2 - https:\/\/yoast.com\/product\/yoast-seo-wordpress\/ -->\n<title>Munic\u00edpio de Avis promove recolha solid\u00e1ria para Leiria - Portal Tela Portugal<\/title>\n<meta name=\"robots\" content=\"index, follow, max-snippet:-1, max-image-preview:large, max-video-preview:-1\" \/>\n<meta property=\"og:locale\" content=\"pt_PT\" \/>\n<meta property=\"og:type\" content=\"article\" \/>\n<meta property=\"og:title\" content=\"Munic\u00edpio de Avis promove recolha solid\u00e1ria para Leiria - Portal Tela Portugal\" \/>\n<meta property=\"og:description\" content=\"O Munic\u00edpio de Avis, em parceria com as Freguesias e Uni\u00f5es de Freguesias do Concelho, a Associa\u00e7\u00e3o Humanit\u00e1ria dos Bombeiros Volunt\u00e1rios Avisenses e o Agrupamento de Escolas de Avis, promove uma recolha solid\u00e1ria para apoiar as popula\u00e7\u00f5es da zona de Leiria afetadas pela tempestade Kristin. A primeira fase decorre at\u00e9 quarta-feira, 4 de Fevereiro, com pontos de entrega no Parque de M\u00e1quinas e Viaturas e no Edif\u00edcio Sede do Munic\u00edpio de Avis, nas Juntas de Freguesia, no Quartel dos Bombeiros Volunt\u00e1rios Avisenses e nas Escolas do Agrupamento de Escolas de Avis. A popula\u00e7\u00e3o do Concelho de Avis \u00e9 convidada a doar bens alimentares n\u00e3o perec\u00edveis, como arroz, massas, enlatados, azeite, \u00f3leo, leite, papas infantis, bolachas e cereais. Tamb\u00e9m podem ser doados produtos de higiene pessoal, fraldas, toalhetes, bem como mantas, cobertores, lonas, pl\u00e1sticos e oleados.\" \/>\n<meta property=\"og:url\" content=\"https:\/\/portaltela.pt\/noticias\/2026\/02\/03\/municipio-de-avis-promove-recolha-solidaria-para-leiria\/\" \/>\n<meta property=\"og:site_name\" content=\"Portal Tela Portugal\" \/>\n<meta property=\"article:published_time\" content=\"2026-02-03T16:57:02+00:00\" \/>\n<meta name=\"author\" content=\"Telinha\" \/>\n<meta name=\"twitter:card\" content=\"summary_large_image\" \/>\n<meta name=\"twitter:label1\" content=\"Escrito por\" \/>\n\t<meta name=\"twitter:data1\" content=\"Telinha\" \/>\n\t<meta name=\"twitter:label2\" content=\"Tempo estimado de leitura\" \/>\n\t<meta name=\"twitter:data2\" content=\"1 minuto\" \/>\n<script type=\"application\/ld+json\" class=\"yoast-schema-graph\">{\"@context\":\"https:\/\/schema.org\",\"@graph\":[{\"@type\":\"Article\",\"@id\":\"https:\/\/portaltela.pt\/noticias\/2026\/02\/03\/municipio-de-avis-promove-recolha-solidaria-para-leiria\/#article\",\"isPartOf\":{\"@id\":\"https:\/\/portaltela.pt\/noticias\/2026\/02\/03\/municipio-de-avis-promove-recolha-solidaria-para-leiria\/\"},\"author\":{\"name\":\"Telinha\",\"@id\":\"https:\/\/portaltela.pt\/#\/schema\/person\/c4278d4a6028830caff9ee44b42d32ed\"},\"headline\":\"Munic\u00edpio de Avis promove recolha solid\u00e1ria para Leiria\",\"datePublished\":\"2026-02-03T16:57:02+00:00\",\"mainEntityOfPage\":{\"@id\":\"https:\/\/portaltela.pt\/noticias\/2026\/02\/03\/municipio-de-avis-promove-recolha-solidaria-para-leiria\/\"},\"wordCount\":156,\"image\":{\"@id\":\"https:\/\/portaltela.pt\/noticias\/2026\/02\/03\/municipio-de-avis-promove-recolha-solidaria-para-leiria\/#primaryimage\"},\"thumbnailUrl\":\"https:\/\/portaltela.pt\/s.01k8rhncp4jt1\/2026\/02\/unnamed-file-902.jpg\",\"keywords\":[\"assist\u00eancia social\",\"Avis\",\"Bombeiros Volunt\u00e1rios\",\"cat\u00e1strofes naturais\",\"Leiria\",\"Solidariedade Social\"],\"articleSection\":[\"Not\u00edcias\"],\"inLanguage\":\"pt-PT\"},{\"@type\":\"WebPage\",\"@id\":\"https:\/\/portaltela.pt\/noticias\/2026\/02\/03\/municipio-de-avis-promove-recolha-solidaria-para-leiria\/\",\"url\":\"https:\/\/portaltela.pt\/noticias\/2026\/02\/03\/municipio-de-avis-promove-recolha-solidaria-para-leiria\/\",\"name\":\"Munic\u00edpio de Avis promove recolha solid\u00e1ria para Leiria - Portal Tela Portugal\",\"isPartOf\":{\"@id\":\"https:\/\/portaltela.pt\/#website\"},\"primaryImageOfPage\":{\"@id\":\"https:\/\/portaltela.pt\/noticias\/2026\/02\/03\/municipio-de-avis-promove-recolha-solidaria-para-leiria\/#primaryimage\"},\"image\":{\"@id\":\"https:\/\/portaltela.pt\/noticias\/2026\/02\/03\/municipio-de-avis-promove-recolha-solidaria-para-leiria\/#primaryimage\"},\"thumbnailUrl\":\"https:\/\/portaltela.pt\/s.01k8rhncp4jt1\/2026\/02\/unnamed-file-902.jpg\",\"datePublished\":\"2026-02-03T16:57:02+00:00\",\"author\":{\"@id\":\"https:\/\/portaltela.pt\/#\/schema\/person\/c4278d4a6028830caff9ee44b42d32ed\"},\"breadcrumb\":{\"@id\":\"https:\/\/portaltela.pt\/noticias\/2026\/02\/03\/municipio-de-avis-promove-recolha-solidaria-para-leiria\/#breadcrumb\"},\"inLanguage\":\"pt-PT\",\"potentialAction\":[{\"@type\":\"ReadAction\",\"target\":[\"https:\/\/portaltela.pt\/noticias\/2026\/02\/03\/municipio-de-avis-promove-recolha-solidaria-para-leiria\/\"]}]},{\"@type\":\"ImageObject\",\"inLanguage\":\"pt-PT\",\"@id\":\"https:\/\/portaltela.pt\/noticias\/2026\/02\/03\/municipio-de-avis-promove-recolha-solidaria-para-leiria\/#primaryimage\",\"url\":\"https:\/\/portaltela.pt\/s.01k8rhncp4jt1\/2026\/02\/unnamed-file-902.jpg\",\"contentUrl\":\"https:\/\/portaltela.pt\/s.01k8rhncp4jt1\/2026\/02\/unnamed-file-902.jpg\",\"width\":796,\"height\":448,\"caption\":\"Munic\u00edpio de Avis promove recolha solid\u00e1ria por Leiria\"},{\"@type\":\"BreadcrumbList\",\"@id\":\"https:\/\/portaltela.pt\/noticias\/2026\/02\/03\/municipio-de-avis-promove-recolha-solidaria-para-leiria\/#breadcrumb\",\"itemListElement\":[{\"@type\":\"ListItem\",\"position\":1,\"name\":\"In\u00edcio\",\"item\":\"https:\/\/portaltela.pt\/\"},{\"@type\":\"ListItem\",\"position\":2,\"name\":\"Munic\u00edpio de Avis promove recolha solid\u00e1ria para Leiria\"}]},{\"@type\":\"WebSite\",\"@id\":\"https:\/\/portaltela.pt\/#website\",\"url\":\"https:\/\/portaltela.pt\/\",\"name\":\"Portal Tela Portugal\",\"description\":\"\",\"potentialAction\":[{\"@type\":\"SearchAction\",\"target\":{\"@type\":\"EntryPoint\",\"urlTemplate\":\"https:\/\/portaltela.pt\/?s={search_term_string}\"},\"query-input\":{\"@type\":\"PropertyValueSpecification\",\"valueRequired\":true,\"valueName\":\"search_term_string\"}}],\"inLanguage\":\"pt-PT\"},{\"@type\":\"Person\",\"@id\":\"https:\/\/portaltela.pt\/#\/schema\/person\/c4278d4a6028830caff9ee44b42d32ed\",\"name\":\"Telinha\",\"image\":{\"@type\":\"ImageObject\",\"inLanguage\":\"pt-PT\",\"@id\":\"https:\/\/portaltela.pt\/s.01k8rhncp4jt1\/2025\/11\/talking-bot-125x125.png\",\"url\":\"https:\/\/portaltela.pt\/s.01k8rhncp4jt1\/2025\/11\/talking-bot-125x125.png\",\"contentUrl\":\"https:\/\/portaltela.pt\/s.01k8rhncp4jt1\/2025\/11\/talking-bot-125x125.png\",\"caption\":\"Telinha\"},\"sameAs\":[\"https:\/\/portaltela.pt\/\"],\"url\":\"https:\/\/portaltela.pt\/por\/367410592786\/\"}]}<\/script>\n<!-- \/ Yoast SEO plugin. -->","yoast_head_json":{"title":"Munic\u00edpio de Avis promove recolha solid\u00e1ria para Leiria - Portal Tela Portugal","robots":{"index":"index","follow":"follow","max-snippet":"max-snippet:-1","max-image-preview":"max-image-preview:large","max-video-preview":"max-video-preview:-1"},"og_locale":"pt_PT","og_type":"article","og_title":"Munic\u00edpio de Avis promove recolha solid\u00e1ria para Leiria - Portal Tela Portugal","og_description":"O Munic\u00edpio de Avis, em parceria com as Freguesias e Uni\u00f5es de Freguesias do Concelho, a Associa\u00e7\u00e3o Humanit\u00e1ria dos Bombeiros Volunt\u00e1rios Avisenses e o Agrupamento de Escolas de Avis, promove uma recolha solid\u00e1ria para apoiar as popula\u00e7\u00f5es da zona de Leiria afetadas pela tempestade Kristin. A primeira fase decorre at\u00e9 quarta-feira, 4 de Fevereiro, com pontos de entrega no Parque de M\u00e1quinas e Viaturas e no Edif\u00edcio Sede do Munic\u00edpio de Avis, nas Juntas de Freguesia, no Quartel dos Bombeiros Volunt\u00e1rios Avisenses e nas Escolas do Agrupamento de Escolas de Avis. A popula\u00e7\u00e3o do Concelho de Avis \u00e9 convidada a doar bens alimentares n\u00e3o perec\u00edveis, como arroz, massas, enlatados, azeite, \u00f3leo, leite, papas infantis, bolachas e cereais. Tamb\u00e9m podem ser doados produtos de higiene pessoal, fraldas, toalhetes, bem como mantas, cobertores, lonas, pl\u00e1sticos e oleados.","og_url":"https:\/\/portaltela.pt\/noticias\/2026\/02\/03\/municipio-de-avis-promove-recolha-solidaria-para-leiria\/","og_site_name":"Portal Tela Portugal","article_published_time":"2026-02-03T16:57:02+00:00","author":"Telinha","twitter_card":"summary_large_image","twitter_misc":{"Escrito por":"Telinha","Tempo estimado de leitura":"1 minuto"},"schema":{"@context":"https:\/\/schema.org","@graph":[{"@type":"Article","@id":"https:\/\/portaltela.pt\/noticias\/2026\/02\/03\/municipio-de-avis-promove-recolha-solidaria-para-leiria\/#article","isPartOf":{"@id":"https:\/\/portaltela.pt\/noticias\/2026\/02\/03\/municipio-de-avis-promove-recolha-solidaria-para-leiria\/"},"author":{"name":"Telinha","@id":"https:\/\/portaltela.pt\/#\/schema\/person\/c4278d4a6028830caff9ee44b42d32ed"},"headline":"Munic\u00edpio de Avis promove recolha solid\u00e1ria para Leiria","datePublished":"2026-02-03T16:57:02+00:00","mainEntityOfPage":{"@id":"https:\/\/portaltela.pt\/noticias\/2026\/02\/03\/municipio-de-avis-promove-recolha-solidaria-para-leiria\/"},"wordCount":156,"image":{"@id":"https:\/\/portaltela.pt\/noticias\/2026\/02\/03\/municipio-de-avis-promove-recolha-solidaria-para-leiria\/#primaryimage"},"thumbnailUrl":"https:\/\/portaltela.pt\/s.01k8rhncp4jt1\/2026\/02\/unnamed-file-902.jpg","keywords":["assist\u00eancia social","Avis","Bombeiros Volunt\u00e1rios","cat\u00e1strofes naturais","Leiria","Solidariedade Social"],"articleSection":["Not\u00edcias"],"inLanguage":"pt-PT"},{"@type":"WebPage","@id":"https:\/\/portaltela.pt\/noticias\/2026\/02\/03\/municipio-de-avis-promove-recolha-solidaria-para-leiria\/","url":"https:\/\/portaltela.pt\/noticias\/2026\/02\/03\/municipio-de-avis-promove-recolha-solidaria-para-leiria\/","name":"Munic\u00edpio de Avis promove recolha solid\u00e1ria para Leiria - Portal Tela Portugal","isPartOf":{"@id":"https:\/\/portaltela.pt\/#website"},"primaryImageOfPage":{"@id":"https:\/\/portaltela.pt\/noticias\/2026\/02\/03\/municipio-de-avis-promove-recolha-solidaria-para-leiria\/#primaryimage"},"image":{"@id":"https:\/\/portaltela.pt\/noticias\/2026\/02\/03\/municipio-de-avis-promove-recolha-solidaria-para-leiria\/#primaryimage"},"thumbnailUrl":"https:\/\/portaltela.pt\/s.01k8rhncp4jt1\/2026\/02\/unnamed-file-902.jpg","datePublished":"2026-02-03T16:57:02+00:00","author":{"@id":"https:\/\/portaltela.pt\/#\/schema\/person\/c4278d4a6028830caff9ee44b42d32ed"},"breadcrumb":{"@id":"https:\/\/portaltela.pt\/noticias\/2026\/02\/03\/municipio-de-avis-promove-recolha-solidaria-para-leiria\/#breadcrumb"},"inLanguage":"pt-PT","potentialAction":[{"@type":"ReadAction","target":["https:\/\/portaltela.pt\/noticias\/2026\/02\/03\/municipio-de-avis-promove-recolha-solidaria-para-leiria\/"]}]},{"@type":"ImageObject","inLanguage":"pt-PT","@id":"https:\/\/portaltela.pt\/noticias\/2026\/02\/03\/municipio-de-avis-promove-recolha-solidaria-para-leiria\/#primaryimage","url":"https:\/\/portaltela.pt\/s.01k8rhncp4jt1\/2026\/02\/unnamed-file-902.jpg","contentUrl":"https:\/\/portaltela.pt\/s.01k8rhncp4jt1\/2026\/02\/unnamed-file-902.jpg","width":796,"height":448,"caption":"Munic\u00edpio de Avis promove recolha solid\u00e1ria por Leiria"},{"@type":"BreadcrumbList","@id":"https:\/\/portaltela.pt\/noticias\/2026\/02\/03\/municipio-de-avis-promove-recolha-solidaria-para-leiria\/#breadcrumb","itemListElement":[{"@type":"ListItem","position":1,"name":"In\u00edcio","item":"https:\/\/portaltela.pt\/"},{"@type":"ListItem","position":2,"name":"Munic\u00edpio de Avis promove recolha solid\u00e1ria para Leiria"}]},{"@type":"WebSite","@id":"https:\/\/portaltela.pt\/#website","url":"https:\/\/portaltela.pt\/","name":"Portal Tela Portugal","description":"","potentialAction":[{"@type":"SearchAction","target":{"@type":"EntryPoint","urlTemplate":"https:\/\/portaltela.pt\/?s={search_term_string}"},"query-input":{"@type":"PropertyValueSpecification","valueRequired":true,"valueName":"search_term_string"}}],"inLanguage":"pt-PT"},{"@type":"Person","@id":"https:\/\/portaltela.pt\/#\/schema\/person\/c4278d4a6028830caff9ee44b42d32ed","name":"Telinha","image":{"@type":"ImageObject","inLanguage":"pt-PT","@id":"https:\/\/portaltela.pt\/s.01k8rhncp4jt1\/2025\/11\/talking-bot-125x125.png","url":"https:\/\/portaltela.pt\/s.01k8rhncp4jt1\/2025\/11\/talking-bot-125x125.png","contentUrl":"https:\/\/portaltela.pt\/s.01k8rhncp4jt1\/2025\/11\/talking-bot-125x125.png","caption":"Telinha"},"sameAs":["https:\/\/portaltela.pt\/"],"url":"https:\/\/portaltela.pt\/por\/367410592786\/"}]}},"_links":{"self":[{"href":"https:\/\/portaltela.pt\/api\/wp\/v2\/posts\/194424","targetHints":{"allow":["GET"]}}],"collection":[{"href":"https:\/\/portaltela.pt\/api\/wp\/v2\/posts"}],"about":[{"href":"https:\/\/portaltela.pt\/api\/wp\/v2\/types\/post"}],"author":[{"embeddable":true,"href":"https:\/\/portaltela.pt\/api\/wp\/v2\/users\/2"}],"replies":[{"embeddable":true,"href":"https:\/\/portaltela.pt\/api\/wp\/v2\/comments?post=194424"}],"version-history":[{"count":0,"href":"https:\/\/portaltela.pt\/api\/wp\/v2\/posts\/194424\/revisions"}],"wp:featuredmedia":[{"embeddable":true,"href":"https:\/\/portaltela.pt\/api\/wp\/v2\/media\/194434"}],"wp:attachment":[{"href":"https:\/\/portaltela.pt\/api\/wp\/v2\/media?parent=194424"}],"wp:term":[{"taxonomy":"category","embeddable":true,"href":"https:\/\/portaltela.pt\/api\/wp\/v2\/categories?post=194424"},{"taxonomy":"post_tag","embeddable":true,"href":"https:\/\/portaltela.pt\/api\/wp\/v2\/tags?post=194424"}],"curies":[{"name":"wp","href":"https:\/\/api.w.org\/{rel}","templated":true}]}}