{"id":194375,"date":"2026-02-03T13:40:04","date_gmt":"2026-02-03T16:40:04","guid":{"rendered":"https:\/\/portaltela.pt\/noticias\/2026\/02\/03\/jpp-envia-proposta-para-reforcar-poderes-autonomos-a-seguro-e-ventura\/"},"modified":"2026-02-03T13:40:04","modified_gmt":"2026-02-03T16:40:04","slug":"jpp-envia-proposta-para-reforcar-poderes-autonomos-a-seguro-e-ventura","status":"publish","type":"post","link":"https:\/\/portaltela.pt\/noticias\/2026\/02\/03\/jpp-envia-proposta-para-reforcar-poderes-autonomos-a-seguro-e-ventura\/","title":{"rendered":"JPP envia proposta para refor\u00e7ar poderes aut\u00f3nomos a Seguro e Ventura"},"content":{"rendered":"<p>O Grupo Parlamentar do Juntos Pelo Povo (JPP) enviou hoje aos candidatos \u00e0 Presid\u00eancia da Rep\u00fablica uma proposta de revis\u00e3o constitucional. A iniciativa foi apresentada no \u00e2mbito da Comiss\u00e3o Eventual para a Reforma do Sistema Pol\u00edtico, em curso na Assembleia Legislativa da Madeira (ALRAM).<\/p>\n<p>A proposta visa refor\u00e7ar os poderes auton\u00f3micos da Madeira e A\u00e7ores e clarificar a hierarquia das fontes normativas, num ano simb\u00f3lico para as autonomias regionais, que celebram 50 anos de exist\u00eancia. O JPP defende colocar o Estatuto Pol\u00edtico-Administrativo da Regi\u00e3o logo abaixo da Constitui\u00e7\u00e3o.<\/p>\n<p>A leitura da proposta aponta v\u00e1rias medidas-chave. Pretende consagrar os diplomas produzidos pela ALRAM como leis regionais e substituir a express\u00e3o Estado unit\u00e1rio por Estado unit\u00e1rio e autonomia insular. Destaca ainda o refor\u00e7o do poder tribut\u00e1rio pr\u00f3prio e a possibilidade de a Regi\u00e3o nomear ju\u00edzes para o Tribunal Constitucional, bem como a cria\u00e7\u00e3o de referendos regionais.<\/p>\n<p>Al\u00e9m disso, o JPP reivindica refor\u00e7ar a continuidade territorial, reconhecendo problemas pr\u00e1ticos em \u00e1reas como sa\u00fade e mobilidade a\u00e9rea e mar\u00edtima que afetam os cidad\u00e3os insulares. O objetivo \u00e9 assegurar que as especificidades da realidade ultraperif\u00e9rica sejam consideradas na Constitui\u00e7\u00e3o.<\/p>\n<p>O partido desafia Ant\u00f3nio Jos\u00e9 Seguro e Andr\u00e9 Ventura a colocar o tema da revis\u00e3o constitucional na agenda p\u00fablica durante os \u00faltimos dias de campanha. A mensagem sublinha a necessidade de clarificar a posi\u00e7\u00e3o sobre o refor\u00e7o das autonomias da Madeira e dos A\u00e7ores.<\/p>\n<p>Para o JPP, Portugal n\u00e3o se restringe ao territ\u00f3rio continental. O secret\u00e1rio-geral \u00c9lvio Sousa aponta que candidatos \u00e0 Presid\u00eancia devem referir-se \u00e0s Regi\u00f5es Aut\u00f3nomas e ao seu estatuto auton\u00f3mico, para representar todos os portugueses, incluindo a di\u00e1spora.<\/p>\n<h3>Contexto e pr\u00f3ximos passos<\/h3>\n<p>A proposta ser\u00e1 discutida na ALRAM e, posteriormente, dever\u00e1 ser apresentada aos candidatos, que receber\u00e3o o documento para an\u00e1lise. N\u00e3o h\u00e1 data definida para novas delibera\u00e7\u00f5es.<\/p>\n","protected":false},"excerpt":{"rendered":"<ul>\n<li>O Juntos Pelo Povo enviou aos candidatos Ant\u00f3nio Jos\u00e9 Seguro e Andr\u00e9 Ventura uma proposta de revis\u00e3o constitucional para refor\u00e7ar os poderes auton\u00f3micos da Madeira e dos A\u00e7ores.<\/li>\n<li>A proposta foi elaborada pela Comiss\u00e3o Eventual para a Reforma do Sistema Pol\u00edtico, em curso na Assembleia Legislativa da Madeira (ALRAM), e apresentada numa nota de imprensa do partido.<\/li>\n<li>Entre as medidas est\u00e3o o reconhecimento dos diplomas da ALRAM como leis regionais, a substitui\u00e7\u00e3o da terminologia \u201cEstado unit\u00e1rio\u201d por \u201cEstado unit\u00e1rio e autonomia insular\u201d e o refor\u00e7o do poder tribut\u00e1rio regional.<\/li>\n<li>A proposta inclui ainda a possibilidade de a Regi\u00e3o nomear ju\u00edzes para o Tribunal Constitucional e a cria\u00e7\u00e3o de referendos regionais, para adaptar o quadro constitucional \u00e0 realidade insular.<\/li>\n<li>O JPP defende refor\u00e7ar a continuidade territorial para assegurar sa\u00fade e mobilidade entre os arquip\u00e9lagos e o continente, e desafia os candidatos a pronunciar-se sobre o tema.<\/li>\n<\/ul>\n","protected":false},"author":2,"featured_media":194380,"comment_status":"closed","ping_status":"closed","sticky":false,"template":"","format":"standard","meta":{"footnotes":""},"categories":[1],"tags":[822,3344,4057,1870,859,2974],"class_list":["post-194375","post","type-post","status-publish","format-standard","has-post-thumbnail","hentry","category-noticias","tag-acores","tag-autonomia-regional","tag-constituicao","tag-continuidade-territorial","tag-madeira","tag-regioes-autonomas"],"yoast_head":"<!-- This site is optimized with the Yoast SEO plugin v27.2 - https:\/\/yoast.com\/product\/yoast-seo-wordpress\/ -->\n<title>JPP envia proposta para refor\u00e7ar poderes aut\u00f3nomos a Seguro e Ventura - Portal Tela Portugal<\/title>\n<meta name=\"robots\" content=\"index, follow, max-snippet:-1, max-image-preview:large, max-video-preview:-1\" \/>\n<meta property=\"og:locale\" content=\"pt_PT\" \/>\n<meta property=\"og:type\" content=\"article\" \/>\n<meta property=\"og:title\" content=\"JPP envia proposta para refor\u00e7ar poderes aut\u00f3nomos a Seguro e Ventura - Portal Tela Portugal\" \/>\n<meta property=\"og:description\" content=\"O Juntos Pelo Povo enviou aos candidatos Ant\u00f3nio Jos\u00e9 Seguro e Andr\u00e9 Ventura uma proposta de revis\u00e3o constitucional para refor\u00e7ar os poderes auton\u00f3micos da Madeira e dos A\u00e7ores. A proposta foi elaborada pela Comiss\u00e3o Eventual para a Reforma do Sistema Pol\u00edtico, em curso na Assembleia Legislativa da Madeira (ALRAM), e apresentada numa nota de imprensa do partido. Entre as medidas est\u00e3o o reconhecimento dos diplomas da ALRAM como leis regionais, a substitui\u00e7\u00e3o da terminologia \u201cEstado unit\u00e1rio\u201d por \u201cEstado unit\u00e1rio e autonomia insular\u201d e o refor\u00e7o do poder tribut\u00e1rio regional. A proposta inclui ainda a possibilidade de a Regi\u00e3o nomear ju\u00edzes para o Tribunal Constitucional e a cria\u00e7\u00e3o de referendos regionais, para adaptar o quadro constitucional \u00e0 realidade insular. O JPP defende refor\u00e7ar a continuidade territorial para assegurar sa\u00fade e mobilidade entre os arquip\u00e9lagos e o continente, e desafia os candidatos a pronunciar-se sobre o tema.\" \/>\n<meta property=\"og:url\" content=\"https:\/\/portaltela.pt\/noticias\/2026\/02\/03\/jpp-envia-proposta-para-reforcar-poderes-autonomos-a-seguro-e-ventura\/\" \/>\n<meta property=\"og:site_name\" content=\"Portal Tela Portugal\" \/>\n<meta property=\"article:published_time\" content=\"2026-02-03T16:40:04+00:00\" \/>\n<meta name=\"author\" content=\"Telinha\" \/>\n<meta name=\"twitter:card\" content=\"summary_large_image\" \/>\n<meta name=\"twitter:label1\" content=\"Escrito por\" \/>\n\t<meta name=\"twitter:data1\" content=\"Telinha\" \/>\n\t<meta name=\"twitter:label2\" content=\"Tempo estimado de leitura\" \/>\n\t<meta name=\"twitter:data2\" content=\"2 minutos\" \/>\n<script type=\"application\/ld+json\" class=\"yoast-schema-graph\">{\"@context\":\"https:\/\/schema.org\",\"@graph\":[{\"@type\":\"Article\",\"@id\":\"https:\/\/portaltela.pt\/noticias\/2026\/02\/03\/jpp-envia-proposta-para-reforcar-poderes-autonomos-a-seguro-e-ventura\/#article\",\"isPartOf\":{\"@id\":\"https:\/\/portaltela.pt\/noticias\/2026\/02\/03\/jpp-envia-proposta-para-reforcar-poderes-autonomos-a-seguro-e-ventura\/\"},\"author\":{\"name\":\"Telinha\",\"@id\":\"https:\/\/portaltela.pt\/#\/schema\/person\/c4278d4a6028830caff9ee44b42d32ed\"},\"headline\":\"JPP envia proposta para refor\u00e7ar poderes aut\u00f3nomos a Seguro e Ventura\",\"datePublished\":\"2026-02-03T16:40:04+00:00\",\"mainEntityOfPage\":{\"@id\":\"https:\/\/portaltela.pt\/noticias\/2026\/02\/03\/jpp-envia-proposta-para-reforcar-poderes-autonomos-a-seguro-e-ventura\/\"},\"wordCount\":355,\"image\":{\"@id\":\"https:\/\/portaltela.pt\/noticias\/2026\/02\/03\/jpp-envia-proposta-para-reforcar-poderes-autonomos-a-seguro-e-ventura\/#primaryimage\"},\"thumbnailUrl\":\"https:\/\/portaltela.pt\/s.01k8rhncp4jt1\/2026\/02\/unnamed-file-900.jpg\",\"keywords\":[\"A\u00e7ores\",\"autonomia regional\",\"constitui\u00e7\u00e3o\",\"Continuidade Territorial\",\"Madeira\",\"Regi\u00f5es Aut\u00f3nomas\"],\"articleSection\":[\"Not\u00edcias\"],\"inLanguage\":\"pt-PT\"},{\"@type\":\"WebPage\",\"@id\":\"https:\/\/portaltela.pt\/noticias\/2026\/02\/03\/jpp-envia-proposta-para-reforcar-poderes-autonomos-a-seguro-e-ventura\/\",\"url\":\"https:\/\/portaltela.pt\/noticias\/2026\/02\/03\/jpp-envia-proposta-para-reforcar-poderes-autonomos-a-seguro-e-ventura\/\",\"name\":\"JPP envia proposta para refor\u00e7ar poderes aut\u00f3nomos a Seguro e Ventura - Portal Tela Portugal\",\"isPartOf\":{\"@id\":\"https:\/\/portaltela.pt\/#website\"},\"primaryImageOfPage\":{\"@id\":\"https:\/\/portaltela.pt\/noticias\/2026\/02\/03\/jpp-envia-proposta-para-reforcar-poderes-autonomos-a-seguro-e-ventura\/#primaryimage\"},\"image\":{\"@id\":\"https:\/\/portaltela.pt\/noticias\/2026\/02\/03\/jpp-envia-proposta-para-reforcar-poderes-autonomos-a-seguro-e-ventura\/#primaryimage\"},\"thumbnailUrl\":\"https:\/\/portaltela.pt\/s.01k8rhncp4jt1\/2026\/02\/unnamed-file-900.jpg\",\"datePublished\":\"2026-02-03T16:40:04+00:00\",\"author\":{\"@id\":\"https:\/\/portaltela.pt\/#\/schema\/person\/c4278d4a6028830caff9ee44b42d32ed\"},\"breadcrumb\":{\"@id\":\"https:\/\/portaltela.pt\/noticias\/2026\/02\/03\/jpp-envia-proposta-para-reforcar-poderes-autonomos-a-seguro-e-ventura\/#breadcrumb\"},\"inLanguage\":\"pt-PT\",\"potentialAction\":[{\"@type\":\"ReadAction\",\"target\":[\"https:\/\/portaltela.pt\/noticias\/2026\/02\/03\/jpp-envia-proposta-para-reforcar-poderes-autonomos-a-seguro-e-ventura\/\"]}]},{\"@type\":\"ImageObject\",\"inLanguage\":\"pt-PT\",\"@id\":\"https:\/\/portaltela.pt\/noticias\/2026\/02\/03\/jpp-envia-proposta-para-reforcar-poderes-autonomos-a-seguro-e-ventura\/#primaryimage\",\"url\":\"https:\/\/portaltela.pt\/s.01k8rhncp4jt1\/2026\/02\/unnamed-file-900.jpg\",\"contentUrl\":\"https:\/\/portaltela.pt\/s.01k8rhncp4jt1\/2026\/02\/unnamed-file-900.jpg\",\"width\":796,\"height\":448,\"caption\":\"Photo\"},{\"@type\":\"BreadcrumbList\",\"@id\":\"https:\/\/portaltela.pt\/noticias\/2026\/02\/03\/jpp-envia-proposta-para-reforcar-poderes-autonomos-a-seguro-e-ventura\/#breadcrumb\",\"itemListElement\":[{\"@type\":\"ListItem\",\"position\":1,\"name\":\"In\u00edcio\",\"item\":\"https:\/\/portaltela.pt\/\"},{\"@type\":\"ListItem\",\"position\":2,\"name\":\"JPP envia proposta para refor\u00e7ar poderes aut\u00f3nomos a Seguro e Ventura\"}]},{\"@type\":\"WebSite\",\"@id\":\"https:\/\/portaltela.pt\/#website\",\"url\":\"https:\/\/portaltela.pt\/\",\"name\":\"Portal Tela Portugal\",\"description\":\"\",\"potentialAction\":[{\"@type\":\"SearchAction\",\"target\":{\"@type\":\"EntryPoint\",\"urlTemplate\":\"https:\/\/portaltela.pt\/?s={search_term_string}\"},\"query-input\":{\"@type\":\"PropertyValueSpecification\",\"valueRequired\":true,\"valueName\":\"search_term_string\"}}],\"inLanguage\":\"pt-PT\"},{\"@type\":\"Person\",\"@id\":\"https:\/\/portaltela.pt\/#\/schema\/person\/c4278d4a6028830caff9ee44b42d32ed\",\"name\":\"Telinha\",\"image\":{\"@type\":\"ImageObject\",\"inLanguage\":\"pt-PT\",\"@id\":\"https:\/\/portaltela.pt\/s.01k8rhncp4jt1\/2025\/11\/talking-bot-125x125.png\",\"url\":\"https:\/\/portaltela.pt\/s.01k8rhncp4jt1\/2025\/11\/talking-bot-125x125.png\",\"contentUrl\":\"https:\/\/portaltela.pt\/s.01k8rhncp4jt1\/2025\/11\/talking-bot-125x125.png\",\"caption\":\"Telinha\"},\"sameAs\":[\"https:\/\/portaltela.pt\/\"],\"url\":\"https:\/\/portaltela.pt\/por\/367410592786\/\"}]}<\/script>\n<!-- \/ Yoast SEO plugin. -->","yoast_head_json":{"title":"JPP envia proposta para refor\u00e7ar poderes aut\u00f3nomos a Seguro e Ventura - Portal Tela Portugal","robots":{"index":"index","follow":"follow","max-snippet":"max-snippet:-1","max-image-preview":"max-image-preview:large","max-video-preview":"max-video-preview:-1"},"og_locale":"pt_PT","og_type":"article","og_title":"JPP envia proposta para refor\u00e7ar poderes aut\u00f3nomos a Seguro e Ventura - Portal Tela Portugal","og_description":"O Juntos Pelo Povo enviou aos candidatos Ant\u00f3nio Jos\u00e9 Seguro e Andr\u00e9 Ventura uma proposta de revis\u00e3o constitucional para refor\u00e7ar os poderes auton\u00f3micos da Madeira e dos A\u00e7ores. A proposta foi elaborada pela Comiss\u00e3o Eventual para a Reforma do Sistema Pol\u00edtico, em curso na Assembleia Legislativa da Madeira (ALRAM), e apresentada numa nota de imprensa do partido. Entre as medidas est\u00e3o o reconhecimento dos diplomas da ALRAM como leis regionais, a substitui\u00e7\u00e3o da terminologia \u201cEstado unit\u00e1rio\u201d por \u201cEstado unit\u00e1rio e autonomia insular\u201d e o refor\u00e7o do poder tribut\u00e1rio regional. A proposta inclui ainda a possibilidade de a Regi\u00e3o nomear ju\u00edzes para o Tribunal Constitucional e a cria\u00e7\u00e3o de referendos regionais, para adaptar o quadro constitucional \u00e0 realidade insular. O JPP defende refor\u00e7ar a continuidade territorial para assegurar sa\u00fade e mobilidade entre os arquip\u00e9lagos e o continente, e desafia os candidatos a pronunciar-se sobre o tema.","og_url":"https:\/\/portaltela.pt\/noticias\/2026\/02\/03\/jpp-envia-proposta-para-reforcar-poderes-autonomos-a-seguro-e-ventura\/","og_site_name":"Portal Tela Portugal","article_published_time":"2026-02-03T16:40:04+00:00","author":"Telinha","twitter_card":"summary_large_image","twitter_misc":{"Escrito por":"Telinha","Tempo estimado de leitura":"2 minutos"},"schema":{"@context":"https:\/\/schema.org","@graph":[{"@type":"Article","@id":"https:\/\/portaltela.pt\/noticias\/2026\/02\/03\/jpp-envia-proposta-para-reforcar-poderes-autonomos-a-seguro-e-ventura\/#article","isPartOf":{"@id":"https:\/\/portaltela.pt\/noticias\/2026\/02\/03\/jpp-envia-proposta-para-reforcar-poderes-autonomos-a-seguro-e-ventura\/"},"author":{"name":"Telinha","@id":"https:\/\/portaltela.pt\/#\/schema\/person\/c4278d4a6028830caff9ee44b42d32ed"},"headline":"JPP envia proposta para refor\u00e7ar poderes aut\u00f3nomos a Seguro e Ventura","datePublished":"2026-02-03T16:40:04+00:00","mainEntityOfPage":{"@id":"https:\/\/portaltela.pt\/noticias\/2026\/02\/03\/jpp-envia-proposta-para-reforcar-poderes-autonomos-a-seguro-e-ventura\/"},"wordCount":355,"image":{"@id":"https:\/\/portaltela.pt\/noticias\/2026\/02\/03\/jpp-envia-proposta-para-reforcar-poderes-autonomos-a-seguro-e-ventura\/#primaryimage"},"thumbnailUrl":"https:\/\/portaltela.pt\/s.01k8rhncp4jt1\/2026\/02\/unnamed-file-900.jpg","keywords":["A\u00e7ores","autonomia regional","constitui\u00e7\u00e3o","Continuidade Territorial","Madeira","Regi\u00f5es Aut\u00f3nomas"],"articleSection":["Not\u00edcias"],"inLanguage":"pt-PT"},{"@type":"WebPage","@id":"https:\/\/portaltela.pt\/noticias\/2026\/02\/03\/jpp-envia-proposta-para-reforcar-poderes-autonomos-a-seguro-e-ventura\/","url":"https:\/\/portaltela.pt\/noticias\/2026\/02\/03\/jpp-envia-proposta-para-reforcar-poderes-autonomos-a-seguro-e-ventura\/","name":"JPP envia proposta para refor\u00e7ar poderes aut\u00f3nomos a Seguro e Ventura - Portal Tela Portugal","isPartOf":{"@id":"https:\/\/portaltela.pt\/#website"},"primaryImageOfPage":{"@id":"https:\/\/portaltela.pt\/noticias\/2026\/02\/03\/jpp-envia-proposta-para-reforcar-poderes-autonomos-a-seguro-e-ventura\/#primaryimage"},"image":{"@id":"https:\/\/portaltela.pt\/noticias\/2026\/02\/03\/jpp-envia-proposta-para-reforcar-poderes-autonomos-a-seguro-e-ventura\/#primaryimage"},"thumbnailUrl":"https:\/\/portaltela.pt\/s.01k8rhncp4jt1\/2026\/02\/unnamed-file-900.jpg","datePublished":"2026-02-03T16:40:04+00:00","author":{"@id":"https:\/\/portaltela.pt\/#\/schema\/person\/c4278d4a6028830caff9ee44b42d32ed"},"breadcrumb":{"@id":"https:\/\/portaltela.pt\/noticias\/2026\/02\/03\/jpp-envia-proposta-para-reforcar-poderes-autonomos-a-seguro-e-ventura\/#breadcrumb"},"inLanguage":"pt-PT","potentialAction":[{"@type":"ReadAction","target":["https:\/\/portaltela.pt\/noticias\/2026\/02\/03\/jpp-envia-proposta-para-reforcar-poderes-autonomos-a-seguro-e-ventura\/"]}]},{"@type":"ImageObject","inLanguage":"pt-PT","@id":"https:\/\/portaltela.pt\/noticias\/2026\/02\/03\/jpp-envia-proposta-para-reforcar-poderes-autonomos-a-seguro-e-ventura\/#primaryimage","url":"https:\/\/portaltela.pt\/s.01k8rhncp4jt1\/2026\/02\/unnamed-file-900.jpg","contentUrl":"https:\/\/portaltela.pt\/s.01k8rhncp4jt1\/2026\/02\/unnamed-file-900.jpg","width":796,"height":448,"caption":"Photo"},{"@type":"BreadcrumbList","@id":"https:\/\/portaltela.pt\/noticias\/2026\/02\/03\/jpp-envia-proposta-para-reforcar-poderes-autonomos-a-seguro-e-ventura\/#breadcrumb","itemListElement":[{"@type":"ListItem","position":1,"name":"In\u00edcio","item":"https:\/\/portaltela.pt\/"},{"@type":"ListItem","position":2,"name":"JPP envia proposta para refor\u00e7ar poderes aut\u00f3nomos a Seguro e Ventura"}]},{"@type":"WebSite","@id":"https:\/\/portaltela.pt\/#website","url":"https:\/\/portaltela.pt\/","name":"Portal Tela Portugal","description":"","potentialAction":[{"@type":"SearchAction","target":{"@type":"EntryPoint","urlTemplate":"https:\/\/portaltela.pt\/?s={search_term_string}"},"query-input":{"@type":"PropertyValueSpecification","valueRequired":true,"valueName":"search_term_string"}}],"inLanguage":"pt-PT"},{"@type":"Person","@id":"https:\/\/portaltela.pt\/#\/schema\/person\/c4278d4a6028830caff9ee44b42d32ed","name":"Telinha","image":{"@type":"ImageObject","inLanguage":"pt-PT","@id":"https:\/\/portaltela.pt\/s.01k8rhncp4jt1\/2025\/11\/talking-bot-125x125.png","url":"https:\/\/portaltela.pt\/s.01k8rhncp4jt1\/2025\/11\/talking-bot-125x125.png","contentUrl":"https:\/\/portaltela.pt\/s.01k8rhncp4jt1\/2025\/11\/talking-bot-125x125.png","caption":"Telinha"},"sameAs":["https:\/\/portaltela.pt\/"],"url":"https:\/\/portaltela.pt\/por\/367410592786\/"}]}},"_links":{"self":[{"href":"https:\/\/portaltela.pt\/api\/wp\/v2\/posts\/194375","targetHints":{"allow":["GET"]}}],"collection":[{"href":"https:\/\/portaltela.pt\/api\/wp\/v2\/posts"}],"about":[{"href":"https:\/\/portaltela.pt\/api\/wp\/v2\/types\/post"}],"author":[{"embeddable":true,"href":"https:\/\/portaltela.pt\/api\/wp\/v2\/users\/2"}],"replies":[{"embeddable":true,"href":"https:\/\/portaltela.pt\/api\/wp\/v2\/comments?post=194375"}],"version-history":[{"count":0,"href":"https:\/\/portaltela.pt\/api\/wp\/v2\/posts\/194375\/revisions"}],"wp:featuredmedia":[{"embeddable":true,"href":"https:\/\/portaltela.pt\/api\/wp\/v2\/media\/194380"}],"wp:attachment":[{"href":"https:\/\/portaltela.pt\/api\/wp\/v2\/media?parent=194375"}],"wp:term":[{"taxonomy":"category","embeddable":true,"href":"https:\/\/portaltela.pt\/api\/wp\/v2\/categories?post=194375"},{"taxonomy":"post_tag","embeddable":true,"href":"https:\/\/portaltela.pt\/api\/wp\/v2\/tags?post=194375"}],"curies":[{"name":"wp","href":"https:\/\/api.w.org\/{rel}","templated":true}]}}