{"id":194309,"date":"2026-02-03T13:23:00","date_gmt":"2026-02-03T16:23:00","guid":{"rendered":"https:\/\/portaltela.pt\/noticias\/2026\/02\/03\/presidente-do-inem-afirma-que-novo-modelo-de-triagem-tera-evitado-mais-mortes\/"},"modified":"2026-02-03T13:23:00","modified_gmt":"2026-02-03T16:23:00","slug":"presidente-do-inem-afirma-que-novo-modelo-de-triagem-tera-evitado-mais-mortes","status":"publish","type":"post","link":"https:\/\/portaltela.pt\/noticias\/2026\/02\/03\/presidente-do-inem-afirma-que-novo-modelo-de-triagem-tera-evitado-mais-mortes\/","title":{"rendered":"Presidente do INEM afirma que novo modelo de triagem ter\u00e1 evitado mais mortes"},"content":{"rendered":"<p>O INEM apresentou hoje a defesa de que o novo modelo de triagem por telefone, aplicado desde janeiro nos CODU, pode evitar mortes em per\u00edodos de maior procura. Segundo o presidente Lu\u00eds Mendes Cabral, a diferencia\u00e7\u00e3o entre prioridades transforma a resposta \u00e0 emerg\u00eancia.<\/p>\n<p>Durante a interven\u00e7\u00e3o na Comiss\u00e3o de Sa\u00fade, Cabral explicou que o novo sistema classifica solicita\u00e7\u00f5es em cinco n\u00edveis de prioridade, com tempos de resposta definidos conforme a gravidade. O objetivo \u00e9 evitar que casos menos urgentes ocupem recursos de forma indistinta.<\/p>\n<p>O modelo anterior tendia a classificar a maioria das ocorr\u00eancias como P3, o que dificultava a gest\u00e3o dos meios. O respons\u00e1vel destacou que, com a triagem atual, as situa\u00e7\u00f5es de risco de vida recebem resposta mais r\u00e1pida, enquanto as menos urgentes podem ser encaminhadas para outros servi\u00e7os.<\/p>\n<p>A reuni\u00e3o ocorreu a pedido do PS e do Chega, na sequ\u00eancia da morte de um homem de 78 anos no Seixal, ap\u00f3s uma espera de cerca de tr\u00eas horas por socorro. O INEM detalhou que, hoje, h\u00e1 um tempo de resposta espec\u00edfico para cada prioridade.<\/p>\n<h3>Estrutura e prazos da nova triagem<\/h3>\n<p>O INEM esclarece que o sistema mant\u00e9m os mesmos fluxogramas e perguntas t\u00e9cnicas, mas altera a interpreta\u00e7\u00e3o cl\u00ednica dos sintomas. As categorias v\u00e3o de emergentes a n\u00e3o urgentes, com tempos variados que v\u00e3o desde atua\u00e7\u00e3o imediata at\u00e9 120 minutos.<\/p>\n<p>Os utentes passam a receber informa\u00e7\u00e3o sobre a prioridade atribu\u00edda, o tempo estimado de chegada e o encaminhamento decidido. Em casos pouco urgentes, o encaminhamento pode ser direto ao SNS 24.<\/p>\n<h3>Limita\u00e7\u00f5es regionais e perspetivas<\/h3>\n<p>Cabral sublinhou que, a n\u00edvel nacional, o funcionamento \u00e9 adequado, mas reconheceu constrangimentos estruturais na Pen\u00ednsula de Set\u00fabal e no Algarve, agravados em per\u00edodos de maior procura. A Liga dos Bombeiros Portugueses informou falta de ambul\u00e2ncias dispon\u00edveis na regi\u00e3o.<\/p>\n<p>O presidente do INEM afirmou que o refor\u00e7o de meios e a reorganiza\u00e7\u00e3o da triagem contribu\u00edram para evitar casos graves adicionais. Alega que, sem a diferencia\u00e7\u00e3o, a necessidade de resposta r\u00e1pida em situa\u00e7\u00f5es cr\u00edticas poderia ter sido menor.<\/p>\n","protected":false},"excerpt":{"rendered":"<ul>\n<li>O presidente do INEM, Lu\u00eds Mendes Cabral, afirmou que o novo modelo de triagem nos CODU, em vigor desde janeiro, salvaguardou o socorro nos per\u00edodos de maior pico ao distinguir emerg\u00eancias de situa\u00e7\u00f5es menos graves.<\/li>\n<li>O sistema passou a ter cinco n\u00edveis de prioridade (emergente, muito urgente, urgente, pouco urgente e n\u00e3o urgente) com tempos de resposta definidos; as n\u00e3o urgentes s\u00e3o encaminhadas para o SNS 24.<\/li>\n<li>Os tempos de resposta variam por n\u00edvel: P1 e P2 entre oito e dezoito minutos; P3 e P4 at\u00e9 sessenta e at\u00e9 cento e vinte minutos.<\/li>\n<li>No parlamento, o presidente do INEM reiterou que a falta de diferencia\u00e7\u00e3o prejudicava a gest\u00e3o de meios, citando que um enfarte ou um AVC n\u00e3o podiam receber o mesmo tratamento que situa\u00e7\u00f5es menos graves.<\/li>\n<li>A institui\u00e7\u00e3o reconheceu limita\u00e7\u00f5es estruturais na regi\u00e3o da pen\u00ednsula de Set\u00fabal e no Algarve, mas afirmou que o refor\u00e7o de meios e a reorganiza\u00e7\u00e3o da triagem ajudam a evitar casos graves, embora haja indisponibilidade de ambul\u00e2ncias na regi\u00e3o, segundo a Liga dos Bombeiros Portugueses.<\/li>\n<\/ul>\n","protected":false},"author":2,"featured_media":194315,"comment_status":"closed","ping_status":"closed","sticky":false,"template":"","format":"standard","meta":{"footnotes":""},"categories":[1],"tags":[3656,2319,960,1922,172,3881],"class_list":["post-194309","post","type-post","status-publish","format-standard","has-post-thumbnail","hentry","category-noticias","tag-ambulancias","tag-codu","tag-emergencia-pre-hospitalar","tag-inem","tag-saude","tag-sns24"],"yoast_head":"<!-- This site is optimized with the Yoast SEO plugin v27.2 - https:\/\/yoast.com\/product\/yoast-seo-wordpress\/ -->\n<title>Presidente do INEM afirma que novo modelo de triagem ter\u00e1 evitado mais mortes - Portal Tela Portugal<\/title>\n<meta name=\"robots\" content=\"index, follow, max-snippet:-1, max-image-preview:large, max-video-preview:-1\" \/>\n<meta property=\"og:locale\" content=\"pt_PT\" \/>\n<meta property=\"og:type\" content=\"article\" \/>\n<meta property=\"og:title\" content=\"Presidente do INEM afirma que novo modelo de triagem ter\u00e1 evitado mais mortes - Portal Tela Portugal\" \/>\n<meta property=\"og:description\" content=\"O presidente do INEM, Lu\u00eds Mendes Cabral, afirmou que o novo modelo de triagem nos CODU, em vigor desde janeiro, salvaguardou o socorro nos per\u00edodos de maior pico ao distinguir emerg\u00eancias de situa\u00e7\u00f5es menos graves. O sistema passou a ter cinco n\u00edveis de prioridade (emergente, muito urgente, urgente, pouco urgente e n\u00e3o urgente) com tempos de resposta definidos; as n\u00e3o urgentes s\u00e3o encaminhadas para o SNS 24. Os tempos de resposta variam por n\u00edvel: P1 e P2 entre oito e dezoito minutos; P3 e P4 at\u00e9 sessenta e at\u00e9 cento e vinte minutos. No parlamento, o presidente do INEM reiterou que a falta de diferencia\u00e7\u00e3o prejudicava a gest\u00e3o de meios, citando que um enfarte ou um AVC n\u00e3o podiam receber o mesmo tratamento que situa\u00e7\u00f5es menos graves. A institui\u00e7\u00e3o reconheceu limita\u00e7\u00f5es estruturais na regi\u00e3o da pen\u00ednsula de Set\u00fabal e no Algarve, mas afirmou que o refor\u00e7o de meios e a reorganiza\u00e7\u00e3o da triagem ajudam a evitar casos graves, embora haja indisponibilidade de ambul\u00e2ncias na regi\u00e3o, segundo a Liga dos Bombeiros Portugueses.\" \/>\n<meta property=\"og:url\" content=\"https:\/\/portaltela.pt\/noticias\/2026\/02\/03\/presidente-do-inem-afirma-que-novo-modelo-de-triagem-tera-evitado-mais-mortes\/\" \/>\n<meta property=\"og:site_name\" content=\"Portal Tela Portugal\" \/>\n<meta property=\"article:published_time\" content=\"2026-02-03T16:23:00+00:00\" \/>\n<meta name=\"author\" content=\"Telinha\" \/>\n<meta name=\"twitter:card\" content=\"summary_large_image\" \/>\n<meta name=\"twitter:label1\" content=\"Escrito por\" \/>\n\t<meta name=\"twitter:data1\" content=\"Telinha\" \/>\n\t<meta name=\"twitter:label2\" content=\"Tempo estimado de leitura\" \/>\n\t<meta name=\"twitter:data2\" content=\"2 minutos\" \/>\n<script type=\"application\/ld+json\" class=\"yoast-schema-graph\">{\"@context\":\"https:\/\/schema.org\",\"@graph\":[{\"@type\":\"Article\",\"@id\":\"https:\/\/portaltela.pt\/noticias\/2026\/02\/03\/presidente-do-inem-afirma-que-novo-modelo-de-triagem-tera-evitado-mais-mortes\/#article\",\"isPartOf\":{\"@id\":\"https:\/\/portaltela.pt\/noticias\/2026\/02\/03\/presidente-do-inem-afirma-que-novo-modelo-de-triagem-tera-evitado-mais-mortes\/\"},\"author\":{\"name\":\"Telinha\",\"@id\":\"https:\/\/portaltela.pt\/#\/schema\/person\/c4278d4a6028830caff9ee44b42d32ed\"},\"headline\":\"Presidente do INEM afirma que novo modelo de triagem ter\u00e1 evitado mais mortes\",\"datePublished\":\"2026-02-03T16:23:00+00:00\",\"mainEntityOfPage\":{\"@id\":\"https:\/\/portaltela.pt\/noticias\/2026\/02\/03\/presidente-do-inem-afirma-que-novo-modelo-de-triagem-tera-evitado-mais-mortes\/\"},\"wordCount\":386,\"image\":{\"@id\":\"https:\/\/portaltela.pt\/noticias\/2026\/02\/03\/presidente-do-inem-afirma-que-novo-modelo-de-triagem-tera-evitado-mais-mortes\/#primaryimage\"},\"thumbnailUrl\":\"https:\/\/portaltela.pt\/s.01k8rhncp4jt1\/2026\/02\/DOC.20260203.46481942.MA_13357.jpg\",\"keywords\":[\"ambul\u00e2ncias\",\"CODU\",\"emerg\u00eancia pr\u00e9-hospitalar\",\"INEM\",\"sa\u00fade\",\"SNS24\"],\"articleSection\":[\"Not\u00edcias\"],\"inLanguage\":\"pt-PT\"},{\"@type\":\"WebPage\",\"@id\":\"https:\/\/portaltela.pt\/noticias\/2026\/02\/03\/presidente-do-inem-afirma-que-novo-modelo-de-triagem-tera-evitado-mais-mortes\/\",\"url\":\"https:\/\/portaltela.pt\/noticias\/2026\/02\/03\/presidente-do-inem-afirma-que-novo-modelo-de-triagem-tera-evitado-mais-mortes\/\",\"name\":\"Presidente do INEM afirma que novo modelo de triagem ter\u00e1 evitado mais mortes - Portal Tela Portugal\",\"isPartOf\":{\"@id\":\"https:\/\/portaltela.pt\/#website\"},\"primaryImageOfPage\":{\"@id\":\"https:\/\/portaltela.pt\/noticias\/2026\/02\/03\/presidente-do-inem-afirma-que-novo-modelo-de-triagem-tera-evitado-mais-mortes\/#primaryimage\"},\"image\":{\"@id\":\"https:\/\/portaltela.pt\/noticias\/2026\/02\/03\/presidente-do-inem-afirma-que-novo-modelo-de-triagem-tera-evitado-mais-mortes\/#primaryimage\"},\"thumbnailUrl\":\"https:\/\/portaltela.pt\/s.01k8rhncp4jt1\/2026\/02\/DOC.20260203.46481942.MA_13357.jpg\",\"datePublished\":\"2026-02-03T16:23:00+00:00\",\"author\":{\"@id\":\"https:\/\/portaltela.pt\/#\/schema\/person\/c4278d4a6028830caff9ee44b42d32ed\"},\"breadcrumb\":{\"@id\":\"https:\/\/portaltela.pt\/noticias\/2026\/02\/03\/presidente-do-inem-afirma-que-novo-modelo-de-triagem-tera-evitado-mais-mortes\/#breadcrumb\"},\"inLanguage\":\"pt-PT\",\"potentialAction\":[{\"@type\":\"ReadAction\",\"target\":[\"https:\/\/portaltela.pt\/noticias\/2026\/02\/03\/presidente-do-inem-afirma-que-novo-modelo-de-triagem-tera-evitado-mais-mortes\/\"]}]},{\"@type\":\"ImageObject\",\"inLanguage\":\"pt-PT\",\"@id\":\"https:\/\/portaltela.pt\/noticias\/2026\/02\/03\/presidente-do-inem-afirma-que-novo-modelo-de-triagem-tera-evitado-mais-mortes\/#primaryimage\",\"url\":\"https:\/\/portaltela.pt\/s.01k8rhncp4jt1\/2026\/02\/DOC.20260203.46481942.MA_13357.jpg\",\"contentUrl\":\"https:\/\/portaltela.pt\/s.01k8rhncp4jt1\/2026\/02\/DOC.20260203.46481942.MA_13357.jpg\",\"width\":796,\"height\":448,\"caption\":\"Presidente do INEM diz que novo modelo de triagem ter\u00e1 evitado mais mortes\"},{\"@type\":\"BreadcrumbList\",\"@id\":\"https:\/\/portaltela.pt\/noticias\/2026\/02\/03\/presidente-do-inem-afirma-que-novo-modelo-de-triagem-tera-evitado-mais-mortes\/#breadcrumb\",\"itemListElement\":[{\"@type\":\"ListItem\",\"position\":1,\"name\":\"In\u00edcio\",\"item\":\"https:\/\/portaltela.pt\/\"},{\"@type\":\"ListItem\",\"position\":2,\"name\":\"Presidente do INEM afirma que novo modelo de triagem ter\u00e1 evitado mais mortes\"}]},{\"@type\":\"WebSite\",\"@id\":\"https:\/\/portaltela.pt\/#website\",\"url\":\"https:\/\/portaltela.pt\/\",\"name\":\"Portal Tela Portugal\",\"description\":\"\",\"potentialAction\":[{\"@type\":\"SearchAction\",\"target\":{\"@type\":\"EntryPoint\",\"urlTemplate\":\"https:\/\/portaltela.pt\/?s={search_term_string}\"},\"query-input\":{\"@type\":\"PropertyValueSpecification\",\"valueRequired\":true,\"valueName\":\"search_term_string\"}}],\"inLanguage\":\"pt-PT\"},{\"@type\":\"Person\",\"@id\":\"https:\/\/portaltela.pt\/#\/schema\/person\/c4278d4a6028830caff9ee44b42d32ed\",\"name\":\"Telinha\",\"image\":{\"@type\":\"ImageObject\",\"inLanguage\":\"pt-PT\",\"@id\":\"https:\/\/portaltela.pt\/s.01k8rhncp4jt1\/2025\/11\/talking-bot-125x125.png\",\"url\":\"https:\/\/portaltela.pt\/s.01k8rhncp4jt1\/2025\/11\/talking-bot-125x125.png\",\"contentUrl\":\"https:\/\/portaltela.pt\/s.01k8rhncp4jt1\/2025\/11\/talking-bot-125x125.png\",\"caption\":\"Telinha\"},\"sameAs\":[\"https:\/\/portaltela.pt\/\"],\"url\":\"https:\/\/portaltela.pt\/por\/367410592786\/\"}]}<\/script>\n<!-- \/ Yoast SEO plugin. -->","yoast_head_json":{"title":"Presidente do INEM afirma que novo modelo de triagem ter\u00e1 evitado mais mortes - Portal Tela Portugal","robots":{"index":"index","follow":"follow","max-snippet":"max-snippet:-1","max-image-preview":"max-image-preview:large","max-video-preview":"max-video-preview:-1"},"og_locale":"pt_PT","og_type":"article","og_title":"Presidente do INEM afirma que novo modelo de triagem ter\u00e1 evitado mais mortes - Portal Tela Portugal","og_description":"O presidente do INEM, Lu\u00eds Mendes Cabral, afirmou que o novo modelo de triagem nos CODU, em vigor desde janeiro, salvaguardou o socorro nos per\u00edodos de maior pico ao distinguir emerg\u00eancias de situa\u00e7\u00f5es menos graves. O sistema passou a ter cinco n\u00edveis de prioridade (emergente, muito urgente, urgente, pouco urgente e n\u00e3o urgente) com tempos de resposta definidos; as n\u00e3o urgentes s\u00e3o encaminhadas para o SNS 24. Os tempos de resposta variam por n\u00edvel: P1 e P2 entre oito e dezoito minutos; P3 e P4 at\u00e9 sessenta e at\u00e9 cento e vinte minutos. No parlamento, o presidente do INEM reiterou que a falta de diferencia\u00e7\u00e3o prejudicava a gest\u00e3o de meios, citando que um enfarte ou um AVC n\u00e3o podiam receber o mesmo tratamento que situa\u00e7\u00f5es menos graves. A institui\u00e7\u00e3o reconheceu limita\u00e7\u00f5es estruturais na regi\u00e3o da pen\u00ednsula de Set\u00fabal e no Algarve, mas afirmou que o refor\u00e7o de meios e a reorganiza\u00e7\u00e3o da triagem ajudam a evitar casos graves, embora haja indisponibilidade de ambul\u00e2ncias na regi\u00e3o, segundo a Liga dos Bombeiros Portugueses.","og_url":"https:\/\/portaltela.pt\/noticias\/2026\/02\/03\/presidente-do-inem-afirma-que-novo-modelo-de-triagem-tera-evitado-mais-mortes\/","og_site_name":"Portal Tela Portugal","article_published_time":"2026-02-03T16:23:00+00:00","author":"Telinha","twitter_card":"summary_large_image","twitter_misc":{"Escrito por":"Telinha","Tempo estimado de leitura":"2 minutos"},"schema":{"@context":"https:\/\/schema.org","@graph":[{"@type":"Article","@id":"https:\/\/portaltela.pt\/noticias\/2026\/02\/03\/presidente-do-inem-afirma-que-novo-modelo-de-triagem-tera-evitado-mais-mortes\/#article","isPartOf":{"@id":"https:\/\/portaltela.pt\/noticias\/2026\/02\/03\/presidente-do-inem-afirma-que-novo-modelo-de-triagem-tera-evitado-mais-mortes\/"},"author":{"name":"Telinha","@id":"https:\/\/portaltela.pt\/#\/schema\/person\/c4278d4a6028830caff9ee44b42d32ed"},"headline":"Presidente do INEM afirma que novo modelo de triagem ter\u00e1 evitado mais mortes","datePublished":"2026-02-03T16:23:00+00:00","mainEntityOfPage":{"@id":"https:\/\/portaltela.pt\/noticias\/2026\/02\/03\/presidente-do-inem-afirma-que-novo-modelo-de-triagem-tera-evitado-mais-mortes\/"},"wordCount":386,"image":{"@id":"https:\/\/portaltela.pt\/noticias\/2026\/02\/03\/presidente-do-inem-afirma-que-novo-modelo-de-triagem-tera-evitado-mais-mortes\/#primaryimage"},"thumbnailUrl":"https:\/\/portaltela.pt\/s.01k8rhncp4jt1\/2026\/02\/DOC.20260203.46481942.MA_13357.jpg","keywords":["ambul\u00e2ncias","CODU","emerg\u00eancia pr\u00e9-hospitalar","INEM","sa\u00fade","SNS24"],"articleSection":["Not\u00edcias"],"inLanguage":"pt-PT"},{"@type":"WebPage","@id":"https:\/\/portaltela.pt\/noticias\/2026\/02\/03\/presidente-do-inem-afirma-que-novo-modelo-de-triagem-tera-evitado-mais-mortes\/","url":"https:\/\/portaltela.pt\/noticias\/2026\/02\/03\/presidente-do-inem-afirma-que-novo-modelo-de-triagem-tera-evitado-mais-mortes\/","name":"Presidente do INEM afirma que novo modelo de triagem ter\u00e1 evitado mais mortes - Portal Tela Portugal","isPartOf":{"@id":"https:\/\/portaltela.pt\/#website"},"primaryImageOfPage":{"@id":"https:\/\/portaltela.pt\/noticias\/2026\/02\/03\/presidente-do-inem-afirma-que-novo-modelo-de-triagem-tera-evitado-mais-mortes\/#primaryimage"},"image":{"@id":"https:\/\/portaltela.pt\/noticias\/2026\/02\/03\/presidente-do-inem-afirma-que-novo-modelo-de-triagem-tera-evitado-mais-mortes\/#primaryimage"},"thumbnailUrl":"https:\/\/portaltela.pt\/s.01k8rhncp4jt1\/2026\/02\/DOC.20260203.46481942.MA_13357.jpg","datePublished":"2026-02-03T16:23:00+00:00","author":{"@id":"https:\/\/portaltela.pt\/#\/schema\/person\/c4278d4a6028830caff9ee44b42d32ed"},"breadcrumb":{"@id":"https:\/\/portaltela.pt\/noticias\/2026\/02\/03\/presidente-do-inem-afirma-que-novo-modelo-de-triagem-tera-evitado-mais-mortes\/#breadcrumb"},"inLanguage":"pt-PT","potentialAction":[{"@type":"ReadAction","target":["https:\/\/portaltela.pt\/noticias\/2026\/02\/03\/presidente-do-inem-afirma-que-novo-modelo-de-triagem-tera-evitado-mais-mortes\/"]}]},{"@type":"ImageObject","inLanguage":"pt-PT","@id":"https:\/\/portaltela.pt\/noticias\/2026\/02\/03\/presidente-do-inem-afirma-que-novo-modelo-de-triagem-tera-evitado-mais-mortes\/#primaryimage","url":"https:\/\/portaltela.pt\/s.01k8rhncp4jt1\/2026\/02\/DOC.20260203.46481942.MA_13357.jpg","contentUrl":"https:\/\/portaltela.pt\/s.01k8rhncp4jt1\/2026\/02\/DOC.20260203.46481942.MA_13357.jpg","width":796,"height":448,"caption":"Presidente do INEM diz que novo modelo de triagem ter\u00e1 evitado mais mortes"},{"@type":"BreadcrumbList","@id":"https:\/\/portaltela.pt\/noticias\/2026\/02\/03\/presidente-do-inem-afirma-que-novo-modelo-de-triagem-tera-evitado-mais-mortes\/#breadcrumb","itemListElement":[{"@type":"ListItem","position":1,"name":"In\u00edcio","item":"https:\/\/portaltela.pt\/"},{"@type":"ListItem","position":2,"name":"Presidente do INEM afirma que novo modelo de triagem ter\u00e1 evitado mais mortes"}]},{"@type":"WebSite","@id":"https:\/\/portaltela.pt\/#website","url":"https:\/\/portaltela.pt\/","name":"Portal Tela Portugal","description":"","potentialAction":[{"@type":"SearchAction","target":{"@type":"EntryPoint","urlTemplate":"https:\/\/portaltela.pt\/?s={search_term_string}"},"query-input":{"@type":"PropertyValueSpecification","valueRequired":true,"valueName":"search_term_string"}}],"inLanguage":"pt-PT"},{"@type":"Person","@id":"https:\/\/portaltela.pt\/#\/schema\/person\/c4278d4a6028830caff9ee44b42d32ed","name":"Telinha","image":{"@type":"ImageObject","inLanguage":"pt-PT","@id":"https:\/\/portaltela.pt\/s.01k8rhncp4jt1\/2025\/11\/talking-bot-125x125.png","url":"https:\/\/portaltela.pt\/s.01k8rhncp4jt1\/2025\/11\/talking-bot-125x125.png","contentUrl":"https:\/\/portaltela.pt\/s.01k8rhncp4jt1\/2025\/11\/talking-bot-125x125.png","caption":"Telinha"},"sameAs":["https:\/\/portaltela.pt\/"],"url":"https:\/\/portaltela.pt\/por\/367410592786\/"}]}},"_links":{"self":[{"href":"https:\/\/portaltela.pt\/api\/wp\/v2\/posts\/194309","targetHints":{"allow":["GET"]}}],"collection":[{"href":"https:\/\/portaltela.pt\/api\/wp\/v2\/posts"}],"about":[{"href":"https:\/\/portaltela.pt\/api\/wp\/v2\/types\/post"}],"author":[{"embeddable":true,"href":"https:\/\/portaltela.pt\/api\/wp\/v2\/users\/2"}],"replies":[{"embeddable":true,"href":"https:\/\/portaltela.pt\/api\/wp\/v2\/comments?post=194309"}],"version-history":[{"count":0,"href":"https:\/\/portaltela.pt\/api\/wp\/v2\/posts\/194309\/revisions"}],"wp:featuredmedia":[{"embeddable":true,"href":"https:\/\/portaltela.pt\/api\/wp\/v2\/media\/194315"}],"wp:attachment":[{"href":"https:\/\/portaltela.pt\/api\/wp\/v2\/media?parent=194309"}],"wp:term":[{"taxonomy":"category","embeddable":true,"href":"https:\/\/portaltela.pt\/api\/wp\/v2\/categories?post=194309"},{"taxonomy":"post_tag","embeddable":true,"href":"https:\/\/portaltela.pt\/api\/wp\/v2\/tags?post=194309"}],"curies":[{"name":"wp","href":"https:\/\/api.w.org\/{rel}","templated":true}]}}