{"id":194256,"date":"2026-02-03T13:10:00","date_gmt":"2026-02-03T16:10:00","guid":{"rendered":"https:\/\/portaltela.pt\/noticias\/2026\/02\/03\/hospital-de-leiria-atendeu-756-feridos-desde-o-inicio-da-depressao-kristin\/"},"modified":"2026-02-03T13:10:00","modified_gmt":"2026-02-03T16:10:00","slug":"hospital-de-leiria-atendeu-756-feridos-desde-o-inicio-da-depressao-kristin","status":"publish","type":"post","link":"https:\/\/portaltela.pt\/noticias\/2026\/02\/03\/hospital-de-leiria-atendeu-756-feridos-desde-o-inicio-da-depressao-kristin\/","title":{"rendered":"Hospital de Leiria atendeu 756 feridos desde o in\u00edcio da depress\u00e3o Kristin"},"content":{"rendered":"<p>O Hospital de Santo Andr\u00e9, em Leiria, recebeu 756 feridos com traumatismos desde o in\u00edcio da depress\u00e3o Kristin. A informa\u00e7\u00e3o foi prestada pelo baston\u00e1rio da Ordem dos M\u00e9dicos, Carlos Cortes.<\/p>\n<p>Cortes informou que 78% dos doentes estavam em urg\u00eancia elevada, categorizados como amarelos e laranja. A declara\u00e7\u00e3o foi feita ap\u00f3s uma reuni\u00e3o com a administra\u00e7\u00e3o e diretores da Unidade Local de Sa\u00fade da Regi\u00e3o de Leiria, seguida de um encontro com o presidente da C\u00e2mara.<\/p>\n<p>O hospital transferiu 22 doentes para outras unidades no Oeste, Coimbra e Figueira da Foz. O maior impacto ocorreu na \u00e1rea da traumatologia, segundo o baston\u00e1rio.<\/p>\n<p>As primeiras admiss\u00f5es surgiram com o impacto direto da depress\u00e3o, na madrugada de quarta-feira. A partir do meio da tarde, passaram a chegar feridos decorrentes de trabalhos de limpeza e reconstru\u00e7\u00e3o.<\/p>\n<p>Carlos Cortes elogiou a resposta da equipa, destacando organiza\u00e7\u00e3o e suporte a doentes mais fragilizados, incluindo epidemiologia, hemodi\u00e1lise e situa\u00e7\u00f5es de comunica\u00e7\u00e3o perdida.<\/p>\n","protected":false},"excerpt":{"rendered":"<ul>\n<li>O Hospital de Santo Andr\u00e9, em Leiria, atendeu 756 feridos com traumatismos desde o in\u00edcio da passagem da depress\u00e3o Kristin.<\/li>\n<li>78% dos doentes estavam em urg\u00eancia elevada, classificados como amarelas e laranja.<\/li>\n<li>Foram transferidos 22 doentes para outras unidades hospitalares, nomeadamente no Oeste, Coimbra e Figueira da Foz.<\/li>\n<li>O maior impacto foi na \u00e1rea da traumatologia; as admiss\u00f5es iniciais ocorreram na madrugada de quarta-feira, com feridos tamb\u00e9m ligados aos trabalhos de limpeza e reconstru\u00e7\u00e3o a partir do meio da tarde.<\/li>\n<li>A Ordem dos M\u00e9dicos elogiou a resposta do hospital, a organiza\u00e7\u00e3o e o apoio aos doentes mais fragilizados, afirmando que as equipas existentes foram suficientes.<\/li>\n<\/ul>\n","protected":false},"author":2,"featured_media":194261,"comment_status":"closed","ping_status":"closed","sticky":false,"template":"","format":"standard","meta":{"footnotes":""},"categories":[1],"tags":[1070,1417,633,1385,5276,1899],"class_list":["post-194256","post","type-post","status-publish","format-standard","has-post-thumbnail","hentry","category-noticias","tag-coimbra","tag-figueira-da-foz","tag-hospital","tag-leiria","tag-traumatologia","tag-urgencias"],"yoast_head":"<!-- This site is optimized with the Yoast SEO plugin v27.2 - https:\/\/yoast.com\/product\/yoast-seo-wordpress\/ -->\n<title>Hospital de Leiria atendeu 756 feridos desde o in\u00edcio da depress\u00e3o Kristin - Portal Tela Portugal<\/title>\n<meta name=\"robots\" content=\"index, follow, max-snippet:-1, max-image-preview:large, max-video-preview:-1\" \/>\n<meta property=\"og:locale\" content=\"pt_PT\" \/>\n<meta property=\"og:type\" content=\"article\" \/>\n<meta property=\"og:title\" content=\"Hospital de Leiria atendeu 756 feridos desde o in\u00edcio da depress\u00e3o Kristin - Portal Tela Portugal\" \/>\n<meta property=\"og:description\" content=\"O Hospital de Santo Andr\u00e9, em Leiria, atendeu 756 feridos com traumatismos desde o in\u00edcio da passagem da depress\u00e3o Kristin. 78% dos doentes estavam em urg\u00eancia elevada, classificados como amarelas e laranja. Foram transferidos 22 doentes para outras unidades hospitalares, nomeadamente no Oeste, Coimbra e Figueira da Foz. O maior impacto foi na \u00e1rea da traumatologia; as admiss\u00f5es iniciais ocorreram na madrugada de quarta-feira, com feridos tamb\u00e9m ligados aos trabalhos de limpeza e reconstru\u00e7\u00e3o a partir do meio da tarde. A Ordem dos M\u00e9dicos elogiou a resposta do hospital, a organiza\u00e7\u00e3o e o apoio aos doentes mais fragilizados, afirmando que as equipas existentes foram suficientes.\" \/>\n<meta property=\"og:url\" content=\"https:\/\/portaltela.pt\/noticias\/2026\/02\/03\/hospital-de-leiria-atendeu-756-feridos-desde-o-inicio-da-depressao-kristin\/\" \/>\n<meta property=\"og:site_name\" content=\"Portal Tela Portugal\" \/>\n<meta property=\"article:published_time\" content=\"2026-02-03T16:10:00+00:00\" \/>\n<meta name=\"author\" content=\"Telinha\" \/>\n<meta name=\"twitter:card\" content=\"summary_large_image\" \/>\n<meta name=\"twitter:label1\" content=\"Escrito por\" \/>\n\t<meta name=\"twitter:data1\" content=\"Telinha\" \/>\n\t<meta name=\"twitter:label2\" content=\"Tempo estimado de leitura\" \/>\n\t<meta name=\"twitter:data2\" content=\"1 minuto\" \/>\n<script type=\"application\/ld+json\" class=\"yoast-schema-graph\">{\"@context\":\"https:\/\/schema.org\",\"@graph\":[{\"@type\":\"Article\",\"@id\":\"https:\/\/portaltela.pt\/noticias\/2026\/02\/03\/hospital-de-leiria-atendeu-756-feridos-desde-o-inicio-da-depressao-kristin\/#article\",\"isPartOf\":{\"@id\":\"https:\/\/portaltela.pt\/noticias\/2026\/02\/03\/hospital-de-leiria-atendeu-756-feridos-desde-o-inicio-da-depressao-kristin\/\"},\"author\":{\"name\":\"Telinha\",\"@id\":\"https:\/\/portaltela.pt\/#\/schema\/person\/c4278d4a6028830caff9ee44b42d32ed\"},\"headline\":\"Hospital de Leiria atendeu 756 feridos desde o in\u00edcio da depress\u00e3o Kristin\",\"datePublished\":\"2026-02-03T16:10:00+00:00\",\"mainEntityOfPage\":{\"@id\":\"https:\/\/portaltela.pt\/noticias\/2026\/02\/03\/hospital-de-leiria-atendeu-756-feridos-desde-o-inicio-da-depressao-kristin\/\"},\"wordCount\":186,\"image\":{\"@id\":\"https:\/\/portaltela.pt\/noticias\/2026\/02\/03\/hospital-de-leiria-atendeu-756-feridos-desde-o-inicio-da-depressao-kristin\/#primaryimage\"},\"thumbnailUrl\":\"https:\/\/portaltela.pt\/s.01k8rhncp4jt1\/2026\/02\/unnamed-file-882.jpg\",\"keywords\":[\"Coimbra\",\"Figueira da Foz\",\"hospital\",\"Leiria\",\"traumatologia\",\"urg\u00eancias\"],\"articleSection\":[\"Not\u00edcias\"],\"inLanguage\":\"pt-PT\"},{\"@type\":\"WebPage\",\"@id\":\"https:\/\/portaltela.pt\/noticias\/2026\/02\/03\/hospital-de-leiria-atendeu-756-feridos-desde-o-inicio-da-depressao-kristin\/\",\"url\":\"https:\/\/portaltela.pt\/noticias\/2026\/02\/03\/hospital-de-leiria-atendeu-756-feridos-desde-o-inicio-da-depressao-kristin\/\",\"name\":\"Hospital de Leiria atendeu 756 feridos desde o in\u00edcio da depress\u00e3o Kristin - Portal Tela Portugal\",\"isPartOf\":{\"@id\":\"https:\/\/portaltela.pt\/#website\"},\"primaryImageOfPage\":{\"@id\":\"https:\/\/portaltela.pt\/noticias\/2026\/02\/03\/hospital-de-leiria-atendeu-756-feridos-desde-o-inicio-da-depressao-kristin\/#primaryimage\"},\"image\":{\"@id\":\"https:\/\/portaltela.pt\/noticias\/2026\/02\/03\/hospital-de-leiria-atendeu-756-feridos-desde-o-inicio-da-depressao-kristin\/#primaryimage\"},\"thumbnailUrl\":\"https:\/\/portaltela.pt\/s.01k8rhncp4jt1\/2026\/02\/unnamed-file-882.jpg\",\"datePublished\":\"2026-02-03T16:10:00+00:00\",\"author\":{\"@id\":\"https:\/\/portaltela.pt\/#\/schema\/person\/c4278d4a6028830caff9ee44b42d32ed\"},\"breadcrumb\":{\"@id\":\"https:\/\/portaltela.pt\/noticias\/2026\/02\/03\/hospital-de-leiria-atendeu-756-feridos-desde-o-inicio-da-depressao-kristin\/#breadcrumb\"},\"inLanguage\":\"pt-PT\",\"potentialAction\":[{\"@type\":\"ReadAction\",\"target\":[\"https:\/\/portaltela.pt\/noticias\/2026\/02\/03\/hospital-de-leiria-atendeu-756-feridos-desde-o-inicio-da-depressao-kristin\/\"]}]},{\"@type\":\"ImageObject\",\"inLanguage\":\"pt-PT\",\"@id\":\"https:\/\/portaltela.pt\/noticias\/2026\/02\/03\/hospital-de-leiria-atendeu-756-feridos-desde-o-inicio-da-depressao-kristin\/#primaryimage\",\"url\":\"https:\/\/portaltela.pt\/s.01k8rhncp4jt1\/2026\/02\/unnamed-file-882.jpg\",\"contentUrl\":\"https:\/\/portaltela.pt\/s.01k8rhncp4jt1\/2026\/02\/unnamed-file-882.jpg\",\"width\":796,\"height\":448,\"caption\":\"Hospital de Leiria atendeu 756 feridos desde o in\u00edcio da depress\u00e3o Kristin\"},{\"@type\":\"BreadcrumbList\",\"@id\":\"https:\/\/portaltela.pt\/noticias\/2026\/02\/03\/hospital-de-leiria-atendeu-756-feridos-desde-o-inicio-da-depressao-kristin\/#breadcrumb\",\"itemListElement\":[{\"@type\":\"ListItem\",\"position\":1,\"name\":\"In\u00edcio\",\"item\":\"https:\/\/portaltela.pt\/\"},{\"@type\":\"ListItem\",\"position\":2,\"name\":\"Hospital de Leiria atendeu 756 feridos desde o in\u00edcio da depress\u00e3o Kristin\"}]},{\"@type\":\"WebSite\",\"@id\":\"https:\/\/portaltela.pt\/#website\",\"url\":\"https:\/\/portaltela.pt\/\",\"name\":\"Portal Tela Portugal\",\"description\":\"\",\"potentialAction\":[{\"@type\":\"SearchAction\",\"target\":{\"@type\":\"EntryPoint\",\"urlTemplate\":\"https:\/\/portaltela.pt\/?s={search_term_string}\"},\"query-input\":{\"@type\":\"PropertyValueSpecification\",\"valueRequired\":true,\"valueName\":\"search_term_string\"}}],\"inLanguage\":\"pt-PT\"},{\"@type\":\"Person\",\"@id\":\"https:\/\/portaltela.pt\/#\/schema\/person\/c4278d4a6028830caff9ee44b42d32ed\",\"name\":\"Telinha\",\"image\":{\"@type\":\"ImageObject\",\"inLanguage\":\"pt-PT\",\"@id\":\"https:\/\/portaltela.pt\/s.01k8rhncp4jt1\/2025\/11\/talking-bot-125x125.png\",\"url\":\"https:\/\/portaltela.pt\/s.01k8rhncp4jt1\/2025\/11\/talking-bot-125x125.png\",\"contentUrl\":\"https:\/\/portaltela.pt\/s.01k8rhncp4jt1\/2025\/11\/talking-bot-125x125.png\",\"caption\":\"Telinha\"},\"sameAs\":[\"https:\/\/portaltela.pt\/\"],\"url\":\"https:\/\/portaltela.pt\/por\/367410592786\/\"}]}<\/script>\n<!-- \/ Yoast SEO plugin. -->","yoast_head_json":{"title":"Hospital de Leiria atendeu 756 feridos desde o in\u00edcio da depress\u00e3o Kristin - Portal Tela Portugal","robots":{"index":"index","follow":"follow","max-snippet":"max-snippet:-1","max-image-preview":"max-image-preview:large","max-video-preview":"max-video-preview:-1"},"og_locale":"pt_PT","og_type":"article","og_title":"Hospital de Leiria atendeu 756 feridos desde o in\u00edcio da depress\u00e3o Kristin - Portal Tela Portugal","og_description":"O Hospital de Santo Andr\u00e9, em Leiria, atendeu 756 feridos com traumatismos desde o in\u00edcio da passagem da depress\u00e3o Kristin. 78% dos doentes estavam em urg\u00eancia elevada, classificados como amarelas e laranja. Foram transferidos 22 doentes para outras unidades hospitalares, nomeadamente no Oeste, Coimbra e Figueira da Foz. O maior impacto foi na \u00e1rea da traumatologia; as admiss\u00f5es iniciais ocorreram na madrugada de quarta-feira, com feridos tamb\u00e9m ligados aos trabalhos de limpeza e reconstru\u00e7\u00e3o a partir do meio da tarde. A Ordem dos M\u00e9dicos elogiou a resposta do hospital, a organiza\u00e7\u00e3o e o apoio aos doentes mais fragilizados, afirmando que as equipas existentes foram suficientes.","og_url":"https:\/\/portaltela.pt\/noticias\/2026\/02\/03\/hospital-de-leiria-atendeu-756-feridos-desde-o-inicio-da-depressao-kristin\/","og_site_name":"Portal Tela Portugal","article_published_time":"2026-02-03T16:10:00+00:00","author":"Telinha","twitter_card":"summary_large_image","twitter_misc":{"Escrito por":"Telinha","Tempo estimado de leitura":"1 minuto"},"schema":{"@context":"https:\/\/schema.org","@graph":[{"@type":"Article","@id":"https:\/\/portaltela.pt\/noticias\/2026\/02\/03\/hospital-de-leiria-atendeu-756-feridos-desde-o-inicio-da-depressao-kristin\/#article","isPartOf":{"@id":"https:\/\/portaltela.pt\/noticias\/2026\/02\/03\/hospital-de-leiria-atendeu-756-feridos-desde-o-inicio-da-depressao-kristin\/"},"author":{"name":"Telinha","@id":"https:\/\/portaltela.pt\/#\/schema\/person\/c4278d4a6028830caff9ee44b42d32ed"},"headline":"Hospital de Leiria atendeu 756 feridos desde o in\u00edcio da depress\u00e3o Kristin","datePublished":"2026-02-03T16:10:00+00:00","mainEntityOfPage":{"@id":"https:\/\/portaltela.pt\/noticias\/2026\/02\/03\/hospital-de-leiria-atendeu-756-feridos-desde-o-inicio-da-depressao-kristin\/"},"wordCount":186,"image":{"@id":"https:\/\/portaltela.pt\/noticias\/2026\/02\/03\/hospital-de-leiria-atendeu-756-feridos-desde-o-inicio-da-depressao-kristin\/#primaryimage"},"thumbnailUrl":"https:\/\/portaltela.pt\/s.01k8rhncp4jt1\/2026\/02\/unnamed-file-882.jpg","keywords":["Coimbra","Figueira da Foz","hospital","Leiria","traumatologia","urg\u00eancias"],"articleSection":["Not\u00edcias"],"inLanguage":"pt-PT"},{"@type":"WebPage","@id":"https:\/\/portaltela.pt\/noticias\/2026\/02\/03\/hospital-de-leiria-atendeu-756-feridos-desde-o-inicio-da-depressao-kristin\/","url":"https:\/\/portaltela.pt\/noticias\/2026\/02\/03\/hospital-de-leiria-atendeu-756-feridos-desde-o-inicio-da-depressao-kristin\/","name":"Hospital de Leiria atendeu 756 feridos desde o in\u00edcio da depress\u00e3o Kristin - Portal Tela Portugal","isPartOf":{"@id":"https:\/\/portaltela.pt\/#website"},"primaryImageOfPage":{"@id":"https:\/\/portaltela.pt\/noticias\/2026\/02\/03\/hospital-de-leiria-atendeu-756-feridos-desde-o-inicio-da-depressao-kristin\/#primaryimage"},"image":{"@id":"https:\/\/portaltela.pt\/noticias\/2026\/02\/03\/hospital-de-leiria-atendeu-756-feridos-desde-o-inicio-da-depressao-kristin\/#primaryimage"},"thumbnailUrl":"https:\/\/portaltela.pt\/s.01k8rhncp4jt1\/2026\/02\/unnamed-file-882.jpg","datePublished":"2026-02-03T16:10:00+00:00","author":{"@id":"https:\/\/portaltela.pt\/#\/schema\/person\/c4278d4a6028830caff9ee44b42d32ed"},"breadcrumb":{"@id":"https:\/\/portaltela.pt\/noticias\/2026\/02\/03\/hospital-de-leiria-atendeu-756-feridos-desde-o-inicio-da-depressao-kristin\/#breadcrumb"},"inLanguage":"pt-PT","potentialAction":[{"@type":"ReadAction","target":["https:\/\/portaltela.pt\/noticias\/2026\/02\/03\/hospital-de-leiria-atendeu-756-feridos-desde-o-inicio-da-depressao-kristin\/"]}]},{"@type":"ImageObject","inLanguage":"pt-PT","@id":"https:\/\/portaltela.pt\/noticias\/2026\/02\/03\/hospital-de-leiria-atendeu-756-feridos-desde-o-inicio-da-depressao-kristin\/#primaryimage","url":"https:\/\/portaltela.pt\/s.01k8rhncp4jt1\/2026\/02\/unnamed-file-882.jpg","contentUrl":"https:\/\/portaltela.pt\/s.01k8rhncp4jt1\/2026\/02\/unnamed-file-882.jpg","width":796,"height":448,"caption":"Hospital de Leiria atendeu 756 feridos desde o in\u00edcio da depress\u00e3o Kristin"},{"@type":"BreadcrumbList","@id":"https:\/\/portaltela.pt\/noticias\/2026\/02\/03\/hospital-de-leiria-atendeu-756-feridos-desde-o-inicio-da-depressao-kristin\/#breadcrumb","itemListElement":[{"@type":"ListItem","position":1,"name":"In\u00edcio","item":"https:\/\/portaltela.pt\/"},{"@type":"ListItem","position":2,"name":"Hospital de Leiria atendeu 756 feridos desde o in\u00edcio da depress\u00e3o Kristin"}]},{"@type":"WebSite","@id":"https:\/\/portaltela.pt\/#website","url":"https:\/\/portaltela.pt\/","name":"Portal Tela Portugal","description":"","potentialAction":[{"@type":"SearchAction","target":{"@type":"EntryPoint","urlTemplate":"https:\/\/portaltela.pt\/?s={search_term_string}"},"query-input":{"@type":"PropertyValueSpecification","valueRequired":true,"valueName":"search_term_string"}}],"inLanguage":"pt-PT"},{"@type":"Person","@id":"https:\/\/portaltela.pt\/#\/schema\/person\/c4278d4a6028830caff9ee44b42d32ed","name":"Telinha","image":{"@type":"ImageObject","inLanguage":"pt-PT","@id":"https:\/\/portaltela.pt\/s.01k8rhncp4jt1\/2025\/11\/talking-bot-125x125.png","url":"https:\/\/portaltela.pt\/s.01k8rhncp4jt1\/2025\/11\/talking-bot-125x125.png","contentUrl":"https:\/\/portaltela.pt\/s.01k8rhncp4jt1\/2025\/11\/talking-bot-125x125.png","caption":"Telinha"},"sameAs":["https:\/\/portaltela.pt\/"],"url":"https:\/\/portaltela.pt\/por\/367410592786\/"}]}},"_links":{"self":[{"href":"https:\/\/portaltela.pt\/api\/wp\/v2\/posts\/194256","targetHints":{"allow":["GET"]}}],"collection":[{"href":"https:\/\/portaltela.pt\/api\/wp\/v2\/posts"}],"about":[{"href":"https:\/\/portaltela.pt\/api\/wp\/v2\/types\/post"}],"author":[{"embeddable":true,"href":"https:\/\/portaltela.pt\/api\/wp\/v2\/users\/2"}],"replies":[{"embeddable":true,"href":"https:\/\/portaltela.pt\/api\/wp\/v2\/comments?post=194256"}],"version-history":[{"count":0,"href":"https:\/\/portaltela.pt\/api\/wp\/v2\/posts\/194256\/revisions"}],"wp:featuredmedia":[{"embeddable":true,"href":"https:\/\/portaltela.pt\/api\/wp\/v2\/media\/194261"}],"wp:attachment":[{"href":"https:\/\/portaltela.pt\/api\/wp\/v2\/media?parent=194256"}],"wp:term":[{"taxonomy":"category","embeddable":true,"href":"https:\/\/portaltela.pt\/api\/wp\/v2\/categories?post=194256"},{"taxonomy":"post_tag","embeddable":true,"href":"https:\/\/portaltela.pt\/api\/wp\/v2\/tags?post=194256"}],"curies":[{"name":"wp","href":"https:\/\/api.w.org\/{rel}","templated":true}]}}