{"id":194233,"date":"2026-02-03T13:18:19","date_gmt":"2026-02-03T16:18:19","guid":{"rendered":"https:\/\/portaltela.pt\/noticias\/2026\/02\/03\/ceramica-contemporanea-de-heitor-figueiredo-chega-a-reguengos-de-monsaraz\/"},"modified":"2026-02-03T13:18:19","modified_gmt":"2026-02-03T16:18:19","slug":"ceramica-contemporanea-de-heitor-figueiredo-chega-a-reguengos-de-monsaraz","status":"publish","type":"post","link":"https:\/\/portaltela.pt\/noticias\/2026\/02\/03\/ceramica-contemporanea-de-heitor-figueiredo-chega-a-reguengos-de-monsaraz\/","title":{"rendered":"Cer\u00e2mica contempor\u00e2nea de Heitor Figueiredo chega a Reguengos de Monsaraz"},"content":{"rendered":"<p>A Biblioteca Municipal de Reguengos de Monsaraz recebe, de 7 de fevereiro a 22 de mar\u00e7o, a exposi\u00e7\u00e3o de cer\u00e2mica \u201c\u00c9 Pra J\u00e1\u201d, de Heitor Figueiredo. A mostra, patente no Audit\u00f3rio Ant\u00f3nio Marcelino, re\u00fane 15 pe\u00e7as que unem t\u00e9cnicas cer\u00e2micas tradicionais a uma linguagem escult\u00f3rica moderna e espont\u00e2nea.<\/p>\n<p>Heitor Figueiredo, natural de Bracara, reside hoje em Cabe\u00e7a Gorda, no Alentejo, e foi fundador do N\u00facleo de Artes Visuais de Aljustrel. Considerado uma figura central da cer\u00e2mica nacional, foi reconhecido em 2005 com o Pr\u00e9mio Bienal Internacional de Cer\u00e2mica Art\u00edstica de Aveiro. O seu trabalho transforma objetos utilit\u00e1rios em instala\u00e7\u00f5es, com investiga\u00e7\u00e3o formal constante.<\/p>\n<p>A exposi\u00e7\u00e3o convida o p\u00fablico a experimentar as pecularidades de cada pe\u00e7a, explorando a identidade de cada objeto. O acesso \u00e9 de segunda a s\u00e1bado, entre as 10h e as 12h30 e as 14h00 e as 17h30, consolidando-se como destaque cultural dos meses de fevereiro e mar\u00e7o.<\/p>\n","protected":false},"excerpt":{"rendered":"<ul>\n<li>A Biblioteca Municipal de Reguengos de Monsaraz recebe a exposi\u00e7\u00e3o de cer\u00e2mica \u201c\u00c9 Pra J\u00e1\u201d, de Heitor Figueiredo, entre 7 de fevereiro e 22 de mar\u00e7o, patente no Audit\u00f3rio Ant\u00f3nio Marcelino.<\/li>\n<li>A mostra re\u00fane 15 pe\u00e7as que combinam t\u00e9cnicas tradicionais da cer\u00e2mica com uma linguagem escult\u00f3rica moderna e espont\u00e2nea.<\/li>\n<li>Heitor Figueiredo \u00e9 bracarense de nascimento, vive em Cabe\u00e7a Gorda e foi fundador do N\u00facleo de Artes Visuais de Aljustrel; distinguido em 2005 com o Pr\u00e9mio Bienal Internacional de Cer\u00e2mica Art\u00edstica de Aveiro.<\/li>\n<li>O trabalho do artista transforma objetos utilit\u00e1rios em instala\u00e7\u00f5es art\u00edsticas, explorando investiga\u00e7\u00e3o formal constante.<\/li>\n<li>A exposi\u00e7\u00e3o pode ser visitada de segunda-feira a s\u00e1bado, das 10h \u00e0s 12h30 e das 14h \u00e0s 17h30, sendo um dos destaques culturais da regi\u00e3o para fevereiro e mar\u00e7o.<\/li>\n<\/ul>\n","protected":false},"author":2,"featured_media":194235,"comment_status":"closed","ping_status":"closed","sticky":false,"template":"","format":"standard","meta":{"footnotes":""},"categories":[1],"tags":[883,70,4653,3022,145,1397],"class_list":["post-194233","post","type-post","status-publish","format-standard","has-post-thumbnail","hentry","category-noticias","tag-alentejo","tag-arte","tag-artes-plasticas","tag-ceramica","tag-cultura","tag-exposicoes"],"yoast_head":"<!-- This site is optimized with the Yoast SEO plugin v27.2 - https:\/\/yoast.com\/product\/yoast-seo-wordpress\/ -->\n<title>Cer\u00e2mica contempor\u00e2nea de Heitor Figueiredo chega a Reguengos de Monsaraz - Portal Tela Portugal<\/title>\n<meta name=\"robots\" content=\"index, follow, max-snippet:-1, max-image-preview:large, max-video-preview:-1\" \/>\n<meta property=\"og:locale\" content=\"pt_PT\" \/>\n<meta property=\"og:type\" content=\"article\" \/>\n<meta property=\"og:title\" content=\"Cer\u00e2mica contempor\u00e2nea de Heitor Figueiredo chega a Reguengos de Monsaraz - Portal Tela Portugal\" \/>\n<meta property=\"og:description\" content=\"A Biblioteca Municipal de Reguengos de Monsaraz recebe a exposi\u00e7\u00e3o de cer\u00e2mica \u201c\u00c9 Pra J\u00e1\u201d, de Heitor Figueiredo, entre 7 de fevereiro e 22 de mar\u00e7o, patente no Audit\u00f3rio Ant\u00f3nio Marcelino. A mostra re\u00fane 15 pe\u00e7as que combinam t\u00e9cnicas tradicionais da cer\u00e2mica com uma linguagem escult\u00f3rica moderna e espont\u00e2nea. Heitor Figueiredo \u00e9 bracarense de nascimento, vive em Cabe\u00e7a Gorda e foi fundador do N\u00facleo de Artes Visuais de Aljustrel; distinguido em 2005 com o Pr\u00e9mio Bienal Internacional de Cer\u00e2mica Art\u00edstica de Aveiro. O trabalho do artista transforma objetos utilit\u00e1rios em instala\u00e7\u00f5es art\u00edsticas, explorando investiga\u00e7\u00e3o formal constante. A exposi\u00e7\u00e3o pode ser visitada de segunda-feira a s\u00e1bado, das 10h \u00e0s 12h30 e das 14h \u00e0s 17h30, sendo um dos destaques culturais da regi\u00e3o para fevereiro e mar\u00e7o.\" \/>\n<meta property=\"og:url\" content=\"https:\/\/portaltela.pt\/noticias\/2026\/02\/03\/ceramica-contemporanea-de-heitor-figueiredo-chega-a-reguengos-de-monsaraz\/\" \/>\n<meta property=\"og:site_name\" content=\"Portal Tela Portugal\" \/>\n<meta property=\"article:published_time\" content=\"2026-02-03T16:18:19+00:00\" \/>\n<meta name=\"author\" content=\"Telinha\" \/>\n<meta name=\"twitter:card\" content=\"summary_large_image\" \/>\n<meta name=\"twitter:label1\" content=\"Escrito por\" \/>\n\t<meta name=\"twitter:data1\" content=\"Telinha\" \/>\n\t<meta name=\"twitter:label2\" content=\"Tempo estimado de leitura\" \/>\n\t<meta name=\"twitter:data2\" content=\"1 minuto\" \/>\n<script type=\"application\/ld+json\" class=\"yoast-schema-graph\">{\"@context\":\"https:\/\/schema.org\",\"@graph\":[{\"@type\":\"Article\",\"@id\":\"https:\/\/portaltela.pt\/noticias\/2026\/02\/03\/ceramica-contemporanea-de-heitor-figueiredo-chega-a-reguengos-de-monsaraz\/#article\",\"isPartOf\":{\"@id\":\"https:\/\/portaltela.pt\/noticias\/2026\/02\/03\/ceramica-contemporanea-de-heitor-figueiredo-chega-a-reguengos-de-monsaraz\/\"},\"author\":{\"name\":\"Telinha\",\"@id\":\"https:\/\/portaltela.pt\/#\/schema\/person\/c4278d4a6028830caff9ee44b42d32ed\"},\"headline\":\"Cer\u00e2mica contempor\u00e2nea de Heitor Figueiredo chega a Reguengos de Monsaraz\",\"datePublished\":\"2026-02-03T16:18:19+00:00\",\"mainEntityOfPage\":{\"@id\":\"https:\/\/portaltela.pt\/noticias\/2026\/02\/03\/ceramica-contemporanea-de-heitor-figueiredo-chega-a-reguengos-de-monsaraz\/\"},\"wordCount\":181,\"image\":{\"@id\":\"https:\/\/portaltela.pt\/noticias\/2026\/02\/03\/ceramica-contemporanea-de-heitor-figueiredo-chega-a-reguengos-de-monsaraz\/#primaryimage\"},\"thumbnailUrl\":\"https:\/\/portaltela.pt\/s.01k8rhncp4jt1\/2026\/02\/expo_Heitor-Figueiredo_home-e1770135407727.jpg\",\"keywords\":[\"Alentejo\",\"arte\",\"Artes Pl\u00e1sticas\",\"cer\u00e2mica\",\"cultura\",\"exposi\u00e7\u00f5es\"],\"articleSection\":[\"Not\u00edcias\"],\"inLanguage\":\"pt-PT\"},{\"@type\":\"WebPage\",\"@id\":\"https:\/\/portaltela.pt\/noticias\/2026\/02\/03\/ceramica-contemporanea-de-heitor-figueiredo-chega-a-reguengos-de-monsaraz\/\",\"url\":\"https:\/\/portaltela.pt\/noticias\/2026\/02\/03\/ceramica-contemporanea-de-heitor-figueiredo-chega-a-reguengos-de-monsaraz\/\",\"name\":\"Cer\u00e2mica contempor\u00e2nea de Heitor Figueiredo chega a Reguengos de Monsaraz - Portal Tela Portugal\",\"isPartOf\":{\"@id\":\"https:\/\/portaltela.pt\/#website\"},\"primaryImageOfPage\":{\"@id\":\"https:\/\/portaltela.pt\/noticias\/2026\/02\/03\/ceramica-contemporanea-de-heitor-figueiredo-chega-a-reguengos-de-monsaraz\/#primaryimage\"},\"image\":{\"@id\":\"https:\/\/portaltela.pt\/noticias\/2026\/02\/03\/ceramica-contemporanea-de-heitor-figueiredo-chega-a-reguengos-de-monsaraz\/#primaryimage\"},\"thumbnailUrl\":\"https:\/\/portaltela.pt\/s.01k8rhncp4jt1\/2026\/02\/expo_Heitor-Figueiredo_home-e1770135407727.jpg\",\"datePublished\":\"2026-02-03T16:18:19+00:00\",\"author\":{\"@id\":\"https:\/\/portaltela.pt\/#\/schema\/person\/c4278d4a6028830caff9ee44b42d32ed\"},\"breadcrumb\":{\"@id\":\"https:\/\/portaltela.pt\/noticias\/2026\/02\/03\/ceramica-contemporanea-de-heitor-figueiredo-chega-a-reguengos-de-monsaraz\/#breadcrumb\"},\"inLanguage\":\"pt-PT\",\"potentialAction\":[{\"@type\":\"ReadAction\",\"target\":[\"https:\/\/portaltela.pt\/noticias\/2026\/02\/03\/ceramica-contemporanea-de-heitor-figueiredo-chega-a-reguengos-de-monsaraz\/\"]}]},{\"@type\":\"ImageObject\",\"inLanguage\":\"pt-PT\",\"@id\":\"https:\/\/portaltela.pt\/noticias\/2026\/02\/03\/ceramica-contemporanea-de-heitor-figueiredo-chega-a-reguengos-de-monsaraz\/#primaryimage\",\"url\":\"https:\/\/portaltela.pt\/s.01k8rhncp4jt1\/2026\/02\/expo_Heitor-Figueiredo_home-e1770135407727.jpg\",\"contentUrl\":\"https:\/\/portaltela.pt\/s.01k8rhncp4jt1\/2026\/02\/expo_Heitor-Figueiredo_home-e1770135407727.jpg\",\"width\":796,\"height\":448,\"caption\":\"Cultura: Cer\u00e2mica contempor\u00e2nea de Heitor Figueiredo chega a Reguengos de Monsaraz\"},{\"@type\":\"BreadcrumbList\",\"@id\":\"https:\/\/portaltela.pt\/noticias\/2026\/02\/03\/ceramica-contemporanea-de-heitor-figueiredo-chega-a-reguengos-de-monsaraz\/#breadcrumb\",\"itemListElement\":[{\"@type\":\"ListItem\",\"position\":1,\"name\":\"In\u00edcio\",\"item\":\"https:\/\/portaltela.pt\/\"},{\"@type\":\"ListItem\",\"position\":2,\"name\":\"Cer\u00e2mica contempor\u00e2nea de Heitor Figueiredo chega a Reguengos de Monsaraz\"}]},{\"@type\":\"WebSite\",\"@id\":\"https:\/\/portaltela.pt\/#website\",\"url\":\"https:\/\/portaltela.pt\/\",\"name\":\"Portal Tela Portugal\",\"description\":\"\",\"potentialAction\":[{\"@type\":\"SearchAction\",\"target\":{\"@type\":\"EntryPoint\",\"urlTemplate\":\"https:\/\/portaltela.pt\/?s={search_term_string}\"},\"query-input\":{\"@type\":\"PropertyValueSpecification\",\"valueRequired\":true,\"valueName\":\"search_term_string\"}}],\"inLanguage\":\"pt-PT\"},{\"@type\":\"Person\",\"@id\":\"https:\/\/portaltela.pt\/#\/schema\/person\/c4278d4a6028830caff9ee44b42d32ed\",\"name\":\"Telinha\",\"image\":{\"@type\":\"ImageObject\",\"inLanguage\":\"pt-PT\",\"@id\":\"https:\/\/portaltela.pt\/s.01k8rhncp4jt1\/2025\/11\/talking-bot-125x125.png\",\"url\":\"https:\/\/portaltela.pt\/s.01k8rhncp4jt1\/2025\/11\/talking-bot-125x125.png\",\"contentUrl\":\"https:\/\/portaltela.pt\/s.01k8rhncp4jt1\/2025\/11\/talking-bot-125x125.png\",\"caption\":\"Telinha\"},\"sameAs\":[\"https:\/\/portaltela.pt\/\"],\"url\":\"https:\/\/portaltela.pt\/por\/367410592786\/\"}]}<\/script>\n<!-- \/ Yoast SEO plugin. -->","yoast_head_json":{"title":"Cer\u00e2mica contempor\u00e2nea de Heitor Figueiredo chega a Reguengos de Monsaraz - Portal Tela Portugal","robots":{"index":"index","follow":"follow","max-snippet":"max-snippet:-1","max-image-preview":"max-image-preview:large","max-video-preview":"max-video-preview:-1"},"og_locale":"pt_PT","og_type":"article","og_title":"Cer\u00e2mica contempor\u00e2nea de Heitor Figueiredo chega a Reguengos de Monsaraz - Portal Tela Portugal","og_description":"A Biblioteca Municipal de Reguengos de Monsaraz recebe a exposi\u00e7\u00e3o de cer\u00e2mica \u201c\u00c9 Pra J\u00e1\u201d, de Heitor Figueiredo, entre 7 de fevereiro e 22 de mar\u00e7o, patente no Audit\u00f3rio Ant\u00f3nio Marcelino. A mostra re\u00fane 15 pe\u00e7as que combinam t\u00e9cnicas tradicionais da cer\u00e2mica com uma linguagem escult\u00f3rica moderna e espont\u00e2nea. Heitor Figueiredo \u00e9 bracarense de nascimento, vive em Cabe\u00e7a Gorda e foi fundador do N\u00facleo de Artes Visuais de Aljustrel; distinguido em 2005 com o Pr\u00e9mio Bienal Internacional de Cer\u00e2mica Art\u00edstica de Aveiro. O trabalho do artista transforma objetos utilit\u00e1rios em instala\u00e7\u00f5es art\u00edsticas, explorando investiga\u00e7\u00e3o formal constante. A exposi\u00e7\u00e3o pode ser visitada de segunda-feira a s\u00e1bado, das 10h \u00e0s 12h30 e das 14h \u00e0s 17h30, sendo um dos destaques culturais da regi\u00e3o para fevereiro e mar\u00e7o.","og_url":"https:\/\/portaltela.pt\/noticias\/2026\/02\/03\/ceramica-contemporanea-de-heitor-figueiredo-chega-a-reguengos-de-monsaraz\/","og_site_name":"Portal Tela Portugal","article_published_time":"2026-02-03T16:18:19+00:00","author":"Telinha","twitter_card":"summary_large_image","twitter_misc":{"Escrito por":"Telinha","Tempo estimado de leitura":"1 minuto"},"schema":{"@context":"https:\/\/schema.org","@graph":[{"@type":"Article","@id":"https:\/\/portaltela.pt\/noticias\/2026\/02\/03\/ceramica-contemporanea-de-heitor-figueiredo-chega-a-reguengos-de-monsaraz\/#article","isPartOf":{"@id":"https:\/\/portaltela.pt\/noticias\/2026\/02\/03\/ceramica-contemporanea-de-heitor-figueiredo-chega-a-reguengos-de-monsaraz\/"},"author":{"name":"Telinha","@id":"https:\/\/portaltela.pt\/#\/schema\/person\/c4278d4a6028830caff9ee44b42d32ed"},"headline":"Cer\u00e2mica contempor\u00e2nea de Heitor Figueiredo chega a Reguengos de Monsaraz","datePublished":"2026-02-03T16:18:19+00:00","mainEntityOfPage":{"@id":"https:\/\/portaltela.pt\/noticias\/2026\/02\/03\/ceramica-contemporanea-de-heitor-figueiredo-chega-a-reguengos-de-monsaraz\/"},"wordCount":181,"image":{"@id":"https:\/\/portaltela.pt\/noticias\/2026\/02\/03\/ceramica-contemporanea-de-heitor-figueiredo-chega-a-reguengos-de-monsaraz\/#primaryimage"},"thumbnailUrl":"https:\/\/portaltela.pt\/s.01k8rhncp4jt1\/2026\/02\/expo_Heitor-Figueiredo_home-e1770135407727.jpg","keywords":["Alentejo","arte","Artes Pl\u00e1sticas","cer\u00e2mica","cultura","exposi\u00e7\u00f5es"],"articleSection":["Not\u00edcias"],"inLanguage":"pt-PT"},{"@type":"WebPage","@id":"https:\/\/portaltela.pt\/noticias\/2026\/02\/03\/ceramica-contemporanea-de-heitor-figueiredo-chega-a-reguengos-de-monsaraz\/","url":"https:\/\/portaltela.pt\/noticias\/2026\/02\/03\/ceramica-contemporanea-de-heitor-figueiredo-chega-a-reguengos-de-monsaraz\/","name":"Cer\u00e2mica contempor\u00e2nea de Heitor Figueiredo chega a Reguengos de Monsaraz - Portal Tela Portugal","isPartOf":{"@id":"https:\/\/portaltela.pt\/#website"},"primaryImageOfPage":{"@id":"https:\/\/portaltela.pt\/noticias\/2026\/02\/03\/ceramica-contemporanea-de-heitor-figueiredo-chega-a-reguengos-de-monsaraz\/#primaryimage"},"image":{"@id":"https:\/\/portaltela.pt\/noticias\/2026\/02\/03\/ceramica-contemporanea-de-heitor-figueiredo-chega-a-reguengos-de-monsaraz\/#primaryimage"},"thumbnailUrl":"https:\/\/portaltela.pt\/s.01k8rhncp4jt1\/2026\/02\/expo_Heitor-Figueiredo_home-e1770135407727.jpg","datePublished":"2026-02-03T16:18:19+00:00","author":{"@id":"https:\/\/portaltela.pt\/#\/schema\/person\/c4278d4a6028830caff9ee44b42d32ed"},"breadcrumb":{"@id":"https:\/\/portaltela.pt\/noticias\/2026\/02\/03\/ceramica-contemporanea-de-heitor-figueiredo-chega-a-reguengos-de-monsaraz\/#breadcrumb"},"inLanguage":"pt-PT","potentialAction":[{"@type":"ReadAction","target":["https:\/\/portaltela.pt\/noticias\/2026\/02\/03\/ceramica-contemporanea-de-heitor-figueiredo-chega-a-reguengos-de-monsaraz\/"]}]},{"@type":"ImageObject","inLanguage":"pt-PT","@id":"https:\/\/portaltela.pt\/noticias\/2026\/02\/03\/ceramica-contemporanea-de-heitor-figueiredo-chega-a-reguengos-de-monsaraz\/#primaryimage","url":"https:\/\/portaltela.pt\/s.01k8rhncp4jt1\/2026\/02\/expo_Heitor-Figueiredo_home-e1770135407727.jpg","contentUrl":"https:\/\/portaltela.pt\/s.01k8rhncp4jt1\/2026\/02\/expo_Heitor-Figueiredo_home-e1770135407727.jpg","width":796,"height":448,"caption":"Cultura: Cer\u00e2mica contempor\u00e2nea de Heitor Figueiredo chega a Reguengos de Monsaraz"},{"@type":"BreadcrumbList","@id":"https:\/\/portaltela.pt\/noticias\/2026\/02\/03\/ceramica-contemporanea-de-heitor-figueiredo-chega-a-reguengos-de-monsaraz\/#breadcrumb","itemListElement":[{"@type":"ListItem","position":1,"name":"In\u00edcio","item":"https:\/\/portaltela.pt\/"},{"@type":"ListItem","position":2,"name":"Cer\u00e2mica contempor\u00e2nea de Heitor Figueiredo chega a Reguengos de Monsaraz"}]},{"@type":"WebSite","@id":"https:\/\/portaltela.pt\/#website","url":"https:\/\/portaltela.pt\/","name":"Portal Tela Portugal","description":"","potentialAction":[{"@type":"SearchAction","target":{"@type":"EntryPoint","urlTemplate":"https:\/\/portaltela.pt\/?s={search_term_string}"},"query-input":{"@type":"PropertyValueSpecification","valueRequired":true,"valueName":"search_term_string"}}],"inLanguage":"pt-PT"},{"@type":"Person","@id":"https:\/\/portaltela.pt\/#\/schema\/person\/c4278d4a6028830caff9ee44b42d32ed","name":"Telinha","image":{"@type":"ImageObject","inLanguage":"pt-PT","@id":"https:\/\/portaltela.pt\/s.01k8rhncp4jt1\/2025\/11\/talking-bot-125x125.png","url":"https:\/\/portaltela.pt\/s.01k8rhncp4jt1\/2025\/11\/talking-bot-125x125.png","contentUrl":"https:\/\/portaltela.pt\/s.01k8rhncp4jt1\/2025\/11\/talking-bot-125x125.png","caption":"Telinha"},"sameAs":["https:\/\/portaltela.pt\/"],"url":"https:\/\/portaltela.pt\/por\/367410592786\/"}]}},"_links":{"self":[{"href":"https:\/\/portaltela.pt\/api\/wp\/v2\/posts\/194233","targetHints":{"allow":["GET"]}}],"collection":[{"href":"https:\/\/portaltela.pt\/api\/wp\/v2\/posts"}],"about":[{"href":"https:\/\/portaltela.pt\/api\/wp\/v2\/types\/post"}],"author":[{"embeddable":true,"href":"https:\/\/portaltela.pt\/api\/wp\/v2\/users\/2"}],"replies":[{"embeddable":true,"href":"https:\/\/portaltela.pt\/api\/wp\/v2\/comments?post=194233"}],"version-history":[{"count":0,"href":"https:\/\/portaltela.pt\/api\/wp\/v2\/posts\/194233\/revisions"}],"wp:featuredmedia":[{"embeddable":true,"href":"https:\/\/portaltela.pt\/api\/wp\/v2\/media\/194235"}],"wp:attachment":[{"href":"https:\/\/portaltela.pt\/api\/wp\/v2\/media?parent=194233"}],"wp:term":[{"taxonomy":"category","embeddable":true,"href":"https:\/\/portaltela.pt\/api\/wp\/v2\/categories?post=194233"},{"taxonomy":"post_tag","embeddable":true,"href":"https:\/\/portaltela.pt\/api\/wp\/v2\/tags?post=194233"}],"curies":[{"name":"wp","href":"https:\/\/api.w.org\/{rel}","templated":true}]}}