{"id":194229,"date":"2026-02-03T13:06:00","date_gmt":"2026-02-03T16:06:00","guid":{"rendered":"https:\/\/portaltela.pt\/noticias\/2026\/02\/03\/avc-sagra-se-campeao-distrital-em-famalicao\/"},"modified":"2026-02-03T13:06:00","modified_gmt":"2026-02-03T16:06:00","slug":"avc-sagra-se-campeao-distrital-em-famalicao","status":"publish","type":"post","link":"https:\/\/portaltela.pt\/desporto\/futebol\/2026\/02\/03\/avc-sagra-se-campeao-distrital-em-famalicao\/","title":{"rendered":"AVC sagra-se campe\u00e3o distrital em Famalic\u00e3o"},"content":{"rendered":"<p>O AVC de Famalic\u00e3o sagrou-se campe\u00e3o distrital da regi\u00e3o em futebol s\u00e9nior, disputando a fase regional da prova na 3.\u00aa divis\u00e3o. A equipa concluiu a s\u00e9rie com 14 vit\u00f3rias em 14 jogos.<\/p>\n<p>O conjunto famalicense cedeu apenas 3 sets ao longo da campanha, demonstrando consist\u00eancia defensiva e dom\u00ednio ofensivo frente aos advers\u00e1rios. O registo de vit\u00f3rias ilustra o favoritismo no agrupamento.<\/p>\n<p>Na fase seguinte, o AVC encontra equipas apuradas de outras zonas do distrito. Entre elas est\u00e3o CART e VC Braga, apuradas no distrito de Braga, bem como Acad\u00e9mica de Espinho (Porto) e Atl\u00e2ntico da Madalena, Juventude Pacense, Infesta FC e Frei Gil.<\/p>\n<h3>Fase seguinte e perspectivas<\/h3>\n<p>O treinador V\u00edtor Oliveira considerou os advers\u00e1rios experientes e reconhece que o AVC \u00e9 um clube ainda jovem no escal\u00e3o. Mesmo assim, afirmou que a equipa \u00e9 ambiciosa e pode aproveitar brechas que surjam, mantendo o foco.<\/p>\n<p>A fase seguinte inicia-se no fim de semana de 14 e 15 de fevereiro, com o sorteio a decorrer na quarta-feira seguinte. As partidas devem definir os candidatos \u00e0 pr\u00f3xima fase da competi\u00e7\u00e3o.<\/p>\n","protected":false},"excerpt":{"rendered":"<ul>\n<li>O AVC, equipa s\u00e9nior de Famalic\u00e3o, sagrou-se campe\u00e3o distrital na terceira divis\u00e3o.<\/li>\n<li>A forma\u00e7\u00e3o famalicense alcan\u00e7ou 14 vit\u00f3rias em 14 jogos na fase, cedendo apenas 3 sets.<\/li>\n<li>Na fase seguinte, o AVC vai enfrentar CART e VC Braga (apurados no distrito de Braga) e Acad\u00e9mica de Espinho (campe\u00e3 regional do Porto), entre outros j\u00e1 apurados.<\/li>\n<li>Os advers\u00e1rios da pr\u00f3xima ronda incluem Atl\u00e2ntico da Madalena, Juventude Pacense, Infesta FC e Frei Gil, todos da mesma zona.<\/li>\n<li>O treinador V\u00edtor Oliveira admite jogos dif\u00edceis, mas afirma que o AVC \u00e9 ambicioso e vai aproveitar brechas que surgirem; a fase seguinte come\u00e7a no fim de semana de 14 e 15 de fevereiro, com sorteio na quarta-feira seguinte.<\/li>\n<\/ul>\n","protected":false},"author":2,"featured_media":194231,"comment_status":"closed","ping_status":"closed","sticky":false,"template":"","format":"standard","meta":{"footnotes":""},"categories":[21,24],"tags":[4985,1207,32,982],"class_list":["post-194229","post","type-post","status-publish","format-standard","has-post-thumbnail","hentry","category-desporto","category-futebol","tag-3-a-divisao-serie-d","tag-braga","tag-futebol","tag-porto"],"yoast_head":"<!-- This site is optimized with the Yoast SEO plugin v27.2 - https:\/\/yoast.com\/product\/yoast-seo-wordpress\/ -->\n<title>AVC sagra-se campe\u00e3o distrital em Famalic\u00e3o - Portal Tela Portugal<\/title>\n<meta name=\"robots\" content=\"index, follow, max-snippet:-1, max-image-preview:large, max-video-preview:-1\" \/>\n<meta property=\"og:locale\" content=\"pt_PT\" \/>\n<meta property=\"og:type\" content=\"article\" \/>\n<meta property=\"og:title\" content=\"AVC sagra-se campe\u00e3o distrital em Famalic\u00e3o - Portal Tela Portugal\" \/>\n<meta property=\"og:description\" content=\"O AVC, equipa s\u00e9nior de Famalic\u00e3o, sagrou-se campe\u00e3o distrital na terceira divis\u00e3o. A forma\u00e7\u00e3o famalicense alcan\u00e7ou 14 vit\u00f3rias em 14 jogos na fase, cedendo apenas 3 sets. Na fase seguinte, o AVC vai enfrentar CART e VC Braga (apurados no distrito de Braga) e Acad\u00e9mica de Espinho (campe\u00e3 regional do Porto), entre outros j\u00e1 apurados. Os advers\u00e1rios da pr\u00f3xima ronda incluem Atl\u00e2ntico da Madalena, Juventude Pacense, Infesta FC e Frei Gil, todos da mesma zona. O treinador V\u00edtor Oliveira admite jogos dif\u00edceis, mas afirma que o AVC \u00e9 ambicioso e vai aproveitar brechas que surgirem; a fase seguinte come\u00e7a no fim de semana de 14 e 15 de fevereiro, com sorteio na quarta-feira seguinte.\" \/>\n<meta property=\"og:url\" content=\"https:\/\/portaltela.pt\/noticias\/2026\/02\/03\/avc-sagra-se-campeao-distrital-em-famalicao\/\" \/>\n<meta property=\"og:site_name\" content=\"Portal Tela Portugal\" \/>\n<meta property=\"article:published_time\" content=\"2026-02-03T16:06:00+00:00\" \/>\n<meta name=\"author\" content=\"Telinha\" \/>\n<meta name=\"twitter:card\" content=\"summary_large_image\" \/>\n<meta name=\"twitter:label1\" content=\"Escrito por\" \/>\n\t<meta name=\"twitter:data1\" content=\"Telinha\" \/>\n\t<meta name=\"twitter:label2\" content=\"Tempo estimado de leitura\" \/>\n\t<meta name=\"twitter:data2\" content=\"1 minuto\" \/>\n<script type=\"application\/ld+json\" class=\"yoast-schema-graph\">{\"@context\":\"https:\/\/schema.org\",\"@graph\":[{\"@type\":\"Article\",\"@id\":\"https:\/\/portaltela.pt\/noticias\/2026\/02\/03\/avc-sagra-se-campeao-distrital-em-famalicao\/#article\",\"isPartOf\":{\"@id\":\"https:\/\/portaltela.pt\/noticias\/2026\/02\/03\/avc-sagra-se-campeao-distrital-em-famalicao\/\"},\"author\":{\"name\":\"Telinha\",\"@id\":\"https:\/\/portaltela.pt\/#\/schema\/person\/c4278d4a6028830caff9ee44b42d32ed\"},\"headline\":\"AVC sagra-se campe\u00e3o distrital em Famalic\u00e3o\",\"datePublished\":\"2026-02-03T16:06:00+00:00\",\"mainEntityOfPage\":{\"@id\":\"https:\/\/portaltela.pt\/noticias\/2026\/02\/03\/avc-sagra-se-campeao-distrital-em-famalicao\/\"},\"wordCount\":195,\"image\":{\"@id\":\"https:\/\/portaltela.pt\/noticias\/2026\/02\/03\/avc-sagra-se-campeao-distrital-em-famalicao\/#primaryimage\"},\"thumbnailUrl\":\"https:\/\/portaltela.pt\/s.01k8rhncp4jt1\/2026\/02\/unnamed-file-877.jpg\",\"keywords\":[\"3.\u00aa Divis\u00e3o \u2014 S\u00e9rie D\",\"Braga\",\"futebol\",\"Porto\"],\"articleSection\":[\"Desporto\",\"Futebol\"],\"inLanguage\":\"pt-PT\"},{\"@type\":\"WebPage\",\"@id\":\"https:\/\/portaltela.pt\/noticias\/2026\/02\/03\/avc-sagra-se-campeao-distrital-em-famalicao\/\",\"url\":\"https:\/\/portaltela.pt\/noticias\/2026\/02\/03\/avc-sagra-se-campeao-distrital-em-famalicao\/\",\"name\":\"AVC sagra-se campe\u00e3o distrital em Famalic\u00e3o - Portal Tela Portugal\",\"isPartOf\":{\"@id\":\"https:\/\/portaltela.pt\/#website\"},\"primaryImageOfPage\":{\"@id\":\"https:\/\/portaltela.pt\/noticias\/2026\/02\/03\/avc-sagra-se-campeao-distrital-em-famalicao\/#primaryimage\"},\"image\":{\"@id\":\"https:\/\/portaltela.pt\/noticias\/2026\/02\/03\/avc-sagra-se-campeao-distrital-em-famalicao\/#primaryimage\"},\"thumbnailUrl\":\"https:\/\/portaltela.pt\/s.01k8rhncp4jt1\/2026\/02\/unnamed-file-877.jpg\",\"datePublished\":\"2026-02-03T16:06:00+00:00\",\"author\":{\"@id\":\"https:\/\/portaltela.pt\/#\/schema\/person\/c4278d4a6028830caff9ee44b42d32ed\"},\"breadcrumb\":{\"@id\":\"https:\/\/portaltela.pt\/noticias\/2026\/02\/03\/avc-sagra-se-campeao-distrital-em-famalicao\/#breadcrumb\"},\"inLanguage\":\"pt-PT\",\"potentialAction\":[{\"@type\":\"ReadAction\",\"target\":[\"https:\/\/portaltela.pt\/noticias\/2026\/02\/03\/avc-sagra-se-campeao-distrital-em-famalicao\/\"]}]},{\"@type\":\"ImageObject\",\"inLanguage\":\"pt-PT\",\"@id\":\"https:\/\/portaltela.pt\/noticias\/2026\/02\/03\/avc-sagra-se-campeao-distrital-em-famalicao\/#primaryimage\",\"url\":\"https:\/\/portaltela.pt\/s.01k8rhncp4jt1\/2026\/02\/unnamed-file-877.jpg\",\"contentUrl\":\"https:\/\/portaltela.pt\/s.01k8rhncp4jt1\/2026\/02\/unnamed-file-877.jpg\",\"width\":796,\"height\":448,\"caption\":\"Famalic\u00e3o: AVC sagra-se campe\u00e3o distrital\"},{\"@type\":\"BreadcrumbList\",\"@id\":\"https:\/\/portaltela.pt\/noticias\/2026\/02\/03\/avc-sagra-se-campeao-distrital-em-famalicao\/#breadcrumb\",\"itemListElement\":[{\"@type\":\"ListItem\",\"position\":1,\"name\":\"In\u00edcio\",\"item\":\"https:\/\/portaltela.pt\/\"},{\"@type\":\"ListItem\",\"position\":2,\"name\":\"AVC sagra-se campe\u00e3o distrital em Famalic\u00e3o\"}]},{\"@type\":\"WebSite\",\"@id\":\"https:\/\/portaltela.pt\/#website\",\"url\":\"https:\/\/portaltela.pt\/\",\"name\":\"Portal Tela Portugal\",\"description\":\"\",\"potentialAction\":[{\"@type\":\"SearchAction\",\"target\":{\"@type\":\"EntryPoint\",\"urlTemplate\":\"https:\/\/portaltela.pt\/?s={search_term_string}\"},\"query-input\":{\"@type\":\"PropertyValueSpecification\",\"valueRequired\":true,\"valueName\":\"search_term_string\"}}],\"inLanguage\":\"pt-PT\"},{\"@type\":\"Person\",\"@id\":\"https:\/\/portaltela.pt\/#\/schema\/person\/c4278d4a6028830caff9ee44b42d32ed\",\"name\":\"Telinha\",\"image\":{\"@type\":\"ImageObject\",\"inLanguage\":\"pt-PT\",\"@id\":\"https:\/\/portaltela.pt\/s.01k8rhncp4jt1\/2025\/11\/talking-bot-125x125.png\",\"url\":\"https:\/\/portaltela.pt\/s.01k8rhncp4jt1\/2025\/11\/talking-bot-125x125.png\",\"contentUrl\":\"https:\/\/portaltela.pt\/s.01k8rhncp4jt1\/2025\/11\/talking-bot-125x125.png\",\"caption\":\"Telinha\"},\"sameAs\":[\"https:\/\/portaltela.pt\/\"],\"url\":\"https:\/\/portaltela.pt\/por\/367410592786\/\"}]}<\/script>\n<!-- \/ Yoast SEO plugin. -->","yoast_head_json":{"title":"AVC sagra-se campe\u00e3o distrital em Famalic\u00e3o - Portal Tela Portugal","robots":{"index":"index","follow":"follow","max-snippet":"max-snippet:-1","max-image-preview":"max-image-preview:large","max-video-preview":"max-video-preview:-1"},"og_locale":"pt_PT","og_type":"article","og_title":"AVC sagra-se campe\u00e3o distrital em Famalic\u00e3o - Portal Tela Portugal","og_description":"O AVC, equipa s\u00e9nior de Famalic\u00e3o, sagrou-se campe\u00e3o distrital na terceira divis\u00e3o. A forma\u00e7\u00e3o famalicense alcan\u00e7ou 14 vit\u00f3rias em 14 jogos na fase, cedendo apenas 3 sets. Na fase seguinte, o AVC vai enfrentar CART e VC Braga (apurados no distrito de Braga) e Acad\u00e9mica de Espinho (campe\u00e3 regional do Porto), entre outros j\u00e1 apurados. Os advers\u00e1rios da pr\u00f3xima ronda incluem Atl\u00e2ntico da Madalena, Juventude Pacense, Infesta FC e Frei Gil, todos da mesma zona. O treinador V\u00edtor Oliveira admite jogos dif\u00edceis, mas afirma que o AVC \u00e9 ambicioso e vai aproveitar brechas que surgirem; a fase seguinte come\u00e7a no fim de semana de 14 e 15 de fevereiro, com sorteio na quarta-feira seguinte.","og_url":"https:\/\/portaltela.pt\/noticias\/2026\/02\/03\/avc-sagra-se-campeao-distrital-em-famalicao\/","og_site_name":"Portal Tela Portugal","article_published_time":"2026-02-03T16:06:00+00:00","author":"Telinha","twitter_card":"summary_large_image","twitter_misc":{"Escrito por":"Telinha","Tempo estimado de leitura":"1 minuto"},"schema":{"@context":"https:\/\/schema.org","@graph":[{"@type":"Article","@id":"https:\/\/portaltela.pt\/noticias\/2026\/02\/03\/avc-sagra-se-campeao-distrital-em-famalicao\/#article","isPartOf":{"@id":"https:\/\/portaltela.pt\/noticias\/2026\/02\/03\/avc-sagra-se-campeao-distrital-em-famalicao\/"},"author":{"name":"Telinha","@id":"https:\/\/portaltela.pt\/#\/schema\/person\/c4278d4a6028830caff9ee44b42d32ed"},"headline":"AVC sagra-se campe\u00e3o distrital em Famalic\u00e3o","datePublished":"2026-02-03T16:06:00+00:00","mainEntityOfPage":{"@id":"https:\/\/portaltela.pt\/noticias\/2026\/02\/03\/avc-sagra-se-campeao-distrital-em-famalicao\/"},"wordCount":195,"image":{"@id":"https:\/\/portaltela.pt\/noticias\/2026\/02\/03\/avc-sagra-se-campeao-distrital-em-famalicao\/#primaryimage"},"thumbnailUrl":"https:\/\/portaltela.pt\/s.01k8rhncp4jt1\/2026\/02\/unnamed-file-877.jpg","keywords":["3.\u00aa Divis\u00e3o \u2014 S\u00e9rie D","Braga","futebol","Porto"],"articleSection":["Desporto","Futebol"],"inLanguage":"pt-PT"},{"@type":"WebPage","@id":"https:\/\/portaltela.pt\/noticias\/2026\/02\/03\/avc-sagra-se-campeao-distrital-em-famalicao\/","url":"https:\/\/portaltela.pt\/noticias\/2026\/02\/03\/avc-sagra-se-campeao-distrital-em-famalicao\/","name":"AVC sagra-se campe\u00e3o distrital em Famalic\u00e3o - Portal Tela Portugal","isPartOf":{"@id":"https:\/\/portaltela.pt\/#website"},"primaryImageOfPage":{"@id":"https:\/\/portaltela.pt\/noticias\/2026\/02\/03\/avc-sagra-se-campeao-distrital-em-famalicao\/#primaryimage"},"image":{"@id":"https:\/\/portaltela.pt\/noticias\/2026\/02\/03\/avc-sagra-se-campeao-distrital-em-famalicao\/#primaryimage"},"thumbnailUrl":"https:\/\/portaltela.pt\/s.01k8rhncp4jt1\/2026\/02\/unnamed-file-877.jpg","datePublished":"2026-02-03T16:06:00+00:00","author":{"@id":"https:\/\/portaltela.pt\/#\/schema\/person\/c4278d4a6028830caff9ee44b42d32ed"},"breadcrumb":{"@id":"https:\/\/portaltela.pt\/noticias\/2026\/02\/03\/avc-sagra-se-campeao-distrital-em-famalicao\/#breadcrumb"},"inLanguage":"pt-PT","potentialAction":[{"@type":"ReadAction","target":["https:\/\/portaltela.pt\/noticias\/2026\/02\/03\/avc-sagra-se-campeao-distrital-em-famalicao\/"]}]},{"@type":"ImageObject","inLanguage":"pt-PT","@id":"https:\/\/portaltela.pt\/noticias\/2026\/02\/03\/avc-sagra-se-campeao-distrital-em-famalicao\/#primaryimage","url":"https:\/\/portaltela.pt\/s.01k8rhncp4jt1\/2026\/02\/unnamed-file-877.jpg","contentUrl":"https:\/\/portaltela.pt\/s.01k8rhncp4jt1\/2026\/02\/unnamed-file-877.jpg","width":796,"height":448,"caption":"Famalic\u00e3o: AVC sagra-se campe\u00e3o distrital"},{"@type":"BreadcrumbList","@id":"https:\/\/portaltela.pt\/noticias\/2026\/02\/03\/avc-sagra-se-campeao-distrital-em-famalicao\/#breadcrumb","itemListElement":[{"@type":"ListItem","position":1,"name":"In\u00edcio","item":"https:\/\/portaltela.pt\/"},{"@type":"ListItem","position":2,"name":"AVC sagra-se campe\u00e3o distrital em Famalic\u00e3o"}]},{"@type":"WebSite","@id":"https:\/\/portaltela.pt\/#website","url":"https:\/\/portaltela.pt\/","name":"Portal Tela Portugal","description":"","potentialAction":[{"@type":"SearchAction","target":{"@type":"EntryPoint","urlTemplate":"https:\/\/portaltela.pt\/?s={search_term_string}"},"query-input":{"@type":"PropertyValueSpecification","valueRequired":true,"valueName":"search_term_string"}}],"inLanguage":"pt-PT"},{"@type":"Person","@id":"https:\/\/portaltela.pt\/#\/schema\/person\/c4278d4a6028830caff9ee44b42d32ed","name":"Telinha","image":{"@type":"ImageObject","inLanguage":"pt-PT","@id":"https:\/\/portaltela.pt\/s.01k8rhncp4jt1\/2025\/11\/talking-bot-125x125.png","url":"https:\/\/portaltela.pt\/s.01k8rhncp4jt1\/2025\/11\/talking-bot-125x125.png","contentUrl":"https:\/\/portaltela.pt\/s.01k8rhncp4jt1\/2025\/11\/talking-bot-125x125.png","caption":"Telinha"},"sameAs":["https:\/\/portaltela.pt\/"],"url":"https:\/\/portaltela.pt\/por\/367410592786\/"}]}},"_links":{"self":[{"href":"https:\/\/portaltela.pt\/api\/wp\/v2\/posts\/194229","targetHints":{"allow":["GET"]}}],"collection":[{"href":"https:\/\/portaltela.pt\/api\/wp\/v2\/posts"}],"about":[{"href":"https:\/\/portaltela.pt\/api\/wp\/v2\/types\/post"}],"author":[{"embeddable":true,"href":"https:\/\/portaltela.pt\/api\/wp\/v2\/users\/2"}],"replies":[{"embeddable":true,"href":"https:\/\/portaltela.pt\/api\/wp\/v2\/comments?post=194229"}],"version-history":[{"count":0,"href":"https:\/\/portaltela.pt\/api\/wp\/v2\/posts\/194229\/revisions"}],"wp:featuredmedia":[{"embeddable":true,"href":"https:\/\/portaltela.pt\/api\/wp\/v2\/media\/194231"}],"wp:attachment":[{"href":"https:\/\/portaltela.pt\/api\/wp\/v2\/media?parent=194229"}],"wp:term":[{"taxonomy":"category","embeddable":true,"href":"https:\/\/portaltela.pt\/api\/wp\/v2\/categories?post=194229"},{"taxonomy":"post_tag","embeddable":true,"href":"https:\/\/portaltela.pt\/api\/wp\/v2\/tags?post=194229"}],"curies":[{"name":"wp","href":"https:\/\/api.w.org\/{rel}","templated":true}]}}