{"id":194210,"date":"2026-02-03T13:13:14","date_gmt":"2026-02-03T16:13:14","guid":{"rendered":"https:\/\/portaltela.pt\/noticias\/2026\/02\/03\/presidente-do-inem-diz-que-novo-modelo-de-triagem-evitaria-mortes\/"},"modified":"2026-02-03T13:13:14","modified_gmt":"2026-02-03T16:13:14","slug":"presidente-do-inem-diz-que-novo-modelo-de-triagem-evitaria-mortes","status":"publish","type":"post","link":"https:\/\/portaltela.pt\/noticias\/2026\/02\/03\/presidente-do-inem-diz-que-novo-modelo-de-triagem-evitaria-mortes\/","title":{"rendered":"Presidente do INEM diz que novo modelo de triagem evitaria mortes"},"content":{"rendered":"<p>O presidente do INEM, Lu\u00eds Mendes Cabral, afirmou na Comiss\u00e3o de Sa\u00fade que o novo modelo de triagem, em vigor desde janeiro, poderia ter salvaguardado o socorro nos per\u00edodos de maior pico. A afirma\u00e7\u00e3o surge no contexto de debates sobre a efici\u00eancia do sistema.<\/p>\n<p>O sistema distingue entre emerg\u00eancias reais e situa\u00e7\u00f5es menos graves, substituindo o modelo anterior, que classificava mais de 80% das ocorr\u00eancias como P3, um grupo gen\u00e9rico sem diferencia\u00e7\u00e3o de meios. A mudan\u00e7a visa respostas mais r\u00e1pidas e adequadas \u00e0s necessidades.<\/p>\n<p>A interven\u00e7\u00e3o decorre a pedido do PS e do Chega, na sequ\u00eancia da morte de um homem de 78 anos no Seixal, que esperou cerca de tr\u00eas horas pelo socorro. O respons\u00e1vel destacou que, durante o pico, o atendimento \u00e9 mais preciso, com uma m\u00e9dia de 4.500 chamadas di\u00e1rias aos CODU.<\/p>\n","protected":false},"excerpt":{"rendered":"<ul>\n<li>O presidente do Instituto Nacional de Emerg\u00eancia M\u00e9dica (INEM), Lu\u00eds Mendes Cabral, disse que o novo modelo de triagem ter\u00e1 salvaguardado o socorro nos per\u00edodos de maior pico.<\/li>\n<li>O modelo distingue emerg\u00eancias verdadeiras de situa\u00e7\u00f5es menos graves, apontando que o sistema anterior classificava mais de oitenta por cento das ocorr\u00eancias como P3, sem diferencia\u00e7\u00e3o de meios.<\/li>\n<li>A atualiza\u00e7\u00e3o, em vigor desde janeiro, \u00e9 apresentada como determinante para uma resposta mais r\u00e1pida nas situa\u00e7\u00f5es de maior procura.<\/li>\n<li>O respons\u00e1vel afirmou que, com cerca de quatro mil e quinientos telefonemas di\u00e1rios para os Centros de Orienta\u00e7\u00e3o de Doentes Urgentes (CODU), \u00e9 assegurada uma resposta r\u00e1pida e cabal.<\/li>\n<li>Fala na Comiss\u00e3o de Sa\u00fade ocorreu a pedido do Partido Socialista e do Chega, na sequ\u00eancia da morte de um homem com setenta e oito anos no Seixal, que aguardou quase tr\u00eas horas pelo socorro.<\/li>\n<\/ul>\n","protected":false},"author":2,"featured_media":194216,"comment_status":"closed","ping_status":"closed","sticky":false,"template":"","format":"standard","meta":{"footnotes":""},"categories":[1],"tags":[206,2319,960,1935,1922,4304],"class_list":["post-194210","post","type-post","status-publish","format-standard","has-post-thumbnail","hentry","category-noticias","tag-analise","tag-codu","tag-emergencia-pre-hospitalar","tag-emergencias","tag-inem","tag-salvamento"],"yoast_head":"<!-- This site is optimized with the Yoast SEO plugin v27.2 - https:\/\/yoast.com\/product\/yoast-seo-wordpress\/ -->\n<title>Presidente do INEM diz que novo modelo de triagem evitaria mortes - Portal Tela Portugal<\/title>\n<meta name=\"robots\" content=\"index, follow, max-snippet:-1, max-image-preview:large, max-video-preview:-1\" \/>\n<meta property=\"og:locale\" content=\"pt_PT\" \/>\n<meta property=\"og:type\" content=\"article\" \/>\n<meta property=\"og:title\" content=\"Presidente do INEM diz que novo modelo de triagem evitaria mortes - Portal Tela Portugal\" \/>\n<meta property=\"og:description\" content=\"O presidente do Instituto Nacional de Emerg\u00eancia M\u00e9dica (INEM), Lu\u00eds Mendes Cabral, disse que o novo modelo de triagem ter\u00e1 salvaguardado o socorro nos per\u00edodos de maior pico. O modelo distingue emerg\u00eancias verdadeiras de situa\u00e7\u00f5es menos graves, apontando que o sistema anterior classificava mais de oitenta por cento das ocorr\u00eancias como P3, sem diferencia\u00e7\u00e3o de meios. A atualiza\u00e7\u00e3o, em vigor desde janeiro, \u00e9 apresentada como determinante para uma resposta mais r\u00e1pida nas situa\u00e7\u00f5es de maior procura. O respons\u00e1vel afirmou que, com cerca de quatro mil e quinientos telefonemas di\u00e1rios para os Centros de Orienta\u00e7\u00e3o de Doentes Urgentes (CODU), \u00e9 assegurada uma resposta r\u00e1pida e cabal. Fala na Comiss\u00e3o de Sa\u00fade ocorreu a pedido do Partido Socialista e do Chega, na sequ\u00eancia da morte de um homem com setenta e oito anos no Seixal, que aguardou quase tr\u00eas horas pelo socorro.\" \/>\n<meta property=\"og:url\" content=\"https:\/\/portaltela.pt\/noticias\/2026\/02\/03\/presidente-do-inem-diz-que-novo-modelo-de-triagem-evitaria-mortes\/\" \/>\n<meta property=\"og:site_name\" content=\"Portal Tela Portugal\" \/>\n<meta property=\"article:published_time\" content=\"2026-02-03T16:13:14+00:00\" \/>\n<meta name=\"author\" content=\"Telinha\" \/>\n<meta name=\"twitter:card\" content=\"summary_large_image\" \/>\n<meta name=\"twitter:label1\" content=\"Escrito por\" \/>\n\t<meta name=\"twitter:data1\" content=\"Telinha\" \/>\n\t<meta name=\"twitter:label2\" content=\"Tempo estimado de leitura\" \/>\n\t<meta name=\"twitter:data2\" content=\"1 minuto\" \/>\n<script type=\"application\/ld+json\" class=\"yoast-schema-graph\">{\"@context\":\"https:\/\/schema.org\",\"@graph\":[{\"@type\":\"Article\",\"@id\":\"https:\/\/portaltela.pt\/noticias\/2026\/02\/03\/presidente-do-inem-diz-que-novo-modelo-de-triagem-evitaria-mortes\/#article\",\"isPartOf\":{\"@id\":\"https:\/\/portaltela.pt\/noticias\/2026\/02\/03\/presidente-do-inem-diz-que-novo-modelo-de-triagem-evitaria-mortes\/\"},\"author\":{\"name\":\"Telinha\",\"@id\":\"https:\/\/portaltela.pt\/#\/schema\/person\/c4278d4a6028830caff9ee44b42d32ed\"},\"headline\":\"Presidente do INEM diz que novo modelo de triagem evitaria mortes\",\"datePublished\":\"2026-02-03T16:13:14+00:00\",\"mainEntityOfPage\":{\"@id\":\"https:\/\/portaltela.pt\/noticias\/2026\/02\/03\/presidente-do-inem-diz-que-novo-modelo-de-triagem-evitaria-mortes\/\"},\"wordCount\":161,\"image\":{\"@id\":\"https:\/\/portaltela.pt\/noticias\/2026\/02\/03\/presidente-do-inem-diz-que-novo-modelo-de-triagem-evitaria-mortes\/#primaryimage\"},\"thumbnailUrl\":\"https:\/\/portaltela.pt\/s.01k8rhncp4jt1\/2026\/02\/img_1500x1000uu2022-05-09-21-02-14-1148017.jpg\",\"keywords\":[\"an\u00e1lise\",\"CODU\",\"emerg\u00eancia pr\u00e9-hospitalar\",\"emerg\u00eancias\",\"INEM\",\"salvamento\"],\"articleSection\":[\"Not\u00edcias\"],\"inLanguage\":\"pt-PT\"},{\"@type\":\"WebPage\",\"@id\":\"https:\/\/portaltela.pt\/noticias\/2026\/02\/03\/presidente-do-inem-diz-que-novo-modelo-de-triagem-evitaria-mortes\/\",\"url\":\"https:\/\/portaltela.pt\/noticias\/2026\/02\/03\/presidente-do-inem-diz-que-novo-modelo-de-triagem-evitaria-mortes\/\",\"name\":\"Presidente do INEM diz que novo modelo de triagem evitaria mortes - Portal Tela Portugal\",\"isPartOf\":{\"@id\":\"https:\/\/portaltela.pt\/#website\"},\"primaryImageOfPage\":{\"@id\":\"https:\/\/portaltela.pt\/noticias\/2026\/02\/03\/presidente-do-inem-diz-que-novo-modelo-de-triagem-evitaria-mortes\/#primaryimage\"},\"image\":{\"@id\":\"https:\/\/portaltela.pt\/noticias\/2026\/02\/03\/presidente-do-inem-diz-que-novo-modelo-de-triagem-evitaria-mortes\/#primaryimage\"},\"thumbnailUrl\":\"https:\/\/portaltela.pt\/s.01k8rhncp4jt1\/2026\/02\/img_1500x1000uu2022-05-09-21-02-14-1148017.jpg\",\"datePublished\":\"2026-02-03T16:13:14+00:00\",\"author\":{\"@id\":\"https:\/\/portaltela.pt\/#\/schema\/person\/c4278d4a6028830caff9ee44b42d32ed\"},\"breadcrumb\":{\"@id\":\"https:\/\/portaltela.pt\/noticias\/2026\/02\/03\/presidente-do-inem-diz-que-novo-modelo-de-triagem-evitaria-mortes\/#breadcrumb\"},\"inLanguage\":\"pt-PT\",\"potentialAction\":[{\"@type\":\"ReadAction\",\"target\":[\"https:\/\/portaltela.pt\/noticias\/2026\/02\/03\/presidente-do-inem-diz-que-novo-modelo-de-triagem-evitaria-mortes\/\"]}]},{\"@type\":\"ImageObject\",\"inLanguage\":\"pt-PT\",\"@id\":\"https:\/\/portaltela.pt\/noticias\/2026\/02\/03\/presidente-do-inem-diz-que-novo-modelo-de-triagem-evitaria-mortes\/#primaryimage\",\"url\":\"https:\/\/portaltela.pt\/s.01k8rhncp4jt1\/2026\/02\/img_1500x1000uu2022-05-09-21-02-14-1148017.jpg\",\"contentUrl\":\"https:\/\/portaltela.pt\/s.01k8rhncp4jt1\/2026\/02\/img_1500x1000uu2022-05-09-21-02-14-1148017.jpg\",\"width\":796,\"height\":448,\"caption\":\"INEM\"},{\"@type\":\"BreadcrumbList\",\"@id\":\"https:\/\/portaltela.pt\/noticias\/2026\/02\/03\/presidente-do-inem-diz-que-novo-modelo-de-triagem-evitaria-mortes\/#breadcrumb\",\"itemListElement\":[{\"@type\":\"ListItem\",\"position\":1,\"name\":\"In\u00edcio\",\"item\":\"https:\/\/portaltela.pt\/\"},{\"@type\":\"ListItem\",\"position\":2,\"name\":\"Presidente do INEM diz que novo modelo de triagem evitaria mortes\"}]},{\"@type\":\"WebSite\",\"@id\":\"https:\/\/portaltela.pt\/#website\",\"url\":\"https:\/\/portaltela.pt\/\",\"name\":\"Portal Tela Portugal\",\"description\":\"\",\"potentialAction\":[{\"@type\":\"SearchAction\",\"target\":{\"@type\":\"EntryPoint\",\"urlTemplate\":\"https:\/\/portaltela.pt\/?s={search_term_string}\"},\"query-input\":{\"@type\":\"PropertyValueSpecification\",\"valueRequired\":true,\"valueName\":\"search_term_string\"}}],\"inLanguage\":\"pt-PT\"},{\"@type\":\"Person\",\"@id\":\"https:\/\/portaltela.pt\/#\/schema\/person\/c4278d4a6028830caff9ee44b42d32ed\",\"name\":\"Telinha\",\"image\":{\"@type\":\"ImageObject\",\"inLanguage\":\"pt-PT\",\"@id\":\"https:\/\/portaltela.pt\/s.01k8rhncp4jt1\/2025\/11\/talking-bot-125x125.png\",\"url\":\"https:\/\/portaltela.pt\/s.01k8rhncp4jt1\/2025\/11\/talking-bot-125x125.png\",\"contentUrl\":\"https:\/\/portaltela.pt\/s.01k8rhncp4jt1\/2025\/11\/talking-bot-125x125.png\",\"caption\":\"Telinha\"},\"sameAs\":[\"https:\/\/portaltela.pt\/\"],\"url\":\"https:\/\/portaltela.pt\/por\/367410592786\/\"}]}<\/script>\n<!-- \/ Yoast SEO plugin. -->","yoast_head_json":{"title":"Presidente do INEM diz que novo modelo de triagem evitaria mortes - Portal Tela Portugal","robots":{"index":"index","follow":"follow","max-snippet":"max-snippet:-1","max-image-preview":"max-image-preview:large","max-video-preview":"max-video-preview:-1"},"og_locale":"pt_PT","og_type":"article","og_title":"Presidente do INEM diz que novo modelo de triagem evitaria mortes - Portal Tela Portugal","og_description":"O presidente do Instituto Nacional de Emerg\u00eancia M\u00e9dica (INEM), Lu\u00eds Mendes Cabral, disse que o novo modelo de triagem ter\u00e1 salvaguardado o socorro nos per\u00edodos de maior pico. O modelo distingue emerg\u00eancias verdadeiras de situa\u00e7\u00f5es menos graves, apontando que o sistema anterior classificava mais de oitenta por cento das ocorr\u00eancias como P3, sem diferencia\u00e7\u00e3o de meios. A atualiza\u00e7\u00e3o, em vigor desde janeiro, \u00e9 apresentada como determinante para uma resposta mais r\u00e1pida nas situa\u00e7\u00f5es de maior procura. O respons\u00e1vel afirmou que, com cerca de quatro mil e quinientos telefonemas di\u00e1rios para os Centros de Orienta\u00e7\u00e3o de Doentes Urgentes (CODU), \u00e9 assegurada uma resposta r\u00e1pida e cabal. Fala na Comiss\u00e3o de Sa\u00fade ocorreu a pedido do Partido Socialista e do Chega, na sequ\u00eancia da morte de um homem com setenta e oito anos no Seixal, que aguardou quase tr\u00eas horas pelo socorro.","og_url":"https:\/\/portaltela.pt\/noticias\/2026\/02\/03\/presidente-do-inem-diz-que-novo-modelo-de-triagem-evitaria-mortes\/","og_site_name":"Portal Tela Portugal","article_published_time":"2026-02-03T16:13:14+00:00","author":"Telinha","twitter_card":"summary_large_image","twitter_misc":{"Escrito por":"Telinha","Tempo estimado de leitura":"1 minuto"},"schema":{"@context":"https:\/\/schema.org","@graph":[{"@type":"Article","@id":"https:\/\/portaltela.pt\/noticias\/2026\/02\/03\/presidente-do-inem-diz-que-novo-modelo-de-triagem-evitaria-mortes\/#article","isPartOf":{"@id":"https:\/\/portaltela.pt\/noticias\/2026\/02\/03\/presidente-do-inem-diz-que-novo-modelo-de-triagem-evitaria-mortes\/"},"author":{"name":"Telinha","@id":"https:\/\/portaltela.pt\/#\/schema\/person\/c4278d4a6028830caff9ee44b42d32ed"},"headline":"Presidente do INEM diz que novo modelo de triagem evitaria mortes","datePublished":"2026-02-03T16:13:14+00:00","mainEntityOfPage":{"@id":"https:\/\/portaltela.pt\/noticias\/2026\/02\/03\/presidente-do-inem-diz-que-novo-modelo-de-triagem-evitaria-mortes\/"},"wordCount":161,"image":{"@id":"https:\/\/portaltela.pt\/noticias\/2026\/02\/03\/presidente-do-inem-diz-que-novo-modelo-de-triagem-evitaria-mortes\/#primaryimage"},"thumbnailUrl":"https:\/\/portaltela.pt\/s.01k8rhncp4jt1\/2026\/02\/img_1500x1000uu2022-05-09-21-02-14-1148017.jpg","keywords":["an\u00e1lise","CODU","emerg\u00eancia pr\u00e9-hospitalar","emerg\u00eancias","INEM","salvamento"],"articleSection":["Not\u00edcias"],"inLanguage":"pt-PT"},{"@type":"WebPage","@id":"https:\/\/portaltela.pt\/noticias\/2026\/02\/03\/presidente-do-inem-diz-que-novo-modelo-de-triagem-evitaria-mortes\/","url":"https:\/\/portaltela.pt\/noticias\/2026\/02\/03\/presidente-do-inem-diz-que-novo-modelo-de-triagem-evitaria-mortes\/","name":"Presidente do INEM diz que novo modelo de triagem evitaria mortes - Portal Tela Portugal","isPartOf":{"@id":"https:\/\/portaltela.pt\/#website"},"primaryImageOfPage":{"@id":"https:\/\/portaltela.pt\/noticias\/2026\/02\/03\/presidente-do-inem-diz-que-novo-modelo-de-triagem-evitaria-mortes\/#primaryimage"},"image":{"@id":"https:\/\/portaltela.pt\/noticias\/2026\/02\/03\/presidente-do-inem-diz-que-novo-modelo-de-triagem-evitaria-mortes\/#primaryimage"},"thumbnailUrl":"https:\/\/portaltela.pt\/s.01k8rhncp4jt1\/2026\/02\/img_1500x1000uu2022-05-09-21-02-14-1148017.jpg","datePublished":"2026-02-03T16:13:14+00:00","author":{"@id":"https:\/\/portaltela.pt\/#\/schema\/person\/c4278d4a6028830caff9ee44b42d32ed"},"breadcrumb":{"@id":"https:\/\/portaltela.pt\/noticias\/2026\/02\/03\/presidente-do-inem-diz-que-novo-modelo-de-triagem-evitaria-mortes\/#breadcrumb"},"inLanguage":"pt-PT","potentialAction":[{"@type":"ReadAction","target":["https:\/\/portaltela.pt\/noticias\/2026\/02\/03\/presidente-do-inem-diz-que-novo-modelo-de-triagem-evitaria-mortes\/"]}]},{"@type":"ImageObject","inLanguage":"pt-PT","@id":"https:\/\/portaltela.pt\/noticias\/2026\/02\/03\/presidente-do-inem-diz-que-novo-modelo-de-triagem-evitaria-mortes\/#primaryimage","url":"https:\/\/portaltela.pt\/s.01k8rhncp4jt1\/2026\/02\/img_1500x1000uu2022-05-09-21-02-14-1148017.jpg","contentUrl":"https:\/\/portaltela.pt\/s.01k8rhncp4jt1\/2026\/02\/img_1500x1000uu2022-05-09-21-02-14-1148017.jpg","width":796,"height":448,"caption":"INEM"},{"@type":"BreadcrumbList","@id":"https:\/\/portaltela.pt\/noticias\/2026\/02\/03\/presidente-do-inem-diz-que-novo-modelo-de-triagem-evitaria-mortes\/#breadcrumb","itemListElement":[{"@type":"ListItem","position":1,"name":"In\u00edcio","item":"https:\/\/portaltela.pt\/"},{"@type":"ListItem","position":2,"name":"Presidente do INEM diz que novo modelo de triagem evitaria mortes"}]},{"@type":"WebSite","@id":"https:\/\/portaltela.pt\/#website","url":"https:\/\/portaltela.pt\/","name":"Portal Tela Portugal","description":"","potentialAction":[{"@type":"SearchAction","target":{"@type":"EntryPoint","urlTemplate":"https:\/\/portaltela.pt\/?s={search_term_string}"},"query-input":{"@type":"PropertyValueSpecification","valueRequired":true,"valueName":"search_term_string"}}],"inLanguage":"pt-PT"},{"@type":"Person","@id":"https:\/\/portaltela.pt\/#\/schema\/person\/c4278d4a6028830caff9ee44b42d32ed","name":"Telinha","image":{"@type":"ImageObject","inLanguage":"pt-PT","@id":"https:\/\/portaltela.pt\/s.01k8rhncp4jt1\/2025\/11\/talking-bot-125x125.png","url":"https:\/\/portaltela.pt\/s.01k8rhncp4jt1\/2025\/11\/talking-bot-125x125.png","contentUrl":"https:\/\/portaltela.pt\/s.01k8rhncp4jt1\/2025\/11\/talking-bot-125x125.png","caption":"Telinha"},"sameAs":["https:\/\/portaltela.pt\/"],"url":"https:\/\/portaltela.pt\/por\/367410592786\/"}]}},"_links":{"self":[{"href":"https:\/\/portaltela.pt\/api\/wp\/v2\/posts\/194210","targetHints":{"allow":["GET"]}}],"collection":[{"href":"https:\/\/portaltela.pt\/api\/wp\/v2\/posts"}],"about":[{"href":"https:\/\/portaltela.pt\/api\/wp\/v2\/types\/post"}],"author":[{"embeddable":true,"href":"https:\/\/portaltela.pt\/api\/wp\/v2\/users\/2"}],"replies":[{"embeddable":true,"href":"https:\/\/portaltela.pt\/api\/wp\/v2\/comments?post=194210"}],"version-history":[{"count":0,"href":"https:\/\/portaltela.pt\/api\/wp\/v2\/posts\/194210\/revisions"}],"wp:featuredmedia":[{"embeddable":true,"href":"https:\/\/portaltela.pt\/api\/wp\/v2\/media\/194216"}],"wp:attachment":[{"href":"https:\/\/portaltela.pt\/api\/wp\/v2\/media?parent=194210"}],"wp:term":[{"taxonomy":"category","embeddable":true,"href":"https:\/\/portaltela.pt\/api\/wp\/v2\/categories?post=194210"},{"taxonomy":"post_tag","embeddable":true,"href":"https:\/\/portaltela.pt\/api\/wp\/v2\/tags?post=194210"}],"curies":[{"name":"wp","href":"https:\/\/api.w.org\/{rel}","templated":true}]}}