{"id":194203,"date":"2026-02-03T12:58:00","date_gmt":"2026-02-03T15:58:00","guid":{"rendered":"https:\/\/portaltela.pt\/noticias\/2026\/02\/03\/influenciadores-acusados-de-violacao-de-menor-em-loures\/"},"modified":"2026-02-03T12:58:00","modified_gmt":"2026-02-03T15:58:00","slug":"influenciadores-acusados-de-violacao-de-menor-em-loures","status":"publish","type":"post","link":"https:\/\/portaltela.pt\/noticias\/2026\/02\/03\/influenciadores-acusados-de-violacao-de-menor-em-loures\/","title":{"rendered":"Influenciadores acusados de viola\u00e7\u00e3o de menor em Loures"},"content":{"rendered":"<p>Quatro jovens influencers foram acusados de viola\u00e7\u00e3o agravada e de 27 crimes de pornografia de menores agravados envolvendo uma adolescente. A acusa\u00e7\u00e3o aponta para grava\u00e7\u00f5es do alegado crime e para a circula\u00e7\u00e3o de imagens em locais p\u00fablicos. A den\u00fancia foi apresentada pela m\u00e3e da v\u00edtima.<\/p>\n<p>Segundo a acusa\u00e7\u00e3o do Departamento de Investiga\u00e7\u00e3o e A\u00e7\u00e3o Penal (DIAP) de Loures, a v\u00edtima tamb\u00e9m deduziu acusa\u00e7\u00e3o particular contra os quatro arguidos por sete crimes de inj\u00faria, incluindo pedidos de indemniza\u00e7\u00e3o. A moldura penal pode chegar a sete anos de pris\u00e3o cumulativamente.<\/p>\n<p>Os factos remontam a 12 de fevereiro de 2025, quando a menor concordou com um encontro num jardim p\u00fablico. Ap\u00f3s grava\u00e7\u00e3o de atos sexuais consensuais, a v\u00edtima foi levada para uma chamada \u201ccasa do lixo\u201d, onde foi agredida. Ao tentar sair, foi impedida por todos os arguidos, e teriam dito que s\u00f3 seria libertada se mantivesse novos atos sexuais.<\/p>\n<p>Cerca das 20h desse dia, os quatro arguidos abandonaram o local, deixando a v\u00edtima com les\u00f5es em v\u00e1rias regi\u00f5es do corpo. A acusa\u00e7\u00e3o acrescenta que um arguido enviou as grava\u00e7\u00f5es a outra pessoa e que as imagens foram exibidas em um estabelecimento de divers\u00e3o nocturna. O processo encontra-se em prazo de contesta\u00e7\u00e3o at\u00e9 ao fim de mar\u00e7o, ap\u00f3s o qual seguir\u00e3o as audi\u00eancias de julgamento.<\/p>\n","protected":false},"excerpt":{"rendered":"<ul>\n<li>Quatro jovens influencers s\u00e3o acusados de viola\u00e7\u00e3o agravada e de 27 crimes de pornografia de menores agravados contra uma adolescente, com a moldura penal que pode chegar a sete anos de pris\u00e3o.<\/li>\n<li>A den\u00fancia foi apresentada pela m\u00e3e da v\u00edtima; v\u00e1rios v\u00eddeos das a\u00e7\u00f5es foram gravados e um deles j\u00e1 teve mais de 32 mil visualiza\u00e7\u00f5es, sem que algu\u00e9m tivesse alertado as autoridades.<\/li>\n<li>Dois dos arguidos s\u00e3o ainda acusados de quatro crimes de ofensa \u00e0 integridade f\u00edsica; a v\u00edtima avan\u00e7ou com uma acusa\u00e7\u00e3o particular por sete crimes de inj\u00faria e pediu indemniza\u00e7\u00e3o.<\/li>\n<li>Os factos remontam a 12 de fevereiro de 2025: a menor combinou um encontro num jardim p\u00fablico, houve grava\u00e7\u00f5es de atos sexuais consensuais, seguiu-se uma desloca\u00e7\u00e3o para uma \u201ccasa do lixo\u201d onde a v\u00edtima foi agredida e impedida de partir.<\/li>\n<li>At\u00e9 ao fim de mar\u00e7o decorre o prazo de contesta\u00e7\u00e3o; s\u00f3 depois ser\u00e3o marcadas as audi\u00eancias de julgamento.<\/li>\n<\/ul>\n","protected":false},"author":2,"featured_media":194208,"comment_status":"closed","ping_status":"closed","sticky":false,"template":"","format":"standard","meta":{"footnotes":""},"categories":[1],"tags":[5194,847,1680,1432,1825,3599],"class_list":["post-194203","post","type-post","status-publish","format-standard","has-post-thumbnail","hentry","category-noticias","tag-exploracao-de-menores","tag-injuria-agravada","tag-loures","tag-pornografia-de-menores","tag-violacao","tag-violacao-agravada"],"yoast_head":"<!-- This site is optimized with the Yoast SEO plugin v27.2 - https:\/\/yoast.com\/product\/yoast-seo-wordpress\/ -->\n<title>Influenciadores acusados de viola\u00e7\u00e3o de menor em Loures - Portal Tela Portugal<\/title>\n<meta name=\"robots\" content=\"index, follow, max-snippet:-1, max-image-preview:large, max-video-preview:-1\" \/>\n<meta property=\"og:locale\" content=\"pt_PT\" \/>\n<meta property=\"og:type\" content=\"article\" \/>\n<meta property=\"og:title\" content=\"Influenciadores acusados de viola\u00e7\u00e3o de menor em Loures - Portal Tela Portugal\" \/>\n<meta property=\"og:description\" content=\"Quatro jovens influencers s\u00e3o acusados de viola\u00e7\u00e3o agravada e de 27 crimes de pornografia de menores agravados contra uma adolescente, com a moldura penal que pode chegar a sete anos de pris\u00e3o. A den\u00fancia foi apresentada pela m\u00e3e da v\u00edtima; v\u00e1rios v\u00eddeos das a\u00e7\u00f5es foram gravados e um deles j\u00e1 teve mais de 32 mil visualiza\u00e7\u00f5es, sem que algu\u00e9m tivesse alertado as autoridades. Dois dos arguidos s\u00e3o ainda acusados de quatro crimes de ofensa \u00e0 integridade f\u00edsica; a v\u00edtima avan\u00e7ou com uma acusa\u00e7\u00e3o particular por sete crimes de inj\u00faria e pediu indemniza\u00e7\u00e3o. Os factos remontam a 12 de fevereiro de 2025: a menor combinou um encontro num jardim p\u00fablico, houve grava\u00e7\u00f5es de atos sexuais consensuais, seguiu-se uma desloca\u00e7\u00e3o para uma \u201ccasa do lixo\u201d onde a v\u00edtima foi agredida e impedida de partir. At\u00e9 ao fim de mar\u00e7o decorre o prazo de contesta\u00e7\u00e3o; s\u00f3 depois ser\u00e3o marcadas as audi\u00eancias de julgamento.\" \/>\n<meta property=\"og:url\" content=\"https:\/\/portaltela.pt\/noticias\/2026\/02\/03\/influenciadores-acusados-de-violacao-de-menor-em-loures\/\" \/>\n<meta property=\"og:site_name\" content=\"Portal Tela Portugal\" \/>\n<meta property=\"article:published_time\" content=\"2026-02-03T15:58:00+00:00\" \/>\n<meta name=\"author\" content=\"Telinha\" \/>\n<meta name=\"twitter:card\" content=\"summary_large_image\" \/>\n<meta name=\"twitter:label1\" content=\"Escrito por\" \/>\n\t<meta name=\"twitter:data1\" content=\"Telinha\" \/>\n\t<meta name=\"twitter:label2\" content=\"Tempo estimado de leitura\" \/>\n\t<meta name=\"twitter:data2\" content=\"1 minuto\" \/>\n<script type=\"application\/ld+json\" class=\"yoast-schema-graph\">{\"@context\":\"https:\/\/schema.org\",\"@graph\":[{\"@type\":\"Article\",\"@id\":\"https:\/\/portaltela.pt\/noticias\/2026\/02\/03\/influenciadores-acusados-de-violacao-de-menor-em-loures\/#article\",\"isPartOf\":{\"@id\":\"https:\/\/portaltela.pt\/noticias\/2026\/02\/03\/influenciadores-acusados-de-violacao-de-menor-em-loures\/\"},\"author\":{\"name\":\"Telinha\",\"@id\":\"https:\/\/portaltela.pt\/#\/schema\/person\/c4278d4a6028830caff9ee44b42d32ed\"},\"headline\":\"Influenciadores acusados de viola\u00e7\u00e3o de menor em Loures\",\"datePublished\":\"2026-02-03T15:58:00+00:00\",\"mainEntityOfPage\":{\"@id\":\"https:\/\/portaltela.pt\/noticias\/2026\/02\/03\/influenciadores-acusados-de-violacao-de-menor-em-loures\/\"},\"wordCount\":251,\"image\":{\"@id\":\"https:\/\/portaltela.pt\/noticias\/2026\/02\/03\/influenciadores-acusados-de-violacao-de-menor-em-loures\/#primaryimage\"},\"thumbnailUrl\":\"https:\/\/portaltela.pt\/s.01k8rhncp4jt1\/2026\/02\/unnamed-file-874.jpg\",\"keywords\":[\"explora\u00e7\u00e3o de menores\",\"inj\u00faria agravada\",\"Loures\",\"pornografia de menores\",\"viola\u00e7\u00e3o\",\"viola\u00e7\u00e3o agravada\"],\"articleSection\":[\"Not\u00edcias\"],\"inLanguage\":\"pt-PT\"},{\"@type\":\"WebPage\",\"@id\":\"https:\/\/portaltela.pt\/noticias\/2026\/02\/03\/influenciadores-acusados-de-violacao-de-menor-em-loures\/\",\"url\":\"https:\/\/portaltela.pt\/noticias\/2026\/02\/03\/influenciadores-acusados-de-violacao-de-menor-em-loures\/\",\"name\":\"Influenciadores acusados de viola\u00e7\u00e3o de menor em Loures - Portal Tela Portugal\",\"isPartOf\":{\"@id\":\"https:\/\/portaltela.pt\/#website\"},\"primaryImageOfPage\":{\"@id\":\"https:\/\/portaltela.pt\/noticias\/2026\/02\/03\/influenciadores-acusados-de-violacao-de-menor-em-loures\/#primaryimage\"},\"image\":{\"@id\":\"https:\/\/portaltela.pt\/noticias\/2026\/02\/03\/influenciadores-acusados-de-violacao-de-menor-em-loures\/#primaryimage\"},\"thumbnailUrl\":\"https:\/\/portaltela.pt\/s.01k8rhncp4jt1\/2026\/02\/unnamed-file-874.jpg\",\"datePublished\":\"2026-02-03T15:58:00+00:00\",\"author\":{\"@id\":\"https:\/\/portaltela.pt\/#\/schema\/person\/c4278d4a6028830caff9ee44b42d32ed\"},\"breadcrumb\":{\"@id\":\"https:\/\/portaltela.pt\/noticias\/2026\/02\/03\/influenciadores-acusados-de-violacao-de-menor-em-loures\/#breadcrumb\"},\"inLanguage\":\"pt-PT\",\"potentialAction\":[{\"@type\":\"ReadAction\",\"target\":[\"https:\/\/portaltela.pt\/noticias\/2026\/02\/03\/influenciadores-acusados-de-violacao-de-menor-em-loures\/\"]}]},{\"@type\":\"ImageObject\",\"inLanguage\":\"pt-PT\",\"@id\":\"https:\/\/portaltela.pt\/noticias\/2026\/02\/03\/influenciadores-acusados-de-violacao-de-menor-em-loures\/#primaryimage\",\"url\":\"https:\/\/portaltela.pt\/s.01k8rhncp4jt1\/2026\/02\/unnamed-file-874.jpg\",\"contentUrl\":\"https:\/\/portaltela.pt\/s.01k8rhncp4jt1\/2026\/02\/unnamed-file-874.jpg\",\"width\":796,\"height\":448,\"caption\":\"Os crimes em causa t\u00eam uma moldura penal que, cumulativamente, podem chegar a uma pena m\u00e1xima de sete anos de pris\u00e3o\"},{\"@type\":\"BreadcrumbList\",\"@id\":\"https:\/\/portaltela.pt\/noticias\/2026\/02\/03\/influenciadores-acusados-de-violacao-de-menor-em-loures\/#breadcrumb\",\"itemListElement\":[{\"@type\":\"ListItem\",\"position\":1,\"name\":\"In\u00edcio\",\"item\":\"https:\/\/portaltela.pt\/\"},{\"@type\":\"ListItem\",\"position\":2,\"name\":\"Influenciadores acusados de viola\u00e7\u00e3o de menor em Loures\"}]},{\"@type\":\"WebSite\",\"@id\":\"https:\/\/portaltela.pt\/#website\",\"url\":\"https:\/\/portaltela.pt\/\",\"name\":\"Portal Tela Portugal\",\"description\":\"\",\"potentialAction\":[{\"@type\":\"SearchAction\",\"target\":{\"@type\":\"EntryPoint\",\"urlTemplate\":\"https:\/\/portaltela.pt\/?s={search_term_string}\"},\"query-input\":{\"@type\":\"PropertyValueSpecification\",\"valueRequired\":true,\"valueName\":\"search_term_string\"}}],\"inLanguage\":\"pt-PT\"},{\"@type\":\"Person\",\"@id\":\"https:\/\/portaltela.pt\/#\/schema\/person\/c4278d4a6028830caff9ee44b42d32ed\",\"name\":\"Telinha\",\"image\":{\"@type\":\"ImageObject\",\"inLanguage\":\"pt-PT\",\"@id\":\"https:\/\/portaltela.pt\/s.01k8rhncp4jt1\/2025\/11\/talking-bot-125x125.png\",\"url\":\"https:\/\/portaltela.pt\/s.01k8rhncp4jt1\/2025\/11\/talking-bot-125x125.png\",\"contentUrl\":\"https:\/\/portaltela.pt\/s.01k8rhncp4jt1\/2025\/11\/talking-bot-125x125.png\",\"caption\":\"Telinha\"},\"sameAs\":[\"https:\/\/portaltela.pt\/\"],\"url\":\"https:\/\/portaltela.pt\/por\/367410592786\/\"}]}<\/script>\n<!-- \/ Yoast SEO plugin. -->","yoast_head_json":{"title":"Influenciadores acusados de viola\u00e7\u00e3o de menor em Loures - Portal Tela Portugal","robots":{"index":"index","follow":"follow","max-snippet":"max-snippet:-1","max-image-preview":"max-image-preview:large","max-video-preview":"max-video-preview:-1"},"og_locale":"pt_PT","og_type":"article","og_title":"Influenciadores acusados de viola\u00e7\u00e3o de menor em Loures - Portal Tela Portugal","og_description":"Quatro jovens influencers s\u00e3o acusados de viola\u00e7\u00e3o agravada e de 27 crimes de pornografia de menores agravados contra uma adolescente, com a moldura penal que pode chegar a sete anos de pris\u00e3o. A den\u00fancia foi apresentada pela m\u00e3e da v\u00edtima; v\u00e1rios v\u00eddeos das a\u00e7\u00f5es foram gravados e um deles j\u00e1 teve mais de 32 mil visualiza\u00e7\u00f5es, sem que algu\u00e9m tivesse alertado as autoridades. Dois dos arguidos s\u00e3o ainda acusados de quatro crimes de ofensa \u00e0 integridade f\u00edsica; a v\u00edtima avan\u00e7ou com uma acusa\u00e7\u00e3o particular por sete crimes de inj\u00faria e pediu indemniza\u00e7\u00e3o. Os factos remontam a 12 de fevereiro de 2025: a menor combinou um encontro num jardim p\u00fablico, houve grava\u00e7\u00f5es de atos sexuais consensuais, seguiu-se uma desloca\u00e7\u00e3o para uma \u201ccasa do lixo\u201d onde a v\u00edtima foi agredida e impedida de partir. At\u00e9 ao fim de mar\u00e7o decorre o prazo de contesta\u00e7\u00e3o; s\u00f3 depois ser\u00e3o marcadas as audi\u00eancias de julgamento.","og_url":"https:\/\/portaltela.pt\/noticias\/2026\/02\/03\/influenciadores-acusados-de-violacao-de-menor-em-loures\/","og_site_name":"Portal Tela Portugal","article_published_time":"2026-02-03T15:58:00+00:00","author":"Telinha","twitter_card":"summary_large_image","twitter_misc":{"Escrito por":"Telinha","Tempo estimado de leitura":"1 minuto"},"schema":{"@context":"https:\/\/schema.org","@graph":[{"@type":"Article","@id":"https:\/\/portaltela.pt\/noticias\/2026\/02\/03\/influenciadores-acusados-de-violacao-de-menor-em-loures\/#article","isPartOf":{"@id":"https:\/\/portaltela.pt\/noticias\/2026\/02\/03\/influenciadores-acusados-de-violacao-de-menor-em-loures\/"},"author":{"name":"Telinha","@id":"https:\/\/portaltela.pt\/#\/schema\/person\/c4278d4a6028830caff9ee44b42d32ed"},"headline":"Influenciadores acusados de viola\u00e7\u00e3o de menor em Loures","datePublished":"2026-02-03T15:58:00+00:00","mainEntityOfPage":{"@id":"https:\/\/portaltela.pt\/noticias\/2026\/02\/03\/influenciadores-acusados-de-violacao-de-menor-em-loures\/"},"wordCount":251,"image":{"@id":"https:\/\/portaltela.pt\/noticias\/2026\/02\/03\/influenciadores-acusados-de-violacao-de-menor-em-loures\/#primaryimage"},"thumbnailUrl":"https:\/\/portaltela.pt\/s.01k8rhncp4jt1\/2026\/02\/unnamed-file-874.jpg","keywords":["explora\u00e7\u00e3o de menores","inj\u00faria agravada","Loures","pornografia de menores","viola\u00e7\u00e3o","viola\u00e7\u00e3o agravada"],"articleSection":["Not\u00edcias"],"inLanguage":"pt-PT"},{"@type":"WebPage","@id":"https:\/\/portaltela.pt\/noticias\/2026\/02\/03\/influenciadores-acusados-de-violacao-de-menor-em-loures\/","url":"https:\/\/portaltela.pt\/noticias\/2026\/02\/03\/influenciadores-acusados-de-violacao-de-menor-em-loures\/","name":"Influenciadores acusados de viola\u00e7\u00e3o de menor em Loures - Portal Tela Portugal","isPartOf":{"@id":"https:\/\/portaltela.pt\/#website"},"primaryImageOfPage":{"@id":"https:\/\/portaltela.pt\/noticias\/2026\/02\/03\/influenciadores-acusados-de-violacao-de-menor-em-loures\/#primaryimage"},"image":{"@id":"https:\/\/portaltela.pt\/noticias\/2026\/02\/03\/influenciadores-acusados-de-violacao-de-menor-em-loures\/#primaryimage"},"thumbnailUrl":"https:\/\/portaltela.pt\/s.01k8rhncp4jt1\/2026\/02\/unnamed-file-874.jpg","datePublished":"2026-02-03T15:58:00+00:00","author":{"@id":"https:\/\/portaltela.pt\/#\/schema\/person\/c4278d4a6028830caff9ee44b42d32ed"},"breadcrumb":{"@id":"https:\/\/portaltela.pt\/noticias\/2026\/02\/03\/influenciadores-acusados-de-violacao-de-menor-em-loures\/#breadcrumb"},"inLanguage":"pt-PT","potentialAction":[{"@type":"ReadAction","target":["https:\/\/portaltela.pt\/noticias\/2026\/02\/03\/influenciadores-acusados-de-violacao-de-menor-em-loures\/"]}]},{"@type":"ImageObject","inLanguage":"pt-PT","@id":"https:\/\/portaltela.pt\/noticias\/2026\/02\/03\/influenciadores-acusados-de-violacao-de-menor-em-loures\/#primaryimage","url":"https:\/\/portaltela.pt\/s.01k8rhncp4jt1\/2026\/02\/unnamed-file-874.jpg","contentUrl":"https:\/\/portaltela.pt\/s.01k8rhncp4jt1\/2026\/02\/unnamed-file-874.jpg","width":796,"height":448,"caption":"Os crimes em causa t\u00eam uma moldura penal que, cumulativamente, podem chegar a uma pena m\u00e1xima de sete anos de pris\u00e3o"},{"@type":"BreadcrumbList","@id":"https:\/\/portaltela.pt\/noticias\/2026\/02\/03\/influenciadores-acusados-de-violacao-de-menor-em-loures\/#breadcrumb","itemListElement":[{"@type":"ListItem","position":1,"name":"In\u00edcio","item":"https:\/\/portaltela.pt\/"},{"@type":"ListItem","position":2,"name":"Influenciadores acusados de viola\u00e7\u00e3o de menor em Loures"}]},{"@type":"WebSite","@id":"https:\/\/portaltela.pt\/#website","url":"https:\/\/portaltela.pt\/","name":"Portal Tela Portugal","description":"","potentialAction":[{"@type":"SearchAction","target":{"@type":"EntryPoint","urlTemplate":"https:\/\/portaltela.pt\/?s={search_term_string}"},"query-input":{"@type":"PropertyValueSpecification","valueRequired":true,"valueName":"search_term_string"}}],"inLanguage":"pt-PT"},{"@type":"Person","@id":"https:\/\/portaltela.pt\/#\/schema\/person\/c4278d4a6028830caff9ee44b42d32ed","name":"Telinha","image":{"@type":"ImageObject","inLanguage":"pt-PT","@id":"https:\/\/portaltela.pt\/s.01k8rhncp4jt1\/2025\/11\/talking-bot-125x125.png","url":"https:\/\/portaltela.pt\/s.01k8rhncp4jt1\/2025\/11\/talking-bot-125x125.png","contentUrl":"https:\/\/portaltela.pt\/s.01k8rhncp4jt1\/2025\/11\/talking-bot-125x125.png","caption":"Telinha"},"sameAs":["https:\/\/portaltela.pt\/"],"url":"https:\/\/portaltela.pt\/por\/367410592786\/"}]}},"_links":{"self":[{"href":"https:\/\/portaltela.pt\/api\/wp\/v2\/posts\/194203","targetHints":{"allow":["GET"]}}],"collection":[{"href":"https:\/\/portaltela.pt\/api\/wp\/v2\/posts"}],"about":[{"href":"https:\/\/portaltela.pt\/api\/wp\/v2\/types\/post"}],"author":[{"embeddable":true,"href":"https:\/\/portaltela.pt\/api\/wp\/v2\/users\/2"}],"replies":[{"embeddable":true,"href":"https:\/\/portaltela.pt\/api\/wp\/v2\/comments?post=194203"}],"version-history":[{"count":0,"href":"https:\/\/portaltela.pt\/api\/wp\/v2\/posts\/194203\/revisions"}],"wp:featuredmedia":[{"embeddable":true,"href":"https:\/\/portaltela.pt\/api\/wp\/v2\/media\/194208"}],"wp:attachment":[{"href":"https:\/\/portaltela.pt\/api\/wp\/v2\/media?parent=194203"}],"wp:term":[{"taxonomy":"category","embeddable":true,"href":"https:\/\/portaltela.pt\/api\/wp\/v2\/categories?post=194203"},{"taxonomy":"post_tag","embeddable":true,"href":"https:\/\/portaltela.pt\/api\/wp\/v2\/tags?post=194203"}],"curies":[{"name":"wp","href":"https:\/\/api.w.org\/{rel}","templated":true}]}}