{"id":194137,"date":"2026-02-03T12:37:46","date_gmt":"2026-02-03T15:37:46","guid":{"rendered":"https:\/\/portaltela.pt\/noticias\/2026\/02\/03\/suspeito-detido-por-abuso-sexual-de-menor-em-vagos\/"},"modified":"2026-02-03T12:37:46","modified_gmt":"2026-02-03T15:37:46","slug":"suspeito-detido-por-abuso-sexual-de-menor-em-vagos","status":"publish","type":"post","link":"https:\/\/portaltela.pt\/noticias\/2026\/02\/03\/suspeito-detido-por-abuso-sexual-de-menor-em-vagos\/","title":{"rendered":"Suspeito detido por abuso sexual de menor em Vagos"},"content":{"rendered":"<p>O suspeito, de 32 anos, foi detido pela Pol\u00edcia Judici\u00e1ria (PJ) de Aveiro por alegados abusos sexuais de uma crian\u00e7a de 13 anos, em Vagos. A deten\u00e7\u00e3o ocorre no \u00e2mbito de mandados emitidos pelo Departamento de Investiga\u00e7\u00e3o e A\u00e7\u00e3o Penal (DIAP) de Aveiro. Os factos ocorreram durante cerca de dois meses, no ver\u00e3o de 2025, numa das freguesias do concelho.<\/p>\n<p>Segundo a PJ, os abusos foram praticados com aproveitamento da proximidade com os pais da menor. Em momentos em que ficava a s\u00f3s com a crian\u00e7a, o suspeito supostamente concre\u00adtizava as pr\u00e1ticas sexuais. A v\u00edtima ter\u00e1 ficado exposta a comportamentos de natureza sexual.<\/p>\n<p>A investiga\u00e7\u00e3o foi desencadeada ap\u00f3s uma comunica\u00e7\u00e3o de uma familiar da menor, que vive fora do c\u00edrculo pr\u00f3ximo. A PJ n\u00e3o revelou mais pormenores sobre a identidade da menor ou do suspeito.<\/p>\n<p>O detido vai ser presente \u00e0s autoridades judici\u00e1rias da Comarca de Aveiro para aplica\u00e7\u00e3o das medidas de coa\u00e7\u00e3o cab\u00edveis. N\u00e3o foi divulgada a data do ato.<\/p>\n","protected":false},"excerpt":{"rendered":"<ul>\n<li>Pol\u00edcia Judici\u00e1ria (PJ) de Aveiro deteve um homem de 32 anos suspeito de abusar sexualmente de uma crian\u00e7a de 13 anos em Vagos.<\/li>\n<li>Os abusos decorreram durante cerca de dois meses, no ver\u00e3o de 2025, numa das freguesias do concelho de Vagos.<\/li>\n<li>A deten\u00e7\u00e3o ocorreu no \u00e2mbito de mandados emitidos pelo Departamento de Investiga\u00e7\u00e3o e A\u00e7\u00e3o Penal de Aveiro.<\/li>\n<li>Segundo a PJ, o suspeito aproveitava a proximidade e a confian\u00e7a com os pais da v\u00edtima para, em momentos a s\u00f3s, realizar os abusos.<\/li>\n<li>A not\u00edcia foi dada por familiares da menor que vivem fora do c\u00edrculo mais pr\u00f3ximo; o detido ser\u00e1 apresentado \u00e0s autoridades judici\u00e1rias da Comarca de Aveiro para aplica\u00e7\u00e3o de medidas de coa\u00e7\u00e3o.<\/li>\n<\/ul>\n","protected":false},"author":2,"featured_media":194148,"comment_status":"closed","ping_status":"closed","sticky":false,"template":"","format":"standard","meta":{"footnotes":""},"categories":[1],"tags":[2998,657,5194,4900],"class_list":["post-194137","post","type-post","status-publish","format-standard","has-post-thumbnail","hentry","category-noticias","tag-abuso-de-sexual-de-menor-dependente","tag-abuso-de-sexual-de-menor-dependente-ou-em-situacao-vulneravel","tag-exploracao-de-menores","tag-vagos"],"yoast_head":"<!-- This site is optimized with the Yoast SEO plugin v27.2 - https:\/\/yoast.com\/product\/yoast-seo-wordpress\/ -->\n<title>Suspeito detido por abuso sexual de menor em Vagos - Portal Tela Portugal<\/title>\n<meta name=\"robots\" content=\"index, follow, max-snippet:-1, max-image-preview:large, max-video-preview:-1\" \/>\n<meta property=\"og:locale\" content=\"pt_PT\" \/>\n<meta property=\"og:type\" content=\"article\" \/>\n<meta property=\"og:title\" content=\"Suspeito detido por abuso sexual de menor em Vagos - Portal Tela Portugal\" \/>\n<meta property=\"og:description\" content=\"Pol\u00edcia Judici\u00e1ria (PJ) de Aveiro deteve um homem de 32 anos suspeito de abusar sexualmente de uma crian\u00e7a de 13 anos em Vagos. Os abusos decorreram durante cerca de dois meses, no ver\u00e3o de 2025, numa das freguesias do concelho de Vagos. A deten\u00e7\u00e3o ocorreu no \u00e2mbito de mandados emitidos pelo Departamento de Investiga\u00e7\u00e3o e A\u00e7\u00e3o Penal de Aveiro. Segundo a PJ, o suspeito aproveitava a proximidade e a confian\u00e7a com os pais da v\u00edtima para, em momentos a s\u00f3s, realizar os abusos. A not\u00edcia foi dada por familiares da menor que vivem fora do c\u00edrculo mais pr\u00f3ximo; o detido ser\u00e1 apresentado \u00e0s autoridades judici\u00e1rias da Comarca de Aveiro para aplica\u00e7\u00e3o de medidas de coa\u00e7\u00e3o.\" \/>\n<meta property=\"og:url\" content=\"https:\/\/portaltela.pt\/noticias\/2026\/02\/03\/suspeito-detido-por-abuso-sexual-de-menor-em-vagos\/\" \/>\n<meta property=\"og:site_name\" content=\"Portal Tela Portugal\" \/>\n<meta property=\"article:published_time\" content=\"2026-02-03T15:37:46+00:00\" \/>\n<meta name=\"author\" content=\"Telinha\" \/>\n<meta name=\"twitter:card\" content=\"summary_large_image\" \/>\n<meta name=\"twitter:label1\" content=\"Escrito por\" \/>\n\t<meta name=\"twitter:data1\" content=\"Telinha\" \/>\n\t<meta name=\"twitter:label2\" content=\"Tempo estimado de leitura\" \/>\n\t<meta name=\"twitter:data2\" content=\"1 minuto\" \/>\n<script type=\"application\/ld+json\" class=\"yoast-schema-graph\">{\"@context\":\"https:\/\/schema.org\",\"@graph\":[{\"@type\":\"Article\",\"@id\":\"https:\/\/portaltela.pt\/noticias\/2026\/02\/03\/suspeito-detido-por-abuso-sexual-de-menor-em-vagos\/#article\",\"isPartOf\":{\"@id\":\"https:\/\/portaltela.pt\/noticias\/2026\/02\/03\/suspeito-detido-por-abuso-sexual-de-menor-em-vagos\/\"},\"author\":{\"name\":\"Telinha\",\"@id\":\"https:\/\/portaltela.pt\/#\/schema\/person\/c4278d4a6028830caff9ee44b42d32ed\"},\"headline\":\"Suspeito detido por abuso sexual de menor em Vagos\",\"datePublished\":\"2026-02-03T15:37:46+00:00\",\"mainEntityOfPage\":{\"@id\":\"https:\/\/portaltela.pt\/noticias\/2026\/02\/03\/suspeito-detido-por-abuso-sexual-de-menor-em-vagos\/\"},\"wordCount\":190,\"image\":{\"@id\":\"https:\/\/portaltela.pt\/noticias\/2026\/02\/03\/suspeito-detido-por-abuso-sexual-de-menor-em-vagos\/#primaryimage\"},\"thumbnailUrl\":\"https:\/\/portaltela.pt\/s.01k8rhncp4jt1\/2026\/02\/policia-judiciaria-norte.jpg\",\"keywords\":[\"abuso de sexual de menor dependente\",\"abuso de sexual de menor dependente ou em situa\u00e7\u00e3o vulner\u00e1vel\",\"explora\u00e7\u00e3o de menores\",\"Vagos\"],\"articleSection\":[\"Not\u00edcias\"],\"inLanguage\":\"pt-PT\"},{\"@type\":\"WebPage\",\"@id\":\"https:\/\/portaltela.pt\/noticias\/2026\/02\/03\/suspeito-detido-por-abuso-sexual-de-menor-em-vagos\/\",\"url\":\"https:\/\/portaltela.pt\/noticias\/2026\/02\/03\/suspeito-detido-por-abuso-sexual-de-menor-em-vagos\/\",\"name\":\"Suspeito detido por abuso sexual de menor em Vagos - Portal Tela Portugal\",\"isPartOf\":{\"@id\":\"https:\/\/portaltela.pt\/#website\"},\"primaryImageOfPage\":{\"@id\":\"https:\/\/portaltela.pt\/noticias\/2026\/02\/03\/suspeito-detido-por-abuso-sexual-de-menor-em-vagos\/#primaryimage\"},\"image\":{\"@id\":\"https:\/\/portaltela.pt\/noticias\/2026\/02\/03\/suspeito-detido-por-abuso-sexual-de-menor-em-vagos\/#primaryimage\"},\"thumbnailUrl\":\"https:\/\/portaltela.pt\/s.01k8rhncp4jt1\/2026\/02\/policia-judiciaria-norte.jpg\",\"datePublished\":\"2026-02-03T15:37:46+00:00\",\"author\":{\"@id\":\"https:\/\/portaltela.pt\/#\/schema\/person\/c4278d4a6028830caff9ee44b42d32ed\"},\"breadcrumb\":{\"@id\":\"https:\/\/portaltela.pt\/noticias\/2026\/02\/03\/suspeito-detido-por-abuso-sexual-de-menor-em-vagos\/#breadcrumb\"},\"inLanguage\":\"pt-PT\",\"potentialAction\":[{\"@type\":\"ReadAction\",\"target\":[\"https:\/\/portaltela.pt\/noticias\/2026\/02\/03\/suspeito-detido-por-abuso-sexual-de-menor-em-vagos\/\"]}]},{\"@type\":\"ImageObject\",\"inLanguage\":\"pt-PT\",\"@id\":\"https:\/\/portaltela.pt\/noticias\/2026\/02\/03\/suspeito-detido-por-abuso-sexual-de-menor-em-vagos\/#primaryimage\",\"url\":\"https:\/\/portaltela.pt\/s.01k8rhncp4jt1\/2026\/02\/policia-judiciaria-norte.jpg\",\"contentUrl\":\"https:\/\/portaltela.pt\/s.01k8rhncp4jt1\/2026\/02\/policia-judiciaria-norte.jpg\",\"width\":796,\"height\":448,\"caption\":\"Casal foi detido pela Pol\u00edcia Judici\u00e1ria pela aplica\u00e7\u00e3o de burlas a compradores de terrenos\"},{\"@type\":\"BreadcrumbList\",\"@id\":\"https:\/\/portaltela.pt\/noticias\/2026\/02\/03\/suspeito-detido-por-abuso-sexual-de-menor-em-vagos\/#breadcrumb\",\"itemListElement\":[{\"@type\":\"ListItem\",\"position\":1,\"name\":\"In\u00edcio\",\"item\":\"https:\/\/portaltela.pt\/\"},{\"@type\":\"ListItem\",\"position\":2,\"name\":\"Suspeito detido por abuso sexual de menor em Vagos\"}]},{\"@type\":\"WebSite\",\"@id\":\"https:\/\/portaltela.pt\/#website\",\"url\":\"https:\/\/portaltela.pt\/\",\"name\":\"Portal Tela Portugal\",\"description\":\"\",\"potentialAction\":[{\"@type\":\"SearchAction\",\"target\":{\"@type\":\"EntryPoint\",\"urlTemplate\":\"https:\/\/portaltela.pt\/?s={search_term_string}\"},\"query-input\":{\"@type\":\"PropertyValueSpecification\",\"valueRequired\":true,\"valueName\":\"search_term_string\"}}],\"inLanguage\":\"pt-PT\"},{\"@type\":\"Person\",\"@id\":\"https:\/\/portaltela.pt\/#\/schema\/person\/c4278d4a6028830caff9ee44b42d32ed\",\"name\":\"Telinha\",\"image\":{\"@type\":\"ImageObject\",\"inLanguage\":\"pt-PT\",\"@id\":\"https:\/\/portaltela.pt\/s.01k8rhncp4jt1\/2025\/11\/talking-bot-125x125.png\",\"url\":\"https:\/\/portaltela.pt\/s.01k8rhncp4jt1\/2025\/11\/talking-bot-125x125.png\",\"contentUrl\":\"https:\/\/portaltela.pt\/s.01k8rhncp4jt1\/2025\/11\/talking-bot-125x125.png\",\"caption\":\"Telinha\"},\"sameAs\":[\"https:\/\/portaltela.pt\/\"],\"url\":\"https:\/\/portaltela.pt\/por\/367410592786\/\"}]}<\/script>\n<!-- \/ Yoast SEO plugin. -->","yoast_head_json":{"title":"Suspeito detido por abuso sexual de menor em Vagos - Portal Tela Portugal","robots":{"index":"index","follow":"follow","max-snippet":"max-snippet:-1","max-image-preview":"max-image-preview:large","max-video-preview":"max-video-preview:-1"},"og_locale":"pt_PT","og_type":"article","og_title":"Suspeito detido por abuso sexual de menor em Vagos - Portal Tela Portugal","og_description":"Pol\u00edcia Judici\u00e1ria (PJ) de Aveiro deteve um homem de 32 anos suspeito de abusar sexualmente de uma crian\u00e7a de 13 anos em Vagos. Os abusos decorreram durante cerca de dois meses, no ver\u00e3o de 2025, numa das freguesias do concelho de Vagos. A deten\u00e7\u00e3o ocorreu no \u00e2mbito de mandados emitidos pelo Departamento de Investiga\u00e7\u00e3o e A\u00e7\u00e3o Penal de Aveiro. Segundo a PJ, o suspeito aproveitava a proximidade e a confian\u00e7a com os pais da v\u00edtima para, em momentos a s\u00f3s, realizar os abusos. A not\u00edcia foi dada por familiares da menor que vivem fora do c\u00edrculo mais pr\u00f3ximo; o detido ser\u00e1 apresentado \u00e0s autoridades judici\u00e1rias da Comarca de Aveiro para aplica\u00e7\u00e3o de medidas de coa\u00e7\u00e3o.","og_url":"https:\/\/portaltela.pt\/noticias\/2026\/02\/03\/suspeito-detido-por-abuso-sexual-de-menor-em-vagos\/","og_site_name":"Portal Tela Portugal","article_published_time":"2026-02-03T15:37:46+00:00","author":"Telinha","twitter_card":"summary_large_image","twitter_misc":{"Escrito por":"Telinha","Tempo estimado de leitura":"1 minuto"},"schema":{"@context":"https:\/\/schema.org","@graph":[{"@type":"Article","@id":"https:\/\/portaltela.pt\/noticias\/2026\/02\/03\/suspeito-detido-por-abuso-sexual-de-menor-em-vagos\/#article","isPartOf":{"@id":"https:\/\/portaltela.pt\/noticias\/2026\/02\/03\/suspeito-detido-por-abuso-sexual-de-menor-em-vagos\/"},"author":{"name":"Telinha","@id":"https:\/\/portaltela.pt\/#\/schema\/person\/c4278d4a6028830caff9ee44b42d32ed"},"headline":"Suspeito detido por abuso sexual de menor em Vagos","datePublished":"2026-02-03T15:37:46+00:00","mainEntityOfPage":{"@id":"https:\/\/portaltela.pt\/noticias\/2026\/02\/03\/suspeito-detido-por-abuso-sexual-de-menor-em-vagos\/"},"wordCount":190,"image":{"@id":"https:\/\/portaltela.pt\/noticias\/2026\/02\/03\/suspeito-detido-por-abuso-sexual-de-menor-em-vagos\/#primaryimage"},"thumbnailUrl":"https:\/\/portaltela.pt\/s.01k8rhncp4jt1\/2026\/02\/policia-judiciaria-norte.jpg","keywords":["abuso de sexual de menor dependente","abuso de sexual de menor dependente ou em situa\u00e7\u00e3o vulner\u00e1vel","explora\u00e7\u00e3o de menores","Vagos"],"articleSection":["Not\u00edcias"],"inLanguage":"pt-PT"},{"@type":"WebPage","@id":"https:\/\/portaltela.pt\/noticias\/2026\/02\/03\/suspeito-detido-por-abuso-sexual-de-menor-em-vagos\/","url":"https:\/\/portaltela.pt\/noticias\/2026\/02\/03\/suspeito-detido-por-abuso-sexual-de-menor-em-vagos\/","name":"Suspeito detido por abuso sexual de menor em Vagos - Portal Tela Portugal","isPartOf":{"@id":"https:\/\/portaltela.pt\/#website"},"primaryImageOfPage":{"@id":"https:\/\/portaltela.pt\/noticias\/2026\/02\/03\/suspeito-detido-por-abuso-sexual-de-menor-em-vagos\/#primaryimage"},"image":{"@id":"https:\/\/portaltela.pt\/noticias\/2026\/02\/03\/suspeito-detido-por-abuso-sexual-de-menor-em-vagos\/#primaryimage"},"thumbnailUrl":"https:\/\/portaltela.pt\/s.01k8rhncp4jt1\/2026\/02\/policia-judiciaria-norte.jpg","datePublished":"2026-02-03T15:37:46+00:00","author":{"@id":"https:\/\/portaltela.pt\/#\/schema\/person\/c4278d4a6028830caff9ee44b42d32ed"},"breadcrumb":{"@id":"https:\/\/portaltela.pt\/noticias\/2026\/02\/03\/suspeito-detido-por-abuso-sexual-de-menor-em-vagos\/#breadcrumb"},"inLanguage":"pt-PT","potentialAction":[{"@type":"ReadAction","target":["https:\/\/portaltela.pt\/noticias\/2026\/02\/03\/suspeito-detido-por-abuso-sexual-de-menor-em-vagos\/"]}]},{"@type":"ImageObject","inLanguage":"pt-PT","@id":"https:\/\/portaltela.pt\/noticias\/2026\/02\/03\/suspeito-detido-por-abuso-sexual-de-menor-em-vagos\/#primaryimage","url":"https:\/\/portaltela.pt\/s.01k8rhncp4jt1\/2026\/02\/policia-judiciaria-norte.jpg","contentUrl":"https:\/\/portaltela.pt\/s.01k8rhncp4jt1\/2026\/02\/policia-judiciaria-norte.jpg","width":796,"height":448,"caption":"Casal foi detido pela Pol\u00edcia Judici\u00e1ria pela aplica\u00e7\u00e3o de burlas a compradores de terrenos"},{"@type":"BreadcrumbList","@id":"https:\/\/portaltela.pt\/noticias\/2026\/02\/03\/suspeito-detido-por-abuso-sexual-de-menor-em-vagos\/#breadcrumb","itemListElement":[{"@type":"ListItem","position":1,"name":"In\u00edcio","item":"https:\/\/portaltela.pt\/"},{"@type":"ListItem","position":2,"name":"Suspeito detido por abuso sexual de menor em Vagos"}]},{"@type":"WebSite","@id":"https:\/\/portaltela.pt\/#website","url":"https:\/\/portaltela.pt\/","name":"Portal Tela Portugal","description":"","potentialAction":[{"@type":"SearchAction","target":{"@type":"EntryPoint","urlTemplate":"https:\/\/portaltela.pt\/?s={search_term_string}"},"query-input":{"@type":"PropertyValueSpecification","valueRequired":true,"valueName":"search_term_string"}}],"inLanguage":"pt-PT"},{"@type":"Person","@id":"https:\/\/portaltela.pt\/#\/schema\/person\/c4278d4a6028830caff9ee44b42d32ed","name":"Telinha","image":{"@type":"ImageObject","inLanguage":"pt-PT","@id":"https:\/\/portaltela.pt\/s.01k8rhncp4jt1\/2025\/11\/talking-bot-125x125.png","url":"https:\/\/portaltela.pt\/s.01k8rhncp4jt1\/2025\/11\/talking-bot-125x125.png","contentUrl":"https:\/\/portaltela.pt\/s.01k8rhncp4jt1\/2025\/11\/talking-bot-125x125.png","caption":"Telinha"},"sameAs":["https:\/\/portaltela.pt\/"],"url":"https:\/\/portaltela.pt\/por\/367410592786\/"}]}},"_links":{"self":[{"href":"https:\/\/portaltela.pt\/api\/wp\/v2\/posts\/194137","targetHints":{"allow":["GET"]}}],"collection":[{"href":"https:\/\/portaltela.pt\/api\/wp\/v2\/posts"}],"about":[{"href":"https:\/\/portaltela.pt\/api\/wp\/v2\/types\/post"}],"author":[{"embeddable":true,"href":"https:\/\/portaltela.pt\/api\/wp\/v2\/users\/2"}],"replies":[{"embeddable":true,"href":"https:\/\/portaltela.pt\/api\/wp\/v2\/comments?post=194137"}],"version-history":[{"count":0,"href":"https:\/\/portaltela.pt\/api\/wp\/v2\/posts\/194137\/revisions"}],"wp:featuredmedia":[{"embeddable":true,"href":"https:\/\/portaltela.pt\/api\/wp\/v2\/media\/194148"}],"wp:attachment":[{"href":"https:\/\/portaltela.pt\/api\/wp\/v2\/media?parent=194137"}],"wp:term":[{"taxonomy":"category","embeddable":true,"href":"https:\/\/portaltela.pt\/api\/wp\/v2\/categories?post=194137"},{"taxonomy":"post_tag","embeddable":true,"href":"https:\/\/portaltela.pt\/api\/wp\/v2\/tags?post=194137"}],"curies":[{"name":"wp","href":"https:\/\/api.w.org\/{rel}","templated":true}]}}