{"id":194090,"date":"2026-02-03T12:43:28","date_gmt":"2026-02-03T15:43:28","guid":{"rendered":"https:\/\/portaltela.pt\/noticias\/2026\/02\/03\/cac-estreia-se-na-liga-dos-campeoes-de-goalball-com-estreia-historica-em-odivelas\/"},"modified":"2026-02-03T12:43:28","modified_gmt":"2026-02-03T15:43:28","slug":"cac-estreia-se-na-liga-dos-campeoes-de-goalball-com-estreia-historica-em-odivelas","status":"publish","type":"post","link":"https:\/\/portaltela.pt\/desporto\/2026\/02\/03\/cac-estreia-se-na-liga-dos-campeoes-de-goalball-com-estreia-historica-em-odivelas\/","title":{"rendered":"CAC estreia-se na Liga dos Campe\u00f5es de goalball com estreia hist\u00f3rica em Odivelas"},"content":{"rendered":"<p>O CAC entra pela primeira vez na Champions League de goalball, marcando a estreia hist\u00f3rica da equipa nacional nesta competi\u00e7\u00e3o europeia. O torneio realiza-se entre 19 e 22 de fevereiro, no Pavilh\u00e3o Multiusos de Odivelas, com o CAC a atuar como anfitri\u00e3o.<\/p>\n<p>Beatriz Bonfim, treinadora principal do CAC, j\u00e1 definiu a equipa que far\u00e1 a estreia: Jos\u00e9 Paix\u00e3o, Rodolfo Pereira, Jo\u00e3o Mota, Jo\u00e3o Pereira, Daniel S\u00e1nchez e Javier Serrato. A sele\u00e7\u00e3o chega para representar o clube na maior prova da modalidade a n\u00edvel de clubes.<\/p>\n<p>O presidente da EGCA, Erkki Minala, real\u00e7ou a relev\u00e2ncia do evento em Portugal e elogiou o trabalho do CAC na organiza\u00e7\u00e3o de competi\u00e7\u00f5es internacionais. O presidente do CAC, Ant\u00f3nio Roque, destacou o marco hist\u00f3rico para o desporto adaptado.<\/p>\n<p>A entrada no pavilh\u00e3o \u00e9 gratuita para o p\u00fablico, destacando o empenho em aproximar a comunidade da competi\u00e7\u00e3o. O CAC estreia-se oficialmente na Champions no dia 20 de fevereiro, \u00e0s 10h, diante do Marselha.<\/p>\n<h3>Contexto institucional<\/h3>\n<p>O desafio representa um reconhecimento do desporto adaptado nacional e refor\u00e7a a posi\u00e7\u00e3o do CAC na promo\u00e7\u00e3o de valores como inclus\u00e3o e igualdade de oportunidades.<\/p>\n<h3>Primeiro encontro na competi\u00e7\u00e3o<\/h3>\n<p>O duelo inicial do CAC na Champions est\u00e1 marcado para 20 de fevereiro, frente ao Marselha, no hor\u00e1rio espec\u00edfico de manh\u00e3, com a equipa a buscar um come\u00e7o competitivo e marcante.<\/p>\n","protected":false},"excerpt":{"rendered":"<ul>\n<li>O CAC vai competir na Liga dos Campe\u00f5es de goalball de 2026, de 19 a 22 de fevereiro, no Pavilh\u00e3o Multiusos de Odivelas, pela primeira vez na hist\u00f3ria e como anfitri\u00e3o.<\/li>\n<li>Beatriz Bonfim selecionou seis atletas para a estreia: Jos\u00e9 Paix\u00e3o, Rodolfo Pereira, Jo\u00e3o Mota, Jo\u00e3o Pereira, Daniel Sanch\u00e9z e Javier Serrato.<\/li>\n<li>Erkki Minala, presidente da EGCA, destacou a import\u00e2ncia do evento em Portugal e elogiou o CAC pela organiza\u00e7\u00e3o.<\/li>\n<li>Ant\u00f3nio Roque, presidente do CAC, afirmou que \u00e9 um momento hist\u00f3rico que reconhece o trabalho de promo\u00e7\u00e3o do desporto adaptado, com inclus\u00e3o e supera\u00e7\u00e3o.<\/li>\n<li>A entrada \u00e9 gratuita e a estreia oficial na Champions de goalball \u00e9 no dia 20 de fevereiro, frente ao Marselha, \u00e0s dez horas.<\/li>\n<\/ul>\n","protected":false},"author":2,"featured_media":194094,"comment_status":"closed","ping_status":"closed","sticky":false,"template":"","format":"standard","meta":{"footnotes":""},"categories":[21],"tags":[3577,152,635,4074,1281,1014],"class_list":["post-194090","post","type-post","status-publish","format-standard","has-post-thumbnail","hentry","category-desporto","tag-champions-league","tag-desporto","tag-desporto-adaptado","tag-inclusao-social","tag-odivelas","tag-portugal"],"yoast_head":"<!-- This site is optimized with the Yoast SEO plugin v27.2 - https:\/\/yoast.com\/product\/yoast-seo-wordpress\/ -->\n<title>CAC estreia-se na Liga dos Campe\u00f5es de goalball com estreia hist\u00f3rica em Odivelas - Portal Tela Portugal<\/title>\n<meta name=\"robots\" content=\"index, follow, max-snippet:-1, max-image-preview:large, max-video-preview:-1\" \/>\n<meta property=\"og:locale\" content=\"pt_PT\" \/>\n<meta property=\"og:type\" content=\"article\" \/>\n<meta property=\"og:title\" content=\"CAC estreia-se na Liga dos Campe\u00f5es de goalball com estreia hist\u00f3rica em Odivelas - Portal Tela Portugal\" \/>\n<meta property=\"og:description\" content=\"O CAC vai competir na Liga dos Campe\u00f5es de goalball de 2026, de 19 a 22 de fevereiro, no Pavilh\u00e3o Multiusos de Odivelas, pela primeira vez na hist\u00f3ria e como anfitri\u00e3o. Beatriz Bonfim selecionou seis atletas para a estreia: Jos\u00e9 Paix\u00e3o, Rodolfo Pereira, Jo\u00e3o Mota, Jo\u00e3o Pereira, Daniel Sanch\u00e9z e Javier Serrato. Erkki Minala, presidente da EGCA, destacou a import\u00e2ncia do evento em Portugal e elogiou o CAC pela organiza\u00e7\u00e3o. Ant\u00f3nio Roque, presidente do CAC, afirmou que \u00e9 um momento hist\u00f3rico que reconhece o trabalho de promo\u00e7\u00e3o do desporto adaptado, com inclus\u00e3o e supera\u00e7\u00e3o. A entrada \u00e9 gratuita e a estreia oficial na Champions de goalball \u00e9 no dia 20 de fevereiro, frente ao Marselha, \u00e0s dez horas.\" \/>\n<meta property=\"og:url\" content=\"https:\/\/portaltela.pt\/noticias\/2026\/02\/03\/cac-estreia-se-na-liga-dos-campeoes-de-goalball-com-estreia-historica-em-odivelas\/\" \/>\n<meta property=\"og:site_name\" content=\"Portal Tela Portugal\" \/>\n<meta property=\"article:published_time\" content=\"2026-02-03T15:43:28+00:00\" \/>\n<meta name=\"author\" content=\"Telinha\" \/>\n<meta name=\"twitter:card\" content=\"summary_large_image\" \/>\n<meta name=\"twitter:label1\" content=\"Escrito por\" \/>\n\t<meta name=\"twitter:data1\" content=\"Telinha\" \/>\n\t<meta name=\"twitter:label2\" content=\"Tempo estimado de leitura\" \/>\n\t<meta name=\"twitter:data2\" content=\"1 minuto\" \/>\n<script type=\"application\/ld+json\" class=\"yoast-schema-graph\">{\"@context\":\"https:\/\/schema.org\",\"@graph\":[{\"@type\":\"Article\",\"@id\":\"https:\/\/portaltela.pt\/noticias\/2026\/02\/03\/cac-estreia-se-na-liga-dos-campeoes-de-goalball-com-estreia-historica-em-odivelas\/#article\",\"isPartOf\":{\"@id\":\"https:\/\/portaltela.pt\/noticias\/2026\/02\/03\/cac-estreia-se-na-liga-dos-campeoes-de-goalball-com-estreia-historica-em-odivelas\/\"},\"author\":{\"name\":\"Telinha\",\"@id\":\"https:\/\/portaltela.pt\/#\/schema\/person\/c4278d4a6028830caff9ee44b42d32ed\"},\"headline\":\"CAC estreia-se na Liga dos Campe\u00f5es de goalball com estreia hist\u00f3rica em Odivelas\",\"datePublished\":\"2026-02-03T15:43:28+00:00\",\"mainEntityOfPage\":{\"@id\":\"https:\/\/portaltela.pt\/noticias\/2026\/02\/03\/cac-estreia-se-na-liga-dos-campeoes-de-goalball-com-estreia-historica-em-odivelas\/\"},\"wordCount\":256,\"image\":{\"@id\":\"https:\/\/portaltela.pt\/noticias\/2026\/02\/03\/cac-estreia-se-na-liga-dos-campeoes-de-goalball-com-estreia-historica-em-odivelas\/#primaryimage\"},\"thumbnailUrl\":\"https:\/\/portaltela.pt\/s.01k8rhncp4jt1\/2026\/02\/img_920x518uu2026-02-03-15-35-05-2419278.jpg\",\"keywords\":[\"Champions League\",\"desporto\",\"desporto adaptado\",\"inclus\u00e3o social\",\"Odivelas\",\"Portugal\"],\"articleSection\":[\"Desporto\"],\"inLanguage\":\"pt-PT\"},{\"@type\":\"WebPage\",\"@id\":\"https:\/\/portaltela.pt\/noticias\/2026\/02\/03\/cac-estreia-se-na-liga-dos-campeoes-de-goalball-com-estreia-historica-em-odivelas\/\",\"url\":\"https:\/\/portaltela.pt\/noticias\/2026\/02\/03\/cac-estreia-se-na-liga-dos-campeoes-de-goalball-com-estreia-historica-em-odivelas\/\",\"name\":\"CAC estreia-se na Liga dos Campe\u00f5es de goalball com estreia hist\u00f3rica em Odivelas - Portal Tela Portugal\",\"isPartOf\":{\"@id\":\"https:\/\/portaltela.pt\/#website\"},\"primaryImageOfPage\":{\"@id\":\"https:\/\/portaltela.pt\/noticias\/2026\/02\/03\/cac-estreia-se-na-liga-dos-campeoes-de-goalball-com-estreia-historica-em-odivelas\/#primaryimage\"},\"image\":{\"@id\":\"https:\/\/portaltela.pt\/noticias\/2026\/02\/03\/cac-estreia-se-na-liga-dos-campeoes-de-goalball-com-estreia-historica-em-odivelas\/#primaryimage\"},\"thumbnailUrl\":\"https:\/\/portaltela.pt\/s.01k8rhncp4jt1\/2026\/02\/img_920x518uu2026-02-03-15-35-05-2419278.jpg\",\"datePublished\":\"2026-02-03T15:43:28+00:00\",\"author\":{\"@id\":\"https:\/\/portaltela.pt\/#\/schema\/person\/c4278d4a6028830caff9ee44b42d32ed\"},\"breadcrumb\":{\"@id\":\"https:\/\/portaltela.pt\/noticias\/2026\/02\/03\/cac-estreia-se-na-liga-dos-campeoes-de-goalball-com-estreia-historica-em-odivelas\/#breadcrumb\"},\"inLanguage\":\"pt-PT\",\"potentialAction\":[{\"@type\":\"ReadAction\",\"target\":[\"https:\/\/portaltela.pt\/noticias\/2026\/02\/03\/cac-estreia-se-na-liga-dos-campeoes-de-goalball-com-estreia-historica-em-odivelas\/\"]}]},{\"@type\":\"ImageObject\",\"inLanguage\":\"pt-PT\",\"@id\":\"https:\/\/portaltela.pt\/noticias\/2026\/02\/03\/cac-estreia-se-na-liga-dos-campeoes-de-goalball-com-estreia-historica-em-odivelas\/#primaryimage\",\"url\":\"https:\/\/portaltela.pt\/s.01k8rhncp4jt1\/2026\/02\/img_920x518uu2026-02-03-15-35-05-2419278.jpg\",\"contentUrl\":\"https:\/\/portaltela.pt\/s.01k8rhncp4jt1\/2026\/02\/img_920x518uu2026-02-03-15-35-05-2419278.jpg\",\"width\":796,\"height\":448,\"caption\":\"Equipa de goalball do CAC\"},{\"@type\":\"BreadcrumbList\",\"@id\":\"https:\/\/portaltela.pt\/noticias\/2026\/02\/03\/cac-estreia-se-na-liga-dos-campeoes-de-goalball-com-estreia-historica-em-odivelas\/#breadcrumb\",\"itemListElement\":[{\"@type\":\"ListItem\",\"position\":1,\"name\":\"In\u00edcio\",\"item\":\"https:\/\/portaltela.pt\/\"},{\"@type\":\"ListItem\",\"position\":2,\"name\":\"CAC estreia-se na Liga dos Campe\u00f5es de goalball com estreia hist\u00f3rica em Odivelas\"}]},{\"@type\":\"WebSite\",\"@id\":\"https:\/\/portaltela.pt\/#website\",\"url\":\"https:\/\/portaltela.pt\/\",\"name\":\"Portal Tela Portugal\",\"description\":\"\",\"potentialAction\":[{\"@type\":\"SearchAction\",\"target\":{\"@type\":\"EntryPoint\",\"urlTemplate\":\"https:\/\/portaltela.pt\/?s={search_term_string}\"},\"query-input\":{\"@type\":\"PropertyValueSpecification\",\"valueRequired\":true,\"valueName\":\"search_term_string\"}}],\"inLanguage\":\"pt-PT\"},{\"@type\":\"Person\",\"@id\":\"https:\/\/portaltela.pt\/#\/schema\/person\/c4278d4a6028830caff9ee44b42d32ed\",\"name\":\"Telinha\",\"image\":{\"@type\":\"ImageObject\",\"inLanguage\":\"pt-PT\",\"@id\":\"https:\/\/portaltela.pt\/s.01k8rhncp4jt1\/2025\/11\/talking-bot-125x125.png\",\"url\":\"https:\/\/portaltela.pt\/s.01k8rhncp4jt1\/2025\/11\/talking-bot-125x125.png\",\"contentUrl\":\"https:\/\/portaltela.pt\/s.01k8rhncp4jt1\/2025\/11\/talking-bot-125x125.png\",\"caption\":\"Telinha\"},\"sameAs\":[\"https:\/\/portaltela.pt\/\"],\"url\":\"https:\/\/portaltela.pt\/por\/367410592786\/\"}]}<\/script>\n<!-- \/ Yoast SEO plugin. -->","yoast_head_json":{"title":"CAC estreia-se na Liga dos Campe\u00f5es de goalball com estreia hist\u00f3rica em Odivelas - Portal Tela Portugal","robots":{"index":"index","follow":"follow","max-snippet":"max-snippet:-1","max-image-preview":"max-image-preview:large","max-video-preview":"max-video-preview:-1"},"og_locale":"pt_PT","og_type":"article","og_title":"CAC estreia-se na Liga dos Campe\u00f5es de goalball com estreia hist\u00f3rica em Odivelas - Portal Tela Portugal","og_description":"O CAC vai competir na Liga dos Campe\u00f5es de goalball de 2026, de 19 a 22 de fevereiro, no Pavilh\u00e3o Multiusos de Odivelas, pela primeira vez na hist\u00f3ria e como anfitri\u00e3o. Beatriz Bonfim selecionou seis atletas para a estreia: Jos\u00e9 Paix\u00e3o, Rodolfo Pereira, Jo\u00e3o Mota, Jo\u00e3o Pereira, Daniel Sanch\u00e9z e Javier Serrato. Erkki Minala, presidente da EGCA, destacou a import\u00e2ncia do evento em Portugal e elogiou o CAC pela organiza\u00e7\u00e3o. Ant\u00f3nio Roque, presidente do CAC, afirmou que \u00e9 um momento hist\u00f3rico que reconhece o trabalho de promo\u00e7\u00e3o do desporto adaptado, com inclus\u00e3o e supera\u00e7\u00e3o. A entrada \u00e9 gratuita e a estreia oficial na Champions de goalball \u00e9 no dia 20 de fevereiro, frente ao Marselha, \u00e0s dez horas.","og_url":"https:\/\/portaltela.pt\/noticias\/2026\/02\/03\/cac-estreia-se-na-liga-dos-campeoes-de-goalball-com-estreia-historica-em-odivelas\/","og_site_name":"Portal Tela Portugal","article_published_time":"2026-02-03T15:43:28+00:00","author":"Telinha","twitter_card":"summary_large_image","twitter_misc":{"Escrito por":"Telinha","Tempo estimado de leitura":"1 minuto"},"schema":{"@context":"https:\/\/schema.org","@graph":[{"@type":"Article","@id":"https:\/\/portaltela.pt\/noticias\/2026\/02\/03\/cac-estreia-se-na-liga-dos-campeoes-de-goalball-com-estreia-historica-em-odivelas\/#article","isPartOf":{"@id":"https:\/\/portaltela.pt\/noticias\/2026\/02\/03\/cac-estreia-se-na-liga-dos-campeoes-de-goalball-com-estreia-historica-em-odivelas\/"},"author":{"name":"Telinha","@id":"https:\/\/portaltela.pt\/#\/schema\/person\/c4278d4a6028830caff9ee44b42d32ed"},"headline":"CAC estreia-se na Liga dos Campe\u00f5es de goalball com estreia hist\u00f3rica em Odivelas","datePublished":"2026-02-03T15:43:28+00:00","mainEntityOfPage":{"@id":"https:\/\/portaltela.pt\/noticias\/2026\/02\/03\/cac-estreia-se-na-liga-dos-campeoes-de-goalball-com-estreia-historica-em-odivelas\/"},"wordCount":256,"image":{"@id":"https:\/\/portaltela.pt\/noticias\/2026\/02\/03\/cac-estreia-se-na-liga-dos-campeoes-de-goalball-com-estreia-historica-em-odivelas\/#primaryimage"},"thumbnailUrl":"https:\/\/portaltela.pt\/s.01k8rhncp4jt1\/2026\/02\/img_920x518uu2026-02-03-15-35-05-2419278.jpg","keywords":["Champions League","desporto","desporto adaptado","inclus\u00e3o social","Odivelas","Portugal"],"articleSection":["Desporto"],"inLanguage":"pt-PT"},{"@type":"WebPage","@id":"https:\/\/portaltela.pt\/noticias\/2026\/02\/03\/cac-estreia-se-na-liga-dos-campeoes-de-goalball-com-estreia-historica-em-odivelas\/","url":"https:\/\/portaltela.pt\/noticias\/2026\/02\/03\/cac-estreia-se-na-liga-dos-campeoes-de-goalball-com-estreia-historica-em-odivelas\/","name":"CAC estreia-se na Liga dos Campe\u00f5es de goalball com estreia hist\u00f3rica em Odivelas - Portal Tela Portugal","isPartOf":{"@id":"https:\/\/portaltela.pt\/#website"},"primaryImageOfPage":{"@id":"https:\/\/portaltela.pt\/noticias\/2026\/02\/03\/cac-estreia-se-na-liga-dos-campeoes-de-goalball-com-estreia-historica-em-odivelas\/#primaryimage"},"image":{"@id":"https:\/\/portaltela.pt\/noticias\/2026\/02\/03\/cac-estreia-se-na-liga-dos-campeoes-de-goalball-com-estreia-historica-em-odivelas\/#primaryimage"},"thumbnailUrl":"https:\/\/portaltela.pt\/s.01k8rhncp4jt1\/2026\/02\/img_920x518uu2026-02-03-15-35-05-2419278.jpg","datePublished":"2026-02-03T15:43:28+00:00","author":{"@id":"https:\/\/portaltela.pt\/#\/schema\/person\/c4278d4a6028830caff9ee44b42d32ed"},"breadcrumb":{"@id":"https:\/\/portaltela.pt\/noticias\/2026\/02\/03\/cac-estreia-se-na-liga-dos-campeoes-de-goalball-com-estreia-historica-em-odivelas\/#breadcrumb"},"inLanguage":"pt-PT","potentialAction":[{"@type":"ReadAction","target":["https:\/\/portaltela.pt\/noticias\/2026\/02\/03\/cac-estreia-se-na-liga-dos-campeoes-de-goalball-com-estreia-historica-em-odivelas\/"]}]},{"@type":"ImageObject","inLanguage":"pt-PT","@id":"https:\/\/portaltela.pt\/noticias\/2026\/02\/03\/cac-estreia-se-na-liga-dos-campeoes-de-goalball-com-estreia-historica-em-odivelas\/#primaryimage","url":"https:\/\/portaltela.pt\/s.01k8rhncp4jt1\/2026\/02\/img_920x518uu2026-02-03-15-35-05-2419278.jpg","contentUrl":"https:\/\/portaltela.pt\/s.01k8rhncp4jt1\/2026\/02\/img_920x518uu2026-02-03-15-35-05-2419278.jpg","width":796,"height":448,"caption":"Equipa de goalball do CAC"},{"@type":"BreadcrumbList","@id":"https:\/\/portaltela.pt\/noticias\/2026\/02\/03\/cac-estreia-se-na-liga-dos-campeoes-de-goalball-com-estreia-historica-em-odivelas\/#breadcrumb","itemListElement":[{"@type":"ListItem","position":1,"name":"In\u00edcio","item":"https:\/\/portaltela.pt\/"},{"@type":"ListItem","position":2,"name":"CAC estreia-se na Liga dos Campe\u00f5es de goalball com estreia hist\u00f3rica em Odivelas"}]},{"@type":"WebSite","@id":"https:\/\/portaltela.pt\/#website","url":"https:\/\/portaltela.pt\/","name":"Portal Tela Portugal","description":"","potentialAction":[{"@type":"SearchAction","target":{"@type":"EntryPoint","urlTemplate":"https:\/\/portaltela.pt\/?s={search_term_string}"},"query-input":{"@type":"PropertyValueSpecification","valueRequired":true,"valueName":"search_term_string"}}],"inLanguage":"pt-PT"},{"@type":"Person","@id":"https:\/\/portaltela.pt\/#\/schema\/person\/c4278d4a6028830caff9ee44b42d32ed","name":"Telinha","image":{"@type":"ImageObject","inLanguage":"pt-PT","@id":"https:\/\/portaltela.pt\/s.01k8rhncp4jt1\/2025\/11\/talking-bot-125x125.png","url":"https:\/\/portaltela.pt\/s.01k8rhncp4jt1\/2025\/11\/talking-bot-125x125.png","contentUrl":"https:\/\/portaltela.pt\/s.01k8rhncp4jt1\/2025\/11\/talking-bot-125x125.png","caption":"Telinha"},"sameAs":["https:\/\/portaltela.pt\/"],"url":"https:\/\/portaltela.pt\/por\/367410592786\/"}]}},"_links":{"self":[{"href":"https:\/\/portaltela.pt\/api\/wp\/v2\/posts\/194090","targetHints":{"allow":["GET"]}}],"collection":[{"href":"https:\/\/portaltela.pt\/api\/wp\/v2\/posts"}],"about":[{"href":"https:\/\/portaltela.pt\/api\/wp\/v2\/types\/post"}],"author":[{"embeddable":true,"href":"https:\/\/portaltela.pt\/api\/wp\/v2\/users\/2"}],"replies":[{"embeddable":true,"href":"https:\/\/portaltela.pt\/api\/wp\/v2\/comments?post=194090"}],"version-history":[{"count":0,"href":"https:\/\/portaltela.pt\/api\/wp\/v2\/posts\/194090\/revisions"}],"wp:featuredmedia":[{"embeddable":true,"href":"https:\/\/portaltela.pt\/api\/wp\/v2\/media\/194094"}],"wp:attachment":[{"href":"https:\/\/portaltela.pt\/api\/wp\/v2\/media?parent=194090"}],"wp:term":[{"taxonomy":"category","embeddable":true,"href":"https:\/\/portaltela.pt\/api\/wp\/v2\/categories?post=194090"},{"taxonomy":"post_tag","embeddable":true,"href":"https:\/\/portaltela.pt\/api\/wp\/v2\/tags?post=194090"}],"curies":[{"name":"wp","href":"https:\/\/api.w.org\/{rel}","templated":true}]}}