{"id":194045,"date":"2026-02-03T12:25:00","date_gmt":"2026-02-03T15:25:00","guid":{"rendered":"https:\/\/portaltela.pt\/noticias\/2026\/02\/03\/ue-inclui-abrigo-desumidificadores-e-geradores-nao-solicitados-por-portugal\/"},"modified":"2026-02-03T12:25:00","modified_gmt":"2026-02-03T15:25:00","slug":"ue-inclui-abrigo-desumidificadores-e-geradores-nao-solicitados-por-portugal","status":"publish","type":"post","link":"https:\/\/portaltela.pt\/noticias\/2026\/02\/03\/ue-inclui-abrigo-desumidificadores-e-geradores-nao-solicitados-por-portugal\/","title":{"rendered":"UE inclui abrigo, desumidificadores e geradores n\u00e3o solicitados por Portugal"},"content":{"rendered":"<p>O Mecanismo de Prote\u00e7\u00e3o Civil da Uni\u00e3o Europeia pode disponibilizar um conjunto de apoios, incluindo desumidificadores, geradores e abrigos tempor\u00e1rios, para responder a impactos de tempestades. Portugal ainda n\u00e3o solicitou formalmente qualquer ativa\u00e7\u00e3o.<\/p>\n<p>A Comiss\u00e3o Europeia esclareceu que n\u00e3o houve novo pedido de ativa\u00e7\u00e3o do mecanismo por parte de Portugal. As autoridades portuguesas devem avaliar, em sede nacional, se h\u00e1 necessidade de recorrer aos apoios, diz Paula Pinho, porta-voz da Comiss\u00e3o.<\/p>\n<p>Eva Hrncirova, porta-voz da Gest\u00e3o de Crises, destacou que o mecanismo pode oferecer uma vasta gama de apoios, adapt\u00e1veis \u00e0 evolu\u00e7\u00e3o da crise. Exemplos mencionados incluem abrigos, materiais m\u00e9dicos e de saneamento, bem como contramedidas em crises sanit\u00e1rias.<\/p>\n<p>Para avan\u00e7ar, Portugal precisa indicar com precis\u00e3o as necessidades. A Comiss\u00e3o mant\u00e9m contacto com os estados membros e coordena a disponibiliza\u00e7\u00e3o de ajuda conforme a situa\u00e7\u00e3o evolua, sublinha a respons\u00e1vel.<\/p>\n<p>Qualquer pa\u00eds pode pedir assist\u00eancia atrav\u00e9s do Mecanismo de Prote\u00e7\u00e3o Civil da UE quando a resposta nacional fica aqu\u00e9m do necess\u00e1rio. A UE pode ainda mobilizar o Fundo de Solidariedade para cobrir custos de recupera\u00e7\u00e3o.<\/p>\n<p>O Fundo de Solidariedade da UE pode reembolsar custos retroativamente, a partir do dia seguinte ao desastre, ap\u00f3s apresentadas as candidaturas. O prazo para Portugal apresentar o pedido \u00e9 de 12 semanas, explicou o porta-voz da Coes\u00e3o.<\/p>\n<p>Outra op\u00e7\u00e3o \u00e9 reprogramar fundos de coes\u00e3o, com altera\u00e7\u00f5es aos planos em vigor para responder aos danos. As autoridades portuguesas podem propor altera\u00e7\u00f5es \u00e0 Comiss\u00e3o para adaptar a resposta \u00e0 tempestade Kristin.<\/p>\n<p>O Fundo de Solidariedade da UE apoia Estados-membros afetados por grandes cat\u00e1strofes naturais, enquanto o Mecanismo de Prote\u00e7\u00e3o Civil coordena respostas a desastres a n\u00edvel europeu. Desde 2001, j\u00e1 foi acionado mais de 770 vezes, incluindo casos em Portugal.<\/p>\n","protected":false},"excerpt":{"rendered":"<ul>\n<li>A Comiss\u00e3o Europeia afirmou que o Mecanismo de Prote\u00e7\u00e3o Civil da UE pode oferecer apoios diversificados, como desumidificadores e geradores, mas Portugal ainda n\u00e3o o solicitou.<\/li>\n<li>A porta-voz Paula Pinho destacou que n\u00e3o houve novo pedido de ativa\u00e7\u00e3o do mecanismo e que cabe \u00e0s autoridades portuguesas avaliar a necessidade.<\/li>\n<li>A porta-voz Eva Hrncirova explicou que desumidificadores e geradores s\u00e3o um tipo comum de apoio ap\u00f3s tempestades, mas o mecanismo pode providenciar muito mais.<\/li>\n<li>O pa\u00eds precisa especificar as necessidades; a UE mant\u00e9m contacto com Portugal e coordena com os Estados-membros conforme evolui a crise.<\/li>\n<li>O Fundo de Solidariedade da UE pode reembolsar custos de recupera\u00e7\u00e3o retroativamente, desde que Portugal apresente o pedido dentro de quarenta e oito dias \u00fateis (12 semanas para apresentar).<\/li>\n<\/ul>\n","protected":false},"author":2,"featured_media":194050,"comment_status":"closed","ping_status":"closed","sticky":false,"template":"","format":"standard","meta":{"footnotes":""},"categories":[1],"tags":[4818,256,4907,1014,320,2055],"class_list":["post-194045","post","type-post","status-publish","format-standard","has-post-thumbnail","hentry","category-noticias","tag-apoio-as-catastrofes-naturais","tag-cooperacao-internacional","tag-fundo-de-solidariedade","tag-portugal","tag-protecao-civil","tag-uniao-europeia"],"yoast_head":"<!-- This site is optimized with the Yoast SEO plugin v27.2 - https:\/\/yoast.com\/product\/yoast-seo-wordpress\/ -->\n<title>UE inclui abrigo, desumidificadores e geradores n\u00e3o solicitados por Portugal - Portal Tela Portugal<\/title>\n<meta name=\"robots\" content=\"index, follow, max-snippet:-1, max-image-preview:large, max-video-preview:-1\" \/>\n<meta property=\"og:locale\" content=\"pt_PT\" \/>\n<meta property=\"og:type\" content=\"article\" \/>\n<meta property=\"og:title\" content=\"UE inclui abrigo, desumidificadores e geradores n\u00e3o solicitados por Portugal - Portal Tela Portugal\" \/>\n<meta property=\"og:description\" content=\"A Comiss\u00e3o Europeia afirmou que o Mecanismo de Prote\u00e7\u00e3o Civil da UE pode oferecer apoios diversificados, como desumidificadores e geradores, mas Portugal ainda n\u00e3o o solicitou. A porta-voz Paula Pinho destacou que n\u00e3o houve novo pedido de ativa\u00e7\u00e3o do mecanismo e que cabe \u00e0s autoridades portuguesas avaliar a necessidade. A porta-voz Eva Hrncirova explicou que desumidificadores e geradores s\u00e3o um tipo comum de apoio ap\u00f3s tempestades, mas o mecanismo pode providenciar muito mais. O pa\u00eds precisa especificar as necessidades; a UE mant\u00e9m contacto com Portugal e coordena com os Estados-membros conforme evolui a crise. O Fundo de Solidariedade da UE pode reembolsar custos de recupera\u00e7\u00e3o retroativamente, desde que Portugal apresente o pedido dentro de quarenta e oito dias \u00fateis (12 semanas para apresentar).\" \/>\n<meta property=\"og:url\" content=\"https:\/\/portaltela.pt\/noticias\/2026\/02\/03\/ue-inclui-abrigo-desumidificadores-e-geradores-nao-solicitados-por-portugal\/\" \/>\n<meta property=\"og:site_name\" content=\"Portal Tela Portugal\" \/>\n<meta property=\"article:published_time\" content=\"2026-02-03T15:25:00+00:00\" \/>\n<meta name=\"author\" content=\"Telinha\" \/>\n<meta name=\"twitter:card\" content=\"summary_large_image\" \/>\n<meta name=\"twitter:label1\" content=\"Escrito por\" \/>\n\t<meta name=\"twitter:data1\" content=\"Telinha\" \/>\n\t<meta name=\"twitter:label2\" content=\"Tempo estimado de leitura\" \/>\n\t<meta name=\"twitter:data2\" content=\"2 minutos\" \/>\n<script type=\"application\/ld+json\" class=\"yoast-schema-graph\">{\"@context\":\"https:\/\/schema.org\",\"@graph\":[{\"@type\":\"Article\",\"@id\":\"https:\/\/portaltela.pt\/noticias\/2026\/02\/03\/ue-inclui-abrigo-desumidificadores-e-geradores-nao-solicitados-por-portugal\/#article\",\"isPartOf\":{\"@id\":\"https:\/\/portaltela.pt\/noticias\/2026\/02\/03\/ue-inclui-abrigo-desumidificadores-e-geradores-nao-solicitados-por-portugal\/\"},\"author\":{\"name\":\"Telinha\",\"@id\":\"https:\/\/portaltela.pt\/#\/schema\/person\/c4278d4a6028830caff9ee44b42d32ed\"},\"headline\":\"UE inclui abrigo, desumidificadores e geradores n\u00e3o solicitados por Portugal\",\"datePublished\":\"2026-02-03T15:25:00+00:00\",\"mainEntityOfPage\":{\"@id\":\"https:\/\/portaltela.pt\/noticias\/2026\/02\/03\/ue-inclui-abrigo-desumidificadores-e-geradores-nao-solicitados-por-portugal\/\"},\"wordCount\":323,\"image\":{\"@id\":\"https:\/\/portaltela.pt\/noticias\/2026\/02\/03\/ue-inclui-abrigo-desumidificadores-e-geradores-nao-solicitados-por-portugal\/#primaryimage\"},\"thumbnailUrl\":\"https:\/\/portaltela.pt\/s.01k8rhncp4jt1\/2026\/02\/img_1500x1000uu2025-07-23-18-00-00-2224605.jpg\",\"keywords\":[\"Apoio \u00e0s Cat\u00e1strofes Naturais\",\"coopera\u00e7\u00e3o internacional\",\"Fundo de Solidariedade\",\"Portugal\",\"prote\u00e7\u00e3o civil\",\"Uni\u00e3o Europeia\"],\"articleSection\":[\"Not\u00edcias\"],\"inLanguage\":\"pt-PT\"},{\"@type\":\"WebPage\",\"@id\":\"https:\/\/portaltela.pt\/noticias\/2026\/02\/03\/ue-inclui-abrigo-desumidificadores-e-geradores-nao-solicitados-por-portugal\/\",\"url\":\"https:\/\/portaltela.pt\/noticias\/2026\/02\/03\/ue-inclui-abrigo-desumidificadores-e-geradores-nao-solicitados-por-portugal\/\",\"name\":\"UE inclui abrigo, desumidificadores e geradores n\u00e3o solicitados por Portugal - Portal Tela Portugal\",\"isPartOf\":{\"@id\":\"https:\/\/portaltela.pt\/#website\"},\"primaryImageOfPage\":{\"@id\":\"https:\/\/portaltela.pt\/noticias\/2026\/02\/03\/ue-inclui-abrigo-desumidificadores-e-geradores-nao-solicitados-por-portugal\/#primaryimage\"},\"image\":{\"@id\":\"https:\/\/portaltela.pt\/noticias\/2026\/02\/03\/ue-inclui-abrigo-desumidificadores-e-geradores-nao-solicitados-por-portugal\/#primaryimage\"},\"thumbnailUrl\":\"https:\/\/portaltela.pt\/s.01k8rhncp4jt1\/2026\/02\/img_1500x1000uu2025-07-23-18-00-00-2224605.jpg\",\"datePublished\":\"2026-02-03T15:25:00+00:00\",\"author\":{\"@id\":\"https:\/\/portaltela.pt\/#\/schema\/person\/c4278d4a6028830caff9ee44b42d32ed\"},\"breadcrumb\":{\"@id\":\"https:\/\/portaltela.pt\/noticias\/2026\/02\/03\/ue-inclui-abrigo-desumidificadores-e-geradores-nao-solicitados-por-portugal\/#breadcrumb\"},\"inLanguage\":\"pt-PT\",\"potentialAction\":[{\"@type\":\"ReadAction\",\"target\":[\"https:\/\/portaltela.pt\/noticias\/2026\/02\/03\/ue-inclui-abrigo-desumidificadores-e-geradores-nao-solicitados-por-portugal\/\"]}]},{\"@type\":\"ImageObject\",\"inLanguage\":\"pt-PT\",\"@id\":\"https:\/\/portaltela.pt\/noticias\/2026\/02\/03\/ue-inclui-abrigo-desumidificadores-e-geradores-nao-solicitados-por-portugal\/#primaryimage\",\"url\":\"https:\/\/portaltela.pt\/s.01k8rhncp4jt1\/2026\/02\/img_1500x1000uu2025-07-23-18-00-00-2224605.jpg\",\"contentUrl\":\"https:\/\/portaltela.pt\/s.01k8rhncp4jt1\/2026\/02\/img_1500x1000uu2025-07-23-18-00-00-2224605.jpg\",\"width\":1500,\"height\":1000,\"caption\":\"Bandeiras da Uni\u00e3o Europeia em frente ao Edif\u00edcio Berlaymont, Bruxelas\"},{\"@type\":\"BreadcrumbList\",\"@id\":\"https:\/\/portaltela.pt\/noticias\/2026\/02\/03\/ue-inclui-abrigo-desumidificadores-e-geradores-nao-solicitados-por-portugal\/#breadcrumb\",\"itemListElement\":[{\"@type\":\"ListItem\",\"position\":1,\"name\":\"In\u00edcio\",\"item\":\"https:\/\/portaltela.pt\/\"},{\"@type\":\"ListItem\",\"position\":2,\"name\":\"UE inclui abrigo, desumidificadores e geradores n\u00e3o solicitados por Portugal\"}]},{\"@type\":\"WebSite\",\"@id\":\"https:\/\/portaltela.pt\/#website\",\"url\":\"https:\/\/portaltela.pt\/\",\"name\":\"Portal Tela Portugal\",\"description\":\"\",\"potentialAction\":[{\"@type\":\"SearchAction\",\"target\":{\"@type\":\"EntryPoint\",\"urlTemplate\":\"https:\/\/portaltela.pt\/?s={search_term_string}\"},\"query-input\":{\"@type\":\"PropertyValueSpecification\",\"valueRequired\":true,\"valueName\":\"search_term_string\"}}],\"inLanguage\":\"pt-PT\"},{\"@type\":\"Person\",\"@id\":\"https:\/\/portaltela.pt\/#\/schema\/person\/c4278d4a6028830caff9ee44b42d32ed\",\"name\":\"Telinha\",\"image\":{\"@type\":\"ImageObject\",\"inLanguage\":\"pt-PT\",\"@id\":\"https:\/\/portaltela.pt\/s.01k8rhncp4jt1\/2025\/11\/talking-bot-125x125.png\",\"url\":\"https:\/\/portaltela.pt\/s.01k8rhncp4jt1\/2025\/11\/talking-bot-125x125.png\",\"contentUrl\":\"https:\/\/portaltela.pt\/s.01k8rhncp4jt1\/2025\/11\/talking-bot-125x125.png\",\"caption\":\"Telinha\"},\"sameAs\":[\"https:\/\/portaltela.pt\/\"],\"url\":\"https:\/\/portaltela.pt\/por\/367410592786\/\"}]}<\/script>\n<!-- \/ Yoast SEO plugin. -->","yoast_head_json":{"title":"UE inclui abrigo, desumidificadores e geradores n\u00e3o solicitados por Portugal - Portal Tela Portugal","robots":{"index":"index","follow":"follow","max-snippet":"max-snippet:-1","max-image-preview":"max-image-preview:large","max-video-preview":"max-video-preview:-1"},"og_locale":"pt_PT","og_type":"article","og_title":"UE inclui abrigo, desumidificadores e geradores n\u00e3o solicitados por Portugal - Portal Tela Portugal","og_description":"A Comiss\u00e3o Europeia afirmou que o Mecanismo de Prote\u00e7\u00e3o Civil da UE pode oferecer apoios diversificados, como desumidificadores e geradores, mas Portugal ainda n\u00e3o o solicitou. A porta-voz Paula Pinho destacou que n\u00e3o houve novo pedido de ativa\u00e7\u00e3o do mecanismo e que cabe \u00e0s autoridades portuguesas avaliar a necessidade. A porta-voz Eva Hrncirova explicou que desumidificadores e geradores s\u00e3o um tipo comum de apoio ap\u00f3s tempestades, mas o mecanismo pode providenciar muito mais. O pa\u00eds precisa especificar as necessidades; a UE mant\u00e9m contacto com Portugal e coordena com os Estados-membros conforme evolui a crise. O Fundo de Solidariedade da UE pode reembolsar custos de recupera\u00e7\u00e3o retroativamente, desde que Portugal apresente o pedido dentro de quarenta e oito dias \u00fateis (12 semanas para apresentar).","og_url":"https:\/\/portaltela.pt\/noticias\/2026\/02\/03\/ue-inclui-abrigo-desumidificadores-e-geradores-nao-solicitados-por-portugal\/","og_site_name":"Portal Tela Portugal","article_published_time":"2026-02-03T15:25:00+00:00","author":"Telinha","twitter_card":"summary_large_image","twitter_misc":{"Escrito por":"Telinha","Tempo estimado de leitura":"2 minutos"},"schema":{"@context":"https:\/\/schema.org","@graph":[{"@type":"Article","@id":"https:\/\/portaltela.pt\/noticias\/2026\/02\/03\/ue-inclui-abrigo-desumidificadores-e-geradores-nao-solicitados-por-portugal\/#article","isPartOf":{"@id":"https:\/\/portaltela.pt\/noticias\/2026\/02\/03\/ue-inclui-abrigo-desumidificadores-e-geradores-nao-solicitados-por-portugal\/"},"author":{"name":"Telinha","@id":"https:\/\/portaltela.pt\/#\/schema\/person\/c4278d4a6028830caff9ee44b42d32ed"},"headline":"UE inclui abrigo, desumidificadores e geradores n\u00e3o solicitados por Portugal","datePublished":"2026-02-03T15:25:00+00:00","mainEntityOfPage":{"@id":"https:\/\/portaltela.pt\/noticias\/2026\/02\/03\/ue-inclui-abrigo-desumidificadores-e-geradores-nao-solicitados-por-portugal\/"},"wordCount":323,"image":{"@id":"https:\/\/portaltela.pt\/noticias\/2026\/02\/03\/ue-inclui-abrigo-desumidificadores-e-geradores-nao-solicitados-por-portugal\/#primaryimage"},"thumbnailUrl":"https:\/\/portaltela.pt\/s.01k8rhncp4jt1\/2026\/02\/img_1500x1000uu2025-07-23-18-00-00-2224605.jpg","keywords":["Apoio \u00e0s Cat\u00e1strofes Naturais","coopera\u00e7\u00e3o internacional","Fundo de Solidariedade","Portugal","prote\u00e7\u00e3o civil","Uni\u00e3o Europeia"],"articleSection":["Not\u00edcias"],"inLanguage":"pt-PT"},{"@type":"WebPage","@id":"https:\/\/portaltela.pt\/noticias\/2026\/02\/03\/ue-inclui-abrigo-desumidificadores-e-geradores-nao-solicitados-por-portugal\/","url":"https:\/\/portaltela.pt\/noticias\/2026\/02\/03\/ue-inclui-abrigo-desumidificadores-e-geradores-nao-solicitados-por-portugal\/","name":"UE inclui abrigo, desumidificadores e geradores n\u00e3o solicitados por Portugal - Portal Tela Portugal","isPartOf":{"@id":"https:\/\/portaltela.pt\/#website"},"primaryImageOfPage":{"@id":"https:\/\/portaltela.pt\/noticias\/2026\/02\/03\/ue-inclui-abrigo-desumidificadores-e-geradores-nao-solicitados-por-portugal\/#primaryimage"},"image":{"@id":"https:\/\/portaltela.pt\/noticias\/2026\/02\/03\/ue-inclui-abrigo-desumidificadores-e-geradores-nao-solicitados-por-portugal\/#primaryimage"},"thumbnailUrl":"https:\/\/portaltela.pt\/s.01k8rhncp4jt1\/2026\/02\/img_1500x1000uu2025-07-23-18-00-00-2224605.jpg","datePublished":"2026-02-03T15:25:00+00:00","author":{"@id":"https:\/\/portaltela.pt\/#\/schema\/person\/c4278d4a6028830caff9ee44b42d32ed"},"breadcrumb":{"@id":"https:\/\/portaltela.pt\/noticias\/2026\/02\/03\/ue-inclui-abrigo-desumidificadores-e-geradores-nao-solicitados-por-portugal\/#breadcrumb"},"inLanguage":"pt-PT","potentialAction":[{"@type":"ReadAction","target":["https:\/\/portaltela.pt\/noticias\/2026\/02\/03\/ue-inclui-abrigo-desumidificadores-e-geradores-nao-solicitados-por-portugal\/"]}]},{"@type":"ImageObject","inLanguage":"pt-PT","@id":"https:\/\/portaltela.pt\/noticias\/2026\/02\/03\/ue-inclui-abrigo-desumidificadores-e-geradores-nao-solicitados-por-portugal\/#primaryimage","url":"https:\/\/portaltela.pt\/s.01k8rhncp4jt1\/2026\/02\/img_1500x1000uu2025-07-23-18-00-00-2224605.jpg","contentUrl":"https:\/\/portaltela.pt\/s.01k8rhncp4jt1\/2026\/02\/img_1500x1000uu2025-07-23-18-00-00-2224605.jpg","width":1500,"height":1000,"caption":"Bandeiras da Uni\u00e3o Europeia em frente ao Edif\u00edcio Berlaymont, Bruxelas"},{"@type":"BreadcrumbList","@id":"https:\/\/portaltela.pt\/noticias\/2026\/02\/03\/ue-inclui-abrigo-desumidificadores-e-geradores-nao-solicitados-por-portugal\/#breadcrumb","itemListElement":[{"@type":"ListItem","position":1,"name":"In\u00edcio","item":"https:\/\/portaltela.pt\/"},{"@type":"ListItem","position":2,"name":"UE inclui abrigo, desumidificadores e geradores n\u00e3o solicitados por Portugal"}]},{"@type":"WebSite","@id":"https:\/\/portaltela.pt\/#website","url":"https:\/\/portaltela.pt\/","name":"Portal Tela Portugal","description":"","potentialAction":[{"@type":"SearchAction","target":{"@type":"EntryPoint","urlTemplate":"https:\/\/portaltela.pt\/?s={search_term_string}"},"query-input":{"@type":"PropertyValueSpecification","valueRequired":true,"valueName":"search_term_string"}}],"inLanguage":"pt-PT"},{"@type":"Person","@id":"https:\/\/portaltela.pt\/#\/schema\/person\/c4278d4a6028830caff9ee44b42d32ed","name":"Telinha","image":{"@type":"ImageObject","inLanguage":"pt-PT","@id":"https:\/\/portaltela.pt\/s.01k8rhncp4jt1\/2025\/11\/talking-bot-125x125.png","url":"https:\/\/portaltela.pt\/s.01k8rhncp4jt1\/2025\/11\/talking-bot-125x125.png","contentUrl":"https:\/\/portaltela.pt\/s.01k8rhncp4jt1\/2025\/11\/talking-bot-125x125.png","caption":"Telinha"},"sameAs":["https:\/\/portaltela.pt\/"],"url":"https:\/\/portaltela.pt\/por\/367410592786\/"}]}},"_links":{"self":[{"href":"https:\/\/portaltela.pt\/api\/wp\/v2\/posts\/194045","targetHints":{"allow":["GET"]}}],"collection":[{"href":"https:\/\/portaltela.pt\/api\/wp\/v2\/posts"}],"about":[{"href":"https:\/\/portaltela.pt\/api\/wp\/v2\/types\/post"}],"author":[{"embeddable":true,"href":"https:\/\/portaltela.pt\/api\/wp\/v2\/users\/2"}],"replies":[{"embeddable":true,"href":"https:\/\/portaltela.pt\/api\/wp\/v2\/comments?post=194045"}],"version-history":[{"count":0,"href":"https:\/\/portaltela.pt\/api\/wp\/v2\/posts\/194045\/revisions"}],"wp:featuredmedia":[{"embeddable":true,"href":"https:\/\/portaltela.pt\/api\/wp\/v2\/media\/194050"}],"wp:attachment":[{"href":"https:\/\/portaltela.pt\/api\/wp\/v2\/media?parent=194045"}],"wp:term":[{"taxonomy":"category","embeddable":true,"href":"https:\/\/portaltela.pt\/api\/wp\/v2\/categories?post=194045"},{"taxonomy":"post_tag","embeddable":true,"href":"https:\/\/portaltela.pt\/api\/wp\/v2\/tags?post=194045"}],"curies":[{"name":"wp","href":"https:\/\/api.w.org\/{rel}","templated":true}]}}