{"id":194026,"date":"2026-02-03T12:00:58","date_gmt":"2026-02-03T15:00:58","guid":{"rendered":"https:\/\/portaltela.pt\/noticias\/2026\/02\/03\/como-escolher-solucoes-inteligentes-e-elegantes-para-a-sala-de-jantar\/"},"modified":"2026-02-03T12:00:58","modified_gmt":"2026-02-03T15:00:58","slug":"como-escolher-solucoes-inteligentes-e-elegantes-para-a-sala-de-jantar","status":"publish","type":"post","link":"https:\/\/portaltela.pt\/noticias\/2026\/02\/03\/como-escolher-solucoes-inteligentes-e-elegantes-para-a-sala-de-jantar\/","title":{"rendered":"Como escolher solu\u00e7\u00f5es inteligentes e elegantes para a sala de jantar"},"content":{"rendered":"<p>A sala de jantar \u00e9 apresentada como o espa\u00e7o de encontros, refei\u00e7\u00f5es e conversas. Este artigo destaca orienta\u00e7\u00f5es para escolher mesas e cadeiras que aliam funcionalidade e estilo, com foco no equil\u00edbrio entre dimens\u00e3o do espa\u00e7o, uso di\u00e1rio e conforto.<\/p>\n<p>Segundo especialistas, a mesa deve ser proporcional \u00e0 divis\u00e3o e ao n\u00famero de pessoas que costuma sentar-se \u00e0 volta. Mesas retangulares favorecem ambientes alongos; as redondas incentivam a conviv\u00eancia. Extens\u00edveis ajudam a receber sem ocupar espa\u00e7o permanente.<\/p>\n<p>As cadeiras devem combinar conforto e personalidade para evitar desconforto durante as refei\u00e7\u00f5es. A sele\u00e7\u00e3o inclui op\u00e7\u00f5es que se adaptam a diferentes estilos de decora\u00e7\u00e3o, mantendo praticidade no dia a dia.<\/p>\n<h3>Modelos em evid\u00eancia<\/h3>\n<p>Hegas \u2013 Mesa de jantar extens\u00edvel 140 cm: design discreto e elegante, com extens\u00e3o at\u00e9 2 m para receber convidados, mantendo um tamanho compacto no uso di\u00e1rio.<\/p>\n<p>Yan \u2013 Mesa retangular branca de madeira maci\u00e7a 180 cm: madeira de pinho com acabamento natural, resistente e acolhedora, para at\u00e9 6 pessoas.<\/p>\n<p>Cross \u2013 Mesa com tampo de vidro e madeira maci\u00e7a 120 cm: mistura de vidro e madeira, formato compacto e contempor\u00e2neo, ideal para espa\u00e7os moderados.<\/p>\n<p>Delton \u2013 Mesa de jantar redonda em folheado de carvalho e madeira maci\u00e7a 120 cm: pe\u00e7a natural e acolhedora, otimizando o espa\u00e7o com circula\u00e7\u00e3o fluida \u00e0 volta da mesa.<\/p>\n<p>Basic \u2013 Mesa de jantar 120 cm: linha simples, brando acabamento branco com madeira natural, vers\u00e1til para diferentes estilos.<\/p>\n<p>Brila \u2013 Pack de 4 cadeiras com tom Menta: assentos estofados que acrescentam cor suave ao ambiente, com foco no conforto.<\/p>\n<p>Tall \u2013 Cadeira estofada: design atual, estofamento confort\u00e1vel e estrutura leve, adequada a v\u00e1rias composi\u00e7\u00f5es.<\/p>\n<p>Taos \u2013 Cadeira em polipropileno preta: pr\u00e1tica, leve e f\u00e1cil de manter, adequada a ambientes modernos.<\/p>\n<p>Nang \u2013 Cadeira em madeira maci\u00e7a e corda preta: combina\u00e7\u00e3o de madeira com corda, textura natural e car\u00e1cter decorativo.<\/p>\n<p>Os itens apresentados refletem a proposta da marca, que aposta em designs atuais, materiais vers\u00e1teis e pe\u00e7as pensadas para uso quotidiano. O cat\u00e1logo contempla op\u00e7\u00f5es para refei\u00e7\u00f5es r\u00e1pidas durante a semana ou encontros de fim de semana.<\/p>\n<p>A nota de contexto indica que discounts significativos est\u00e3o ativos para grande parte do cat\u00e1logo, com condi\u00e7\u00f5es promocionais espec\u00edficas para o conjunto de produtos.<\/p>\n","protected":false},"excerpt":{"rendered":"<ul>\n<li>A sala de jantar deve ser proporcional ao espa\u00e7o e ao uso di\u00e1rio, com mesas que possam ter expans\u00e3o para receber convidados, sem ocupar mais espa\u00e7o no dia a dia.<\/li>\n<li>As mesas podem ser retangulares, para salas compridas, ou redondas, para um ambiente mais fluido; as cadeiras devem equilibrar conforto e estilo.<\/li>\n<li>Mesas destacadas: Hegas, extens\u00edvel a partir de 140 cm e at\u00e9 dois metros; Yan, madeira maci\u00e7a, 180 cm; Cross, tampo de vidro com madeira maci\u00e7a, 120 cm; Delton, redonda em folheado de carvalho e madeira maci\u00e7a, 120 cm; Basic, 120 cm e design simples.<\/li>\n<li>Cadeiras em destaque: Brila, pack de quatro estofadas em tom menta; Tall, estofada; Taos, em polipropileno preta; Nang, madeira maci\u00e7a com corda preta.<\/li>\n<li>A Kenay est\u00e1 com saldos at\u00e9 55% em grande parte do cat\u00e1logo e oferece 10% de desconto em tudo com o c\u00f3digo 10SALES.<\/li>\n<\/ul>\n","protected":false},"author":2,"featured_media":194027,"comment_status":"closed","ping_status":"closed","sticky":false,"template":"","format":"standard","meta":{"footnotes":""},"categories":[1],"tags":[167,285,143,859,845],"class_list":["post-194026","post","type-post","status-publish","format-standard","has-post-thumbnail","hentry","category-noticias","tag-ambiente","tag-casa","tag-design","tag-madeira","tag-mobiliario"],"yoast_head":"<!-- This site is optimized with the Yoast SEO plugin v27.2 - https:\/\/yoast.com\/product\/yoast-seo-wordpress\/ -->\n<title>Como escolher solu\u00e7\u00f5es inteligentes e elegantes para a sala de jantar - Portal Tela Portugal<\/title>\n<meta name=\"robots\" content=\"index, follow, max-snippet:-1, max-image-preview:large, max-video-preview:-1\" \/>\n<meta property=\"og:locale\" content=\"pt_PT\" \/>\n<meta property=\"og:type\" content=\"article\" \/>\n<meta property=\"og:title\" content=\"Como escolher solu\u00e7\u00f5es inteligentes e elegantes para a sala de jantar - Portal Tela Portugal\" \/>\n<meta property=\"og:description\" content=\"A sala de jantar deve ser proporcional ao espa\u00e7o e ao uso di\u00e1rio, com mesas que possam ter expans\u00e3o para receber convidados, sem ocupar mais espa\u00e7o no dia a dia. As mesas podem ser retangulares, para salas compridas, ou redondas, para um ambiente mais fluido; as cadeiras devem equilibrar conforto e estilo. Mesas destacadas: Hegas, extens\u00edvel a partir de 140 cm e at\u00e9 dois metros; Yan, madeira maci\u00e7a, 180 cm; Cross, tampo de vidro com madeira maci\u00e7a, 120 cm; Delton, redonda em folheado de carvalho e madeira maci\u00e7a, 120 cm; Basic, 120 cm e design simples. Cadeiras em destaque: Brila, pack de quatro estofadas em tom menta; Tall, estofada; Taos, em polipropileno preta; Nang, madeira maci\u00e7a com corda preta. A Kenay est\u00e1 com saldos at\u00e9 55% em grande parte do cat\u00e1logo e oferece 10% de desconto em tudo com o c\u00f3digo 10SALES.\" \/>\n<meta property=\"og:url\" content=\"https:\/\/portaltela.pt\/noticias\/2026\/02\/03\/como-escolher-solucoes-inteligentes-e-elegantes-para-a-sala-de-jantar\/\" \/>\n<meta property=\"og:site_name\" content=\"Portal Tela Portugal\" \/>\n<meta property=\"article:published_time\" content=\"2026-02-03T15:00:58+00:00\" \/>\n<meta name=\"author\" content=\"Telinha\" \/>\n<meta name=\"twitter:card\" content=\"summary_large_image\" \/>\n<meta name=\"twitter:label1\" content=\"Escrito por\" \/>\n\t<meta name=\"twitter:data1\" content=\"Telinha\" \/>\n\t<meta name=\"twitter:label2\" content=\"Tempo estimado de leitura\" \/>\n\t<meta name=\"twitter:data2\" content=\"2 minutos\" \/>\n<script type=\"application\/ld+json\" class=\"yoast-schema-graph\">{\"@context\":\"https:\/\/schema.org\",\"@graph\":[{\"@type\":\"Article\",\"@id\":\"https:\/\/portaltela.pt\/noticias\/2026\/02\/03\/como-escolher-solucoes-inteligentes-e-elegantes-para-a-sala-de-jantar\/#article\",\"isPartOf\":{\"@id\":\"https:\/\/portaltela.pt\/noticias\/2026\/02\/03\/como-escolher-solucoes-inteligentes-e-elegantes-para-a-sala-de-jantar\/\"},\"author\":{\"name\":\"Telinha\",\"@id\":\"https:\/\/portaltela.pt\/#\/schema\/person\/c4278d4a6028830caff9ee44b42d32ed\"},\"headline\":\"Como escolher solu\u00e7\u00f5es inteligentes e elegantes para a sala de jantar\",\"datePublished\":\"2026-02-03T15:00:58+00:00\",\"mainEntityOfPage\":{\"@id\":\"https:\/\/portaltela.pt\/noticias\/2026\/02\/03\/como-escolher-solucoes-inteligentes-e-elegantes-para-a-sala-de-jantar\/\"},\"wordCount\":404,\"image\":{\"@id\":\"https:\/\/portaltela.pt\/noticias\/2026\/02\/03\/como-escolher-solucoes-inteligentes-e-elegantes-para-a-sala-de-jantar\/#primaryimage\"},\"thumbnailUrl\":\"https:\/\/portaltela.pt\/s.01k8rhncp4jt1\/2026\/02\/img_1280x721uu2026-02-03-11-42-27-2264408.jpg\",\"keywords\":[\"ambiente\",\"casa\",\"design\",\"Madeira\",\"mobili\u00e1rio\"],\"articleSection\":[\"Not\u00edcias\"],\"inLanguage\":\"pt-PT\"},{\"@type\":\"WebPage\",\"@id\":\"https:\/\/portaltela.pt\/noticias\/2026\/02\/03\/como-escolher-solucoes-inteligentes-e-elegantes-para-a-sala-de-jantar\/\",\"url\":\"https:\/\/portaltela.pt\/noticias\/2026\/02\/03\/como-escolher-solucoes-inteligentes-e-elegantes-para-a-sala-de-jantar\/\",\"name\":\"Como escolher solu\u00e7\u00f5es inteligentes e elegantes para a sala de jantar - Portal Tela Portugal\",\"isPartOf\":{\"@id\":\"https:\/\/portaltela.pt\/#website\"},\"primaryImageOfPage\":{\"@id\":\"https:\/\/portaltela.pt\/noticias\/2026\/02\/03\/como-escolher-solucoes-inteligentes-e-elegantes-para-a-sala-de-jantar\/#primaryimage\"},\"image\":{\"@id\":\"https:\/\/portaltela.pt\/noticias\/2026\/02\/03\/como-escolher-solucoes-inteligentes-e-elegantes-para-a-sala-de-jantar\/#primaryimage\"},\"thumbnailUrl\":\"https:\/\/portaltela.pt\/s.01k8rhncp4jt1\/2026\/02\/img_1280x721uu2026-02-03-11-42-27-2264408.jpg\",\"datePublished\":\"2026-02-03T15:00:58+00:00\",\"author\":{\"@id\":\"https:\/\/portaltela.pt\/#\/schema\/person\/c4278d4a6028830caff9ee44b42d32ed\"},\"breadcrumb\":{\"@id\":\"https:\/\/portaltela.pt\/noticias\/2026\/02\/03\/como-escolher-solucoes-inteligentes-e-elegantes-para-a-sala-de-jantar\/#breadcrumb\"},\"inLanguage\":\"pt-PT\",\"potentialAction\":[{\"@type\":\"ReadAction\",\"target\":[\"https:\/\/portaltela.pt\/noticias\/2026\/02\/03\/como-escolher-solucoes-inteligentes-e-elegantes-para-a-sala-de-jantar\/\"]}]},{\"@type\":\"ImageObject\",\"inLanguage\":\"pt-PT\",\"@id\":\"https:\/\/portaltela.pt\/noticias\/2026\/02\/03\/como-escolher-solucoes-inteligentes-e-elegantes-para-a-sala-de-jantar\/#primaryimage\",\"url\":\"https:\/\/portaltela.pt\/s.01k8rhncp4jt1\/2026\/02\/img_1280x721uu2026-02-03-11-42-27-2264408.jpg\",\"contentUrl\":\"https:\/\/portaltela.pt\/s.01k8rhncp4jt1\/2026\/02\/img_1280x721uu2026-02-03-11-42-27-2264408.jpg\",\"width\":796,\"height\":448,\"caption\":\"Mobili\u00e1rio elegante para refei\u00e7\u00f5es e partilha em casa\"},{\"@type\":\"BreadcrumbList\",\"@id\":\"https:\/\/portaltela.pt\/noticias\/2026\/02\/03\/como-escolher-solucoes-inteligentes-e-elegantes-para-a-sala-de-jantar\/#breadcrumb\",\"itemListElement\":[{\"@type\":\"ListItem\",\"position\":1,\"name\":\"In\u00edcio\",\"item\":\"https:\/\/portaltela.pt\/\"},{\"@type\":\"ListItem\",\"position\":2,\"name\":\"Como escolher solu\u00e7\u00f5es inteligentes e elegantes para a sala de jantar\"}]},{\"@type\":\"WebSite\",\"@id\":\"https:\/\/portaltela.pt\/#website\",\"url\":\"https:\/\/portaltela.pt\/\",\"name\":\"Portal Tela Portugal\",\"description\":\"\",\"potentialAction\":[{\"@type\":\"SearchAction\",\"target\":{\"@type\":\"EntryPoint\",\"urlTemplate\":\"https:\/\/portaltela.pt\/?s={search_term_string}\"},\"query-input\":{\"@type\":\"PropertyValueSpecification\",\"valueRequired\":true,\"valueName\":\"search_term_string\"}}],\"inLanguage\":\"pt-PT\"},{\"@type\":\"Person\",\"@id\":\"https:\/\/portaltela.pt\/#\/schema\/person\/c4278d4a6028830caff9ee44b42d32ed\",\"name\":\"Telinha\",\"image\":{\"@type\":\"ImageObject\",\"inLanguage\":\"pt-PT\",\"@id\":\"https:\/\/portaltela.pt\/s.01k8rhncp4jt1\/2025\/11\/talking-bot-125x125.png\",\"url\":\"https:\/\/portaltela.pt\/s.01k8rhncp4jt1\/2025\/11\/talking-bot-125x125.png\",\"contentUrl\":\"https:\/\/portaltela.pt\/s.01k8rhncp4jt1\/2025\/11\/talking-bot-125x125.png\",\"caption\":\"Telinha\"},\"sameAs\":[\"https:\/\/portaltela.pt\/\"],\"url\":\"https:\/\/portaltela.pt\/por\/367410592786\/\"}]}<\/script>\n<!-- \/ Yoast SEO plugin. -->","yoast_head_json":{"title":"Como escolher solu\u00e7\u00f5es inteligentes e elegantes para a sala de jantar - Portal Tela Portugal","robots":{"index":"index","follow":"follow","max-snippet":"max-snippet:-1","max-image-preview":"max-image-preview:large","max-video-preview":"max-video-preview:-1"},"og_locale":"pt_PT","og_type":"article","og_title":"Como escolher solu\u00e7\u00f5es inteligentes e elegantes para a sala de jantar - Portal Tela Portugal","og_description":"A sala de jantar deve ser proporcional ao espa\u00e7o e ao uso di\u00e1rio, com mesas que possam ter expans\u00e3o para receber convidados, sem ocupar mais espa\u00e7o no dia a dia. As mesas podem ser retangulares, para salas compridas, ou redondas, para um ambiente mais fluido; as cadeiras devem equilibrar conforto e estilo. Mesas destacadas: Hegas, extens\u00edvel a partir de 140 cm e at\u00e9 dois metros; Yan, madeira maci\u00e7a, 180 cm; Cross, tampo de vidro com madeira maci\u00e7a, 120 cm; Delton, redonda em folheado de carvalho e madeira maci\u00e7a, 120 cm; Basic, 120 cm e design simples. Cadeiras em destaque: Brila, pack de quatro estofadas em tom menta; Tall, estofada; Taos, em polipropileno preta; Nang, madeira maci\u00e7a com corda preta. A Kenay est\u00e1 com saldos at\u00e9 55% em grande parte do cat\u00e1logo e oferece 10% de desconto em tudo com o c\u00f3digo 10SALES.","og_url":"https:\/\/portaltela.pt\/noticias\/2026\/02\/03\/como-escolher-solucoes-inteligentes-e-elegantes-para-a-sala-de-jantar\/","og_site_name":"Portal Tela Portugal","article_published_time":"2026-02-03T15:00:58+00:00","author":"Telinha","twitter_card":"summary_large_image","twitter_misc":{"Escrito por":"Telinha","Tempo estimado de leitura":"2 minutos"},"schema":{"@context":"https:\/\/schema.org","@graph":[{"@type":"Article","@id":"https:\/\/portaltela.pt\/noticias\/2026\/02\/03\/como-escolher-solucoes-inteligentes-e-elegantes-para-a-sala-de-jantar\/#article","isPartOf":{"@id":"https:\/\/portaltela.pt\/noticias\/2026\/02\/03\/como-escolher-solucoes-inteligentes-e-elegantes-para-a-sala-de-jantar\/"},"author":{"name":"Telinha","@id":"https:\/\/portaltela.pt\/#\/schema\/person\/c4278d4a6028830caff9ee44b42d32ed"},"headline":"Como escolher solu\u00e7\u00f5es inteligentes e elegantes para a sala de jantar","datePublished":"2026-02-03T15:00:58+00:00","mainEntityOfPage":{"@id":"https:\/\/portaltela.pt\/noticias\/2026\/02\/03\/como-escolher-solucoes-inteligentes-e-elegantes-para-a-sala-de-jantar\/"},"wordCount":404,"image":{"@id":"https:\/\/portaltela.pt\/noticias\/2026\/02\/03\/como-escolher-solucoes-inteligentes-e-elegantes-para-a-sala-de-jantar\/#primaryimage"},"thumbnailUrl":"https:\/\/portaltela.pt\/s.01k8rhncp4jt1\/2026\/02\/img_1280x721uu2026-02-03-11-42-27-2264408.jpg","keywords":["ambiente","casa","design","Madeira","mobili\u00e1rio"],"articleSection":["Not\u00edcias"],"inLanguage":"pt-PT"},{"@type":"WebPage","@id":"https:\/\/portaltela.pt\/noticias\/2026\/02\/03\/como-escolher-solucoes-inteligentes-e-elegantes-para-a-sala-de-jantar\/","url":"https:\/\/portaltela.pt\/noticias\/2026\/02\/03\/como-escolher-solucoes-inteligentes-e-elegantes-para-a-sala-de-jantar\/","name":"Como escolher solu\u00e7\u00f5es inteligentes e elegantes para a sala de jantar - Portal Tela Portugal","isPartOf":{"@id":"https:\/\/portaltela.pt\/#website"},"primaryImageOfPage":{"@id":"https:\/\/portaltela.pt\/noticias\/2026\/02\/03\/como-escolher-solucoes-inteligentes-e-elegantes-para-a-sala-de-jantar\/#primaryimage"},"image":{"@id":"https:\/\/portaltela.pt\/noticias\/2026\/02\/03\/como-escolher-solucoes-inteligentes-e-elegantes-para-a-sala-de-jantar\/#primaryimage"},"thumbnailUrl":"https:\/\/portaltela.pt\/s.01k8rhncp4jt1\/2026\/02\/img_1280x721uu2026-02-03-11-42-27-2264408.jpg","datePublished":"2026-02-03T15:00:58+00:00","author":{"@id":"https:\/\/portaltela.pt\/#\/schema\/person\/c4278d4a6028830caff9ee44b42d32ed"},"breadcrumb":{"@id":"https:\/\/portaltela.pt\/noticias\/2026\/02\/03\/como-escolher-solucoes-inteligentes-e-elegantes-para-a-sala-de-jantar\/#breadcrumb"},"inLanguage":"pt-PT","potentialAction":[{"@type":"ReadAction","target":["https:\/\/portaltela.pt\/noticias\/2026\/02\/03\/como-escolher-solucoes-inteligentes-e-elegantes-para-a-sala-de-jantar\/"]}]},{"@type":"ImageObject","inLanguage":"pt-PT","@id":"https:\/\/portaltela.pt\/noticias\/2026\/02\/03\/como-escolher-solucoes-inteligentes-e-elegantes-para-a-sala-de-jantar\/#primaryimage","url":"https:\/\/portaltela.pt\/s.01k8rhncp4jt1\/2026\/02\/img_1280x721uu2026-02-03-11-42-27-2264408.jpg","contentUrl":"https:\/\/portaltela.pt\/s.01k8rhncp4jt1\/2026\/02\/img_1280x721uu2026-02-03-11-42-27-2264408.jpg","width":796,"height":448,"caption":"Mobili\u00e1rio elegante para refei\u00e7\u00f5es e partilha em casa"},{"@type":"BreadcrumbList","@id":"https:\/\/portaltela.pt\/noticias\/2026\/02\/03\/como-escolher-solucoes-inteligentes-e-elegantes-para-a-sala-de-jantar\/#breadcrumb","itemListElement":[{"@type":"ListItem","position":1,"name":"In\u00edcio","item":"https:\/\/portaltela.pt\/"},{"@type":"ListItem","position":2,"name":"Como escolher solu\u00e7\u00f5es inteligentes e elegantes para a sala de jantar"}]},{"@type":"WebSite","@id":"https:\/\/portaltela.pt\/#website","url":"https:\/\/portaltela.pt\/","name":"Portal Tela Portugal","description":"","potentialAction":[{"@type":"SearchAction","target":{"@type":"EntryPoint","urlTemplate":"https:\/\/portaltela.pt\/?s={search_term_string}"},"query-input":{"@type":"PropertyValueSpecification","valueRequired":true,"valueName":"search_term_string"}}],"inLanguage":"pt-PT"},{"@type":"Person","@id":"https:\/\/portaltela.pt\/#\/schema\/person\/c4278d4a6028830caff9ee44b42d32ed","name":"Telinha","image":{"@type":"ImageObject","inLanguage":"pt-PT","@id":"https:\/\/portaltela.pt\/s.01k8rhncp4jt1\/2025\/11\/talking-bot-125x125.png","url":"https:\/\/portaltela.pt\/s.01k8rhncp4jt1\/2025\/11\/talking-bot-125x125.png","contentUrl":"https:\/\/portaltela.pt\/s.01k8rhncp4jt1\/2025\/11\/talking-bot-125x125.png","caption":"Telinha"},"sameAs":["https:\/\/portaltela.pt\/"],"url":"https:\/\/portaltela.pt\/por\/367410592786\/"}]}},"_links":{"self":[{"href":"https:\/\/portaltela.pt\/api\/wp\/v2\/posts\/194026","targetHints":{"allow":["GET"]}}],"collection":[{"href":"https:\/\/portaltela.pt\/api\/wp\/v2\/posts"}],"about":[{"href":"https:\/\/portaltela.pt\/api\/wp\/v2\/types\/post"}],"author":[{"embeddable":true,"href":"https:\/\/portaltela.pt\/api\/wp\/v2\/users\/2"}],"replies":[{"embeddable":true,"href":"https:\/\/portaltela.pt\/api\/wp\/v2\/comments?post=194026"}],"version-history":[{"count":0,"href":"https:\/\/portaltela.pt\/api\/wp\/v2\/posts\/194026\/revisions"}],"wp:featuredmedia":[{"embeddable":true,"href":"https:\/\/portaltela.pt\/api\/wp\/v2\/media\/194027"}],"wp:attachment":[{"href":"https:\/\/portaltela.pt\/api\/wp\/v2\/media?parent=194026"}],"wp:term":[{"taxonomy":"category","embeddable":true,"href":"https:\/\/portaltela.pt\/api\/wp\/v2\/categories?post=194026"},{"taxonomy":"post_tag","embeddable":true,"href":"https:\/\/portaltela.pt\/api\/wp\/v2\/tags?post=194026"}],"curies":[{"name":"wp","href":"https:\/\/api.w.org\/{rel}","templated":true}]}}