{"id":194011,"date":"2026-02-03T11:55:44","date_gmt":"2026-02-03T14:55:44","guid":{"rendered":"https:\/\/portaltela.pt\/noticias\/2026\/02\/03\/movimento-de-aves-aquaticas-influencia-propagacao-da-gripe-aviaria\/"},"modified":"2026-02-03T11:55:44","modified_gmt":"2026-02-03T14:55:44","slug":"movimento-de-aves-aquaticas-influencia-propagacao-da-gripe-aviaria","status":"publish","type":"post","link":"https:\/\/portaltela.pt\/noticias\/2026\/02\/03\/movimento-de-aves-aquaticas-influencia-propagacao-da-gripe-aviaria\/","title":{"rendered":"Movimento de aves aqu\u00e1ticas influencia propaga\u00e7\u00e3o da gripe avi\u00e1ria"},"content":{"rendered":"<p>O movimento de aves aqu\u00e1ticas influencia a propaga\u00e7\u00e3o da gripe avi\u00e1ria, segundo uma investiga\u00e7\u00e3o com participa\u00e7\u00e3o da Escola Superior Agr\u00e1ria do Polit\u00e9cnico de Coimbra (ESAC-IPC). O estudo associa o ambiente ao deslocamento dos animais e \u00e0 din\u00e2mica do v\u00edrus nas aves aqu\u00e1ticas.<\/p>\n<p>O artigo, coescrito pelo professor David Rodrigues, analisa as liga\u00e7\u00f5es entre ambiente, movimento animal e infe\u00e7\u00f5es em aves aqu\u00e1ticas. A ESAC-IPC sublinha que estes animais s\u00e3o entre os principais hospedeiros selvagens da gripe avi\u00e1ria.<\/p>\n<p>Resultados indicam que condi\u00e7\u00f5es ambientais modulam os movimentos das aves, contribuindo para a propaga\u00e7\u00e3o da doen\u00e7a. A dist\u00e2ncia de movimento correlaciona-se de forma fraca, mas positiva, com as dete\u00e7\u00f5es do v\u00edrus H5N1 em aves aqu\u00e1ticas selvagens.<\/p>\n<h3>Metodologia e principais conclus\u00f5es<\/h3>\n<p>As aves migraram menos em \u00e1reas com maior heterogeneidade do solo e maior presen\u00e7a humana, indicam os dados. O estudo combinou telemetria de 4.606 indiv\u00edduos, de 26 esp\u00e9cies aqu\u00e1ticas, com informa\u00e7\u00f5es de cobertura do solo, clima e vegeta\u00e7\u00e3o.<\/p>\n<p>Os investigadores apontam que, ao considerar movimentos da vida selvagem juntamente com fatores como produ\u00e7\u00e3o pecu\u00e1ria e mobilidade humana, o trabalho pode ajudar a antecipar surtos e orientar interven\u00e7\u00f5es para prevenir cont\u00e1gio.<\/p>\n","protected":false},"excerpt":{"rendered":"<ul>\n<li>Investiga\u00e7\u00e3o com a Escola Superior Agr\u00e1ria do Polit\u00e9cnico de Coimbra revelou que o ambiente influencia o movimento das aves aqu\u00e1ticas e a propaga\u00e7\u00e3o da gripe avi\u00e1ria.<\/li>\n<li>O estudo tem como coautor o professor David Rodrigues, da ESAC-IPC.<\/li>\n<li>Foram usados dados de telemetria de 4.606 animais, de 26 esp\u00e9cies de aves aqu\u00e1ticas, combinados com informa\u00e7\u00e3o sobre cobertura do solo, clima e vegeta\u00e7\u00e3o.<\/li>\n<li>As aves moveram-se menos em \u00e1reas com maior heterogeneidade do solo e com maior presen\u00e7a humana; as dist\u00e2ncias de movimento apresentaram correla\u00e7\u00e3o fraca, mas positiva, com as dist\u00e2ncias entre detec\u00e7\u00f5es da gripe H5N1.<\/li>\n<li>Conclus\u00e3o: as condi\u00e7\u00f5es ambientais podem contribuir para a propaga\u00e7\u00e3o da doen\u00e7a, ajudando a prever surtos e a definir interven\u00e7\u00f5es de preven\u00e7\u00e3o.<\/li>\n<\/ul>\n","protected":false},"author":2,"featured_media":194019,"comment_status":"closed","ping_status":"closed","sticky":false,"template":"","format":"standard","meta":{"footnotes":""},"categories":[1],"tags":[167,1905,3166,215,3499,56],"class_list":["post-194011","post","type-post","status-publish","format-standard","has-post-thumbnail","hentry","category-noticias","tag-ambiente","tag-gripe","tag-infecao","tag-investigacao","tag-pecuaria","tag-pesquisa"],"yoast_head":"<!-- This site is optimized with the Yoast SEO plugin v27.2 - https:\/\/yoast.com\/product\/yoast-seo-wordpress\/ -->\n<title>Movimento de aves aqu\u00e1ticas influencia propaga\u00e7\u00e3o da gripe avi\u00e1ria - Portal Tela Portugal<\/title>\n<meta name=\"robots\" content=\"index, follow, max-snippet:-1, max-image-preview:large, max-video-preview:-1\" \/>\n<meta property=\"og:locale\" content=\"pt_PT\" \/>\n<meta property=\"og:type\" content=\"article\" \/>\n<meta property=\"og:title\" content=\"Movimento de aves aqu\u00e1ticas influencia propaga\u00e7\u00e3o da gripe avi\u00e1ria - Portal Tela Portugal\" \/>\n<meta property=\"og:description\" content=\"Investiga\u00e7\u00e3o com a Escola Superior Agr\u00e1ria do Polit\u00e9cnico de Coimbra revelou que o ambiente influencia o movimento das aves aqu\u00e1ticas e a propaga\u00e7\u00e3o da gripe avi\u00e1ria. O estudo tem como coautor o professor David Rodrigues, da ESAC-IPC. Foram usados dados de telemetria de 4.606 animais, de 26 esp\u00e9cies de aves aqu\u00e1ticas, combinados com informa\u00e7\u00e3o sobre cobertura do solo, clima e vegeta\u00e7\u00e3o. As aves moveram-se menos em \u00e1reas com maior heterogeneidade do solo e com maior presen\u00e7a humana; as dist\u00e2ncias de movimento apresentaram correla\u00e7\u00e3o fraca, mas positiva, com as dist\u00e2ncias entre detec\u00e7\u00f5es da gripe H5N1. Conclus\u00e3o: as condi\u00e7\u00f5es ambientais podem contribuir para a propaga\u00e7\u00e3o da doen\u00e7a, ajudando a prever surtos e a definir interven\u00e7\u00f5es de preven\u00e7\u00e3o.\" \/>\n<meta property=\"og:url\" content=\"https:\/\/portaltela.pt\/noticias\/2026\/02\/03\/movimento-de-aves-aquaticas-influencia-propagacao-da-gripe-aviaria\/\" \/>\n<meta property=\"og:site_name\" content=\"Portal Tela Portugal\" \/>\n<meta property=\"article:published_time\" content=\"2026-02-03T14:55:44+00:00\" \/>\n<meta name=\"author\" content=\"Telinha\" \/>\n<meta name=\"twitter:card\" content=\"summary_large_image\" \/>\n<meta name=\"twitter:label1\" content=\"Escrito por\" \/>\n\t<meta name=\"twitter:data1\" content=\"Telinha\" \/>\n\t<meta name=\"twitter:label2\" content=\"Tempo estimado de leitura\" \/>\n\t<meta name=\"twitter:data2\" content=\"1 minuto\" \/>\n<script type=\"application\/ld+json\" class=\"yoast-schema-graph\">{\"@context\":\"https:\/\/schema.org\",\"@graph\":[{\"@type\":\"Article\",\"@id\":\"https:\/\/portaltela.pt\/noticias\/2026\/02\/03\/movimento-de-aves-aquaticas-influencia-propagacao-da-gripe-aviaria\/#article\",\"isPartOf\":{\"@id\":\"https:\/\/portaltela.pt\/noticias\/2026\/02\/03\/movimento-de-aves-aquaticas-influencia-propagacao-da-gripe-aviaria\/\"},\"author\":{\"name\":\"Telinha\",\"@id\":\"https:\/\/portaltela.pt\/#\/schema\/person\/c4278d4a6028830caff9ee44b42d32ed\"},\"headline\":\"Movimento de aves aqu\u00e1ticas influencia propaga\u00e7\u00e3o da gripe avi\u00e1ria\",\"datePublished\":\"2026-02-03T14:55:44+00:00\",\"mainEntityOfPage\":{\"@id\":\"https:\/\/portaltela.pt\/noticias\/2026\/02\/03\/movimento-de-aves-aquaticas-influencia-propagacao-da-gripe-aviaria\/\"},\"wordCount\":229,\"image\":{\"@id\":\"https:\/\/portaltela.pt\/noticias\/2026\/02\/03\/movimento-de-aves-aquaticas-influencia-propagacao-da-gripe-aviaria\/#primaryimage\"},\"thumbnailUrl\":\"https:\/\/portaltela.pt\/s.01k8rhncp4jt1\/2026\/02\/unnamed-file-845.jpg\",\"keywords\":[\"ambiente\",\"gripe\",\"infe\u00e7\u00e3o\",\"investiga\u00e7\u00e3o\",\"pecu\u00e1ria\",\"pesquisa\"],\"articleSection\":[\"Not\u00edcias\"],\"inLanguage\":\"pt-PT\"},{\"@type\":\"WebPage\",\"@id\":\"https:\/\/portaltela.pt\/noticias\/2026\/02\/03\/movimento-de-aves-aquaticas-influencia-propagacao-da-gripe-aviaria\/\",\"url\":\"https:\/\/portaltela.pt\/noticias\/2026\/02\/03\/movimento-de-aves-aquaticas-influencia-propagacao-da-gripe-aviaria\/\",\"name\":\"Movimento de aves aqu\u00e1ticas influencia propaga\u00e7\u00e3o da gripe avi\u00e1ria - Portal Tela Portugal\",\"isPartOf\":{\"@id\":\"https:\/\/portaltela.pt\/#website\"},\"primaryImageOfPage\":{\"@id\":\"https:\/\/portaltela.pt\/noticias\/2026\/02\/03\/movimento-de-aves-aquaticas-influencia-propagacao-da-gripe-aviaria\/#primaryimage\"},\"image\":{\"@id\":\"https:\/\/portaltela.pt\/noticias\/2026\/02\/03\/movimento-de-aves-aquaticas-influencia-propagacao-da-gripe-aviaria\/#primaryimage\"},\"thumbnailUrl\":\"https:\/\/portaltela.pt\/s.01k8rhncp4jt1\/2026\/02\/unnamed-file-845.jpg\",\"datePublished\":\"2026-02-03T14:55:44+00:00\",\"author\":{\"@id\":\"https:\/\/portaltela.pt\/#\/schema\/person\/c4278d4a6028830caff9ee44b42d32ed\"},\"breadcrumb\":{\"@id\":\"https:\/\/portaltela.pt\/noticias\/2026\/02\/03\/movimento-de-aves-aquaticas-influencia-propagacao-da-gripe-aviaria\/#breadcrumb\"},\"inLanguage\":\"pt-PT\",\"potentialAction\":[{\"@type\":\"ReadAction\",\"target\":[\"https:\/\/portaltela.pt\/noticias\/2026\/02\/03\/movimento-de-aves-aquaticas-influencia-propagacao-da-gripe-aviaria\/\"]}]},{\"@type\":\"ImageObject\",\"inLanguage\":\"pt-PT\",\"@id\":\"https:\/\/portaltela.pt\/noticias\/2026\/02\/03\/movimento-de-aves-aquaticas-influencia-propagacao-da-gripe-aviaria\/#primaryimage\",\"url\":\"https:\/\/portaltela.pt\/s.01k8rhncp4jt1\/2026\/02\/unnamed-file-845.jpg\",\"contentUrl\":\"https:\/\/portaltela.pt\/s.01k8rhncp4jt1\/2026\/02\/unnamed-file-845.jpg\",\"width\":796,\"height\":448,\"caption\":\"Movimento das aves aqu\u00e1ticas afeta propaga\u00e7\u00e3o da gripe avi\u00e1ria\"},{\"@type\":\"BreadcrumbList\",\"@id\":\"https:\/\/portaltela.pt\/noticias\/2026\/02\/03\/movimento-de-aves-aquaticas-influencia-propagacao-da-gripe-aviaria\/#breadcrumb\",\"itemListElement\":[{\"@type\":\"ListItem\",\"position\":1,\"name\":\"In\u00edcio\",\"item\":\"https:\/\/portaltela.pt\/\"},{\"@type\":\"ListItem\",\"position\":2,\"name\":\"Movimento de aves aqu\u00e1ticas influencia propaga\u00e7\u00e3o da gripe avi\u00e1ria\"}]},{\"@type\":\"WebSite\",\"@id\":\"https:\/\/portaltela.pt\/#website\",\"url\":\"https:\/\/portaltela.pt\/\",\"name\":\"Portal Tela Portugal\",\"description\":\"\",\"potentialAction\":[{\"@type\":\"SearchAction\",\"target\":{\"@type\":\"EntryPoint\",\"urlTemplate\":\"https:\/\/portaltela.pt\/?s={search_term_string}\"},\"query-input\":{\"@type\":\"PropertyValueSpecification\",\"valueRequired\":true,\"valueName\":\"search_term_string\"}}],\"inLanguage\":\"pt-PT\"},{\"@type\":\"Person\",\"@id\":\"https:\/\/portaltela.pt\/#\/schema\/person\/c4278d4a6028830caff9ee44b42d32ed\",\"name\":\"Telinha\",\"image\":{\"@type\":\"ImageObject\",\"inLanguage\":\"pt-PT\",\"@id\":\"https:\/\/portaltela.pt\/s.01k8rhncp4jt1\/2025\/11\/talking-bot-125x125.png\",\"url\":\"https:\/\/portaltela.pt\/s.01k8rhncp4jt1\/2025\/11\/talking-bot-125x125.png\",\"contentUrl\":\"https:\/\/portaltela.pt\/s.01k8rhncp4jt1\/2025\/11\/talking-bot-125x125.png\",\"caption\":\"Telinha\"},\"sameAs\":[\"https:\/\/portaltela.pt\/\"],\"url\":\"https:\/\/portaltela.pt\/por\/367410592786\/\"}]}<\/script>\n<!-- \/ Yoast SEO plugin. -->","yoast_head_json":{"title":"Movimento de aves aqu\u00e1ticas influencia propaga\u00e7\u00e3o da gripe avi\u00e1ria - Portal Tela Portugal","robots":{"index":"index","follow":"follow","max-snippet":"max-snippet:-1","max-image-preview":"max-image-preview:large","max-video-preview":"max-video-preview:-1"},"og_locale":"pt_PT","og_type":"article","og_title":"Movimento de aves aqu\u00e1ticas influencia propaga\u00e7\u00e3o da gripe avi\u00e1ria - Portal Tela Portugal","og_description":"Investiga\u00e7\u00e3o com a Escola Superior Agr\u00e1ria do Polit\u00e9cnico de Coimbra revelou que o ambiente influencia o movimento das aves aqu\u00e1ticas e a propaga\u00e7\u00e3o da gripe avi\u00e1ria. O estudo tem como coautor o professor David Rodrigues, da ESAC-IPC. Foram usados dados de telemetria de 4.606 animais, de 26 esp\u00e9cies de aves aqu\u00e1ticas, combinados com informa\u00e7\u00e3o sobre cobertura do solo, clima e vegeta\u00e7\u00e3o. As aves moveram-se menos em \u00e1reas com maior heterogeneidade do solo e com maior presen\u00e7a humana; as dist\u00e2ncias de movimento apresentaram correla\u00e7\u00e3o fraca, mas positiva, com as dist\u00e2ncias entre detec\u00e7\u00f5es da gripe H5N1. Conclus\u00e3o: as condi\u00e7\u00f5es ambientais podem contribuir para a propaga\u00e7\u00e3o da doen\u00e7a, ajudando a prever surtos e a definir interven\u00e7\u00f5es de preven\u00e7\u00e3o.","og_url":"https:\/\/portaltela.pt\/noticias\/2026\/02\/03\/movimento-de-aves-aquaticas-influencia-propagacao-da-gripe-aviaria\/","og_site_name":"Portal Tela Portugal","article_published_time":"2026-02-03T14:55:44+00:00","author":"Telinha","twitter_card":"summary_large_image","twitter_misc":{"Escrito por":"Telinha","Tempo estimado de leitura":"1 minuto"},"schema":{"@context":"https:\/\/schema.org","@graph":[{"@type":"Article","@id":"https:\/\/portaltela.pt\/noticias\/2026\/02\/03\/movimento-de-aves-aquaticas-influencia-propagacao-da-gripe-aviaria\/#article","isPartOf":{"@id":"https:\/\/portaltela.pt\/noticias\/2026\/02\/03\/movimento-de-aves-aquaticas-influencia-propagacao-da-gripe-aviaria\/"},"author":{"name":"Telinha","@id":"https:\/\/portaltela.pt\/#\/schema\/person\/c4278d4a6028830caff9ee44b42d32ed"},"headline":"Movimento de aves aqu\u00e1ticas influencia propaga\u00e7\u00e3o da gripe avi\u00e1ria","datePublished":"2026-02-03T14:55:44+00:00","mainEntityOfPage":{"@id":"https:\/\/portaltela.pt\/noticias\/2026\/02\/03\/movimento-de-aves-aquaticas-influencia-propagacao-da-gripe-aviaria\/"},"wordCount":229,"image":{"@id":"https:\/\/portaltela.pt\/noticias\/2026\/02\/03\/movimento-de-aves-aquaticas-influencia-propagacao-da-gripe-aviaria\/#primaryimage"},"thumbnailUrl":"https:\/\/portaltela.pt\/s.01k8rhncp4jt1\/2026\/02\/unnamed-file-845.jpg","keywords":["ambiente","gripe","infe\u00e7\u00e3o","investiga\u00e7\u00e3o","pecu\u00e1ria","pesquisa"],"articleSection":["Not\u00edcias"],"inLanguage":"pt-PT"},{"@type":"WebPage","@id":"https:\/\/portaltela.pt\/noticias\/2026\/02\/03\/movimento-de-aves-aquaticas-influencia-propagacao-da-gripe-aviaria\/","url":"https:\/\/portaltela.pt\/noticias\/2026\/02\/03\/movimento-de-aves-aquaticas-influencia-propagacao-da-gripe-aviaria\/","name":"Movimento de aves aqu\u00e1ticas influencia propaga\u00e7\u00e3o da gripe avi\u00e1ria - Portal Tela Portugal","isPartOf":{"@id":"https:\/\/portaltela.pt\/#website"},"primaryImageOfPage":{"@id":"https:\/\/portaltela.pt\/noticias\/2026\/02\/03\/movimento-de-aves-aquaticas-influencia-propagacao-da-gripe-aviaria\/#primaryimage"},"image":{"@id":"https:\/\/portaltela.pt\/noticias\/2026\/02\/03\/movimento-de-aves-aquaticas-influencia-propagacao-da-gripe-aviaria\/#primaryimage"},"thumbnailUrl":"https:\/\/portaltela.pt\/s.01k8rhncp4jt1\/2026\/02\/unnamed-file-845.jpg","datePublished":"2026-02-03T14:55:44+00:00","author":{"@id":"https:\/\/portaltela.pt\/#\/schema\/person\/c4278d4a6028830caff9ee44b42d32ed"},"breadcrumb":{"@id":"https:\/\/portaltela.pt\/noticias\/2026\/02\/03\/movimento-de-aves-aquaticas-influencia-propagacao-da-gripe-aviaria\/#breadcrumb"},"inLanguage":"pt-PT","potentialAction":[{"@type":"ReadAction","target":["https:\/\/portaltela.pt\/noticias\/2026\/02\/03\/movimento-de-aves-aquaticas-influencia-propagacao-da-gripe-aviaria\/"]}]},{"@type":"ImageObject","inLanguage":"pt-PT","@id":"https:\/\/portaltela.pt\/noticias\/2026\/02\/03\/movimento-de-aves-aquaticas-influencia-propagacao-da-gripe-aviaria\/#primaryimage","url":"https:\/\/portaltela.pt\/s.01k8rhncp4jt1\/2026\/02\/unnamed-file-845.jpg","contentUrl":"https:\/\/portaltela.pt\/s.01k8rhncp4jt1\/2026\/02\/unnamed-file-845.jpg","width":796,"height":448,"caption":"Movimento das aves aqu\u00e1ticas afeta propaga\u00e7\u00e3o da gripe avi\u00e1ria"},{"@type":"BreadcrumbList","@id":"https:\/\/portaltela.pt\/noticias\/2026\/02\/03\/movimento-de-aves-aquaticas-influencia-propagacao-da-gripe-aviaria\/#breadcrumb","itemListElement":[{"@type":"ListItem","position":1,"name":"In\u00edcio","item":"https:\/\/portaltela.pt\/"},{"@type":"ListItem","position":2,"name":"Movimento de aves aqu\u00e1ticas influencia propaga\u00e7\u00e3o da gripe avi\u00e1ria"}]},{"@type":"WebSite","@id":"https:\/\/portaltela.pt\/#website","url":"https:\/\/portaltela.pt\/","name":"Portal Tela Portugal","description":"","potentialAction":[{"@type":"SearchAction","target":{"@type":"EntryPoint","urlTemplate":"https:\/\/portaltela.pt\/?s={search_term_string}"},"query-input":{"@type":"PropertyValueSpecification","valueRequired":true,"valueName":"search_term_string"}}],"inLanguage":"pt-PT"},{"@type":"Person","@id":"https:\/\/portaltela.pt\/#\/schema\/person\/c4278d4a6028830caff9ee44b42d32ed","name":"Telinha","image":{"@type":"ImageObject","inLanguage":"pt-PT","@id":"https:\/\/portaltela.pt\/s.01k8rhncp4jt1\/2025\/11\/talking-bot-125x125.png","url":"https:\/\/portaltela.pt\/s.01k8rhncp4jt1\/2025\/11\/talking-bot-125x125.png","contentUrl":"https:\/\/portaltela.pt\/s.01k8rhncp4jt1\/2025\/11\/talking-bot-125x125.png","caption":"Telinha"},"sameAs":["https:\/\/portaltela.pt\/"],"url":"https:\/\/portaltela.pt\/por\/367410592786\/"}]}},"_links":{"self":[{"href":"https:\/\/portaltela.pt\/api\/wp\/v2\/posts\/194011","targetHints":{"allow":["GET"]}}],"collection":[{"href":"https:\/\/portaltela.pt\/api\/wp\/v2\/posts"}],"about":[{"href":"https:\/\/portaltela.pt\/api\/wp\/v2\/types\/post"}],"author":[{"embeddable":true,"href":"https:\/\/portaltela.pt\/api\/wp\/v2\/users\/2"}],"replies":[{"embeddable":true,"href":"https:\/\/portaltela.pt\/api\/wp\/v2\/comments?post=194011"}],"version-history":[{"count":0,"href":"https:\/\/portaltela.pt\/api\/wp\/v2\/posts\/194011\/revisions"}],"wp:featuredmedia":[{"embeddable":true,"href":"https:\/\/portaltela.pt\/api\/wp\/v2\/media\/194019"}],"wp:attachment":[{"href":"https:\/\/portaltela.pt\/api\/wp\/v2\/media?parent=194011"}],"wp:term":[{"taxonomy":"category","embeddable":true,"href":"https:\/\/portaltela.pt\/api\/wp\/v2\/categories?post=194011"},{"taxonomy":"post_tag","embeddable":true,"href":"https:\/\/portaltela.pt\/api\/wp\/v2\/tags?post=194011"}],"curies":[{"name":"wp","href":"https:\/\/api.w.org\/{rel}","templated":true}]}}