{"id":193998,"date":"2026-02-03T12:02:08","date_gmt":"2026-02-03T15:02:08","guid":{"rendered":"https:\/\/portaltela.pt\/noticias\/2026\/02\/03\/morte-do-pequeno-emile-continua-em-misterio-familia-pede-novas-investigacoes\/"},"modified":"2026-02-03T12:02:08","modified_gmt":"2026-02-03T15:02:08","slug":"morte-do-pequeno-emile-continua-em-misterio-familia-pede-novas-investigacoes","status":"publish","type":"post","link":"https:\/\/portaltela.pt\/noticias\/internacional\/2026\/02\/03\/morte-do-pequeno-emile-continua-em-misterio-familia-pede-novas-investigacoes\/","title":{"rendered":"Morte do pequeno \u00c9mile continua em mist\u00e9rio; fam\u00edlia pede novas investiga\u00e7\u00f5es"},"content":{"rendered":"<p>Quase tr\u00eas anos ap\u00f3s o desaparecimento de \u00c9mile Soleil, o caso permanece sem resolu\u00e7\u00e3o. O rapaz franc\u00eas, de dois anos e meio, desapareceu a 8 de julho de 2023, na aldeia de Haut-Vernet. Meses depois foram encontradas as ossadas nas proximidades, elevando o mist\u00e9rio sobre as circunst\u00e2ncias da sua morte.<\/p>\n<p>A fam\u00edlia de \u00c9mile pediu esta semana novas investiga\u00e7\u00f5es, alegando que h\u00e1 locais e elementos que n\u00e3o foram suficientemente revistos. O advogado da av\u00f3, Julien Pinelli, disse \u00e0 RTL que existem provas e depoimentos que exigem esclarecimentos adicionais e uma an\u00e1lise mais aprofundada.<\/p>\n<p>O que aconteceu, quando e onde<\/p>\n<p>\u00c9mile desapareceu no in\u00edcio de julho de 2023, ap\u00f3s chegar \u00e0 casa dos av\u00f3s para passar f\u00e9rias na aldeia de Haut-Vernet, no sul de Fran\u00e7a. Durante nove meses foram realizadas v\u00e1rias buscas sem resultados conclusivos.<\/p>\n<p>Despoletar e investiga\u00e7\u00e3o<\/p>\n<p>Em mar\u00e7o de 2024 foram encontradas as ossadas perto do local da \u00faltima ocorrida visualiza\u00e7\u00e3o, por um homem que passava pela zona. Um ano depois, os av\u00f3s maternos e os tios foram detidos sob a suspeita de homic\u00eddio volunt\u00e1rio e oculta\u00e7\u00e3o de cad\u00e1ver, mas foram libertados dois dias mais tarde.<\/p>\n<p>Constitui\u00e7\u00e3o do caso e perspetiva atual<\/p>\n<p>A investiga\u00e7\u00e3o apontou para um traumatismo facial violento de \u00c9mile, sugerindo a prov\u00e1vel interven\u00e7\u00e3o de terceiros. No entanto, as autoridades ainda n\u00e3o descartaram a vertente familiar, deixando o caso sem uma conclus\u00e3o definitiva. A fam\u00edlia pretende que novas dilig\u00eancias sejam realizadas para esclarecer todas as circunst\u00e2ncias.<\/p>\n","protected":false},"excerpt":{"rendered":"<ul>\n<li>No dia 8 de julho de 2023, \u00c9mile desapareceu na casa dos av\u00f3s, na aldeia francesa de Haut-Vernet.<\/li>\n<li>Em mar\u00e7o de 2024 foram encontradas as ossadas do menino perto do local onde foi visto pela \u00faltima vez.<\/li>\n<li>Av\u00f3s maternos e tios foram detidos na sequ\u00eancia, mas libertados dois dias depois.<\/li>\n<li>A fam\u00edlia pediu novas investiga\u00e7\u00f5es, alegando que existem pistas e locais por examinar que justificam aprofundar o inqu\u00e9rito.<\/li>\n<li>A investiga\u00e7\u00e3o apontou um traumatismo facial violento, sugerindo poss\u00edvel interven\u00e7\u00e3o de terceiros, sem descartar a vertente familiar.<\/li>\n<\/ul>\n","protected":false},"author":2,"featured_media":193999,"comment_status":"closed","ping_status":"closed","sticky":false,"template":"","format":"standard","meta":{"footnotes":""},"categories":[4,1],"tags":[147,1856,1345,217,294],"class_list":["post-193998","post","type-post","status-publish","format-standard","has-post-thumbnail","hentry","category-internacional","category-noticias","tag-crime","tag-franca","tag-homicidio","tag-investigacao-criminal","tag-ocultacao-de-cadaver"],"yoast_head":"<!-- This site is optimized with the Yoast SEO plugin v27.2 - https:\/\/yoast.com\/product\/yoast-seo-wordpress\/ -->\n<title>Morte do pequeno \u00c9mile continua em mist\u00e9rio; fam\u00edlia pede novas investiga\u00e7\u00f5es - Portal Tela Portugal<\/title>\n<meta name=\"robots\" content=\"index, follow, max-snippet:-1, max-image-preview:large, max-video-preview:-1\" \/>\n<meta property=\"og:locale\" content=\"pt_PT\" \/>\n<meta property=\"og:type\" content=\"article\" \/>\n<meta property=\"og:title\" content=\"Morte do pequeno \u00c9mile continua em mist\u00e9rio; fam\u00edlia pede novas investiga\u00e7\u00f5es - Portal Tela Portugal\" \/>\n<meta property=\"og:description\" content=\"No dia 8 de julho de 2023, \u00c9mile desapareceu na casa dos av\u00f3s, na aldeia francesa de Haut-Vernet. Em mar\u00e7o de 2024 foram encontradas as ossadas do menino perto do local onde foi visto pela \u00faltima vez. Av\u00f3s maternos e tios foram detidos na sequ\u00eancia, mas libertados dois dias depois. A fam\u00edlia pediu novas investiga\u00e7\u00f5es, alegando que existem pistas e locais por examinar que justificam aprofundar o inqu\u00e9rito. A investiga\u00e7\u00e3o apontou um traumatismo facial violento, sugerindo poss\u00edvel interven\u00e7\u00e3o de terceiros, sem descartar a vertente familiar.\" \/>\n<meta property=\"og:url\" content=\"https:\/\/portaltela.pt\/noticias\/2026\/02\/03\/morte-do-pequeno-emile-continua-em-misterio-familia-pede-novas-investigacoes\/\" \/>\n<meta property=\"og:site_name\" content=\"Portal Tela Portugal\" \/>\n<meta property=\"article:published_time\" content=\"2026-02-03T15:02:08+00:00\" \/>\n<meta name=\"author\" content=\"Telinha\" \/>\n<meta name=\"twitter:card\" content=\"summary_large_image\" \/>\n<meta name=\"twitter:label1\" content=\"Escrito por\" \/>\n\t<meta name=\"twitter:data1\" content=\"Telinha\" \/>\n\t<meta name=\"twitter:label2\" content=\"Tempo estimado de leitura\" \/>\n\t<meta name=\"twitter:data2\" content=\"1 minuto\" \/>\n<script type=\"application\/ld+json\" class=\"yoast-schema-graph\">{\"@context\":\"https:\/\/schema.org\",\"@graph\":[{\"@type\":\"Article\",\"@id\":\"https:\/\/portaltela.pt\/noticias\/2026\/02\/03\/morte-do-pequeno-emile-continua-em-misterio-familia-pede-novas-investigacoes\/#article\",\"isPartOf\":{\"@id\":\"https:\/\/portaltela.pt\/noticias\/2026\/02\/03\/morte-do-pequeno-emile-continua-em-misterio-familia-pede-novas-investigacoes\/\"},\"author\":{\"name\":\"Telinha\",\"@id\":\"https:\/\/portaltela.pt\/#\/schema\/person\/c4278d4a6028830caff9ee44b42d32ed\"},\"headline\":\"Morte do pequeno \u00c9mile continua em mist\u00e9rio; fam\u00edlia pede novas investiga\u00e7\u00f5es\",\"datePublished\":\"2026-02-03T15:02:08+00:00\",\"mainEntityOfPage\":{\"@id\":\"https:\/\/portaltela.pt\/noticias\/2026\/02\/03\/morte-do-pequeno-emile-continua-em-misterio-familia-pede-novas-investigacoes\/\"},\"wordCount\":280,\"image\":{\"@id\":\"https:\/\/portaltela.pt\/noticias\/2026\/02\/03\/morte-do-pequeno-emile-continua-em-misterio-familia-pede-novas-investigacoes\/#primaryimage\"},\"thumbnailUrl\":\"https:\/\/portaltela.pt\/s.01k8rhncp4jt1\/2026\/02\/img_1500x1000uu2024-04-19-13-45-09-1632932.jpg\",\"keywords\":[\"crime\",\"Fran\u00e7a\",\"homic\u00eddio\",\"investiga\u00e7\u00e3o criminal\",\"oculta\u00e7\u00e3o de cad\u00e1ver\"],\"articleSection\":[\"Internacional\",\"Not\u00edcias\"],\"inLanguage\":\"pt-PT\"},{\"@type\":\"WebPage\",\"@id\":\"https:\/\/portaltela.pt\/noticias\/2026\/02\/03\/morte-do-pequeno-emile-continua-em-misterio-familia-pede-novas-investigacoes\/\",\"url\":\"https:\/\/portaltela.pt\/noticias\/2026\/02\/03\/morte-do-pequeno-emile-continua-em-misterio-familia-pede-novas-investigacoes\/\",\"name\":\"Morte do pequeno \u00c9mile continua em mist\u00e9rio; fam\u00edlia pede novas investiga\u00e7\u00f5es - Portal Tela Portugal\",\"isPartOf\":{\"@id\":\"https:\/\/portaltela.pt\/#website\"},\"primaryImageOfPage\":{\"@id\":\"https:\/\/portaltela.pt\/noticias\/2026\/02\/03\/morte-do-pequeno-emile-continua-em-misterio-familia-pede-novas-investigacoes\/#primaryimage\"},\"image\":{\"@id\":\"https:\/\/portaltela.pt\/noticias\/2026\/02\/03\/morte-do-pequeno-emile-continua-em-misterio-familia-pede-novas-investigacoes\/#primaryimage\"},\"thumbnailUrl\":\"https:\/\/portaltela.pt\/s.01k8rhncp4jt1\/2026\/02\/img_1500x1000uu2024-04-19-13-45-09-1632932.jpg\",\"datePublished\":\"2026-02-03T15:02:08+00:00\",\"author\":{\"@id\":\"https:\/\/portaltela.pt\/#\/schema\/person\/c4278d4a6028830caff9ee44b42d32ed\"},\"breadcrumb\":{\"@id\":\"https:\/\/portaltela.pt\/noticias\/2026\/02\/03\/morte-do-pequeno-emile-continua-em-misterio-familia-pede-novas-investigacoes\/#breadcrumb\"},\"inLanguage\":\"pt-PT\",\"potentialAction\":[{\"@type\":\"ReadAction\",\"target\":[\"https:\/\/portaltela.pt\/noticias\/2026\/02\/03\/morte-do-pequeno-emile-continua-em-misterio-familia-pede-novas-investigacoes\/\"]}]},{\"@type\":\"ImageObject\",\"inLanguage\":\"pt-PT\",\"@id\":\"https:\/\/portaltela.pt\/noticias\/2026\/02\/03\/morte-do-pequeno-emile-continua-em-misterio-familia-pede-novas-investigacoes\/#primaryimage\",\"url\":\"https:\/\/portaltela.pt\/s.01k8rhncp4jt1\/2026\/02\/img_1500x1000uu2024-04-19-13-45-09-1632932.jpg\",\"contentUrl\":\"https:\/\/portaltela.pt\/s.01k8rhncp4jt1\/2026\/02\/img_1500x1000uu2024-04-19-13-45-09-1632932.jpg\",\"width\":796,\"height\":448,\"caption\":\"O pequeno \u00c9mile Soleil\"},{\"@type\":\"BreadcrumbList\",\"@id\":\"https:\/\/portaltela.pt\/noticias\/2026\/02\/03\/morte-do-pequeno-emile-continua-em-misterio-familia-pede-novas-investigacoes\/#breadcrumb\",\"itemListElement\":[{\"@type\":\"ListItem\",\"position\":1,\"name\":\"In\u00edcio\",\"item\":\"https:\/\/portaltela.pt\/\"},{\"@type\":\"ListItem\",\"position\":2,\"name\":\"Morte do pequeno \u00c9mile continua em mist\u00e9rio; fam\u00edlia pede novas investiga\u00e7\u00f5es\"}]},{\"@type\":\"WebSite\",\"@id\":\"https:\/\/portaltela.pt\/#website\",\"url\":\"https:\/\/portaltela.pt\/\",\"name\":\"Portal Tela Portugal\",\"description\":\"\",\"potentialAction\":[{\"@type\":\"SearchAction\",\"target\":{\"@type\":\"EntryPoint\",\"urlTemplate\":\"https:\/\/portaltela.pt\/?s={search_term_string}\"},\"query-input\":{\"@type\":\"PropertyValueSpecification\",\"valueRequired\":true,\"valueName\":\"search_term_string\"}}],\"inLanguage\":\"pt-PT\"},{\"@type\":\"Person\",\"@id\":\"https:\/\/portaltela.pt\/#\/schema\/person\/c4278d4a6028830caff9ee44b42d32ed\",\"name\":\"Telinha\",\"image\":{\"@type\":\"ImageObject\",\"inLanguage\":\"pt-PT\",\"@id\":\"https:\/\/portaltela.pt\/s.01k8rhncp4jt1\/2025\/11\/talking-bot-125x125.png\",\"url\":\"https:\/\/portaltela.pt\/s.01k8rhncp4jt1\/2025\/11\/talking-bot-125x125.png\",\"contentUrl\":\"https:\/\/portaltela.pt\/s.01k8rhncp4jt1\/2025\/11\/talking-bot-125x125.png\",\"caption\":\"Telinha\"},\"sameAs\":[\"https:\/\/portaltela.pt\/\"],\"url\":\"https:\/\/portaltela.pt\/por\/367410592786\/\"}]}<\/script>\n<!-- \/ Yoast SEO plugin. -->","yoast_head_json":{"title":"Morte do pequeno \u00c9mile continua em mist\u00e9rio; fam\u00edlia pede novas investiga\u00e7\u00f5es - Portal Tela Portugal","robots":{"index":"index","follow":"follow","max-snippet":"max-snippet:-1","max-image-preview":"max-image-preview:large","max-video-preview":"max-video-preview:-1"},"og_locale":"pt_PT","og_type":"article","og_title":"Morte do pequeno \u00c9mile continua em mist\u00e9rio; fam\u00edlia pede novas investiga\u00e7\u00f5es - Portal Tela Portugal","og_description":"No dia 8 de julho de 2023, \u00c9mile desapareceu na casa dos av\u00f3s, na aldeia francesa de Haut-Vernet. Em mar\u00e7o de 2024 foram encontradas as ossadas do menino perto do local onde foi visto pela \u00faltima vez. Av\u00f3s maternos e tios foram detidos na sequ\u00eancia, mas libertados dois dias depois. A fam\u00edlia pediu novas investiga\u00e7\u00f5es, alegando que existem pistas e locais por examinar que justificam aprofundar o inqu\u00e9rito. A investiga\u00e7\u00e3o apontou um traumatismo facial violento, sugerindo poss\u00edvel interven\u00e7\u00e3o de terceiros, sem descartar a vertente familiar.","og_url":"https:\/\/portaltela.pt\/noticias\/2026\/02\/03\/morte-do-pequeno-emile-continua-em-misterio-familia-pede-novas-investigacoes\/","og_site_name":"Portal Tela Portugal","article_published_time":"2026-02-03T15:02:08+00:00","author":"Telinha","twitter_card":"summary_large_image","twitter_misc":{"Escrito por":"Telinha","Tempo estimado de leitura":"1 minuto"},"schema":{"@context":"https:\/\/schema.org","@graph":[{"@type":"Article","@id":"https:\/\/portaltela.pt\/noticias\/2026\/02\/03\/morte-do-pequeno-emile-continua-em-misterio-familia-pede-novas-investigacoes\/#article","isPartOf":{"@id":"https:\/\/portaltela.pt\/noticias\/2026\/02\/03\/morte-do-pequeno-emile-continua-em-misterio-familia-pede-novas-investigacoes\/"},"author":{"name":"Telinha","@id":"https:\/\/portaltela.pt\/#\/schema\/person\/c4278d4a6028830caff9ee44b42d32ed"},"headline":"Morte do pequeno \u00c9mile continua em mist\u00e9rio; fam\u00edlia pede novas investiga\u00e7\u00f5es","datePublished":"2026-02-03T15:02:08+00:00","mainEntityOfPage":{"@id":"https:\/\/portaltela.pt\/noticias\/2026\/02\/03\/morte-do-pequeno-emile-continua-em-misterio-familia-pede-novas-investigacoes\/"},"wordCount":280,"image":{"@id":"https:\/\/portaltela.pt\/noticias\/2026\/02\/03\/morte-do-pequeno-emile-continua-em-misterio-familia-pede-novas-investigacoes\/#primaryimage"},"thumbnailUrl":"https:\/\/portaltela.pt\/s.01k8rhncp4jt1\/2026\/02\/img_1500x1000uu2024-04-19-13-45-09-1632932.jpg","keywords":["crime","Fran\u00e7a","homic\u00eddio","investiga\u00e7\u00e3o criminal","oculta\u00e7\u00e3o de cad\u00e1ver"],"articleSection":["Internacional","Not\u00edcias"],"inLanguage":"pt-PT"},{"@type":"WebPage","@id":"https:\/\/portaltela.pt\/noticias\/2026\/02\/03\/morte-do-pequeno-emile-continua-em-misterio-familia-pede-novas-investigacoes\/","url":"https:\/\/portaltela.pt\/noticias\/2026\/02\/03\/morte-do-pequeno-emile-continua-em-misterio-familia-pede-novas-investigacoes\/","name":"Morte do pequeno \u00c9mile continua em mist\u00e9rio; fam\u00edlia pede novas investiga\u00e7\u00f5es - Portal Tela Portugal","isPartOf":{"@id":"https:\/\/portaltela.pt\/#website"},"primaryImageOfPage":{"@id":"https:\/\/portaltela.pt\/noticias\/2026\/02\/03\/morte-do-pequeno-emile-continua-em-misterio-familia-pede-novas-investigacoes\/#primaryimage"},"image":{"@id":"https:\/\/portaltela.pt\/noticias\/2026\/02\/03\/morte-do-pequeno-emile-continua-em-misterio-familia-pede-novas-investigacoes\/#primaryimage"},"thumbnailUrl":"https:\/\/portaltela.pt\/s.01k8rhncp4jt1\/2026\/02\/img_1500x1000uu2024-04-19-13-45-09-1632932.jpg","datePublished":"2026-02-03T15:02:08+00:00","author":{"@id":"https:\/\/portaltela.pt\/#\/schema\/person\/c4278d4a6028830caff9ee44b42d32ed"},"breadcrumb":{"@id":"https:\/\/portaltela.pt\/noticias\/2026\/02\/03\/morte-do-pequeno-emile-continua-em-misterio-familia-pede-novas-investigacoes\/#breadcrumb"},"inLanguage":"pt-PT","potentialAction":[{"@type":"ReadAction","target":["https:\/\/portaltela.pt\/noticias\/2026\/02\/03\/morte-do-pequeno-emile-continua-em-misterio-familia-pede-novas-investigacoes\/"]}]},{"@type":"ImageObject","inLanguage":"pt-PT","@id":"https:\/\/portaltela.pt\/noticias\/2026\/02\/03\/morte-do-pequeno-emile-continua-em-misterio-familia-pede-novas-investigacoes\/#primaryimage","url":"https:\/\/portaltela.pt\/s.01k8rhncp4jt1\/2026\/02\/img_1500x1000uu2024-04-19-13-45-09-1632932.jpg","contentUrl":"https:\/\/portaltela.pt\/s.01k8rhncp4jt1\/2026\/02\/img_1500x1000uu2024-04-19-13-45-09-1632932.jpg","width":796,"height":448,"caption":"O pequeno \u00c9mile Soleil"},{"@type":"BreadcrumbList","@id":"https:\/\/portaltela.pt\/noticias\/2026\/02\/03\/morte-do-pequeno-emile-continua-em-misterio-familia-pede-novas-investigacoes\/#breadcrumb","itemListElement":[{"@type":"ListItem","position":1,"name":"In\u00edcio","item":"https:\/\/portaltela.pt\/"},{"@type":"ListItem","position":2,"name":"Morte do pequeno \u00c9mile continua em mist\u00e9rio; fam\u00edlia pede novas investiga\u00e7\u00f5es"}]},{"@type":"WebSite","@id":"https:\/\/portaltela.pt\/#website","url":"https:\/\/portaltela.pt\/","name":"Portal Tela Portugal","description":"","potentialAction":[{"@type":"SearchAction","target":{"@type":"EntryPoint","urlTemplate":"https:\/\/portaltela.pt\/?s={search_term_string}"},"query-input":{"@type":"PropertyValueSpecification","valueRequired":true,"valueName":"search_term_string"}}],"inLanguage":"pt-PT"},{"@type":"Person","@id":"https:\/\/portaltela.pt\/#\/schema\/person\/c4278d4a6028830caff9ee44b42d32ed","name":"Telinha","image":{"@type":"ImageObject","inLanguage":"pt-PT","@id":"https:\/\/portaltela.pt\/s.01k8rhncp4jt1\/2025\/11\/talking-bot-125x125.png","url":"https:\/\/portaltela.pt\/s.01k8rhncp4jt1\/2025\/11\/talking-bot-125x125.png","contentUrl":"https:\/\/portaltela.pt\/s.01k8rhncp4jt1\/2025\/11\/talking-bot-125x125.png","caption":"Telinha"},"sameAs":["https:\/\/portaltela.pt\/"],"url":"https:\/\/portaltela.pt\/por\/367410592786\/"}]}},"_links":{"self":[{"href":"https:\/\/portaltela.pt\/api\/wp\/v2\/posts\/193998","targetHints":{"allow":["GET"]}}],"collection":[{"href":"https:\/\/portaltela.pt\/api\/wp\/v2\/posts"}],"about":[{"href":"https:\/\/portaltela.pt\/api\/wp\/v2\/types\/post"}],"author":[{"embeddable":true,"href":"https:\/\/portaltela.pt\/api\/wp\/v2\/users\/2"}],"replies":[{"embeddable":true,"href":"https:\/\/portaltela.pt\/api\/wp\/v2\/comments?post=193998"}],"version-history":[{"count":0,"href":"https:\/\/portaltela.pt\/api\/wp\/v2\/posts\/193998\/revisions"}],"wp:featuredmedia":[{"embeddable":true,"href":"https:\/\/portaltela.pt\/api\/wp\/v2\/media\/193999"}],"wp:attachment":[{"href":"https:\/\/portaltela.pt\/api\/wp\/v2\/media?parent=193998"}],"wp:term":[{"taxonomy":"category","embeddable":true,"href":"https:\/\/portaltela.pt\/api\/wp\/v2\/categories?post=193998"},{"taxonomy":"post_tag","embeddable":true,"href":"https:\/\/portaltela.pt\/api\/wp\/v2\/tags?post=193998"}],"curies":[{"name":"wp","href":"https:\/\/api.w.org\/{rel}","templated":true}]}}