{"id":193995,"date":"2026-02-03T12:09:56","date_gmt":"2026-02-03T15:09:56","guid":{"rendered":"https:\/\/portaltela.pt\/noticias\/2026\/02\/03\/mais-de-100-organizacoes-pedem-fim-real-dos-combustiveis-fosseis-na-cop30\/"},"modified":"2026-02-03T12:09:56","modified_gmt":"2026-02-03T15:09:56","slug":"mais-de-100-organizacoes-pedem-fim-real-dos-combustiveis-fosseis-na-cop30","status":"publish","type":"post","link":"https:\/\/portaltela.pt\/noticias\/politica\/2026\/02\/03\/mais-de-100-organizacoes-pedem-fim-real-dos-combustiveis-fosseis-na-cop30\/","title":{"rendered":"Mais de 100 organiza\u00e7\u00f5es pedem fim real dos combust\u00edveis f\u00f3sseis na COP30"},"content":{"rendered":"<p>Mais de 100 organiza\u00e7\u00f5es da sociedade civil pediram \u00e0 presid\u00eancia da COP30 um processo real e inclusivo para o fim dos combust\u00edveis f\u00f3sseis. A carta alerta para a necessidade de um compromisso pol\u00edtico mais forte e de participa\u00e7\u00e3o genu\u00edna, para evitar que o roteiro seja apenas um documento sem efeitos pr\u00e1ticos.<\/p>\n<p>O pedido foi dirigido \u00e0 presid\u00eancia da COP30, ap\u00f3s a divulga\u00e7\u00e3o de uma carta do presidente da confer\u00eancia, Andr\u00e9 Corr\u00eaa do Lago. O documento, assinado por 114 organiza\u00e7\u00f5es, sustenta que o roteiro precisa ir al\u00e9m de um exerc\u00edcio t\u00e9cnico para ganhar credibilidade.<\/p>\n<p>O roteiro para os combust\u00edveis f\u00f3sseis foi proposto pelo Brasil na COP30 realizada em Bel\u00e9m, em novembro do ano passado, mas acabou exclu\u00eddo do texto final por press\u00e3o de pa\u00edses produtores de petr\u00f3leo. A carta sublinha a import\u00e2ncia de enfrentar a volatilidade dos mercados de energia.<\/p>\n<p>Segundo as signat\u00e1rias, uma redu\u00e7\u00e3o ordenada da produ\u00e7\u00e3o e do consumo de combust\u00edveis f\u00f3sseis \u00e9 essencial para a seguran\u00e7a energ\u00e9tica, a estabilidade econ\u00f3mica e a resili\u00eancia pol\u00edtica. A iniciativa pretende ainda estimular pol\u00edticas de transi\u00e7\u00e3o justas.<\/p>\n<p>Entre os signat\u00e1rios da carta divulgada pela Lusa destacam-se organiza\u00e7\u00f5es de justi\u00e7a clim\u00e1tica, povos ind\u00edgenas, direitos humanos, grupos religiosos e comunit\u00e1rios. A coaliz\u00e3o coordena a a\u00e7\u00e3o com a rede Observat\u00f3rio do Clima.<\/p>\n","protected":false},"excerpt":{"rendered":"<ul>\n<li>Mais de 100 organiza\u00e7\u00f5es da sociedade civil pedem, numa carta aberta, um processo real e inclusivo para o fim dos combust\u00edveis f\u00f3sseis na COP30, realizada no Brasil em 2025.<\/li>\n<li>A carta, dirigida \u00e0 presid\u00eancia da COP30, alerta que sem compromisso pol\u00edtico mais forte o roteiro pode tornar\u2011se apenas mais um documento sem impacto.<\/li>\n<li>O documento, proposto pelo Brasil em Bel\u00e9m, ficou fora do texto final da confer\u00eancia devido \u00e0 press\u00e3o de pa\u00edses produtores de petr\u00f3leo.<\/li>\n<li>As organiza\u00e7\u00f5es defendem uma redu\u00e7\u00e3o justa e ordenada da produ\u00e7\u00e3o e do consumo de combust\u00edveis f\u00f3sseis, e uma transi\u00e7\u00e3o energ\u00e9tica que garanta energia acess\u00edvel e est\u00e1vel.<\/li>\n<li>Entre os signat\u00e1rios est\u00e3o grupos de justi\u00e7a clim\u00e1tica, povos ind\u00edgenas, direitos humanos, organiza\u00e7\u00f5es religiosas e comunit\u00e1rias; Andreas Sieber, da 350.org, coordena a iniciativa.<\/li>\n<\/ul>\n","protected":false},"author":2,"featured_media":193997,"comment_status":"closed","ping_status":"closed","sticky":false,"template":"","format":"standard","meta":{"footnotes":""},"categories":[1,5],"tags":[2053,2633,5218,2729,811,5156],"class_list":["post-193995","post","type-post","status-publish","format-standard","has-post-thumbnail","hentry","category-noticias","category-politica","tag-acao-climatica","tag-direitos-humanos","tag-economia-verde","tag-energia-renovavel","tag-protecao-ambiental","tag-transicao-climatica"],"yoast_head":"<!-- This site is optimized with the Yoast SEO plugin v27.2 - https:\/\/yoast.com\/product\/yoast-seo-wordpress\/ -->\n<title>Mais de 100 organiza\u00e7\u00f5es pedem fim real dos combust\u00edveis f\u00f3sseis na COP30 - Portal Tela Portugal<\/title>\n<meta name=\"robots\" content=\"index, follow, max-snippet:-1, max-image-preview:large, max-video-preview:-1\" \/>\n<meta property=\"og:locale\" content=\"pt_PT\" \/>\n<meta property=\"og:type\" content=\"article\" \/>\n<meta property=\"og:title\" content=\"Mais de 100 organiza\u00e7\u00f5es pedem fim real dos combust\u00edveis f\u00f3sseis na COP30 - Portal Tela Portugal\" \/>\n<meta property=\"og:description\" content=\"Mais de 100 organiza\u00e7\u00f5es da sociedade civil pedem, numa carta aberta, um processo real e inclusivo para o fim dos combust\u00edveis f\u00f3sseis na COP30, realizada no Brasil em 2025. A carta, dirigida \u00e0 presid\u00eancia da COP30, alerta que sem compromisso pol\u00edtico mais forte o roteiro pode tornar\u2011se apenas mais um documento sem impacto. O documento, proposto pelo Brasil em Bel\u00e9m, ficou fora do texto final da confer\u00eancia devido \u00e0 press\u00e3o de pa\u00edses produtores de petr\u00f3leo. As organiza\u00e7\u00f5es defendem uma redu\u00e7\u00e3o justa e ordenada da produ\u00e7\u00e3o e do consumo de combust\u00edveis f\u00f3sseis, e uma transi\u00e7\u00e3o energ\u00e9tica que garanta energia acess\u00edvel e est\u00e1vel. Entre os signat\u00e1rios est\u00e3o grupos de justi\u00e7a clim\u00e1tica, povos ind\u00edgenas, direitos humanos, organiza\u00e7\u00f5es religiosas e comunit\u00e1rias; Andreas Sieber, da 350.org, coordena a iniciativa.\" \/>\n<meta property=\"og:url\" content=\"https:\/\/portaltela.pt\/noticias\/2026\/02\/03\/mais-de-100-organizacoes-pedem-fim-real-dos-combustiveis-fosseis-na-cop30\/\" \/>\n<meta property=\"og:site_name\" content=\"Portal Tela Portugal\" \/>\n<meta property=\"article:published_time\" content=\"2026-02-03T15:09:56+00:00\" \/>\n<meta name=\"author\" content=\"Telinha\" \/>\n<meta name=\"twitter:card\" content=\"summary_large_image\" \/>\n<meta name=\"twitter:label1\" content=\"Escrito por\" \/>\n\t<meta name=\"twitter:data1\" content=\"Telinha\" \/>\n\t<meta name=\"twitter:label2\" content=\"Tempo estimado de leitura\" \/>\n\t<meta name=\"twitter:data2\" content=\"1 minuto\" \/>\n<script type=\"application\/ld+json\" class=\"yoast-schema-graph\">{\"@context\":\"https:\/\/schema.org\",\"@graph\":[{\"@type\":\"Article\",\"@id\":\"https:\/\/portaltela.pt\/noticias\/2026\/02\/03\/mais-de-100-organizacoes-pedem-fim-real-dos-combustiveis-fosseis-na-cop30\/#article\",\"isPartOf\":{\"@id\":\"https:\/\/portaltela.pt\/noticias\/2026\/02\/03\/mais-de-100-organizacoes-pedem-fim-real-dos-combustiveis-fosseis-na-cop30\/\"},\"author\":{\"name\":\"Telinha\",\"@id\":\"https:\/\/portaltela.pt\/#\/schema\/person\/c4278d4a6028830caff9ee44b42d32ed\"},\"headline\":\"Mais de 100 organiza\u00e7\u00f5es pedem fim real dos combust\u00edveis f\u00f3sseis na COP30\",\"datePublished\":\"2026-02-03T15:09:56+00:00\",\"mainEntityOfPage\":{\"@id\":\"https:\/\/portaltela.pt\/noticias\/2026\/02\/03\/mais-de-100-organizacoes-pedem-fim-real-dos-combustiveis-fosseis-na-cop30\/\"},\"wordCount\":262,\"image\":{\"@id\":\"https:\/\/portaltela.pt\/noticias\/2026\/02\/03\/mais-de-100-organizacoes-pedem-fim-real-dos-combustiveis-fosseis-na-cop30\/#primaryimage\"},\"thumbnailUrl\":\"https:\/\/portaltela.pt\/s.01k8rhncp4jt1\/2026\/02\/img_1280x721uu2025-11-22-15-04-21-2249770.jpg\",\"keywords\":[\"A\u00e7\u00e3o Clim\u00e1tica\",\"direitos humanos\",\"economia verde\",\"energia renov\u00e1vel\",\"prote\u00e7\u00e3o ambiental\",\"Transi\u00e7\u00e3o Clim\u00e1tica\"],\"articleSection\":[\"Not\u00edcias\",\"Pol\u00edtica\"],\"inLanguage\":\"pt-PT\"},{\"@type\":\"WebPage\",\"@id\":\"https:\/\/portaltela.pt\/noticias\/2026\/02\/03\/mais-de-100-organizacoes-pedem-fim-real-dos-combustiveis-fosseis-na-cop30\/\",\"url\":\"https:\/\/portaltela.pt\/noticias\/2026\/02\/03\/mais-de-100-organizacoes-pedem-fim-real-dos-combustiveis-fosseis-na-cop30\/\",\"name\":\"Mais de 100 organiza\u00e7\u00f5es pedem fim real dos combust\u00edveis f\u00f3sseis na COP30 - Portal Tela Portugal\",\"isPartOf\":{\"@id\":\"https:\/\/portaltela.pt\/#website\"},\"primaryImageOfPage\":{\"@id\":\"https:\/\/portaltela.pt\/noticias\/2026\/02\/03\/mais-de-100-organizacoes-pedem-fim-real-dos-combustiveis-fosseis-na-cop30\/#primaryimage\"},\"image\":{\"@id\":\"https:\/\/portaltela.pt\/noticias\/2026\/02\/03\/mais-de-100-organizacoes-pedem-fim-real-dos-combustiveis-fosseis-na-cop30\/#primaryimage\"},\"thumbnailUrl\":\"https:\/\/portaltela.pt\/s.01k8rhncp4jt1\/2026\/02\/img_1280x721uu2025-11-22-15-04-21-2249770.jpg\",\"datePublished\":\"2026-02-03T15:09:56+00:00\",\"author\":{\"@id\":\"https:\/\/portaltela.pt\/#\/schema\/person\/c4278d4a6028830caff9ee44b42d32ed\"},\"breadcrumb\":{\"@id\":\"https:\/\/portaltela.pt\/noticias\/2026\/02\/03\/mais-de-100-organizacoes-pedem-fim-real-dos-combustiveis-fosseis-na-cop30\/#breadcrumb\"},\"inLanguage\":\"pt-PT\",\"potentialAction\":[{\"@type\":\"ReadAction\",\"target\":[\"https:\/\/portaltela.pt\/noticias\/2026\/02\/03\/mais-de-100-organizacoes-pedem-fim-real-dos-combustiveis-fosseis-na-cop30\/\"]}]},{\"@type\":\"ImageObject\",\"inLanguage\":\"pt-PT\",\"@id\":\"https:\/\/portaltela.pt\/noticias\/2026\/02\/03\/mais-de-100-organizacoes-pedem-fim-real-dos-combustiveis-fosseis-na-cop30\/#primaryimage\",\"url\":\"https:\/\/portaltela.pt\/s.01k8rhncp4jt1\/2026\/02\/img_1280x721uu2025-11-22-15-04-21-2249770.jpg\",\"contentUrl\":\"https:\/\/portaltela.pt\/s.01k8rhncp4jt1\/2026\/02\/img_1280x721uu2025-11-22-15-04-21-2249770.jpg\",\"width\":796,\"height\":448,\"caption\":\"COP30 no Brasil\"},{\"@type\":\"BreadcrumbList\",\"@id\":\"https:\/\/portaltela.pt\/noticias\/2026\/02\/03\/mais-de-100-organizacoes-pedem-fim-real-dos-combustiveis-fosseis-na-cop30\/#breadcrumb\",\"itemListElement\":[{\"@type\":\"ListItem\",\"position\":1,\"name\":\"In\u00edcio\",\"item\":\"https:\/\/portaltela.pt\/\"},{\"@type\":\"ListItem\",\"position\":2,\"name\":\"Mais de 100 organiza\u00e7\u00f5es pedem fim real dos combust\u00edveis f\u00f3sseis na COP30\"}]},{\"@type\":\"WebSite\",\"@id\":\"https:\/\/portaltela.pt\/#website\",\"url\":\"https:\/\/portaltela.pt\/\",\"name\":\"Portal Tela Portugal\",\"description\":\"\",\"potentialAction\":[{\"@type\":\"SearchAction\",\"target\":{\"@type\":\"EntryPoint\",\"urlTemplate\":\"https:\/\/portaltela.pt\/?s={search_term_string}\"},\"query-input\":{\"@type\":\"PropertyValueSpecification\",\"valueRequired\":true,\"valueName\":\"search_term_string\"}}],\"inLanguage\":\"pt-PT\"},{\"@type\":\"Person\",\"@id\":\"https:\/\/portaltela.pt\/#\/schema\/person\/c4278d4a6028830caff9ee44b42d32ed\",\"name\":\"Telinha\",\"image\":{\"@type\":\"ImageObject\",\"inLanguage\":\"pt-PT\",\"@id\":\"https:\/\/portaltela.pt\/s.01k8rhncp4jt1\/2025\/11\/talking-bot-125x125.png\",\"url\":\"https:\/\/portaltela.pt\/s.01k8rhncp4jt1\/2025\/11\/talking-bot-125x125.png\",\"contentUrl\":\"https:\/\/portaltela.pt\/s.01k8rhncp4jt1\/2025\/11\/talking-bot-125x125.png\",\"caption\":\"Telinha\"},\"sameAs\":[\"https:\/\/portaltela.pt\/\"],\"url\":\"https:\/\/portaltela.pt\/por\/367410592786\/\"}]}<\/script>\n<!-- \/ Yoast SEO plugin. -->","yoast_head_json":{"title":"Mais de 100 organiza\u00e7\u00f5es pedem fim real dos combust\u00edveis f\u00f3sseis na COP30 - Portal Tela Portugal","robots":{"index":"index","follow":"follow","max-snippet":"max-snippet:-1","max-image-preview":"max-image-preview:large","max-video-preview":"max-video-preview:-1"},"og_locale":"pt_PT","og_type":"article","og_title":"Mais de 100 organiza\u00e7\u00f5es pedem fim real dos combust\u00edveis f\u00f3sseis na COP30 - Portal Tela Portugal","og_description":"Mais de 100 organiza\u00e7\u00f5es da sociedade civil pedem, numa carta aberta, um processo real e inclusivo para o fim dos combust\u00edveis f\u00f3sseis na COP30, realizada no Brasil em 2025. A carta, dirigida \u00e0 presid\u00eancia da COP30, alerta que sem compromisso pol\u00edtico mais forte o roteiro pode tornar\u2011se apenas mais um documento sem impacto. O documento, proposto pelo Brasil em Bel\u00e9m, ficou fora do texto final da confer\u00eancia devido \u00e0 press\u00e3o de pa\u00edses produtores de petr\u00f3leo. As organiza\u00e7\u00f5es defendem uma redu\u00e7\u00e3o justa e ordenada da produ\u00e7\u00e3o e do consumo de combust\u00edveis f\u00f3sseis, e uma transi\u00e7\u00e3o energ\u00e9tica que garanta energia acess\u00edvel e est\u00e1vel. Entre os signat\u00e1rios est\u00e3o grupos de justi\u00e7a clim\u00e1tica, povos ind\u00edgenas, direitos humanos, organiza\u00e7\u00f5es religiosas e comunit\u00e1rias; Andreas Sieber, da 350.org, coordena a iniciativa.","og_url":"https:\/\/portaltela.pt\/noticias\/2026\/02\/03\/mais-de-100-organizacoes-pedem-fim-real-dos-combustiveis-fosseis-na-cop30\/","og_site_name":"Portal Tela Portugal","article_published_time":"2026-02-03T15:09:56+00:00","author":"Telinha","twitter_card":"summary_large_image","twitter_misc":{"Escrito por":"Telinha","Tempo estimado de leitura":"1 minuto"},"schema":{"@context":"https:\/\/schema.org","@graph":[{"@type":"Article","@id":"https:\/\/portaltela.pt\/noticias\/2026\/02\/03\/mais-de-100-organizacoes-pedem-fim-real-dos-combustiveis-fosseis-na-cop30\/#article","isPartOf":{"@id":"https:\/\/portaltela.pt\/noticias\/2026\/02\/03\/mais-de-100-organizacoes-pedem-fim-real-dos-combustiveis-fosseis-na-cop30\/"},"author":{"name":"Telinha","@id":"https:\/\/portaltela.pt\/#\/schema\/person\/c4278d4a6028830caff9ee44b42d32ed"},"headline":"Mais de 100 organiza\u00e7\u00f5es pedem fim real dos combust\u00edveis f\u00f3sseis na COP30","datePublished":"2026-02-03T15:09:56+00:00","mainEntityOfPage":{"@id":"https:\/\/portaltela.pt\/noticias\/2026\/02\/03\/mais-de-100-organizacoes-pedem-fim-real-dos-combustiveis-fosseis-na-cop30\/"},"wordCount":262,"image":{"@id":"https:\/\/portaltela.pt\/noticias\/2026\/02\/03\/mais-de-100-organizacoes-pedem-fim-real-dos-combustiveis-fosseis-na-cop30\/#primaryimage"},"thumbnailUrl":"https:\/\/portaltela.pt\/s.01k8rhncp4jt1\/2026\/02\/img_1280x721uu2025-11-22-15-04-21-2249770.jpg","keywords":["A\u00e7\u00e3o Clim\u00e1tica","direitos humanos","economia verde","energia renov\u00e1vel","prote\u00e7\u00e3o ambiental","Transi\u00e7\u00e3o Clim\u00e1tica"],"articleSection":["Not\u00edcias","Pol\u00edtica"],"inLanguage":"pt-PT"},{"@type":"WebPage","@id":"https:\/\/portaltela.pt\/noticias\/2026\/02\/03\/mais-de-100-organizacoes-pedem-fim-real-dos-combustiveis-fosseis-na-cop30\/","url":"https:\/\/portaltela.pt\/noticias\/2026\/02\/03\/mais-de-100-organizacoes-pedem-fim-real-dos-combustiveis-fosseis-na-cop30\/","name":"Mais de 100 organiza\u00e7\u00f5es pedem fim real dos combust\u00edveis f\u00f3sseis na COP30 - Portal Tela Portugal","isPartOf":{"@id":"https:\/\/portaltela.pt\/#website"},"primaryImageOfPage":{"@id":"https:\/\/portaltela.pt\/noticias\/2026\/02\/03\/mais-de-100-organizacoes-pedem-fim-real-dos-combustiveis-fosseis-na-cop30\/#primaryimage"},"image":{"@id":"https:\/\/portaltela.pt\/noticias\/2026\/02\/03\/mais-de-100-organizacoes-pedem-fim-real-dos-combustiveis-fosseis-na-cop30\/#primaryimage"},"thumbnailUrl":"https:\/\/portaltela.pt\/s.01k8rhncp4jt1\/2026\/02\/img_1280x721uu2025-11-22-15-04-21-2249770.jpg","datePublished":"2026-02-03T15:09:56+00:00","author":{"@id":"https:\/\/portaltela.pt\/#\/schema\/person\/c4278d4a6028830caff9ee44b42d32ed"},"breadcrumb":{"@id":"https:\/\/portaltela.pt\/noticias\/2026\/02\/03\/mais-de-100-organizacoes-pedem-fim-real-dos-combustiveis-fosseis-na-cop30\/#breadcrumb"},"inLanguage":"pt-PT","potentialAction":[{"@type":"ReadAction","target":["https:\/\/portaltela.pt\/noticias\/2026\/02\/03\/mais-de-100-organizacoes-pedem-fim-real-dos-combustiveis-fosseis-na-cop30\/"]}]},{"@type":"ImageObject","inLanguage":"pt-PT","@id":"https:\/\/portaltela.pt\/noticias\/2026\/02\/03\/mais-de-100-organizacoes-pedem-fim-real-dos-combustiveis-fosseis-na-cop30\/#primaryimage","url":"https:\/\/portaltela.pt\/s.01k8rhncp4jt1\/2026\/02\/img_1280x721uu2025-11-22-15-04-21-2249770.jpg","contentUrl":"https:\/\/portaltela.pt\/s.01k8rhncp4jt1\/2026\/02\/img_1280x721uu2025-11-22-15-04-21-2249770.jpg","width":796,"height":448,"caption":"COP30 no Brasil"},{"@type":"BreadcrumbList","@id":"https:\/\/portaltela.pt\/noticias\/2026\/02\/03\/mais-de-100-organizacoes-pedem-fim-real-dos-combustiveis-fosseis-na-cop30\/#breadcrumb","itemListElement":[{"@type":"ListItem","position":1,"name":"In\u00edcio","item":"https:\/\/portaltela.pt\/"},{"@type":"ListItem","position":2,"name":"Mais de 100 organiza\u00e7\u00f5es pedem fim real dos combust\u00edveis f\u00f3sseis na COP30"}]},{"@type":"WebSite","@id":"https:\/\/portaltela.pt\/#website","url":"https:\/\/portaltela.pt\/","name":"Portal Tela Portugal","description":"","potentialAction":[{"@type":"SearchAction","target":{"@type":"EntryPoint","urlTemplate":"https:\/\/portaltela.pt\/?s={search_term_string}"},"query-input":{"@type":"PropertyValueSpecification","valueRequired":true,"valueName":"search_term_string"}}],"inLanguage":"pt-PT"},{"@type":"Person","@id":"https:\/\/portaltela.pt\/#\/schema\/person\/c4278d4a6028830caff9ee44b42d32ed","name":"Telinha","image":{"@type":"ImageObject","inLanguage":"pt-PT","@id":"https:\/\/portaltela.pt\/s.01k8rhncp4jt1\/2025\/11\/talking-bot-125x125.png","url":"https:\/\/portaltela.pt\/s.01k8rhncp4jt1\/2025\/11\/talking-bot-125x125.png","contentUrl":"https:\/\/portaltela.pt\/s.01k8rhncp4jt1\/2025\/11\/talking-bot-125x125.png","caption":"Telinha"},"sameAs":["https:\/\/portaltela.pt\/"],"url":"https:\/\/portaltela.pt\/por\/367410592786\/"}]}},"_links":{"self":[{"href":"https:\/\/portaltela.pt\/api\/wp\/v2\/posts\/193995","targetHints":{"allow":["GET"]}}],"collection":[{"href":"https:\/\/portaltela.pt\/api\/wp\/v2\/posts"}],"about":[{"href":"https:\/\/portaltela.pt\/api\/wp\/v2\/types\/post"}],"author":[{"embeddable":true,"href":"https:\/\/portaltela.pt\/api\/wp\/v2\/users\/2"}],"replies":[{"embeddable":true,"href":"https:\/\/portaltela.pt\/api\/wp\/v2\/comments?post=193995"}],"version-history":[{"count":0,"href":"https:\/\/portaltela.pt\/api\/wp\/v2\/posts\/193995\/revisions"}],"wp:featuredmedia":[{"embeddable":true,"href":"https:\/\/portaltela.pt\/api\/wp\/v2\/media\/193997"}],"wp:attachment":[{"href":"https:\/\/portaltela.pt\/api\/wp\/v2\/media?parent=193995"}],"wp:term":[{"taxonomy":"category","embeddable":true,"href":"https:\/\/portaltela.pt\/api\/wp\/v2\/categories?post=193995"},{"taxonomy":"post_tag","embeddable":true,"href":"https:\/\/portaltela.pt\/api\/wp\/v2\/tags?post=193995"}],"curies":[{"name":"wp","href":"https:\/\/api.w.org\/{rel}","templated":true}]}}