{"id":193992,"date":"2026-02-03T11:53:00","date_gmt":"2026-02-03T14:53:00","guid":{"rendered":"https:\/\/portaltela.pt\/noticias\/2026\/02\/03\/homem-de-32-detido-por-abusar-de-menina-de-13-anos-em-vagos\/"},"modified":"2026-02-03T11:53:00","modified_gmt":"2026-02-03T14:53:00","slug":"homem-de-32-detido-por-abusar-de-menina-de-13-anos-em-vagos","status":"publish","type":"post","link":"https:\/\/portaltela.pt\/noticias\/2026\/02\/03\/homem-de-32-detido-por-abusar-de-menina-de-13-anos-em-vagos\/","title":{"rendered":"Homem de 32 detido por abusar de menina de 13 anos em Vagos"},"content":{"rendered":"<p>Um homem de 32 anos foi detido por alegados abusos sexuais de uma menor de 13 anos em Vagos. A deten\u00e7\u00e3o ocorreu ap\u00f3s a Pol\u00edcia Judici\u00e1ria receber a informa\u00e7\u00e3o de uma familiar da v\u00edtima, que vive fora do c\u00edrculo pr\u00f3ximo da menina. A PJ confirmou que os factos chegaram ao conhecimento das autoridades nesta ter\u00e7a-feira.<\/p>\n<p>Segundo a investiga\u00e7\u00e3o, o suspeito aproveitava a proximidade e a confian\u00e7a que mantinha com os pais da v\u00edtima para, em momentos em que ficava a s\u00f3s com a menor, concretizar os abusos sexuais. A deten\u00e7\u00e3o surge no \u00e2mbito de dilig\u00eancias para esclarecer o caso e apurar aquilo que ocorreu.<\/p>\n<p>O detido ser\u00e1 apresentado \u00e0s autoridades judici\u00e1rias competentes da Comarca de Aveiro para lhe serem aplicadas medidas de coa\u00e7\u00e3o. N\u00e3o h\u00e1 neste momento informa\u00e7\u00f5es adicionais sobre eventuais antecedentes ou o estado de sa\u00fade da v\u00edtima.<\/p>\n","protected":false},"excerpt":{"rendered":"<ul>\n<li>A Pol\u00edcia Judici\u00e1ria deteve, em Vagos, um homem de 32 anos, acusado de abusar sexualmente de uma menina de treze anos.<\/li>\n<li>Os factos chegaram ao conhecimento das autoridades atrav\u00e9s de uma familiar da menor que vive fora do c\u00edrculo mais pr\u00f3ximo.<\/li>\n<li>Segundo a PJ, o suspeito recorria \u00e0 proximidade e confian\u00e7a que mantinha com os pais da v\u00edtima para, quando ficava sozinho com a menor, concretizar os abusos.<\/li>\n<li>O detido ser\u00e1 apresentado \u00e0s autoridades judici\u00e1rias competentes da Comarca de Aveiro para lhe serem aplicadas medidas de coa\u00e7\u00e3o.<\/li>\n<\/ul>\n","protected":false},"author":2,"featured_media":193994,"comment_status":"closed","ping_status":"closed","sticky":false,"template":"","format":"standard","meta":{"footnotes":""},"categories":[1],"tags":[208,1059,3682,5194,1318,1802],"class_list":["post-193992","post","type-post","status-publish","format-standard","has-post-thumbnail","hentry","category-noticias","tag-abuso-de-menores-dependentes","tag-aveiro","tag-exploracao-de-menor-dependente-ou-em-situacao-vulneravel","tag-exploracao-de-menores","tag-exploracao-sexual-de-menor-dependente-ou-em-situacao-vulneravel","tag-policia-judiciaria"],"yoast_head":"<!-- This site is optimized with the Yoast SEO plugin v27.2 - https:\/\/yoast.com\/product\/yoast-seo-wordpress\/ -->\n<title>Homem de 32 detido por abusar de menina de 13 anos em Vagos - Portal Tela Portugal<\/title>\n<meta name=\"robots\" content=\"index, follow, max-snippet:-1, max-image-preview:large, max-video-preview:-1\" \/>\n<meta property=\"og:locale\" content=\"pt_PT\" \/>\n<meta property=\"og:type\" content=\"article\" \/>\n<meta property=\"og:title\" content=\"Homem de 32 detido por abusar de menina de 13 anos em Vagos - Portal Tela Portugal\" \/>\n<meta property=\"og:description\" content=\"A Pol\u00edcia Judici\u00e1ria deteve, em Vagos, um homem de 32 anos, acusado de abusar sexualmente de uma menina de treze anos. Os factos chegaram ao conhecimento das autoridades atrav\u00e9s de uma familiar da menor que vive fora do c\u00edrculo mais pr\u00f3ximo. Segundo a PJ, o suspeito recorria \u00e0 proximidade e confian\u00e7a que mantinha com os pais da v\u00edtima para, quando ficava sozinho com a menor, concretizar os abusos. O detido ser\u00e1 apresentado \u00e0s autoridades judici\u00e1rias competentes da Comarca de Aveiro para lhe serem aplicadas medidas de coa\u00e7\u00e3o.\" \/>\n<meta property=\"og:url\" content=\"https:\/\/portaltela.pt\/noticias\/2026\/02\/03\/homem-de-32-detido-por-abusar-de-menina-de-13-anos-em-vagos\/\" \/>\n<meta property=\"og:site_name\" content=\"Portal Tela Portugal\" \/>\n<meta property=\"article:published_time\" content=\"2026-02-03T14:53:00+00:00\" \/>\n<meta name=\"author\" content=\"Telinha\" \/>\n<meta name=\"twitter:card\" content=\"summary_large_image\" \/>\n<meta name=\"twitter:label1\" content=\"Escrito por\" \/>\n\t<meta name=\"twitter:data1\" content=\"Telinha\" \/>\n\t<meta name=\"twitter:label2\" content=\"Tempo estimado de leitura\" \/>\n\t<meta name=\"twitter:data2\" content=\"1 minuto\" \/>\n<script type=\"application\/ld+json\" class=\"yoast-schema-graph\">{\"@context\":\"https:\/\/schema.org\",\"@graph\":[{\"@type\":\"Article\",\"@id\":\"https:\/\/portaltela.pt\/noticias\/2026\/02\/03\/homem-de-32-detido-por-abusar-de-menina-de-13-anos-em-vagos\/#article\",\"isPartOf\":{\"@id\":\"https:\/\/portaltela.pt\/noticias\/2026\/02\/03\/homem-de-32-detido-por-abusar-de-menina-de-13-anos-em-vagos\/\"},\"author\":{\"name\":\"Telinha\",\"@id\":\"https:\/\/portaltela.pt\/#\/schema\/person\/c4278d4a6028830caff9ee44b42d32ed\"},\"headline\":\"Homem de 32 detido por abusar de menina de 13 anos em Vagos\",\"datePublished\":\"2026-02-03T14:53:00+00:00\",\"mainEntityOfPage\":{\"@id\":\"https:\/\/portaltela.pt\/noticias\/2026\/02\/03\/homem-de-32-detido-por-abusar-de-menina-de-13-anos-em-vagos\/\"},\"wordCount\":169,\"image\":{\"@id\":\"https:\/\/portaltela.pt\/noticias\/2026\/02\/03\/homem-de-32-detido-por-abusar-de-menina-de-13-anos-em-vagos\/#primaryimage\"},\"thumbnailUrl\":\"https:\/\/portaltela.pt\/s.01k8rhncp4jt1\/2026\/02\/image-204.jpg\",\"keywords\":[\"abuso de menores dependentes\",\"Aveiro\",\"explora\u00e7\u00e3o de menor dependente ou em situa\u00e7\u00e3o vulner\u00e1vel\",\"explora\u00e7\u00e3o de menores\",\"explora\u00e7\u00e3o sexual de menor dependente ou em situa\u00e7\u00e3o vulner\u00e1vel\",\"Pol\u00edcia Judici\u00e1ria\"],\"articleSection\":[\"Not\u00edcias\"],\"inLanguage\":\"pt-PT\"},{\"@type\":\"WebPage\",\"@id\":\"https:\/\/portaltela.pt\/noticias\/2026\/02\/03\/homem-de-32-detido-por-abusar-de-menina-de-13-anos-em-vagos\/\",\"url\":\"https:\/\/portaltela.pt\/noticias\/2026\/02\/03\/homem-de-32-detido-por-abusar-de-menina-de-13-anos-em-vagos\/\",\"name\":\"Homem de 32 detido por abusar de menina de 13 anos em Vagos - Portal Tela Portugal\",\"isPartOf\":{\"@id\":\"https:\/\/portaltela.pt\/#website\"},\"primaryImageOfPage\":{\"@id\":\"https:\/\/portaltela.pt\/noticias\/2026\/02\/03\/homem-de-32-detido-por-abusar-de-menina-de-13-anos-em-vagos\/#primaryimage\"},\"image\":{\"@id\":\"https:\/\/portaltela.pt\/noticias\/2026\/02\/03\/homem-de-32-detido-por-abusar-de-menina-de-13-anos-em-vagos\/#primaryimage\"},\"thumbnailUrl\":\"https:\/\/portaltela.pt\/s.01k8rhncp4jt1\/2026\/02\/image-204.jpg\",\"datePublished\":\"2026-02-03T14:53:00+00:00\",\"author\":{\"@id\":\"https:\/\/portaltela.pt\/#\/schema\/person\/c4278d4a6028830caff9ee44b42d32ed\"},\"breadcrumb\":{\"@id\":\"https:\/\/portaltela.pt\/noticias\/2026\/02\/03\/homem-de-32-detido-por-abusar-de-menina-de-13-anos-em-vagos\/#breadcrumb\"},\"inLanguage\":\"pt-PT\",\"potentialAction\":[{\"@type\":\"ReadAction\",\"target\":[\"https:\/\/portaltela.pt\/noticias\/2026\/02\/03\/homem-de-32-detido-por-abusar-de-menina-de-13-anos-em-vagos\/\"]}]},{\"@type\":\"ImageObject\",\"inLanguage\":\"pt-PT\",\"@id\":\"https:\/\/portaltela.pt\/noticias\/2026\/02\/03\/homem-de-32-detido-por-abusar-de-menina-de-13-anos-em-vagos\/#primaryimage\",\"url\":\"https:\/\/portaltela.pt\/s.01k8rhncp4jt1\/2026\/02\/image-204.jpg\",\"contentUrl\":\"https:\/\/portaltela.pt\/s.01k8rhncp4jt1\/2026\/02\/image-204.jpg\",\"width\":796,\"height\":448,\"caption\":\"Suspeito foi detido pela Pol\u00edcia Judici\u00e1ria\"},{\"@type\":\"BreadcrumbList\",\"@id\":\"https:\/\/portaltela.pt\/noticias\/2026\/02\/03\/homem-de-32-detido-por-abusar-de-menina-de-13-anos-em-vagos\/#breadcrumb\",\"itemListElement\":[{\"@type\":\"ListItem\",\"position\":1,\"name\":\"In\u00edcio\",\"item\":\"https:\/\/portaltela.pt\/\"},{\"@type\":\"ListItem\",\"position\":2,\"name\":\"Homem de 32 detido por abusar de menina de 13 anos em Vagos\"}]},{\"@type\":\"WebSite\",\"@id\":\"https:\/\/portaltela.pt\/#website\",\"url\":\"https:\/\/portaltela.pt\/\",\"name\":\"Portal Tela Portugal\",\"description\":\"\",\"potentialAction\":[{\"@type\":\"SearchAction\",\"target\":{\"@type\":\"EntryPoint\",\"urlTemplate\":\"https:\/\/portaltela.pt\/?s={search_term_string}\"},\"query-input\":{\"@type\":\"PropertyValueSpecification\",\"valueRequired\":true,\"valueName\":\"search_term_string\"}}],\"inLanguage\":\"pt-PT\"},{\"@type\":\"Person\",\"@id\":\"https:\/\/portaltela.pt\/#\/schema\/person\/c4278d4a6028830caff9ee44b42d32ed\",\"name\":\"Telinha\",\"image\":{\"@type\":\"ImageObject\",\"inLanguage\":\"pt-PT\",\"@id\":\"https:\/\/portaltela.pt\/s.01k8rhncp4jt1\/2025\/11\/talking-bot-125x125.png\",\"url\":\"https:\/\/portaltela.pt\/s.01k8rhncp4jt1\/2025\/11\/talking-bot-125x125.png\",\"contentUrl\":\"https:\/\/portaltela.pt\/s.01k8rhncp4jt1\/2025\/11\/talking-bot-125x125.png\",\"caption\":\"Telinha\"},\"sameAs\":[\"https:\/\/portaltela.pt\/\"],\"url\":\"https:\/\/portaltela.pt\/por\/367410592786\/\"}]}<\/script>\n<!-- \/ Yoast SEO plugin. -->","yoast_head_json":{"title":"Homem de 32 detido por abusar de menina de 13 anos em Vagos - Portal Tela Portugal","robots":{"index":"index","follow":"follow","max-snippet":"max-snippet:-1","max-image-preview":"max-image-preview:large","max-video-preview":"max-video-preview:-1"},"og_locale":"pt_PT","og_type":"article","og_title":"Homem de 32 detido por abusar de menina de 13 anos em Vagos - Portal Tela Portugal","og_description":"A Pol\u00edcia Judici\u00e1ria deteve, em Vagos, um homem de 32 anos, acusado de abusar sexualmente de uma menina de treze anos. Os factos chegaram ao conhecimento das autoridades atrav\u00e9s de uma familiar da menor que vive fora do c\u00edrculo mais pr\u00f3ximo. Segundo a PJ, o suspeito recorria \u00e0 proximidade e confian\u00e7a que mantinha com os pais da v\u00edtima para, quando ficava sozinho com a menor, concretizar os abusos. O detido ser\u00e1 apresentado \u00e0s autoridades judici\u00e1rias competentes da Comarca de Aveiro para lhe serem aplicadas medidas de coa\u00e7\u00e3o.","og_url":"https:\/\/portaltela.pt\/noticias\/2026\/02\/03\/homem-de-32-detido-por-abusar-de-menina-de-13-anos-em-vagos\/","og_site_name":"Portal Tela Portugal","article_published_time":"2026-02-03T14:53:00+00:00","author":"Telinha","twitter_card":"summary_large_image","twitter_misc":{"Escrito por":"Telinha","Tempo estimado de leitura":"1 minuto"},"schema":{"@context":"https:\/\/schema.org","@graph":[{"@type":"Article","@id":"https:\/\/portaltela.pt\/noticias\/2026\/02\/03\/homem-de-32-detido-por-abusar-de-menina-de-13-anos-em-vagos\/#article","isPartOf":{"@id":"https:\/\/portaltela.pt\/noticias\/2026\/02\/03\/homem-de-32-detido-por-abusar-de-menina-de-13-anos-em-vagos\/"},"author":{"name":"Telinha","@id":"https:\/\/portaltela.pt\/#\/schema\/person\/c4278d4a6028830caff9ee44b42d32ed"},"headline":"Homem de 32 detido por abusar de menina de 13 anos em Vagos","datePublished":"2026-02-03T14:53:00+00:00","mainEntityOfPage":{"@id":"https:\/\/portaltela.pt\/noticias\/2026\/02\/03\/homem-de-32-detido-por-abusar-de-menina-de-13-anos-em-vagos\/"},"wordCount":169,"image":{"@id":"https:\/\/portaltela.pt\/noticias\/2026\/02\/03\/homem-de-32-detido-por-abusar-de-menina-de-13-anos-em-vagos\/#primaryimage"},"thumbnailUrl":"https:\/\/portaltela.pt\/s.01k8rhncp4jt1\/2026\/02\/image-204.jpg","keywords":["abuso de menores dependentes","Aveiro","explora\u00e7\u00e3o de menor dependente ou em situa\u00e7\u00e3o vulner\u00e1vel","explora\u00e7\u00e3o de menores","explora\u00e7\u00e3o sexual de menor dependente ou em situa\u00e7\u00e3o vulner\u00e1vel","Pol\u00edcia Judici\u00e1ria"],"articleSection":["Not\u00edcias"],"inLanguage":"pt-PT"},{"@type":"WebPage","@id":"https:\/\/portaltela.pt\/noticias\/2026\/02\/03\/homem-de-32-detido-por-abusar-de-menina-de-13-anos-em-vagos\/","url":"https:\/\/portaltela.pt\/noticias\/2026\/02\/03\/homem-de-32-detido-por-abusar-de-menina-de-13-anos-em-vagos\/","name":"Homem de 32 detido por abusar de menina de 13 anos em Vagos - Portal Tela Portugal","isPartOf":{"@id":"https:\/\/portaltela.pt\/#website"},"primaryImageOfPage":{"@id":"https:\/\/portaltela.pt\/noticias\/2026\/02\/03\/homem-de-32-detido-por-abusar-de-menina-de-13-anos-em-vagos\/#primaryimage"},"image":{"@id":"https:\/\/portaltela.pt\/noticias\/2026\/02\/03\/homem-de-32-detido-por-abusar-de-menina-de-13-anos-em-vagos\/#primaryimage"},"thumbnailUrl":"https:\/\/portaltela.pt\/s.01k8rhncp4jt1\/2026\/02\/image-204.jpg","datePublished":"2026-02-03T14:53:00+00:00","author":{"@id":"https:\/\/portaltela.pt\/#\/schema\/person\/c4278d4a6028830caff9ee44b42d32ed"},"breadcrumb":{"@id":"https:\/\/portaltela.pt\/noticias\/2026\/02\/03\/homem-de-32-detido-por-abusar-de-menina-de-13-anos-em-vagos\/#breadcrumb"},"inLanguage":"pt-PT","potentialAction":[{"@type":"ReadAction","target":["https:\/\/portaltela.pt\/noticias\/2026\/02\/03\/homem-de-32-detido-por-abusar-de-menina-de-13-anos-em-vagos\/"]}]},{"@type":"ImageObject","inLanguage":"pt-PT","@id":"https:\/\/portaltela.pt\/noticias\/2026\/02\/03\/homem-de-32-detido-por-abusar-de-menina-de-13-anos-em-vagos\/#primaryimage","url":"https:\/\/portaltela.pt\/s.01k8rhncp4jt1\/2026\/02\/image-204.jpg","contentUrl":"https:\/\/portaltela.pt\/s.01k8rhncp4jt1\/2026\/02\/image-204.jpg","width":796,"height":448,"caption":"Suspeito foi detido pela Pol\u00edcia Judici\u00e1ria"},{"@type":"BreadcrumbList","@id":"https:\/\/portaltela.pt\/noticias\/2026\/02\/03\/homem-de-32-detido-por-abusar-de-menina-de-13-anos-em-vagos\/#breadcrumb","itemListElement":[{"@type":"ListItem","position":1,"name":"In\u00edcio","item":"https:\/\/portaltela.pt\/"},{"@type":"ListItem","position":2,"name":"Homem de 32 detido por abusar de menina de 13 anos em Vagos"}]},{"@type":"WebSite","@id":"https:\/\/portaltela.pt\/#website","url":"https:\/\/portaltela.pt\/","name":"Portal Tela Portugal","description":"","potentialAction":[{"@type":"SearchAction","target":{"@type":"EntryPoint","urlTemplate":"https:\/\/portaltela.pt\/?s={search_term_string}"},"query-input":{"@type":"PropertyValueSpecification","valueRequired":true,"valueName":"search_term_string"}}],"inLanguage":"pt-PT"},{"@type":"Person","@id":"https:\/\/portaltela.pt\/#\/schema\/person\/c4278d4a6028830caff9ee44b42d32ed","name":"Telinha","image":{"@type":"ImageObject","inLanguage":"pt-PT","@id":"https:\/\/portaltela.pt\/s.01k8rhncp4jt1\/2025\/11\/talking-bot-125x125.png","url":"https:\/\/portaltela.pt\/s.01k8rhncp4jt1\/2025\/11\/talking-bot-125x125.png","contentUrl":"https:\/\/portaltela.pt\/s.01k8rhncp4jt1\/2025\/11\/talking-bot-125x125.png","caption":"Telinha"},"sameAs":["https:\/\/portaltela.pt\/"],"url":"https:\/\/portaltela.pt\/por\/367410592786\/"}]}},"_links":{"self":[{"href":"https:\/\/portaltela.pt\/api\/wp\/v2\/posts\/193992","targetHints":{"allow":["GET"]}}],"collection":[{"href":"https:\/\/portaltela.pt\/api\/wp\/v2\/posts"}],"about":[{"href":"https:\/\/portaltela.pt\/api\/wp\/v2\/types\/post"}],"author":[{"embeddable":true,"href":"https:\/\/portaltela.pt\/api\/wp\/v2\/users\/2"}],"replies":[{"embeddable":true,"href":"https:\/\/portaltela.pt\/api\/wp\/v2\/comments?post=193992"}],"version-history":[{"count":0,"href":"https:\/\/portaltela.pt\/api\/wp\/v2\/posts\/193992\/revisions"}],"wp:featuredmedia":[{"embeddable":true,"href":"https:\/\/portaltela.pt\/api\/wp\/v2\/media\/193994"}],"wp:attachment":[{"href":"https:\/\/portaltela.pt\/api\/wp\/v2\/media?parent=193992"}],"wp:term":[{"taxonomy":"category","embeddable":true,"href":"https:\/\/portaltela.pt\/api\/wp\/v2\/categories?post=193992"},{"taxonomy":"post_tag","embeddable":true,"href":"https:\/\/portaltela.pt\/api\/wp\/v2\/tags?post=193992"}],"curies":[{"name":"wp","href":"https:\/\/api.w.org\/{rel}","templated":true}]}}