{"id":193990,"date":"2026-02-03T11:56:00","date_gmt":"2026-02-03T14:56:00","guid":{"rendered":"https:\/\/portaltela.pt\/noticias\/2026\/02\/03\/nova-iorque-fica-mais-perto-do-porto\/"},"modified":"2026-02-03T11:56:00","modified_gmt":"2026-02-03T14:56:00","slug":"nova-iorque-fica-mais-perto-do-porto","status":"publish","type":"post","link":"https:\/\/portaltela.pt\/noticias\/2026\/02\/03\/nova-iorque-fica-mais-perto-do-porto\/","title":{"rendered":"Nova Iorque fica mais perto do Porto"},"content":{"rendered":"<p>A United Airlines anunciou o refor\u00e7o dos voos entre o Porto e Nova Iorque\/Newark. A medida, que estava prevista apenas para maio, passa a entrar em vigor j\u00e1 no dia 22 deste m\u00eas e estende-se at\u00e9 30 de novembro, com um voo di\u00e1rio direto.<\/p>\n<p>O servi\u00e7o sazonal sem escalas ser\u00e1 operado com Boeing 757-200, com 176 lugares. Al\u00e9m disso, haver\u00e1 uma segunda liga\u00e7\u00e3o como refor\u00e7o entre 22 de maio e 23 de setembro, aumentando a frequ\u00eancia para a regi\u00e3o Norte.<\/p>\n<h3>Aumento de voos Porto-Nova Iorque<\/h3>\n<p>Os voos t\u00eam partidas do Porto marcadas para as 12h35, com chegada a Newark \u00e0s 15h30. O voo adicional, que arranca em maio, parte \u00e0s 9h00 e chega \u00e0s 11h55. A gest\u00e3o do aeroporto \u00e9 feita pela ANA | VINCI Airports.<\/p>\n<p>Karen Strougo, diretora comercial da ANA | VINCI Airports, destacou que a decis\u00e3o demonstra o compromisso com a liga\u00e7\u00e3o estrat\u00e9gica e o potencial do Porto no mercado norte-americano. O Porto \u00e9 apresentado como porta de entrada para o norte de Portugal, Galiza e a Pen\u00ednsula Ib\u00e9rica.<\/p>\n","protected":false},"excerpt":{"rendered":"<ul>\n<li>A United Airlines antecipou o refor\u00e7o dos voos entre o Porto e Nova Iorque\/Newark, j\u00e1 a partir do dia 22 deste m\u00eas, mantendo-se at\u00e9 30 de novembro com um voo di\u00e1rio direto.<\/li>\n<li>O servi\u00e7o sazonal sem escalas ser\u00e1 operado em Boeing 757-200, com 176 lugares.<\/li>\n<li>H\u00e1 ainda uma segunda liga\u00e7\u00e3o que funciona como refor\u00e7o entre 22 de maio e 23 de setembro.<\/li>\n<li>Karen Strougo, diretora comercial da ANA | VINCI Airports, destacou que a medida demonstra o compromisso da United Airlines com o Porto e o seu apelo no mercado norte-americano.<\/li>\n<li>Hor\u00e1rios previstos: o voo di\u00e1rio parte do Porto \u00e0s 12h35, com chegada \u00e0s 15h30; o refor\u00e7o de maio parte \u00e0s 9h00 e chega \u00e0s 11h55.<\/li>\n<\/ul>\n","protected":false},"author":2,"featured_media":193991,"comment_status":"closed","ping_status":"closed","sticky":false,"template":"","format":"standard","meta":{"footnotes":""},"categories":[1],"tags":[3302,81,4424,982,1014,192],"class_list":["post-193990","post","type-post","status-publish","format-standard","has-post-thumbnail","hentry","category-noticias","tag-aeroportos","tag-internacionais","tag-mobilidade-internacional","tag-porto","tag-portugal","tag-transporte"],"yoast_head":"<!-- This site is optimized with the Yoast SEO plugin v27.2 - https:\/\/yoast.com\/product\/yoast-seo-wordpress\/ -->\n<title>Nova Iorque fica mais perto do Porto - Portal Tela Portugal<\/title>\n<meta name=\"robots\" content=\"index, follow, max-snippet:-1, max-image-preview:large, max-video-preview:-1\" \/>\n<meta property=\"og:locale\" content=\"pt_PT\" \/>\n<meta property=\"og:type\" content=\"article\" \/>\n<meta property=\"og:title\" content=\"Nova Iorque fica mais perto do Porto - Portal Tela Portugal\" \/>\n<meta property=\"og:description\" content=\"A United Airlines antecipou o refor\u00e7o dos voos entre o Porto e Nova Iorque\/Newark, j\u00e1 a partir do dia 22 deste m\u00eas, mantendo-se at\u00e9 30 de novembro com um voo di\u00e1rio direto. O servi\u00e7o sazonal sem escalas ser\u00e1 operado em Boeing 757-200, com 176 lugares. H\u00e1 ainda uma segunda liga\u00e7\u00e3o que funciona como refor\u00e7o entre 22 de maio e 23 de setembro. Karen Strougo, diretora comercial da ANA | VINCI Airports, destacou que a medida demonstra o compromisso da United Airlines com o Porto e o seu apelo no mercado norte-americano. Hor\u00e1rios previstos: o voo di\u00e1rio parte do Porto \u00e0s 12h35, com chegada \u00e0s 15h30; o refor\u00e7o de maio parte \u00e0s 9h00 e chega \u00e0s 11h55.\" \/>\n<meta property=\"og:url\" content=\"https:\/\/portaltela.pt\/noticias\/2026\/02\/03\/nova-iorque-fica-mais-perto-do-porto\/\" \/>\n<meta property=\"og:site_name\" content=\"Portal Tela Portugal\" \/>\n<meta property=\"article:published_time\" content=\"2026-02-03T14:56:00+00:00\" \/>\n<meta name=\"author\" content=\"Telinha\" \/>\n<meta name=\"twitter:card\" content=\"summary_large_image\" \/>\n<meta name=\"twitter:label1\" content=\"Escrito por\" \/>\n\t<meta name=\"twitter:data1\" content=\"Telinha\" \/>\n\t<meta name=\"twitter:label2\" content=\"Tempo estimado de leitura\" \/>\n\t<meta name=\"twitter:data2\" content=\"1 minuto\" \/>\n<script type=\"application\/ld+json\" class=\"yoast-schema-graph\">{\"@context\":\"https:\/\/schema.org\",\"@graph\":[{\"@type\":\"Article\",\"@id\":\"https:\/\/portaltela.pt\/noticias\/2026\/02\/03\/nova-iorque-fica-mais-perto-do-porto\/#article\",\"isPartOf\":{\"@id\":\"https:\/\/portaltela.pt\/noticias\/2026\/02\/03\/nova-iorque-fica-mais-perto-do-porto\/\"},\"author\":{\"name\":\"Telinha\",\"@id\":\"https:\/\/portaltela.pt\/#\/schema\/person\/c4278d4a6028830caff9ee44b42d32ed\"},\"headline\":\"Nova Iorque fica mais perto do Porto\",\"datePublished\":\"2026-02-03T14:56:00+00:00\",\"mainEntityOfPage\":{\"@id\":\"https:\/\/portaltela.pt\/noticias\/2026\/02\/03\/nova-iorque-fica-mais-perto-do-porto\/\"},\"wordCount\":187,\"image\":{\"@id\":\"https:\/\/portaltela.pt\/noticias\/2026\/02\/03\/nova-iorque-fica-mais-perto-do-porto\/#primaryimage\"},\"thumbnailUrl\":\"https:\/\/portaltela.pt\/s.01k8rhncp4jt1\/2026\/02\/image-203.jpg\",\"keywords\":[\"aeroportos\",\"internacionais\",\"mobilidade internacional\",\"Porto\",\"Portugal\",\"transporte\"],\"articleSection\":[\"Not\u00edcias\"],\"inLanguage\":\"pt-PT\"},{\"@type\":\"WebPage\",\"@id\":\"https:\/\/portaltela.pt\/noticias\/2026\/02\/03\/nova-iorque-fica-mais-perto-do-porto\/\",\"url\":\"https:\/\/portaltela.pt\/noticias\/2026\/02\/03\/nova-iorque-fica-mais-perto-do-porto\/\",\"name\":\"Nova Iorque fica mais perto do Porto - Portal Tela Portugal\",\"isPartOf\":{\"@id\":\"https:\/\/portaltela.pt\/#website\"},\"primaryImageOfPage\":{\"@id\":\"https:\/\/portaltela.pt\/noticias\/2026\/02\/03\/nova-iorque-fica-mais-perto-do-porto\/#primaryimage\"},\"image\":{\"@id\":\"https:\/\/portaltela.pt\/noticias\/2026\/02\/03\/nova-iorque-fica-mais-perto-do-porto\/#primaryimage\"},\"thumbnailUrl\":\"https:\/\/portaltela.pt\/s.01k8rhncp4jt1\/2026\/02\/image-203.jpg\",\"datePublished\":\"2026-02-03T14:56:00+00:00\",\"author\":{\"@id\":\"https:\/\/portaltela.pt\/#\/schema\/person\/c4278d4a6028830caff9ee44b42d32ed\"},\"breadcrumb\":{\"@id\":\"https:\/\/portaltela.pt\/noticias\/2026\/02\/03\/nova-iorque-fica-mais-perto-do-porto\/#breadcrumb\"},\"inLanguage\":\"pt-PT\",\"potentialAction\":[{\"@type\":\"ReadAction\",\"target\":[\"https:\/\/portaltela.pt\/noticias\/2026\/02\/03\/nova-iorque-fica-mais-perto-do-porto\/\"]}]},{\"@type\":\"ImageObject\",\"inLanguage\":\"pt-PT\",\"@id\":\"https:\/\/portaltela.pt\/noticias\/2026\/02\/03\/nova-iorque-fica-mais-perto-do-porto\/#primaryimage\",\"url\":\"https:\/\/portaltela.pt\/s.01k8rhncp4jt1\/2026\/02\/image-203.jpg\",\"contentUrl\":\"https:\/\/portaltela.pt\/s.01k8rhncp4jt1\/2026\/02\/image-203.jpg\",\"width\":796,\"height\":448,\"caption\":\"Nova Iorque est\u00e1 um voo di\u00e1rio de dist\u00e2ncia da United Airlines desde o Porto\"},{\"@type\":\"BreadcrumbList\",\"@id\":\"https:\/\/portaltela.pt\/noticias\/2026\/02\/03\/nova-iorque-fica-mais-perto-do-porto\/#breadcrumb\",\"itemListElement\":[{\"@type\":\"ListItem\",\"position\":1,\"name\":\"In\u00edcio\",\"item\":\"https:\/\/portaltela.pt\/\"},{\"@type\":\"ListItem\",\"position\":2,\"name\":\"Nova Iorque fica mais perto do Porto\"}]},{\"@type\":\"WebSite\",\"@id\":\"https:\/\/portaltela.pt\/#website\",\"url\":\"https:\/\/portaltela.pt\/\",\"name\":\"Portal Tela Portugal\",\"description\":\"\",\"potentialAction\":[{\"@type\":\"SearchAction\",\"target\":{\"@type\":\"EntryPoint\",\"urlTemplate\":\"https:\/\/portaltela.pt\/?s={search_term_string}\"},\"query-input\":{\"@type\":\"PropertyValueSpecification\",\"valueRequired\":true,\"valueName\":\"search_term_string\"}}],\"inLanguage\":\"pt-PT\"},{\"@type\":\"Person\",\"@id\":\"https:\/\/portaltela.pt\/#\/schema\/person\/c4278d4a6028830caff9ee44b42d32ed\",\"name\":\"Telinha\",\"image\":{\"@type\":\"ImageObject\",\"inLanguage\":\"pt-PT\",\"@id\":\"https:\/\/portaltela.pt\/s.01k8rhncp4jt1\/2025\/11\/talking-bot-125x125.png\",\"url\":\"https:\/\/portaltela.pt\/s.01k8rhncp4jt1\/2025\/11\/talking-bot-125x125.png\",\"contentUrl\":\"https:\/\/portaltela.pt\/s.01k8rhncp4jt1\/2025\/11\/talking-bot-125x125.png\",\"caption\":\"Telinha\"},\"sameAs\":[\"https:\/\/portaltela.pt\/\"],\"url\":\"https:\/\/portaltela.pt\/por\/367410592786\/\"}]}<\/script>\n<!-- \/ Yoast SEO plugin. -->","yoast_head_json":{"title":"Nova Iorque fica mais perto do Porto - Portal Tela Portugal","robots":{"index":"index","follow":"follow","max-snippet":"max-snippet:-1","max-image-preview":"max-image-preview:large","max-video-preview":"max-video-preview:-1"},"og_locale":"pt_PT","og_type":"article","og_title":"Nova Iorque fica mais perto do Porto - Portal Tela Portugal","og_description":"A United Airlines antecipou o refor\u00e7o dos voos entre o Porto e Nova Iorque\/Newark, j\u00e1 a partir do dia 22 deste m\u00eas, mantendo-se at\u00e9 30 de novembro com um voo di\u00e1rio direto. O servi\u00e7o sazonal sem escalas ser\u00e1 operado em Boeing 757-200, com 176 lugares. H\u00e1 ainda uma segunda liga\u00e7\u00e3o que funciona como refor\u00e7o entre 22 de maio e 23 de setembro. Karen Strougo, diretora comercial da ANA | VINCI Airports, destacou que a medida demonstra o compromisso da United Airlines com o Porto e o seu apelo no mercado norte-americano. Hor\u00e1rios previstos: o voo di\u00e1rio parte do Porto \u00e0s 12h35, com chegada \u00e0s 15h30; o refor\u00e7o de maio parte \u00e0s 9h00 e chega \u00e0s 11h55.","og_url":"https:\/\/portaltela.pt\/noticias\/2026\/02\/03\/nova-iorque-fica-mais-perto-do-porto\/","og_site_name":"Portal Tela Portugal","article_published_time":"2026-02-03T14:56:00+00:00","author":"Telinha","twitter_card":"summary_large_image","twitter_misc":{"Escrito por":"Telinha","Tempo estimado de leitura":"1 minuto"},"schema":{"@context":"https:\/\/schema.org","@graph":[{"@type":"Article","@id":"https:\/\/portaltela.pt\/noticias\/2026\/02\/03\/nova-iorque-fica-mais-perto-do-porto\/#article","isPartOf":{"@id":"https:\/\/portaltela.pt\/noticias\/2026\/02\/03\/nova-iorque-fica-mais-perto-do-porto\/"},"author":{"name":"Telinha","@id":"https:\/\/portaltela.pt\/#\/schema\/person\/c4278d4a6028830caff9ee44b42d32ed"},"headline":"Nova Iorque fica mais perto do Porto","datePublished":"2026-02-03T14:56:00+00:00","mainEntityOfPage":{"@id":"https:\/\/portaltela.pt\/noticias\/2026\/02\/03\/nova-iorque-fica-mais-perto-do-porto\/"},"wordCount":187,"image":{"@id":"https:\/\/portaltela.pt\/noticias\/2026\/02\/03\/nova-iorque-fica-mais-perto-do-porto\/#primaryimage"},"thumbnailUrl":"https:\/\/portaltela.pt\/s.01k8rhncp4jt1\/2026\/02\/image-203.jpg","keywords":["aeroportos","internacionais","mobilidade internacional","Porto","Portugal","transporte"],"articleSection":["Not\u00edcias"],"inLanguage":"pt-PT"},{"@type":"WebPage","@id":"https:\/\/portaltela.pt\/noticias\/2026\/02\/03\/nova-iorque-fica-mais-perto-do-porto\/","url":"https:\/\/portaltela.pt\/noticias\/2026\/02\/03\/nova-iorque-fica-mais-perto-do-porto\/","name":"Nova Iorque fica mais perto do Porto - Portal Tela Portugal","isPartOf":{"@id":"https:\/\/portaltela.pt\/#website"},"primaryImageOfPage":{"@id":"https:\/\/portaltela.pt\/noticias\/2026\/02\/03\/nova-iorque-fica-mais-perto-do-porto\/#primaryimage"},"image":{"@id":"https:\/\/portaltela.pt\/noticias\/2026\/02\/03\/nova-iorque-fica-mais-perto-do-porto\/#primaryimage"},"thumbnailUrl":"https:\/\/portaltela.pt\/s.01k8rhncp4jt1\/2026\/02\/image-203.jpg","datePublished":"2026-02-03T14:56:00+00:00","author":{"@id":"https:\/\/portaltela.pt\/#\/schema\/person\/c4278d4a6028830caff9ee44b42d32ed"},"breadcrumb":{"@id":"https:\/\/portaltela.pt\/noticias\/2026\/02\/03\/nova-iorque-fica-mais-perto-do-porto\/#breadcrumb"},"inLanguage":"pt-PT","potentialAction":[{"@type":"ReadAction","target":["https:\/\/portaltela.pt\/noticias\/2026\/02\/03\/nova-iorque-fica-mais-perto-do-porto\/"]}]},{"@type":"ImageObject","inLanguage":"pt-PT","@id":"https:\/\/portaltela.pt\/noticias\/2026\/02\/03\/nova-iorque-fica-mais-perto-do-porto\/#primaryimage","url":"https:\/\/portaltela.pt\/s.01k8rhncp4jt1\/2026\/02\/image-203.jpg","contentUrl":"https:\/\/portaltela.pt\/s.01k8rhncp4jt1\/2026\/02\/image-203.jpg","width":796,"height":448,"caption":"Nova Iorque est\u00e1 um voo di\u00e1rio de dist\u00e2ncia da United Airlines desde o Porto"},{"@type":"BreadcrumbList","@id":"https:\/\/portaltela.pt\/noticias\/2026\/02\/03\/nova-iorque-fica-mais-perto-do-porto\/#breadcrumb","itemListElement":[{"@type":"ListItem","position":1,"name":"In\u00edcio","item":"https:\/\/portaltela.pt\/"},{"@type":"ListItem","position":2,"name":"Nova Iorque fica mais perto do Porto"}]},{"@type":"WebSite","@id":"https:\/\/portaltela.pt\/#website","url":"https:\/\/portaltela.pt\/","name":"Portal Tela Portugal","description":"","potentialAction":[{"@type":"SearchAction","target":{"@type":"EntryPoint","urlTemplate":"https:\/\/portaltela.pt\/?s={search_term_string}"},"query-input":{"@type":"PropertyValueSpecification","valueRequired":true,"valueName":"search_term_string"}}],"inLanguage":"pt-PT"},{"@type":"Person","@id":"https:\/\/portaltela.pt\/#\/schema\/person\/c4278d4a6028830caff9ee44b42d32ed","name":"Telinha","image":{"@type":"ImageObject","inLanguage":"pt-PT","@id":"https:\/\/portaltela.pt\/s.01k8rhncp4jt1\/2025\/11\/talking-bot-125x125.png","url":"https:\/\/portaltela.pt\/s.01k8rhncp4jt1\/2025\/11\/talking-bot-125x125.png","contentUrl":"https:\/\/portaltela.pt\/s.01k8rhncp4jt1\/2025\/11\/talking-bot-125x125.png","caption":"Telinha"},"sameAs":["https:\/\/portaltela.pt\/"],"url":"https:\/\/portaltela.pt\/por\/367410592786\/"}]}},"_links":{"self":[{"href":"https:\/\/portaltela.pt\/api\/wp\/v2\/posts\/193990","targetHints":{"allow":["GET"]}}],"collection":[{"href":"https:\/\/portaltela.pt\/api\/wp\/v2\/posts"}],"about":[{"href":"https:\/\/portaltela.pt\/api\/wp\/v2\/types\/post"}],"author":[{"embeddable":true,"href":"https:\/\/portaltela.pt\/api\/wp\/v2\/users\/2"}],"replies":[{"embeddable":true,"href":"https:\/\/portaltela.pt\/api\/wp\/v2\/comments?post=193990"}],"version-history":[{"count":0,"href":"https:\/\/portaltela.pt\/api\/wp\/v2\/posts\/193990\/revisions"}],"wp:featuredmedia":[{"embeddable":true,"href":"https:\/\/portaltela.pt\/api\/wp\/v2\/media\/193991"}],"wp:attachment":[{"href":"https:\/\/portaltela.pt\/api\/wp\/v2\/media?parent=193990"}],"wp:term":[{"taxonomy":"category","embeddable":true,"href":"https:\/\/portaltela.pt\/api\/wp\/v2\/categories?post=193990"},{"taxonomy":"post_tag","embeddable":true,"href":"https:\/\/portaltela.pt\/api\/wp\/v2\/tags?post=193990"}],"curies":[{"name":"wp","href":"https:\/\/api.w.org\/{rel}","templated":true}]}}