{"id":193965,"date":"2026-02-03T11:46:11","date_gmt":"2026-02-03T14:46:11","guid":{"rendered":"https:\/\/portaltela.pt\/noticias\/2026\/02\/03\/penafiel-rescinde-contrato-com-dani-molina\/"},"modified":"2026-02-03T11:46:11","modified_gmt":"2026-02-03T14:46:11","slug":"penafiel-rescinde-contrato-com-dani-molina","status":"publish","type":"post","link":"https:\/\/portaltela.pt\/desporto\/futebol\/2026\/02\/03\/penafiel-rescinde-contrato-com-dani-molina\/","title":{"rendered":"Penafiel rescinde contrato com Dani Molina"},"content":{"rendered":"<p>O Penafiel comunicou a rescis\u00e3o do contrato com o m\u00e9dian Dani Molina, espanhol de 29 anos. O acordo foi alcan\u00e7ado esta ter\u00e7a-feira, encerrando a liga\u00e7\u00e3o entre ambas as partes. O jogador tinha sido contratado no ver\u00e3o, com dura\u00e7\u00e3o prevista at\u00e9 ao fim desta \u00e9poca.<\/p>\n<p>Molina chegou ao clube duriense com passagem pelos escal\u00f5es secund\u00e1rios de futebol espanhol. Em sete jogos disputados, atuou como titular em seis, mas as exibi\u00e7\u00f5es n\u00e3o foram suficientes para manter o v\u00ednculo. O atleta fica, assim, livre para assinar por outro clube.<\/p>\n<h3>Dani Molina e a rescis\u00e3o<\/h3>\n<p>O clube justifica a sa\u00edda pela falta de enquadramento do jogador no modelo desportivo. N\u00e3o foram apresentados detalhes adicionais sobre condi\u00e7\u00f5es financeiras da cessa\u00e7\u00e3o.<\/p>\n<h3>Empr\u00e9stimo de Jota ao Sp. Covilh\u00e3<\/h3>\n<p>Paralelamente, o extremo Jota foi cedido ao Sport Lisboa e Covilh\u00e3 at\u00e9 ao final da temporada. A opera\u00e7\u00e3o visa, segundo o Penafiel, ganhar forma de jogo e ritmo competitivo para o jogador.<\/p>\n","protected":false},"excerpt":{"rendered":"<ul>\n<li>O Penafiel anunciou a rescis\u00e3o com Dani Molina, m\u00e9dio espanhol de 29 anos, contratado no \u00faltimo ver\u00e3o at\u00e9 ao final desta temporada.<\/li>\n<li>Molina disputou sete jogos, tendo sido titular em seis, mas as exibi\u00e7\u00f5es n\u00e3o convenceram e ficou livre para assinar por outro clube.<\/li>\n<li>O clube duraense fica sem o jogador a partir de agora, que pode tratar da sua situa\u00e7\u00e3o com outros emblemas.<\/li>\n<li>Entretante, o extremo Jota foi emprestado ao Sporting da Covilh\u00e3 at\u00e9 ao final da \u00e9poca.<\/li>\n<li>O empr\u00e9stimo de Jota ao Sporting da Covilh\u00e3 prolonga-se at\u00e9 ao fim da presente temporada.<\/li>\n<\/ul>\n","protected":false},"author":2,"featured_media":193971,"comment_status":"closed","ping_status":"closed","sticky":false,"template":"","format":"standard","meta":{"footnotes":""},"categories":[21,24],"tags":[1125,2457,2031,32,1993,3501],"class_list":["post-193965","post","type-post","status-publish","format-standard","has-post-thumbnail","hentry","category-desporto","category-futebol","tag-contratos","tag-emprestimos","tag-espanha","tag-futebol","tag-penafiel","tag-rescisao"],"yoast_head":"<!-- This site is optimized with the Yoast SEO plugin v27.2 - https:\/\/yoast.com\/product\/yoast-seo-wordpress\/ -->\n<title>Penafiel rescinde contrato com Dani Molina - Portal Tela Portugal<\/title>\n<meta name=\"robots\" content=\"index, follow, max-snippet:-1, max-image-preview:large, max-video-preview:-1\" \/>\n<meta property=\"og:locale\" content=\"pt_PT\" \/>\n<meta property=\"og:type\" content=\"article\" \/>\n<meta property=\"og:title\" content=\"Penafiel rescinde contrato com Dani Molina - Portal Tela Portugal\" \/>\n<meta property=\"og:description\" content=\"O Penafiel anunciou a rescis\u00e3o com Dani Molina, m\u00e9dio espanhol de 29 anos, contratado no \u00faltimo ver\u00e3o at\u00e9 ao final desta temporada. Molina disputou sete jogos, tendo sido titular em seis, mas as exibi\u00e7\u00f5es n\u00e3o convenceram e ficou livre para assinar por outro clube. O clube duraense fica sem o jogador a partir de agora, que pode tratar da sua situa\u00e7\u00e3o com outros emblemas. Entretante, o extremo Jota foi emprestado ao Sporting da Covilh\u00e3 at\u00e9 ao final da \u00e9poca. O empr\u00e9stimo de Jota ao Sporting da Covilh\u00e3 prolonga-se at\u00e9 ao fim da presente temporada.\" \/>\n<meta property=\"og:url\" content=\"https:\/\/portaltela.pt\/noticias\/2026\/02\/03\/penafiel-rescinde-contrato-com-dani-molina\/\" \/>\n<meta property=\"og:site_name\" content=\"Portal Tela Portugal\" \/>\n<meta property=\"article:published_time\" content=\"2026-02-03T14:46:11+00:00\" \/>\n<meta name=\"author\" content=\"Telinha\" \/>\n<meta name=\"twitter:card\" content=\"summary_large_image\" \/>\n<meta name=\"twitter:label1\" content=\"Escrito por\" \/>\n\t<meta name=\"twitter:data1\" content=\"Telinha\" \/>\n\t<meta name=\"twitter:label2\" content=\"Tempo estimado de leitura\" \/>\n\t<meta name=\"twitter:data2\" content=\"1 minuto\" \/>\n<script type=\"application\/ld+json\" class=\"yoast-schema-graph\">{\"@context\":\"https:\/\/schema.org\",\"@graph\":[{\"@type\":\"Article\",\"@id\":\"https:\/\/portaltela.pt\/noticias\/2026\/02\/03\/penafiel-rescinde-contrato-com-dani-molina\/#article\",\"isPartOf\":{\"@id\":\"https:\/\/portaltela.pt\/noticias\/2026\/02\/03\/penafiel-rescinde-contrato-com-dani-molina\/\"},\"author\":{\"name\":\"Telinha\",\"@id\":\"https:\/\/portaltela.pt\/#\/schema\/person\/c4278d4a6028830caff9ee44b42d32ed\"},\"headline\":\"Penafiel rescinde contrato com Dani Molina\",\"datePublished\":\"2026-02-03T14:46:11+00:00\",\"mainEntityOfPage\":{\"@id\":\"https:\/\/portaltela.pt\/noticias\/2026\/02\/03\/penafiel-rescinde-contrato-com-dani-molina\/\"},\"wordCount\":177,\"image\":{\"@id\":\"https:\/\/portaltela.pt\/noticias\/2026\/02\/03\/penafiel-rescinde-contrato-com-dani-molina\/#primaryimage\"},\"thumbnailUrl\":\"https:\/\/portaltela.pt\/s.01k8rhncp4jt1\/2026\/02\/img_920x518uu2026-02-03-14-45-59-2419269.jpg\",\"keywords\":[\"contratos\",\"empr\u00e9stimos\",\"Espanha\",\"futebol\",\"Penafiel\",\"rescis\u00e3o\"],\"articleSection\":[\"Desporto\",\"Futebol\"],\"inLanguage\":\"pt-PT\"},{\"@type\":\"WebPage\",\"@id\":\"https:\/\/portaltela.pt\/noticias\/2026\/02\/03\/penafiel-rescinde-contrato-com-dani-molina\/\",\"url\":\"https:\/\/portaltela.pt\/noticias\/2026\/02\/03\/penafiel-rescinde-contrato-com-dani-molina\/\",\"name\":\"Penafiel rescinde contrato com Dani Molina - Portal Tela Portugal\",\"isPartOf\":{\"@id\":\"https:\/\/portaltela.pt\/#website\"},\"primaryImageOfPage\":{\"@id\":\"https:\/\/portaltela.pt\/noticias\/2026\/02\/03\/penafiel-rescinde-contrato-com-dani-molina\/#primaryimage\"},\"image\":{\"@id\":\"https:\/\/portaltela.pt\/noticias\/2026\/02\/03\/penafiel-rescinde-contrato-com-dani-molina\/#primaryimage\"},\"thumbnailUrl\":\"https:\/\/portaltela.pt\/s.01k8rhncp4jt1\/2026\/02\/img_920x518uu2026-02-03-14-45-59-2419269.jpg\",\"datePublished\":\"2026-02-03T14:46:11+00:00\",\"author\":{\"@id\":\"https:\/\/portaltela.pt\/#\/schema\/person\/c4278d4a6028830caff9ee44b42d32ed\"},\"breadcrumb\":{\"@id\":\"https:\/\/portaltela.pt\/noticias\/2026\/02\/03\/penafiel-rescinde-contrato-com-dani-molina\/#breadcrumb\"},\"inLanguage\":\"pt-PT\",\"potentialAction\":[{\"@type\":\"ReadAction\",\"target\":[\"https:\/\/portaltela.pt\/noticias\/2026\/02\/03\/penafiel-rescinde-contrato-com-dani-molina\/\"]}]},{\"@type\":\"ImageObject\",\"inLanguage\":\"pt-PT\",\"@id\":\"https:\/\/portaltela.pt\/noticias\/2026\/02\/03\/penafiel-rescinde-contrato-com-dani-molina\/#primaryimage\",\"url\":\"https:\/\/portaltela.pt\/s.01k8rhncp4jt1\/2026\/02\/img_920x518uu2026-02-03-14-45-59-2419269.jpg\",\"contentUrl\":\"https:\/\/portaltela.pt\/s.01k8rhncp4jt1\/2026\/02\/img_920x518uu2026-02-03-14-45-59-2419269.jpg\",\"width\":796,\"height\":448,\"caption\":\"Dani Molina num jogo frente ao FC Porto B\"},{\"@type\":\"BreadcrumbList\",\"@id\":\"https:\/\/portaltela.pt\/noticias\/2026\/02\/03\/penafiel-rescinde-contrato-com-dani-molina\/#breadcrumb\",\"itemListElement\":[{\"@type\":\"ListItem\",\"position\":1,\"name\":\"In\u00edcio\",\"item\":\"https:\/\/portaltela.pt\/\"},{\"@type\":\"ListItem\",\"position\":2,\"name\":\"Penafiel rescinde contrato com Dani Molina\"}]},{\"@type\":\"WebSite\",\"@id\":\"https:\/\/portaltela.pt\/#website\",\"url\":\"https:\/\/portaltela.pt\/\",\"name\":\"Portal Tela Portugal\",\"description\":\"\",\"potentialAction\":[{\"@type\":\"SearchAction\",\"target\":{\"@type\":\"EntryPoint\",\"urlTemplate\":\"https:\/\/portaltela.pt\/?s={search_term_string}\"},\"query-input\":{\"@type\":\"PropertyValueSpecification\",\"valueRequired\":true,\"valueName\":\"search_term_string\"}}],\"inLanguage\":\"pt-PT\"},{\"@type\":\"Person\",\"@id\":\"https:\/\/portaltela.pt\/#\/schema\/person\/c4278d4a6028830caff9ee44b42d32ed\",\"name\":\"Telinha\",\"image\":{\"@type\":\"ImageObject\",\"inLanguage\":\"pt-PT\",\"@id\":\"https:\/\/portaltela.pt\/s.01k8rhncp4jt1\/2025\/11\/talking-bot-125x125.png\",\"url\":\"https:\/\/portaltela.pt\/s.01k8rhncp4jt1\/2025\/11\/talking-bot-125x125.png\",\"contentUrl\":\"https:\/\/portaltela.pt\/s.01k8rhncp4jt1\/2025\/11\/talking-bot-125x125.png\",\"caption\":\"Telinha\"},\"sameAs\":[\"https:\/\/portaltela.pt\/\"],\"url\":\"https:\/\/portaltela.pt\/por\/367410592786\/\"}]}<\/script>\n<!-- \/ Yoast SEO plugin. -->","yoast_head_json":{"title":"Penafiel rescinde contrato com Dani Molina - Portal Tela Portugal","robots":{"index":"index","follow":"follow","max-snippet":"max-snippet:-1","max-image-preview":"max-image-preview:large","max-video-preview":"max-video-preview:-1"},"og_locale":"pt_PT","og_type":"article","og_title":"Penafiel rescinde contrato com Dani Molina - Portal Tela Portugal","og_description":"O Penafiel anunciou a rescis\u00e3o com Dani Molina, m\u00e9dio espanhol de 29 anos, contratado no \u00faltimo ver\u00e3o at\u00e9 ao final desta temporada. Molina disputou sete jogos, tendo sido titular em seis, mas as exibi\u00e7\u00f5es n\u00e3o convenceram e ficou livre para assinar por outro clube. O clube duraense fica sem o jogador a partir de agora, que pode tratar da sua situa\u00e7\u00e3o com outros emblemas. Entretante, o extremo Jota foi emprestado ao Sporting da Covilh\u00e3 at\u00e9 ao final da \u00e9poca. O empr\u00e9stimo de Jota ao Sporting da Covilh\u00e3 prolonga-se at\u00e9 ao fim da presente temporada.","og_url":"https:\/\/portaltela.pt\/noticias\/2026\/02\/03\/penafiel-rescinde-contrato-com-dani-molina\/","og_site_name":"Portal Tela Portugal","article_published_time":"2026-02-03T14:46:11+00:00","author":"Telinha","twitter_card":"summary_large_image","twitter_misc":{"Escrito por":"Telinha","Tempo estimado de leitura":"1 minuto"},"schema":{"@context":"https:\/\/schema.org","@graph":[{"@type":"Article","@id":"https:\/\/portaltela.pt\/noticias\/2026\/02\/03\/penafiel-rescinde-contrato-com-dani-molina\/#article","isPartOf":{"@id":"https:\/\/portaltela.pt\/noticias\/2026\/02\/03\/penafiel-rescinde-contrato-com-dani-molina\/"},"author":{"name":"Telinha","@id":"https:\/\/portaltela.pt\/#\/schema\/person\/c4278d4a6028830caff9ee44b42d32ed"},"headline":"Penafiel rescinde contrato com Dani Molina","datePublished":"2026-02-03T14:46:11+00:00","mainEntityOfPage":{"@id":"https:\/\/portaltela.pt\/noticias\/2026\/02\/03\/penafiel-rescinde-contrato-com-dani-molina\/"},"wordCount":177,"image":{"@id":"https:\/\/portaltela.pt\/noticias\/2026\/02\/03\/penafiel-rescinde-contrato-com-dani-molina\/#primaryimage"},"thumbnailUrl":"https:\/\/portaltela.pt\/s.01k8rhncp4jt1\/2026\/02\/img_920x518uu2026-02-03-14-45-59-2419269.jpg","keywords":["contratos","empr\u00e9stimos","Espanha","futebol","Penafiel","rescis\u00e3o"],"articleSection":["Desporto","Futebol"],"inLanguage":"pt-PT"},{"@type":"WebPage","@id":"https:\/\/portaltela.pt\/noticias\/2026\/02\/03\/penafiel-rescinde-contrato-com-dani-molina\/","url":"https:\/\/portaltela.pt\/noticias\/2026\/02\/03\/penafiel-rescinde-contrato-com-dani-molina\/","name":"Penafiel rescinde contrato com Dani Molina - Portal Tela Portugal","isPartOf":{"@id":"https:\/\/portaltela.pt\/#website"},"primaryImageOfPage":{"@id":"https:\/\/portaltela.pt\/noticias\/2026\/02\/03\/penafiel-rescinde-contrato-com-dani-molina\/#primaryimage"},"image":{"@id":"https:\/\/portaltela.pt\/noticias\/2026\/02\/03\/penafiel-rescinde-contrato-com-dani-molina\/#primaryimage"},"thumbnailUrl":"https:\/\/portaltela.pt\/s.01k8rhncp4jt1\/2026\/02\/img_920x518uu2026-02-03-14-45-59-2419269.jpg","datePublished":"2026-02-03T14:46:11+00:00","author":{"@id":"https:\/\/portaltela.pt\/#\/schema\/person\/c4278d4a6028830caff9ee44b42d32ed"},"breadcrumb":{"@id":"https:\/\/portaltela.pt\/noticias\/2026\/02\/03\/penafiel-rescinde-contrato-com-dani-molina\/#breadcrumb"},"inLanguage":"pt-PT","potentialAction":[{"@type":"ReadAction","target":["https:\/\/portaltela.pt\/noticias\/2026\/02\/03\/penafiel-rescinde-contrato-com-dani-molina\/"]}]},{"@type":"ImageObject","inLanguage":"pt-PT","@id":"https:\/\/portaltela.pt\/noticias\/2026\/02\/03\/penafiel-rescinde-contrato-com-dani-molina\/#primaryimage","url":"https:\/\/portaltela.pt\/s.01k8rhncp4jt1\/2026\/02\/img_920x518uu2026-02-03-14-45-59-2419269.jpg","contentUrl":"https:\/\/portaltela.pt\/s.01k8rhncp4jt1\/2026\/02\/img_920x518uu2026-02-03-14-45-59-2419269.jpg","width":796,"height":448,"caption":"Dani Molina num jogo frente ao FC Porto B"},{"@type":"BreadcrumbList","@id":"https:\/\/portaltela.pt\/noticias\/2026\/02\/03\/penafiel-rescinde-contrato-com-dani-molina\/#breadcrumb","itemListElement":[{"@type":"ListItem","position":1,"name":"In\u00edcio","item":"https:\/\/portaltela.pt\/"},{"@type":"ListItem","position":2,"name":"Penafiel rescinde contrato com Dani Molina"}]},{"@type":"WebSite","@id":"https:\/\/portaltela.pt\/#website","url":"https:\/\/portaltela.pt\/","name":"Portal Tela Portugal","description":"","potentialAction":[{"@type":"SearchAction","target":{"@type":"EntryPoint","urlTemplate":"https:\/\/portaltela.pt\/?s={search_term_string}"},"query-input":{"@type":"PropertyValueSpecification","valueRequired":true,"valueName":"search_term_string"}}],"inLanguage":"pt-PT"},{"@type":"Person","@id":"https:\/\/portaltela.pt\/#\/schema\/person\/c4278d4a6028830caff9ee44b42d32ed","name":"Telinha","image":{"@type":"ImageObject","inLanguage":"pt-PT","@id":"https:\/\/portaltela.pt\/s.01k8rhncp4jt1\/2025\/11\/talking-bot-125x125.png","url":"https:\/\/portaltela.pt\/s.01k8rhncp4jt1\/2025\/11\/talking-bot-125x125.png","contentUrl":"https:\/\/portaltela.pt\/s.01k8rhncp4jt1\/2025\/11\/talking-bot-125x125.png","caption":"Telinha"},"sameAs":["https:\/\/portaltela.pt\/"],"url":"https:\/\/portaltela.pt\/por\/367410592786\/"}]}},"_links":{"self":[{"href":"https:\/\/portaltela.pt\/api\/wp\/v2\/posts\/193965","targetHints":{"allow":["GET"]}}],"collection":[{"href":"https:\/\/portaltela.pt\/api\/wp\/v2\/posts"}],"about":[{"href":"https:\/\/portaltela.pt\/api\/wp\/v2\/types\/post"}],"author":[{"embeddable":true,"href":"https:\/\/portaltela.pt\/api\/wp\/v2\/users\/2"}],"replies":[{"embeddable":true,"href":"https:\/\/portaltela.pt\/api\/wp\/v2\/comments?post=193965"}],"version-history":[{"count":0,"href":"https:\/\/portaltela.pt\/api\/wp\/v2\/posts\/193965\/revisions"}],"wp:featuredmedia":[{"embeddable":true,"href":"https:\/\/portaltela.pt\/api\/wp\/v2\/media\/193971"}],"wp:attachment":[{"href":"https:\/\/portaltela.pt\/api\/wp\/v2\/media?parent=193965"}],"wp:term":[{"taxonomy":"category","embeddable":true,"href":"https:\/\/portaltela.pt\/api\/wp\/v2\/categories?post=193965"},{"taxonomy":"post_tag","embeddable":true,"href":"https:\/\/portaltela.pt\/api\/wp\/v2\/tags?post=193965"}],"curies":[{"name":"wp","href":"https:\/\/api.w.org\/{rel}","templated":true}]}}