{"id":193963,"date":"2026-02-03T11:30:00","date_gmt":"2026-02-03T14:30:00","guid":{"rendered":"https:\/\/portaltela.pt\/noticias\/2026\/02\/03\/evora-inicia-contagem-decrescente-para-capital-europeia-da-cultura-2\/"},"modified":"2026-02-03T11:30:00","modified_gmt":"2026-02-03T14:30:00","slug":"evora-inicia-contagem-decrescente-para-capital-europeia-da-cultura-2","status":"publish","type":"post","link":"https:\/\/portaltela.pt\/noticias\/2026\/02\/03\/evora-inicia-contagem-decrescente-para-capital-europeia-da-cultura-2\/","title":{"rendered":"\u00c9vora inicia contagem decrescente para Capital Europeia da Cultura"},"content":{"rendered":"<p>A C\u00e2mara de \u00c9vora d\u00e1 in\u00edcio \u00e0 contagem decrescente para a Capital Europeia da Cultura \u00c9vora_27. O lan\u00e7amento ocorre numa sexta-feira, com um conjunto de atividades gratuitas ao longo do dia, sob o lema O vagar \u00e9 a cena.<\/p>\n<p>A iniciativa, organizada pela Associa\u00e7\u00e3o \u00c9vora 2027, pretende marcar 365 dias at\u00e9 a abertura oficial de \u00c9vora_27. O programa inclui concerto, humor, arte urbana e uma peti\u00e7\u00e3o p\u00fablica para estabelecer o Dia Nacional do Vagar.<\/p>\n<h3>Lan\u00e7amento e concerto<\/h3>\n<p>\u00c0s 11:00, no Pa\u00e7os do Concelho de \u00c9vora, realiza-se a recolha de primeiras assinaturas da peti\u00e7\u00e3o p\u00fablica para instituir o Dia Nacional do Vagar. A proposta visa acompanhamento de deputados \u00e0 Assembleia da Rep\u00fablica. O objetivo \u00e9 reconhecer o vagar como resposta ao ritmo acelerado da vida.<\/p>\n<p>\u00c0s 21:00, na Arena d\u2019\u00c9vora, realiza-se o concerto \u00fanico para a ocasi\u00e3o, com letras e m\u00fasicas originais. O evento re\u00fane v\u00e1rios artistas de diferentes g\u00e9neros musicais, sem entradas pagas.<\/p>\n<h3>Arte e humor agendados<\/h3>\n<p>Antes do concerto, \u00e0s 11:00, ocorre a cerim\u00f3nia de recolha de assinaturas para a peti\u00e7\u00e3o p\u00fablica. Mais tarde, \u00e0s 17:00, inaugura-se uma instala\u00e7\u00e3o de arte urbana na Pra\u00e7a do Giraldo, a chamada sala de visitas de \u00c9vora. A performance prossegue, \u00e0s 18:30, no Teatro Garcia de Resende, com o humorista Guilherme Geirinhas.<\/p>\n<h3>S\u00e1bado: debate sobre a CEC<\/h3>\n<p>No s\u00e1bado, \u00e0s 11:00, realiza-se a confer\u00eancia Para al\u00e9m do t\u00edtulo, o que significa ser Capital Europeia da Cultura, com a especialista Else Christensen-Red\u017eepovi\u0107. Segue-se uma mesa-redonda \u00e0s 11:30 com representantes das CEC portuguesas, nomeadamente Jos\u00e9 Lu\u00eds Arnaut, Teresa Lago e Carlos Martins.<\/p>\n<h3>Perspetiva institucional e data oficial<\/h3>\n<p>A abertura oficial de \u00c9vora_27 est\u00e1 marcada para 6 de fevereiro de 2027. O conjunto de iniciativas visa promover a participa\u00e7\u00e3o p\u00fablica e destacar o valor do vagar na cultura e na vida quotidiana. O programa mant\u00e9m entradas gratuitas e contempla v\u00e1rias iniciativas ao longo do fim de semana.<\/p>\n","protected":false},"excerpt":{"rendered":"<ul>\n<li>A abertura da Capital Europeia da Cultura \u00c9vora_27 marca-se pela contagem decrescente de 365 dias, iniciada com v\u00e1rias a\u00e7\u00f5es gratuitas.|<\/li>\n<li>O programa de sexta-feira inclui um concerto \u00fanico, um espet\u00e1culo de humor, a inaugura\u00e7\u00e3o de uma instala\u00e7\u00e3o de arte urbana e o lan\u00e7amento de uma peti\u00e7\u00e3o p\u00fablica para o Dia Nacional do Vagar.|<\/li>\n<li>O ponto alto \u00e9 o concerto, \u00e0s 21:00, na Arena d\u2019\u00c9vora, com artistas de v\u00e1rios g\u00e9neros e letras originais.|<\/li>\n<li>Antes, \u00e0s 11:00, decorre nos Pa\u00e7os do Concelho a recolha das primeiras assinaturas da peti\u00e7\u00e3o pela institui\u00e7\u00e3o do Dia Nacional do Vagar.|<\/li>\n<li>O evento de s\u00e1bado contempla uma confer\u00eancia sobre o significado de ser Capital Europeia da Cultura e uma mesa-redonda com representantes de outras CECs, antes da abertura oficial a 6 de fevereiro de 2027.<\/li>\n<\/ul>\n","protected":false},"author":2,"featured_media":193972,"comment_status":"closed","ping_status":"closed","sticky":false,"template":"","format":"standard","meta":{"footnotes":""},"categories":[1],"tags":[70,1975,4329,145,3731,1074],"class_list":["post-193963","post","type-post","status-publish","format-standard","has-post-thumbnail","hentry","category-noticias","tag-arte","tag-arte-teatro-concertos","tag-artes-de-rua","tag-cultura","tag-eventos","tag-evora"],"yoast_head":"<!-- This site is optimized with the Yoast SEO plugin v27.2 - https:\/\/yoast.com\/product\/yoast-seo-wordpress\/ -->\n<title>\u00c9vora inicia contagem decrescente para Capital Europeia da Cultura - Portal Tela Portugal<\/title>\n<meta name=\"robots\" content=\"index, follow, max-snippet:-1, max-image-preview:large, max-video-preview:-1\" \/>\n<meta property=\"og:locale\" content=\"pt_PT\" \/>\n<meta property=\"og:type\" content=\"article\" \/>\n<meta property=\"og:title\" content=\"\u00c9vora inicia contagem decrescente para Capital Europeia da Cultura - Portal Tela Portugal\" \/>\n<meta property=\"og:description\" content=\"A abertura da Capital Europeia da Cultura \u00c9vora_27 marca-se pela contagem decrescente de 365 dias, iniciada com v\u00e1rias a\u00e7\u00f5es gratuitas.| O programa de sexta-feira inclui um concerto \u00fanico, um espet\u00e1culo de humor, a inaugura\u00e7\u00e3o de uma instala\u00e7\u00e3o de arte urbana e o lan\u00e7amento de uma peti\u00e7\u00e3o p\u00fablica para o Dia Nacional do Vagar.| O ponto alto \u00e9 o concerto, \u00e0s 21:00, na Arena d\u2019\u00c9vora, com artistas de v\u00e1rios g\u00e9neros e letras originais.| Antes, \u00e0s 11:00, decorre nos Pa\u00e7os do Concelho a recolha das primeiras assinaturas da peti\u00e7\u00e3o pela institui\u00e7\u00e3o do Dia Nacional do Vagar.| O evento de s\u00e1bado contempla uma confer\u00eancia sobre o significado de ser Capital Europeia da Cultura e uma mesa-redonda com representantes de outras CECs, antes da abertura oficial a 6 de fevereiro de 2027.\" \/>\n<meta property=\"og:url\" content=\"https:\/\/portaltela.pt\/noticias\/2026\/02\/03\/evora-inicia-contagem-decrescente-para-capital-europeia-da-cultura-2\/\" \/>\n<meta property=\"og:site_name\" content=\"Portal Tela Portugal\" \/>\n<meta property=\"article:published_time\" content=\"2026-02-03T14:30:00+00:00\" \/>\n<meta name=\"author\" content=\"Telinha\" \/>\n<meta name=\"twitter:card\" content=\"summary_large_image\" \/>\n<meta name=\"twitter:label1\" content=\"Escrito por\" \/>\n\t<meta name=\"twitter:data1\" content=\"Telinha\" \/>\n\t<meta name=\"twitter:label2\" content=\"Tempo estimado de leitura\" \/>\n\t<meta name=\"twitter:data2\" content=\"2 minutos\" \/>\n<script type=\"application\/ld+json\" class=\"yoast-schema-graph\">{\"@context\":\"https:\/\/schema.org\",\"@graph\":[{\"@type\":\"Article\",\"@id\":\"https:\/\/portaltela.pt\/noticias\/2026\/02\/03\/evora-inicia-contagem-decrescente-para-capital-europeia-da-cultura-2\/#article\",\"isPartOf\":{\"@id\":\"https:\/\/portaltela.pt\/noticias\/2026\/02\/03\/evora-inicia-contagem-decrescente-para-capital-europeia-da-cultura-2\/\"},\"author\":{\"name\":\"Telinha\",\"@id\":\"https:\/\/portaltela.pt\/#\/schema\/person\/c4278d4a6028830caff9ee44b42d32ed\"},\"headline\":\"\u00c9vora inicia contagem decrescente para Capital Europeia da Cultura\",\"datePublished\":\"2026-02-03T14:30:00+00:00\",\"mainEntityOfPage\":{\"@id\":\"https:\/\/portaltela.pt\/noticias\/2026\/02\/03\/evora-inicia-contagem-decrescente-para-capital-europeia-da-cultura-2\/\"},\"wordCount\":338,\"image\":{\"@id\":\"https:\/\/portaltela.pt\/noticias\/2026\/02\/03\/evora-inicia-contagem-decrescente-para-capital-europeia-da-cultura-2\/#primaryimage\"},\"thumbnailUrl\":\"https:\/\/portaltela.pt\/s.01k8rhncp4jt1\/2026\/02\/unnamed-file-841.jpg\",\"keywords\":[\"arte\",\"arte\/teatro\/concertos\",\"Artes de Rua\",\"cultura\",\"eventos\",\"\u00c9vora\"],\"articleSection\":[\"Not\u00edcias\"],\"inLanguage\":\"pt-PT\"},{\"@type\":\"WebPage\",\"@id\":\"https:\/\/portaltela.pt\/noticias\/2026\/02\/03\/evora-inicia-contagem-decrescente-para-capital-europeia-da-cultura-2\/\",\"url\":\"https:\/\/portaltela.pt\/noticias\/2026\/02\/03\/evora-inicia-contagem-decrescente-para-capital-europeia-da-cultura-2\/\",\"name\":\"\u00c9vora inicia contagem decrescente para Capital Europeia da Cultura - Portal Tela Portugal\",\"isPartOf\":{\"@id\":\"https:\/\/portaltela.pt\/#website\"},\"primaryImageOfPage\":{\"@id\":\"https:\/\/portaltela.pt\/noticias\/2026\/02\/03\/evora-inicia-contagem-decrescente-para-capital-europeia-da-cultura-2\/#primaryimage\"},\"image\":{\"@id\":\"https:\/\/portaltela.pt\/noticias\/2026\/02\/03\/evora-inicia-contagem-decrescente-para-capital-europeia-da-cultura-2\/#primaryimage\"},\"thumbnailUrl\":\"https:\/\/portaltela.pt\/s.01k8rhncp4jt1\/2026\/02\/unnamed-file-841.jpg\",\"datePublished\":\"2026-02-03T14:30:00+00:00\",\"author\":{\"@id\":\"https:\/\/portaltela.pt\/#\/schema\/person\/c4278d4a6028830caff9ee44b42d32ed\"},\"breadcrumb\":{\"@id\":\"https:\/\/portaltela.pt\/noticias\/2026\/02\/03\/evora-inicia-contagem-decrescente-para-capital-europeia-da-cultura-2\/#breadcrumb\"},\"inLanguage\":\"pt-PT\",\"potentialAction\":[{\"@type\":\"ReadAction\",\"target\":[\"https:\/\/portaltela.pt\/noticias\/2026\/02\/03\/evora-inicia-contagem-decrescente-para-capital-europeia-da-cultura-2\/\"]}]},{\"@type\":\"ImageObject\",\"inLanguage\":\"pt-PT\",\"@id\":\"https:\/\/portaltela.pt\/noticias\/2026\/02\/03\/evora-inicia-contagem-decrescente-para-capital-europeia-da-cultura-2\/#primaryimage\",\"url\":\"https:\/\/portaltela.pt\/s.01k8rhncp4jt1\/2026\/02\/unnamed-file-841.jpg\",\"contentUrl\":\"https:\/\/portaltela.pt\/s.01k8rhncp4jt1\/2026\/02\/unnamed-file-841.jpg\",\"width\":796,\"height\":448,\"caption\":\"\u00c9vora inicia contagem decrescente para Capital Europeia da Cultura\"},{\"@type\":\"BreadcrumbList\",\"@id\":\"https:\/\/portaltela.pt\/noticias\/2026\/02\/03\/evora-inicia-contagem-decrescente-para-capital-europeia-da-cultura-2\/#breadcrumb\",\"itemListElement\":[{\"@type\":\"ListItem\",\"position\":1,\"name\":\"In\u00edcio\",\"item\":\"https:\/\/portaltela.pt\/\"},{\"@type\":\"ListItem\",\"position\":2,\"name\":\"\u00c9vora inicia contagem decrescente para Capital Europeia da Cultura\"}]},{\"@type\":\"WebSite\",\"@id\":\"https:\/\/portaltela.pt\/#website\",\"url\":\"https:\/\/portaltela.pt\/\",\"name\":\"Portal Tela Portugal\",\"description\":\"\",\"potentialAction\":[{\"@type\":\"SearchAction\",\"target\":{\"@type\":\"EntryPoint\",\"urlTemplate\":\"https:\/\/portaltela.pt\/?s={search_term_string}\"},\"query-input\":{\"@type\":\"PropertyValueSpecification\",\"valueRequired\":true,\"valueName\":\"search_term_string\"}}],\"inLanguage\":\"pt-PT\"},{\"@type\":\"Person\",\"@id\":\"https:\/\/portaltela.pt\/#\/schema\/person\/c4278d4a6028830caff9ee44b42d32ed\",\"name\":\"Telinha\",\"image\":{\"@type\":\"ImageObject\",\"inLanguage\":\"pt-PT\",\"@id\":\"https:\/\/portaltela.pt\/s.01k8rhncp4jt1\/2025\/11\/talking-bot-125x125.png\",\"url\":\"https:\/\/portaltela.pt\/s.01k8rhncp4jt1\/2025\/11\/talking-bot-125x125.png\",\"contentUrl\":\"https:\/\/portaltela.pt\/s.01k8rhncp4jt1\/2025\/11\/talking-bot-125x125.png\",\"caption\":\"Telinha\"},\"sameAs\":[\"https:\/\/portaltela.pt\/\"],\"url\":\"https:\/\/portaltela.pt\/por\/367410592786\/\"}]}<\/script>\n<!-- \/ Yoast SEO plugin. -->","yoast_head_json":{"title":"\u00c9vora inicia contagem decrescente para Capital Europeia da Cultura - Portal Tela Portugal","robots":{"index":"index","follow":"follow","max-snippet":"max-snippet:-1","max-image-preview":"max-image-preview:large","max-video-preview":"max-video-preview:-1"},"og_locale":"pt_PT","og_type":"article","og_title":"\u00c9vora inicia contagem decrescente para Capital Europeia da Cultura - Portal Tela Portugal","og_description":"A abertura da Capital Europeia da Cultura \u00c9vora_27 marca-se pela contagem decrescente de 365 dias, iniciada com v\u00e1rias a\u00e7\u00f5es gratuitas.| O programa de sexta-feira inclui um concerto \u00fanico, um espet\u00e1culo de humor, a inaugura\u00e7\u00e3o de uma instala\u00e7\u00e3o de arte urbana e o lan\u00e7amento de uma peti\u00e7\u00e3o p\u00fablica para o Dia Nacional do Vagar.| O ponto alto \u00e9 o concerto, \u00e0s 21:00, na Arena d\u2019\u00c9vora, com artistas de v\u00e1rios g\u00e9neros e letras originais.| Antes, \u00e0s 11:00, decorre nos Pa\u00e7os do Concelho a recolha das primeiras assinaturas da peti\u00e7\u00e3o pela institui\u00e7\u00e3o do Dia Nacional do Vagar.| O evento de s\u00e1bado contempla uma confer\u00eancia sobre o significado de ser Capital Europeia da Cultura e uma mesa-redonda com representantes de outras CECs, antes da abertura oficial a 6 de fevereiro de 2027.","og_url":"https:\/\/portaltela.pt\/noticias\/2026\/02\/03\/evora-inicia-contagem-decrescente-para-capital-europeia-da-cultura-2\/","og_site_name":"Portal Tela Portugal","article_published_time":"2026-02-03T14:30:00+00:00","author":"Telinha","twitter_card":"summary_large_image","twitter_misc":{"Escrito por":"Telinha","Tempo estimado de leitura":"2 minutos"},"schema":{"@context":"https:\/\/schema.org","@graph":[{"@type":"Article","@id":"https:\/\/portaltela.pt\/noticias\/2026\/02\/03\/evora-inicia-contagem-decrescente-para-capital-europeia-da-cultura-2\/#article","isPartOf":{"@id":"https:\/\/portaltela.pt\/noticias\/2026\/02\/03\/evora-inicia-contagem-decrescente-para-capital-europeia-da-cultura-2\/"},"author":{"name":"Telinha","@id":"https:\/\/portaltela.pt\/#\/schema\/person\/c4278d4a6028830caff9ee44b42d32ed"},"headline":"\u00c9vora inicia contagem decrescente para Capital Europeia da Cultura","datePublished":"2026-02-03T14:30:00+00:00","mainEntityOfPage":{"@id":"https:\/\/portaltela.pt\/noticias\/2026\/02\/03\/evora-inicia-contagem-decrescente-para-capital-europeia-da-cultura-2\/"},"wordCount":338,"image":{"@id":"https:\/\/portaltela.pt\/noticias\/2026\/02\/03\/evora-inicia-contagem-decrescente-para-capital-europeia-da-cultura-2\/#primaryimage"},"thumbnailUrl":"https:\/\/portaltela.pt\/s.01k8rhncp4jt1\/2026\/02\/unnamed-file-841.jpg","keywords":["arte","arte\/teatro\/concertos","Artes de Rua","cultura","eventos","\u00c9vora"],"articleSection":["Not\u00edcias"],"inLanguage":"pt-PT"},{"@type":"WebPage","@id":"https:\/\/portaltela.pt\/noticias\/2026\/02\/03\/evora-inicia-contagem-decrescente-para-capital-europeia-da-cultura-2\/","url":"https:\/\/portaltela.pt\/noticias\/2026\/02\/03\/evora-inicia-contagem-decrescente-para-capital-europeia-da-cultura-2\/","name":"\u00c9vora inicia contagem decrescente para Capital Europeia da Cultura - Portal Tela Portugal","isPartOf":{"@id":"https:\/\/portaltela.pt\/#website"},"primaryImageOfPage":{"@id":"https:\/\/portaltela.pt\/noticias\/2026\/02\/03\/evora-inicia-contagem-decrescente-para-capital-europeia-da-cultura-2\/#primaryimage"},"image":{"@id":"https:\/\/portaltela.pt\/noticias\/2026\/02\/03\/evora-inicia-contagem-decrescente-para-capital-europeia-da-cultura-2\/#primaryimage"},"thumbnailUrl":"https:\/\/portaltela.pt\/s.01k8rhncp4jt1\/2026\/02\/unnamed-file-841.jpg","datePublished":"2026-02-03T14:30:00+00:00","author":{"@id":"https:\/\/portaltela.pt\/#\/schema\/person\/c4278d4a6028830caff9ee44b42d32ed"},"breadcrumb":{"@id":"https:\/\/portaltela.pt\/noticias\/2026\/02\/03\/evora-inicia-contagem-decrescente-para-capital-europeia-da-cultura-2\/#breadcrumb"},"inLanguage":"pt-PT","potentialAction":[{"@type":"ReadAction","target":["https:\/\/portaltela.pt\/noticias\/2026\/02\/03\/evora-inicia-contagem-decrescente-para-capital-europeia-da-cultura-2\/"]}]},{"@type":"ImageObject","inLanguage":"pt-PT","@id":"https:\/\/portaltela.pt\/noticias\/2026\/02\/03\/evora-inicia-contagem-decrescente-para-capital-europeia-da-cultura-2\/#primaryimage","url":"https:\/\/portaltela.pt\/s.01k8rhncp4jt1\/2026\/02\/unnamed-file-841.jpg","contentUrl":"https:\/\/portaltela.pt\/s.01k8rhncp4jt1\/2026\/02\/unnamed-file-841.jpg","width":796,"height":448,"caption":"\u00c9vora inicia contagem decrescente para Capital Europeia da Cultura"},{"@type":"BreadcrumbList","@id":"https:\/\/portaltela.pt\/noticias\/2026\/02\/03\/evora-inicia-contagem-decrescente-para-capital-europeia-da-cultura-2\/#breadcrumb","itemListElement":[{"@type":"ListItem","position":1,"name":"In\u00edcio","item":"https:\/\/portaltela.pt\/"},{"@type":"ListItem","position":2,"name":"\u00c9vora inicia contagem decrescente para Capital Europeia da Cultura"}]},{"@type":"WebSite","@id":"https:\/\/portaltela.pt\/#website","url":"https:\/\/portaltela.pt\/","name":"Portal Tela Portugal","description":"","potentialAction":[{"@type":"SearchAction","target":{"@type":"EntryPoint","urlTemplate":"https:\/\/portaltela.pt\/?s={search_term_string}"},"query-input":{"@type":"PropertyValueSpecification","valueRequired":true,"valueName":"search_term_string"}}],"inLanguage":"pt-PT"},{"@type":"Person","@id":"https:\/\/portaltela.pt\/#\/schema\/person\/c4278d4a6028830caff9ee44b42d32ed","name":"Telinha","image":{"@type":"ImageObject","inLanguage":"pt-PT","@id":"https:\/\/portaltela.pt\/s.01k8rhncp4jt1\/2025\/11\/talking-bot-125x125.png","url":"https:\/\/portaltela.pt\/s.01k8rhncp4jt1\/2025\/11\/talking-bot-125x125.png","contentUrl":"https:\/\/portaltela.pt\/s.01k8rhncp4jt1\/2025\/11\/talking-bot-125x125.png","caption":"Telinha"},"sameAs":["https:\/\/portaltela.pt\/"],"url":"https:\/\/portaltela.pt\/por\/367410592786\/"}]}},"_links":{"self":[{"href":"https:\/\/portaltela.pt\/api\/wp\/v2\/posts\/193963","targetHints":{"allow":["GET"]}}],"collection":[{"href":"https:\/\/portaltela.pt\/api\/wp\/v2\/posts"}],"about":[{"href":"https:\/\/portaltela.pt\/api\/wp\/v2\/types\/post"}],"author":[{"embeddable":true,"href":"https:\/\/portaltela.pt\/api\/wp\/v2\/users\/2"}],"replies":[{"embeddable":true,"href":"https:\/\/portaltela.pt\/api\/wp\/v2\/comments?post=193963"}],"version-history":[{"count":0,"href":"https:\/\/portaltela.pt\/api\/wp\/v2\/posts\/193963\/revisions"}],"wp:featuredmedia":[{"embeddable":true,"href":"https:\/\/portaltela.pt\/api\/wp\/v2\/media\/193972"}],"wp:attachment":[{"href":"https:\/\/portaltela.pt\/api\/wp\/v2\/media?parent=193963"}],"wp:term":[{"taxonomy":"category","embeddable":true,"href":"https:\/\/portaltela.pt\/api\/wp\/v2\/categories?post=193963"},{"taxonomy":"post_tag","embeddable":true,"href":"https:\/\/portaltela.pt\/api\/wp\/v2\/tags?post=193963"}],"curies":[{"name":"wp","href":"https:\/\/api.w.org\/{rel}","templated":true}]}}