{"id":193953,"date":"2026-02-03T11:24:00","date_gmt":"2026-02-03T14:24:00","guid":{"rendered":"https:\/\/portaltela.pt\/noticias\/2026\/02\/03\/disney-nomeia-josh-d-amaro-como-novo-ceo\/"},"modified":"2026-02-03T11:24:00","modified_gmt":"2026-02-03T14:24:00","slug":"disney-nomeia-josh-d-amaro-como-novo-ceo","status":"publish","type":"post","link":"https:\/\/portaltela.pt\/noticias\/economia\/2026\/02\/03\/disney-nomeia-josh-d-amaro-como-novo-ceo\/","title":{"rendered":"Disney nomeia Josh D\u2019Amaro como novo CEO"},"content":{"rendered":"<p>O Disney anunciou que Josh D\u2019Amaro ser\u00e1 o pr\u00f3ximo CEO, sucedendo Bob Iger. A nomea\u00e7\u00e3o \u00e9 oficial e entra em vigor a 18 de mar\u00e7o. D\u2019Amaro, que liderava a divis\u00e3o dos parques tem\u00e1ticos, assume o cargo numa altura de intensos rumores sobre a mudan\u00e7a de lideran\u00e7a.<\/p>\n<p>Ao longo de 28 anos na empresa, D\u2019Amaro ocupou, desde 2020, a presid\u00eancia da divis\u00e3o Disney Experiences, estando \u00e0 frente de mais de 12 parques tem\u00e1ticos e 57 resorts em todo o mundo. A monitoriza\u00e7\u00e3o da transi\u00e7\u00e3o tem sido marcada por especula\u00e7\u00f5es sobre outros potenciais candidatos.<\/p>\n<p>Entre os nomes mencionados como poss\u00edveis substitutos de Iger estavam o presidente da ESPN, Jimmy Pitaro, e a co-presidente da Disney Entertainment, Dana Walden. O comunicado oficial destaca a vis\u00e3o de D\u2019Amaro para a marca e o alinhamento com os projetos estrat\u00e9gicos da empresa.<\/p>\n<h3>Resultados financeiros do primeiro trimestre fiscal<\/h3>\n<p>A Walt Disney Company divulgou lucro l\u00edquido de 2,402 mil milh\u00f5es de d\u00f3lares no primeiro trimestre fiscal (outubro a dezembro de 2025), 6% abaixo do per\u00edodo hom\u00f3logo. A receita totalizou 25,981 mil milh\u00f5es de d\u00f3lares, mais 5,2% face ao ano anterior.<\/p>\n<p>A divis\u00e3o de Entretenimento, que inclui canais, streaming e licen\u00e7as, cresceu 7%, at\u00e9 11,609 mil milh\u00f5es de d\u00f3lares. A \u00e1rea de Desporto registou 4,909 mil milh\u00f5es, mais 1%. O segmento de Experi\u00eancias, com os parques, subiu 6% e atingiu 10,006 mil milh\u00f5es, o maior registo trimestral.<\/p>\n<p>O presidente executivo Robert A. Iger sublinhou satisfa\u00e7\u00e3o com o come\u00e7o do ano fiscal, atribuindo o desempenho ao progresso alcan\u00e7ado pela empresa nos \u00faltimos tr\u00eas anos. A nota refor\u00e7a a continuidade de estrat\u00e9gia da Disney.<\/p>\n","protected":false},"excerpt":{"rendered":"<ul>\n<li>Disney anunciou Josh D\u2019Amaro como novo CEO, cargo que assumir\u00e1 a partir de 18 de mar\u00e7o, substituindo Bob Iger.<\/li>\n<li>D\u2019Amaro, que at\u00e9 agora liderava a divis\u00e3o de parques tem\u00e1ticos, fica respons\u00e1vel por mais de doze parques e cinquenta e sete resorts ao redor do mundo.<\/li>\n<li>Bob Iger liderou a Disney por quase quinze anos (2005 a 2020) e voltou a chefiar a empresa em 2022.<\/li>\n<li>Entre os potenciais substitutos apontados estavam o presidente da ESPN, Jimmy Pitaro, e a co-presidente da Disney Entertainment, Dana Walden.<\/li>\n<li>No primeiro trimestre fiscal, a Disney teve lucro l\u00edquido de 2,402 milh\u00f5es de d\u00f3lares e receita de 25,981 milh\u00f5es de d\u00f3lares, com a unidade de experi\u00eancias a aumentar 6% face ao mesmo per\u00edodo anterior.<\/li>\n<\/ul>\n","protected":false},"author":2,"featured_media":193958,"comment_status":"closed","ping_status":"closed","sticky":false,"template":"","format":"standard","meta":{"footnotes":""},"categories":[2,1],"tags":[2924,28,2697,2156,31,1321],"class_list":["post-193953","post","type-post","status-publish","format-standard","has-post-thumbnail","hentry","category-economia","category-noticias","tag-disney","tag-economia","tag-empresas","tag-investimento-direto-estrangeiro","tag-negocios","tag-publicacoes-economicas"],"yoast_head":"<!-- This site is optimized with the Yoast SEO plugin v27.2 - https:\/\/yoast.com\/product\/yoast-seo-wordpress\/ -->\n<title>Disney nomeia Josh D\u2019Amaro como novo CEO - Portal Tela Portugal<\/title>\n<meta name=\"robots\" content=\"index, follow, max-snippet:-1, max-image-preview:large, max-video-preview:-1\" \/>\n<meta property=\"og:locale\" content=\"pt_PT\" \/>\n<meta property=\"og:type\" content=\"article\" \/>\n<meta property=\"og:title\" content=\"Disney nomeia Josh D\u2019Amaro como novo CEO - Portal Tela Portugal\" \/>\n<meta property=\"og:description\" content=\"Disney anunciou Josh D\u2019Amaro como novo CEO, cargo que assumir\u00e1 a partir de 18 de mar\u00e7o, substituindo Bob Iger. D\u2019Amaro, que at\u00e9 agora liderava a divis\u00e3o de parques tem\u00e1ticos, fica respons\u00e1vel por mais de doze parques e cinquenta e sete resorts ao redor do mundo. Bob Iger liderou a Disney por quase quinze anos (2005 a 2020) e voltou a chefiar a empresa em 2022. Entre os potenciais substitutos apontados estavam o presidente da ESPN, Jimmy Pitaro, e a co-presidente da Disney Entertainment, Dana Walden. No primeiro trimestre fiscal, a Disney teve lucro l\u00edquido de 2,402 milh\u00f5es de d\u00f3lares e receita de 25,981 milh\u00f5es de d\u00f3lares, com a unidade de experi\u00eancias a aumentar 6% face ao mesmo per\u00edodo anterior.\" \/>\n<meta property=\"og:url\" content=\"https:\/\/portaltela.pt\/noticias\/2026\/02\/03\/disney-nomeia-josh-d-amaro-como-novo-ceo\/\" \/>\n<meta property=\"og:site_name\" content=\"Portal Tela Portugal\" \/>\n<meta property=\"article:published_time\" content=\"2026-02-03T14:24:00+00:00\" \/>\n<meta name=\"author\" content=\"Telinha\" \/>\n<meta name=\"twitter:card\" content=\"summary_large_image\" \/>\n<meta name=\"twitter:label1\" content=\"Escrito por\" \/>\n\t<meta name=\"twitter:data1\" content=\"Telinha\" \/>\n\t<meta name=\"twitter:label2\" content=\"Tempo estimado de leitura\" \/>\n\t<meta name=\"twitter:data2\" content=\"1 minuto\" \/>\n<script type=\"application\/ld+json\" class=\"yoast-schema-graph\">{\"@context\":\"https:\/\/schema.org\",\"@graph\":[{\"@type\":\"Article\",\"@id\":\"https:\/\/portaltela.pt\/noticias\/2026\/02\/03\/disney-nomeia-josh-d-amaro-como-novo-ceo\/#article\",\"isPartOf\":{\"@id\":\"https:\/\/portaltela.pt\/noticias\/2026\/02\/03\/disney-nomeia-josh-d-amaro-como-novo-ceo\/\"},\"author\":{\"name\":\"Telinha\",\"@id\":\"https:\/\/portaltela.pt\/#\/schema\/person\/c4278d4a6028830caff9ee44b42d32ed\"},\"headline\":\"Disney nomeia Josh D\u2019Amaro como novo CEO\",\"datePublished\":\"2026-02-03T14:24:00+00:00\",\"mainEntityOfPage\":{\"@id\":\"https:\/\/portaltela.pt\/noticias\/2026\/02\/03\/disney-nomeia-josh-d-amaro-como-novo-ceo\/\"},\"wordCount\":294,\"image\":{\"@id\":\"https:\/\/portaltela.pt\/noticias\/2026\/02\/03\/disney-nomeia-josh-d-amaro-como-novo-ceo\/#primaryimage\"},\"thumbnailUrl\":\"https:\/\/portaltela.pt\/s.01k8rhncp4jt1\/2026\/02\/unnamed-file-839.jpg\",\"keywords\":[\"Disney+\",\"economia\",\"empresas\",\"Investimento Direto Estrangeiro\",\"neg\u00f3cios\",\"publica\u00e7\u00f5es econ\u00f3micas\"],\"articleSection\":[\"Economia\",\"Not\u00edcias\"],\"inLanguage\":\"pt-PT\"},{\"@type\":\"WebPage\",\"@id\":\"https:\/\/portaltela.pt\/noticias\/2026\/02\/03\/disney-nomeia-josh-d-amaro-como-novo-ceo\/\",\"url\":\"https:\/\/portaltela.pt\/noticias\/2026\/02\/03\/disney-nomeia-josh-d-amaro-como-novo-ceo\/\",\"name\":\"Disney nomeia Josh D\u2019Amaro como novo CEO - Portal Tela Portugal\",\"isPartOf\":{\"@id\":\"https:\/\/portaltela.pt\/#website\"},\"primaryImageOfPage\":{\"@id\":\"https:\/\/portaltela.pt\/noticias\/2026\/02\/03\/disney-nomeia-josh-d-amaro-como-novo-ceo\/#primaryimage\"},\"image\":{\"@id\":\"https:\/\/portaltela.pt\/noticias\/2026\/02\/03\/disney-nomeia-josh-d-amaro-como-novo-ceo\/#primaryimage\"},\"thumbnailUrl\":\"https:\/\/portaltela.pt\/s.01k8rhncp4jt1\/2026\/02\/unnamed-file-839.jpg\",\"datePublished\":\"2026-02-03T14:24:00+00:00\",\"author\":{\"@id\":\"https:\/\/portaltela.pt\/#\/schema\/person\/c4278d4a6028830caff9ee44b42d32ed\"},\"breadcrumb\":{\"@id\":\"https:\/\/portaltela.pt\/noticias\/2026\/02\/03\/disney-nomeia-josh-d-amaro-como-novo-ceo\/#breadcrumb\"},\"inLanguage\":\"pt-PT\",\"potentialAction\":[{\"@type\":\"ReadAction\",\"target\":[\"https:\/\/portaltela.pt\/noticias\/2026\/02\/03\/disney-nomeia-josh-d-amaro-como-novo-ceo\/\"]}]},{\"@type\":\"ImageObject\",\"inLanguage\":\"pt-PT\",\"@id\":\"https:\/\/portaltela.pt\/noticias\/2026\/02\/03\/disney-nomeia-josh-d-amaro-como-novo-ceo\/#primaryimage\",\"url\":\"https:\/\/portaltela.pt\/s.01k8rhncp4jt1\/2026\/02\/unnamed-file-839.jpg\",\"contentUrl\":\"https:\/\/portaltela.pt\/s.01k8rhncp4jt1\/2026\/02\/unnamed-file-839.jpg\",\"width\":796,\"height\":448,\"caption\":\"Disney anunciou Josh D\u2019Amaro como novo CEO\"},{\"@type\":\"BreadcrumbList\",\"@id\":\"https:\/\/portaltela.pt\/noticias\/2026\/02\/03\/disney-nomeia-josh-d-amaro-como-novo-ceo\/#breadcrumb\",\"itemListElement\":[{\"@type\":\"ListItem\",\"position\":1,\"name\":\"In\u00edcio\",\"item\":\"https:\/\/portaltela.pt\/\"},{\"@type\":\"ListItem\",\"position\":2,\"name\":\"Disney nomeia Josh D\u2019Amaro como novo CEO\"}]},{\"@type\":\"WebSite\",\"@id\":\"https:\/\/portaltela.pt\/#website\",\"url\":\"https:\/\/portaltela.pt\/\",\"name\":\"Portal Tela Portugal\",\"description\":\"\",\"potentialAction\":[{\"@type\":\"SearchAction\",\"target\":{\"@type\":\"EntryPoint\",\"urlTemplate\":\"https:\/\/portaltela.pt\/?s={search_term_string}\"},\"query-input\":{\"@type\":\"PropertyValueSpecification\",\"valueRequired\":true,\"valueName\":\"search_term_string\"}}],\"inLanguage\":\"pt-PT\"},{\"@type\":\"Person\",\"@id\":\"https:\/\/portaltela.pt\/#\/schema\/person\/c4278d4a6028830caff9ee44b42d32ed\",\"name\":\"Telinha\",\"image\":{\"@type\":\"ImageObject\",\"inLanguage\":\"pt-PT\",\"@id\":\"https:\/\/portaltela.pt\/s.01k8rhncp4jt1\/2025\/11\/talking-bot-125x125.png\",\"url\":\"https:\/\/portaltela.pt\/s.01k8rhncp4jt1\/2025\/11\/talking-bot-125x125.png\",\"contentUrl\":\"https:\/\/portaltela.pt\/s.01k8rhncp4jt1\/2025\/11\/talking-bot-125x125.png\",\"caption\":\"Telinha\"},\"sameAs\":[\"https:\/\/portaltela.pt\/\"],\"url\":\"https:\/\/portaltela.pt\/por\/367410592786\/\"}]}<\/script>\n<!-- \/ Yoast SEO plugin. -->","yoast_head_json":{"title":"Disney nomeia Josh D\u2019Amaro como novo CEO - Portal Tela Portugal","robots":{"index":"index","follow":"follow","max-snippet":"max-snippet:-1","max-image-preview":"max-image-preview:large","max-video-preview":"max-video-preview:-1"},"og_locale":"pt_PT","og_type":"article","og_title":"Disney nomeia Josh D\u2019Amaro como novo CEO - Portal Tela Portugal","og_description":"Disney anunciou Josh D\u2019Amaro como novo CEO, cargo que assumir\u00e1 a partir de 18 de mar\u00e7o, substituindo Bob Iger. D\u2019Amaro, que at\u00e9 agora liderava a divis\u00e3o de parques tem\u00e1ticos, fica respons\u00e1vel por mais de doze parques e cinquenta e sete resorts ao redor do mundo. Bob Iger liderou a Disney por quase quinze anos (2005 a 2020) e voltou a chefiar a empresa em 2022. Entre os potenciais substitutos apontados estavam o presidente da ESPN, Jimmy Pitaro, e a co-presidente da Disney Entertainment, Dana Walden. No primeiro trimestre fiscal, a Disney teve lucro l\u00edquido de 2,402 milh\u00f5es de d\u00f3lares e receita de 25,981 milh\u00f5es de d\u00f3lares, com a unidade de experi\u00eancias a aumentar 6% face ao mesmo per\u00edodo anterior.","og_url":"https:\/\/portaltela.pt\/noticias\/2026\/02\/03\/disney-nomeia-josh-d-amaro-como-novo-ceo\/","og_site_name":"Portal Tela Portugal","article_published_time":"2026-02-03T14:24:00+00:00","author":"Telinha","twitter_card":"summary_large_image","twitter_misc":{"Escrito por":"Telinha","Tempo estimado de leitura":"1 minuto"},"schema":{"@context":"https:\/\/schema.org","@graph":[{"@type":"Article","@id":"https:\/\/portaltela.pt\/noticias\/2026\/02\/03\/disney-nomeia-josh-d-amaro-como-novo-ceo\/#article","isPartOf":{"@id":"https:\/\/portaltela.pt\/noticias\/2026\/02\/03\/disney-nomeia-josh-d-amaro-como-novo-ceo\/"},"author":{"name":"Telinha","@id":"https:\/\/portaltela.pt\/#\/schema\/person\/c4278d4a6028830caff9ee44b42d32ed"},"headline":"Disney nomeia Josh D\u2019Amaro como novo CEO","datePublished":"2026-02-03T14:24:00+00:00","mainEntityOfPage":{"@id":"https:\/\/portaltela.pt\/noticias\/2026\/02\/03\/disney-nomeia-josh-d-amaro-como-novo-ceo\/"},"wordCount":294,"image":{"@id":"https:\/\/portaltela.pt\/noticias\/2026\/02\/03\/disney-nomeia-josh-d-amaro-como-novo-ceo\/#primaryimage"},"thumbnailUrl":"https:\/\/portaltela.pt\/s.01k8rhncp4jt1\/2026\/02\/unnamed-file-839.jpg","keywords":["Disney+","economia","empresas","Investimento Direto Estrangeiro","neg\u00f3cios","publica\u00e7\u00f5es econ\u00f3micas"],"articleSection":["Economia","Not\u00edcias"],"inLanguage":"pt-PT"},{"@type":"WebPage","@id":"https:\/\/portaltela.pt\/noticias\/2026\/02\/03\/disney-nomeia-josh-d-amaro-como-novo-ceo\/","url":"https:\/\/portaltela.pt\/noticias\/2026\/02\/03\/disney-nomeia-josh-d-amaro-como-novo-ceo\/","name":"Disney nomeia Josh D\u2019Amaro como novo CEO - Portal Tela Portugal","isPartOf":{"@id":"https:\/\/portaltela.pt\/#website"},"primaryImageOfPage":{"@id":"https:\/\/portaltela.pt\/noticias\/2026\/02\/03\/disney-nomeia-josh-d-amaro-como-novo-ceo\/#primaryimage"},"image":{"@id":"https:\/\/portaltela.pt\/noticias\/2026\/02\/03\/disney-nomeia-josh-d-amaro-como-novo-ceo\/#primaryimage"},"thumbnailUrl":"https:\/\/portaltela.pt\/s.01k8rhncp4jt1\/2026\/02\/unnamed-file-839.jpg","datePublished":"2026-02-03T14:24:00+00:00","author":{"@id":"https:\/\/portaltela.pt\/#\/schema\/person\/c4278d4a6028830caff9ee44b42d32ed"},"breadcrumb":{"@id":"https:\/\/portaltela.pt\/noticias\/2026\/02\/03\/disney-nomeia-josh-d-amaro-como-novo-ceo\/#breadcrumb"},"inLanguage":"pt-PT","potentialAction":[{"@type":"ReadAction","target":["https:\/\/portaltela.pt\/noticias\/2026\/02\/03\/disney-nomeia-josh-d-amaro-como-novo-ceo\/"]}]},{"@type":"ImageObject","inLanguage":"pt-PT","@id":"https:\/\/portaltela.pt\/noticias\/2026\/02\/03\/disney-nomeia-josh-d-amaro-como-novo-ceo\/#primaryimage","url":"https:\/\/portaltela.pt\/s.01k8rhncp4jt1\/2026\/02\/unnamed-file-839.jpg","contentUrl":"https:\/\/portaltela.pt\/s.01k8rhncp4jt1\/2026\/02\/unnamed-file-839.jpg","width":796,"height":448,"caption":"Disney anunciou Josh D\u2019Amaro como novo CEO"},{"@type":"BreadcrumbList","@id":"https:\/\/portaltela.pt\/noticias\/2026\/02\/03\/disney-nomeia-josh-d-amaro-como-novo-ceo\/#breadcrumb","itemListElement":[{"@type":"ListItem","position":1,"name":"In\u00edcio","item":"https:\/\/portaltela.pt\/"},{"@type":"ListItem","position":2,"name":"Disney nomeia Josh D\u2019Amaro como novo CEO"}]},{"@type":"WebSite","@id":"https:\/\/portaltela.pt\/#website","url":"https:\/\/portaltela.pt\/","name":"Portal Tela Portugal","description":"","potentialAction":[{"@type":"SearchAction","target":{"@type":"EntryPoint","urlTemplate":"https:\/\/portaltela.pt\/?s={search_term_string}"},"query-input":{"@type":"PropertyValueSpecification","valueRequired":true,"valueName":"search_term_string"}}],"inLanguage":"pt-PT"},{"@type":"Person","@id":"https:\/\/portaltela.pt\/#\/schema\/person\/c4278d4a6028830caff9ee44b42d32ed","name":"Telinha","image":{"@type":"ImageObject","inLanguage":"pt-PT","@id":"https:\/\/portaltela.pt\/s.01k8rhncp4jt1\/2025\/11\/talking-bot-125x125.png","url":"https:\/\/portaltela.pt\/s.01k8rhncp4jt1\/2025\/11\/talking-bot-125x125.png","contentUrl":"https:\/\/portaltela.pt\/s.01k8rhncp4jt1\/2025\/11\/talking-bot-125x125.png","caption":"Telinha"},"sameAs":["https:\/\/portaltela.pt\/"],"url":"https:\/\/portaltela.pt\/por\/367410592786\/"}]}},"_links":{"self":[{"href":"https:\/\/portaltela.pt\/api\/wp\/v2\/posts\/193953","targetHints":{"allow":["GET"]}}],"collection":[{"href":"https:\/\/portaltela.pt\/api\/wp\/v2\/posts"}],"about":[{"href":"https:\/\/portaltela.pt\/api\/wp\/v2\/types\/post"}],"author":[{"embeddable":true,"href":"https:\/\/portaltela.pt\/api\/wp\/v2\/users\/2"}],"replies":[{"embeddable":true,"href":"https:\/\/portaltela.pt\/api\/wp\/v2\/comments?post=193953"}],"version-history":[{"count":0,"href":"https:\/\/portaltela.pt\/api\/wp\/v2\/posts\/193953\/revisions"}],"wp:featuredmedia":[{"embeddable":true,"href":"https:\/\/portaltela.pt\/api\/wp\/v2\/media\/193958"}],"wp:attachment":[{"href":"https:\/\/portaltela.pt\/api\/wp\/v2\/media?parent=193953"}],"wp:term":[{"taxonomy":"category","embeddable":true,"href":"https:\/\/portaltela.pt\/api\/wp\/v2\/categories?post=193953"},{"taxonomy":"post_tag","embeddable":true,"href":"https:\/\/portaltela.pt\/api\/wp\/v2\/tags?post=193953"}],"curies":[{"name":"wp","href":"https:\/\/api.w.org\/{rel}","templated":true}]}}