{"id":193950,"date":"2026-02-03T11:35:59","date_gmt":"2026-02-03T14:35:59","guid":{"rendered":"https:\/\/portaltela.pt\/noticias\/2026\/02\/03\/resende-inaugura-exposicao-de-luis-cortez\/"},"modified":"2026-02-03T11:35:59","modified_gmt":"2026-02-03T14:35:59","slug":"resende-inaugura-exposicao-de-luis-cortez","status":"publish","type":"post","link":"https:\/\/portaltela.pt\/noticias\/2026\/02\/03\/resende-inaugura-exposicao-de-luis-cortez\/","title":{"rendered":"Resende inaugura exposi\u00e7\u00e3o de Luis Cortez"},"content":{"rendered":"<p>No Museu Municipal de Resende, a exposi\u00e7\u00e3o de pintura de Lu\u00eds Cortez foi inaugurada no dia 31 de janeiro e fica patente ao p\u00fablico at\u00e9 22 de mar\u00e7o. A primeira apresenta\u00e7\u00e3o integrou a agenda cultural do concelho, com a presen\u00e7a de v\u00e1rias autoridades locais.<\/p>\n<p>Entre os convidados estiveram Fernando Silv\u00e9rio, presidente da C\u00e2mara Municipal de Resende, Paulo Silva, presidente da C\u00e2mara Municipal de Mes\u00e3o Frio, Ant\u00f3nio Marques, presidente da Assembleia Municipal de Resende, Carla Lacerda, vereadora da Cultura, Jorge Caetano, vereador, e Albano Pereira, presidente da Junta de Freguesia de Resende, entre outros.<\/p>\n<p>O autarca Fernando Silv\u00e9rio elogiou a qualidade do trabalho de Cortez e a disponibilidade do artista para expor no espa\u00e7o municipal. Al\u00e9m disso, sublinhou a import\u00e2ncia de promover a cultura e valorizou a participa\u00e7\u00e3o de todos os presentes.<\/p>\n<h3>Visita guiada pelo artista<\/h3>\n<p>O pr\u00f3prio Lu\u00eds Cortez conduziu uma visita guiada \u00e0 mostra, explicou o conceito de cada obra, os processos criativos e as inspira\u00e7\u00f5es que fundamentam o conjunto exposto, oferecendo uma leitura mais aprofundada do seu percurso.<\/p>\n<h3>Ambiente e momentos musicais<\/h3>\n<p>A inaugura\u00e7\u00e3o contou com apresenta\u00e7\u00f5es musicais de Mendel, que criaram um ambiente intimista e culturalmente enriquecedor, contribuindo para o tom da cerim\u00f3nia.<\/p>\n<p>A sess\u00e3o encerrou com um Porto d\u2019Honra, proporcionando um momento de conv\u00edvio entre os presentes e a comunidade art\u00edstica. A exposi\u00e7\u00e3o permanece aberta ao p\u00fablico at\u00e9 22 de mar\u00e7o, oferecendo oportunidade de contacto direto com o trabalho de Cortez.<\/p>\n<p>A iniciativa representa uma oportunidade para o p\u00fablico conhecer o trabalho do artista em primeira m\u00e3o, numa apresenta\u00e7\u00e3o que combina pintura, leitura e m\u00fasica ao vivo.<\/p>\n","protected":false},"excerpt":{"rendered":"<ul>\n<li>No dia 31 de janeiro abriu no Museu Municipal de Resende a exposi\u00e7\u00e3o de pintura de Lu\u00eds Cortez, que fica patente ao p\u00fablico at\u00e9 22 de mar\u00e7o.<\/li>\n<li>A inaugura\u00e7\u00e3o contou com v\u00e1rias autoridades locais, incluindo o presidente da C\u00e2mara Municipal de Resende, entre outros convidados.<\/li>\n<li>O artista conduziu uma visita guiada, explicando conceitos, processos criativos e inspira\u00e7\u00f5es das obras.<\/li>\n<li>Momentos musicais protagonizados por Mendel marcaram a ocasi\u00e3o, contribuindo para um ambiente cultural.<\/li>\n<li>A sess\u00e3o encerrou com um Porto d\u2019Honra, e a exposi\u00e7\u00e3o permanece dispon\u00edvel at\u00e9 22 de mar\u00e7o.<\/li>\n<\/ul>\n","protected":false},"author":2,"featured_media":193955,"comment_status":"closed","ping_status":"closed","sticky":false,"template":"","format":"standard","meta":{"footnotes":""},"categories":[1],"tags":[70,145,1397,1192,122,1372],"class_list":["post-193950","post","type-post","status-publish","format-standard","has-post-thumbnail","hentry","category-noticias","tag-arte","tag-cultura","tag-exposicoes","tag-museus-arquivos","tag-musica","tag-resende"],"yoast_head":"<!-- This site is optimized with the Yoast SEO plugin v27.2 - https:\/\/yoast.com\/product\/yoast-seo-wordpress\/ -->\n<title>Resende inaugura exposi\u00e7\u00e3o de Luis Cortez - Portal Tela Portugal<\/title>\n<meta name=\"robots\" content=\"index, follow, max-snippet:-1, max-image-preview:large, max-video-preview:-1\" \/>\n<meta property=\"og:locale\" content=\"pt_PT\" \/>\n<meta property=\"og:type\" content=\"article\" \/>\n<meta property=\"og:title\" content=\"Resende inaugura exposi\u00e7\u00e3o de Luis Cortez - Portal Tela Portugal\" \/>\n<meta property=\"og:description\" content=\"No dia 31 de janeiro abriu no Museu Municipal de Resende a exposi\u00e7\u00e3o de pintura de Lu\u00eds Cortez, que fica patente ao p\u00fablico at\u00e9 22 de mar\u00e7o. A inaugura\u00e7\u00e3o contou com v\u00e1rias autoridades locais, incluindo o presidente da C\u00e2mara Municipal de Resende, entre outros convidados. O artista conduziu uma visita guiada, explicando conceitos, processos criativos e inspira\u00e7\u00f5es das obras. Momentos musicais protagonizados por Mendel marcaram a ocasi\u00e3o, contribuindo para um ambiente cultural. A sess\u00e3o encerrou com um Porto d\u2019Honra, e a exposi\u00e7\u00e3o permanece dispon\u00edvel at\u00e9 22 de mar\u00e7o.\" \/>\n<meta property=\"og:url\" content=\"https:\/\/portaltela.pt\/noticias\/2026\/02\/03\/resende-inaugura-exposicao-de-luis-cortez\/\" \/>\n<meta property=\"og:site_name\" content=\"Portal Tela Portugal\" \/>\n<meta property=\"article:published_time\" content=\"2026-02-03T14:35:59+00:00\" \/>\n<meta name=\"author\" content=\"Telinha\" \/>\n<meta name=\"twitter:card\" content=\"summary_large_image\" \/>\n<meta name=\"twitter:label1\" content=\"Escrito por\" \/>\n\t<meta name=\"twitter:data1\" content=\"Telinha\" \/>\n\t<meta name=\"twitter:label2\" content=\"Tempo estimado de leitura\" \/>\n\t<meta name=\"twitter:data2\" content=\"1 minuto\" \/>\n<script type=\"application\/ld+json\" class=\"yoast-schema-graph\">{\"@context\":\"https:\/\/schema.org\",\"@graph\":[{\"@type\":\"Article\",\"@id\":\"https:\/\/portaltela.pt\/noticias\/2026\/02\/03\/resende-inaugura-exposicao-de-luis-cortez\/#article\",\"isPartOf\":{\"@id\":\"https:\/\/portaltela.pt\/noticias\/2026\/02\/03\/resende-inaugura-exposicao-de-luis-cortez\/\"},\"author\":{\"name\":\"Telinha\",\"@id\":\"https:\/\/portaltela.pt\/#\/schema\/person\/c4278d4a6028830caff9ee44b42d32ed\"},\"headline\":\"Resende inaugura exposi\u00e7\u00e3o de Luis Cortez\",\"datePublished\":\"2026-02-03T14:35:59+00:00\",\"mainEntityOfPage\":{\"@id\":\"https:\/\/portaltela.pt\/noticias\/2026\/02\/03\/resende-inaugura-exposicao-de-luis-cortez\/\"},\"wordCount\":298,\"image\":{\"@id\":\"https:\/\/portaltela.pt\/noticias\/2026\/02\/03\/resende-inaugura-exposicao-de-luis-cortez\/#primaryimage\"},\"thumbnailUrl\":\"https:\/\/portaltela.pt\/s.01k8rhncp4jt1\/2026\/02\/unnamed-file-838.jpg\",\"keywords\":[\"arte\",\"cultura\",\"exposi\u00e7\u00f5es\",\"museus\/arquivos\",\"m\u00fasica\",\"Resende\"],\"articleSection\":[\"Not\u00edcias\"],\"inLanguage\":\"pt-PT\"},{\"@type\":\"WebPage\",\"@id\":\"https:\/\/portaltela.pt\/noticias\/2026\/02\/03\/resende-inaugura-exposicao-de-luis-cortez\/\",\"url\":\"https:\/\/portaltela.pt\/noticias\/2026\/02\/03\/resende-inaugura-exposicao-de-luis-cortez\/\",\"name\":\"Resende inaugura exposi\u00e7\u00e3o de Luis Cortez - Portal Tela Portugal\",\"isPartOf\":{\"@id\":\"https:\/\/portaltela.pt\/#website\"},\"primaryImageOfPage\":{\"@id\":\"https:\/\/portaltela.pt\/noticias\/2026\/02\/03\/resende-inaugura-exposicao-de-luis-cortez\/#primaryimage\"},\"image\":{\"@id\":\"https:\/\/portaltela.pt\/noticias\/2026\/02\/03\/resende-inaugura-exposicao-de-luis-cortez\/#primaryimage\"},\"thumbnailUrl\":\"https:\/\/portaltela.pt\/s.01k8rhncp4jt1\/2026\/02\/unnamed-file-838.jpg\",\"datePublished\":\"2026-02-03T14:35:59+00:00\",\"author\":{\"@id\":\"https:\/\/portaltela.pt\/#\/schema\/person\/c4278d4a6028830caff9ee44b42d32ed\"},\"breadcrumb\":{\"@id\":\"https:\/\/portaltela.pt\/noticias\/2026\/02\/03\/resende-inaugura-exposicao-de-luis-cortez\/#breadcrumb\"},\"inLanguage\":\"pt-PT\",\"potentialAction\":[{\"@type\":\"ReadAction\",\"target\":[\"https:\/\/portaltela.pt\/noticias\/2026\/02\/03\/resende-inaugura-exposicao-de-luis-cortez\/\"]}]},{\"@type\":\"ImageObject\",\"inLanguage\":\"pt-PT\",\"@id\":\"https:\/\/portaltela.pt\/noticias\/2026\/02\/03\/resende-inaugura-exposicao-de-luis-cortez\/#primaryimage\",\"url\":\"https:\/\/portaltela.pt\/s.01k8rhncp4jt1\/2026\/02\/unnamed-file-838.jpg\",\"contentUrl\":\"https:\/\/portaltela.pt\/s.01k8rhncp4jt1\/2026\/02\/unnamed-file-838.jpg\",\"width\":796,\"height\":448,\"caption\":\"Resende: Exposi\u00e7\u00e3o de Luis Cortez inaugurada\"},{\"@type\":\"BreadcrumbList\",\"@id\":\"https:\/\/portaltela.pt\/noticias\/2026\/02\/03\/resende-inaugura-exposicao-de-luis-cortez\/#breadcrumb\",\"itemListElement\":[{\"@type\":\"ListItem\",\"position\":1,\"name\":\"In\u00edcio\",\"item\":\"https:\/\/portaltela.pt\/\"},{\"@type\":\"ListItem\",\"position\":2,\"name\":\"Resende inaugura exposi\u00e7\u00e3o de Luis Cortez\"}]},{\"@type\":\"WebSite\",\"@id\":\"https:\/\/portaltela.pt\/#website\",\"url\":\"https:\/\/portaltela.pt\/\",\"name\":\"Portal Tela Portugal\",\"description\":\"\",\"potentialAction\":[{\"@type\":\"SearchAction\",\"target\":{\"@type\":\"EntryPoint\",\"urlTemplate\":\"https:\/\/portaltela.pt\/?s={search_term_string}\"},\"query-input\":{\"@type\":\"PropertyValueSpecification\",\"valueRequired\":true,\"valueName\":\"search_term_string\"}}],\"inLanguage\":\"pt-PT\"},{\"@type\":\"Person\",\"@id\":\"https:\/\/portaltela.pt\/#\/schema\/person\/c4278d4a6028830caff9ee44b42d32ed\",\"name\":\"Telinha\",\"image\":{\"@type\":\"ImageObject\",\"inLanguage\":\"pt-PT\",\"@id\":\"https:\/\/portaltela.pt\/s.01k8rhncp4jt1\/2025\/11\/talking-bot-125x125.png\",\"url\":\"https:\/\/portaltela.pt\/s.01k8rhncp4jt1\/2025\/11\/talking-bot-125x125.png\",\"contentUrl\":\"https:\/\/portaltela.pt\/s.01k8rhncp4jt1\/2025\/11\/talking-bot-125x125.png\",\"caption\":\"Telinha\"},\"sameAs\":[\"https:\/\/portaltela.pt\/\"],\"url\":\"https:\/\/portaltela.pt\/por\/367410592786\/\"}]}<\/script>\n<!-- \/ Yoast SEO plugin. -->","yoast_head_json":{"title":"Resende inaugura exposi\u00e7\u00e3o de Luis Cortez - Portal Tela Portugal","robots":{"index":"index","follow":"follow","max-snippet":"max-snippet:-1","max-image-preview":"max-image-preview:large","max-video-preview":"max-video-preview:-1"},"og_locale":"pt_PT","og_type":"article","og_title":"Resende inaugura exposi\u00e7\u00e3o de Luis Cortez - Portal Tela Portugal","og_description":"No dia 31 de janeiro abriu no Museu Municipal de Resende a exposi\u00e7\u00e3o de pintura de Lu\u00eds Cortez, que fica patente ao p\u00fablico at\u00e9 22 de mar\u00e7o. A inaugura\u00e7\u00e3o contou com v\u00e1rias autoridades locais, incluindo o presidente da C\u00e2mara Municipal de Resende, entre outros convidados. O artista conduziu uma visita guiada, explicando conceitos, processos criativos e inspira\u00e7\u00f5es das obras. Momentos musicais protagonizados por Mendel marcaram a ocasi\u00e3o, contribuindo para um ambiente cultural. A sess\u00e3o encerrou com um Porto d\u2019Honra, e a exposi\u00e7\u00e3o permanece dispon\u00edvel at\u00e9 22 de mar\u00e7o.","og_url":"https:\/\/portaltela.pt\/noticias\/2026\/02\/03\/resende-inaugura-exposicao-de-luis-cortez\/","og_site_name":"Portal Tela Portugal","article_published_time":"2026-02-03T14:35:59+00:00","author":"Telinha","twitter_card":"summary_large_image","twitter_misc":{"Escrito por":"Telinha","Tempo estimado de leitura":"1 minuto"},"schema":{"@context":"https:\/\/schema.org","@graph":[{"@type":"Article","@id":"https:\/\/portaltela.pt\/noticias\/2026\/02\/03\/resende-inaugura-exposicao-de-luis-cortez\/#article","isPartOf":{"@id":"https:\/\/portaltela.pt\/noticias\/2026\/02\/03\/resende-inaugura-exposicao-de-luis-cortez\/"},"author":{"name":"Telinha","@id":"https:\/\/portaltela.pt\/#\/schema\/person\/c4278d4a6028830caff9ee44b42d32ed"},"headline":"Resende inaugura exposi\u00e7\u00e3o de Luis Cortez","datePublished":"2026-02-03T14:35:59+00:00","mainEntityOfPage":{"@id":"https:\/\/portaltela.pt\/noticias\/2026\/02\/03\/resende-inaugura-exposicao-de-luis-cortez\/"},"wordCount":298,"image":{"@id":"https:\/\/portaltela.pt\/noticias\/2026\/02\/03\/resende-inaugura-exposicao-de-luis-cortez\/#primaryimage"},"thumbnailUrl":"https:\/\/portaltela.pt\/s.01k8rhncp4jt1\/2026\/02\/unnamed-file-838.jpg","keywords":["arte","cultura","exposi\u00e7\u00f5es","museus\/arquivos","m\u00fasica","Resende"],"articleSection":["Not\u00edcias"],"inLanguage":"pt-PT"},{"@type":"WebPage","@id":"https:\/\/portaltela.pt\/noticias\/2026\/02\/03\/resende-inaugura-exposicao-de-luis-cortez\/","url":"https:\/\/portaltela.pt\/noticias\/2026\/02\/03\/resende-inaugura-exposicao-de-luis-cortez\/","name":"Resende inaugura exposi\u00e7\u00e3o de Luis Cortez - Portal Tela Portugal","isPartOf":{"@id":"https:\/\/portaltela.pt\/#website"},"primaryImageOfPage":{"@id":"https:\/\/portaltela.pt\/noticias\/2026\/02\/03\/resende-inaugura-exposicao-de-luis-cortez\/#primaryimage"},"image":{"@id":"https:\/\/portaltela.pt\/noticias\/2026\/02\/03\/resende-inaugura-exposicao-de-luis-cortez\/#primaryimage"},"thumbnailUrl":"https:\/\/portaltela.pt\/s.01k8rhncp4jt1\/2026\/02\/unnamed-file-838.jpg","datePublished":"2026-02-03T14:35:59+00:00","author":{"@id":"https:\/\/portaltela.pt\/#\/schema\/person\/c4278d4a6028830caff9ee44b42d32ed"},"breadcrumb":{"@id":"https:\/\/portaltela.pt\/noticias\/2026\/02\/03\/resende-inaugura-exposicao-de-luis-cortez\/#breadcrumb"},"inLanguage":"pt-PT","potentialAction":[{"@type":"ReadAction","target":["https:\/\/portaltela.pt\/noticias\/2026\/02\/03\/resende-inaugura-exposicao-de-luis-cortez\/"]}]},{"@type":"ImageObject","inLanguage":"pt-PT","@id":"https:\/\/portaltela.pt\/noticias\/2026\/02\/03\/resende-inaugura-exposicao-de-luis-cortez\/#primaryimage","url":"https:\/\/portaltela.pt\/s.01k8rhncp4jt1\/2026\/02\/unnamed-file-838.jpg","contentUrl":"https:\/\/portaltela.pt\/s.01k8rhncp4jt1\/2026\/02\/unnamed-file-838.jpg","width":796,"height":448,"caption":"Resende: Exposi\u00e7\u00e3o de Luis Cortez inaugurada"},{"@type":"BreadcrumbList","@id":"https:\/\/portaltela.pt\/noticias\/2026\/02\/03\/resende-inaugura-exposicao-de-luis-cortez\/#breadcrumb","itemListElement":[{"@type":"ListItem","position":1,"name":"In\u00edcio","item":"https:\/\/portaltela.pt\/"},{"@type":"ListItem","position":2,"name":"Resende inaugura exposi\u00e7\u00e3o de Luis Cortez"}]},{"@type":"WebSite","@id":"https:\/\/portaltela.pt\/#website","url":"https:\/\/portaltela.pt\/","name":"Portal Tela Portugal","description":"","potentialAction":[{"@type":"SearchAction","target":{"@type":"EntryPoint","urlTemplate":"https:\/\/portaltela.pt\/?s={search_term_string}"},"query-input":{"@type":"PropertyValueSpecification","valueRequired":true,"valueName":"search_term_string"}}],"inLanguage":"pt-PT"},{"@type":"Person","@id":"https:\/\/portaltela.pt\/#\/schema\/person\/c4278d4a6028830caff9ee44b42d32ed","name":"Telinha","image":{"@type":"ImageObject","inLanguage":"pt-PT","@id":"https:\/\/portaltela.pt\/s.01k8rhncp4jt1\/2025\/11\/talking-bot-125x125.png","url":"https:\/\/portaltela.pt\/s.01k8rhncp4jt1\/2025\/11\/talking-bot-125x125.png","contentUrl":"https:\/\/portaltela.pt\/s.01k8rhncp4jt1\/2025\/11\/talking-bot-125x125.png","caption":"Telinha"},"sameAs":["https:\/\/portaltela.pt\/"],"url":"https:\/\/portaltela.pt\/por\/367410592786\/"}]}},"_links":{"self":[{"href":"https:\/\/portaltela.pt\/api\/wp\/v2\/posts\/193950","targetHints":{"allow":["GET"]}}],"collection":[{"href":"https:\/\/portaltela.pt\/api\/wp\/v2\/posts"}],"about":[{"href":"https:\/\/portaltela.pt\/api\/wp\/v2\/types\/post"}],"author":[{"embeddable":true,"href":"https:\/\/portaltela.pt\/api\/wp\/v2\/users\/2"}],"replies":[{"embeddable":true,"href":"https:\/\/portaltela.pt\/api\/wp\/v2\/comments?post=193950"}],"version-history":[{"count":0,"href":"https:\/\/portaltela.pt\/api\/wp\/v2\/posts\/193950\/revisions"}],"wp:featuredmedia":[{"embeddable":true,"href":"https:\/\/portaltela.pt\/api\/wp\/v2\/media\/193955"}],"wp:attachment":[{"href":"https:\/\/portaltela.pt\/api\/wp\/v2\/media?parent=193950"}],"wp:term":[{"taxonomy":"category","embeddable":true,"href":"https:\/\/portaltela.pt\/api\/wp\/v2\/categories?post=193950"},{"taxonomy":"post_tag","embeddable":true,"href":"https:\/\/portaltela.pt\/api\/wp\/v2\/tags?post=193950"}],"curies":[{"name":"wp","href":"https:\/\/api.w.org\/{rel}","templated":true}]}}