{"id":193940,"date":"2026-02-03T11:34:00","date_gmt":"2026-02-03T14:34:00","guid":{"rendered":"https:\/\/portaltela.pt\/noticias\/2026\/02\/03\/persegue-ameaca-de-morte-e-agride-dono-de-cao-que-o-mordeu\/"},"modified":"2026-02-03T11:34:00","modified_gmt":"2026-02-03T14:34:00","slug":"persegue-ameaca-de-morte-e-agride-dono-de-cao-que-o-mordeu","status":"publish","type":"post","link":"https:\/\/portaltela.pt\/noticias\/2026\/02\/03\/persegue-ameaca-de-morte-e-agride-dono-de-cao-que-o-mordeu\/","title":{"rendered":"Persegue, amea\u00e7a de morte e agride dono de c\u00e3o que o mordeu"},"content":{"rendered":"<p>Na manh\u00e3 de sexta-feira, 30 de janeiro, a PSP de Marvila detetou dois homens a correr na dire\u00e7\u00e3o da esquadra, com um deles a pedir ajuda e o outro a segui-lo para impedir que atingisse a entrada. Os agentes separaram os intervenientes e o perseguidor foi conduzido para dentro da esquadra, mantendo a v\u00edtima do lado de fora.<\/p>\n<p>Os dois estavam a passear os seus c\u00e3es quando o animal do ofendido mordou o c\u00e3o do suspeito. Em rea\u00e7\u00e3o, o segundo come\u00e7ou a agredir e a insultar a v\u00edtima, que pediu ajuda junto da esquadra.<\/p>\n<p>J\u00e1 no interior da esquadra, o suspeito continuou a comportar-se de forma amea\u00e7adora e provocadora, dirigindo amea\u00e7as verbais incluindo refer\u00eancias a armas e men\u00e7\u00f5es de morte. Os agentes exigiram a identifica\u00e7\u00e3o, que o homem recusou conceder.<\/p>\n<p>O indiv\u00edduo manteve atitude agressiva e desrespeitosa, recusando-se a colaborar com a autoridade. Perante a ilicitude do comportamento, foi detido de imediato pela PSP e permaneceu na esquadra para tratamento das dilig\u00eancias da deten\u00e7\u00e3o.<\/p>\n<p>Durante o procedimento, o suspeito manteve uma postura irregular e continuou a fazer amea\u00e7as \u00e0 v\u00edtima, incluindo afirma\u00e7\u00f5es de que o agrediria ap\u00f3s a sa\u00edda do tribunal. A deten\u00e7\u00e3o ocorreu no interior das instala\u00e7\u00f5es policiais.<\/p>\n<p>O homem foi apresentado ao Tribunal Judicial de Lisboa e ficou sujeito a apresenta\u00e7\u00f5es semanais, conforme decis\u00e3o judicial. A PSP refor\u00e7ou que o caso envolve condutas de viol\u00eancia entre pessoas que partilhavam o mesmo espa\u00e7o para passear c\u00e3es.<\/p>\n","protected":false},"excerpt":{"rendered":"<ul>\n<li>Na manh\u00e3 de 30 de janeiro, pol\u00edcias da esquadra de Marvila viram dois homens a correr na dire\u00e7\u00e3o da esquadra, um deles pedindo ajuda e o outro agarrando-o para impedir que chegasse \u00e0 esquadra.<\/li>\n<li>Os dois estavam a passear os c\u00e3es quando o c\u00e3o do ofendido mordeu o c\u00e3o do suspeito, que passou a agredir e insultar o outro.<\/li>\n<li>O agressor perseguiu a v\u00edtima at\u00e9 \u00e0 esquadra, tentando impedir que esta entrasse.<\/li>\n<li>J\u00e1 dentro da esquadra, o suspeito manteve uma atitude agressiva, proferindo amea\u00e7as de armas de fogo e de morte ao lesado, e recusou-se a identificar-se.<\/li>\n<li>O homem foi detido e apresentado no Tribunal Judicial de Lisboa, ficando sujeito a apresenta\u00e7\u00f5es semanais.<\/li>\n<\/ul>\n","protected":false},"author":2,"featured_media":193943,"comment_status":"closed","ping_status":"closed","sticky":false,"template":"","format":"standard","meta":{"footnotes":""},"categories":[1],"tags":[2754,291,4139,3418,52,939],"class_list":["post-193940","post","type-post","status-publish","format-standard","has-post-thumbnail","hentry","category-noticias","tag-agressao","tag-ameaca-agravada","tag-detencao","tag-policia-de-seguranca-publica","tag-tribunal","tag-violencia"],"yoast_head":"<!-- This site is optimized with the Yoast SEO plugin v27.2 - https:\/\/yoast.com\/product\/yoast-seo-wordpress\/ -->\n<title>Persegue, amea\u00e7a de morte e agride dono de c\u00e3o que o mordeu - Portal Tela Portugal<\/title>\n<meta name=\"robots\" content=\"index, follow, max-snippet:-1, max-image-preview:large, max-video-preview:-1\" \/>\n<meta property=\"og:locale\" content=\"pt_PT\" \/>\n<meta property=\"og:type\" content=\"article\" \/>\n<meta property=\"og:title\" content=\"Persegue, amea\u00e7a de morte e agride dono de c\u00e3o que o mordeu - Portal Tela Portugal\" \/>\n<meta property=\"og:description\" content=\"Na manh\u00e3 de 30 de janeiro, pol\u00edcias da esquadra de Marvila viram dois homens a correr na dire\u00e7\u00e3o da esquadra, um deles pedindo ajuda e o outro agarrando-o para impedir que chegasse \u00e0 esquadra. Os dois estavam a passear os c\u00e3es quando o c\u00e3o do ofendido mordeu o c\u00e3o do suspeito, que passou a agredir e insultar o outro. O agressor perseguiu a v\u00edtima at\u00e9 \u00e0 esquadra, tentando impedir que esta entrasse. J\u00e1 dentro da esquadra, o suspeito manteve uma atitude agressiva, proferindo amea\u00e7as de armas de fogo e de morte ao lesado, e recusou-se a identificar-se. O homem foi detido e apresentado no Tribunal Judicial de Lisboa, ficando sujeito a apresenta\u00e7\u00f5es semanais.\" \/>\n<meta property=\"og:url\" content=\"https:\/\/portaltela.pt\/noticias\/2026\/02\/03\/persegue-ameaca-de-morte-e-agride-dono-de-cao-que-o-mordeu\/\" \/>\n<meta property=\"og:site_name\" content=\"Portal Tela Portugal\" \/>\n<meta property=\"article:published_time\" content=\"2026-02-03T14:34:00+00:00\" \/>\n<meta name=\"author\" content=\"Telinha\" \/>\n<meta name=\"twitter:card\" content=\"summary_large_image\" \/>\n<meta name=\"twitter:label1\" content=\"Escrito por\" \/>\n\t<meta name=\"twitter:data1\" content=\"Telinha\" \/>\n\t<meta name=\"twitter:label2\" content=\"Tempo estimado de leitura\" \/>\n\t<meta name=\"twitter:data2\" content=\"1 minuto\" \/>\n<script type=\"application\/ld+json\" class=\"yoast-schema-graph\">{\"@context\":\"https:\/\/schema.org\",\"@graph\":[{\"@type\":\"Article\",\"@id\":\"https:\/\/portaltela.pt\/noticias\/2026\/02\/03\/persegue-ameaca-de-morte-e-agride-dono-de-cao-que-o-mordeu\/#article\",\"isPartOf\":{\"@id\":\"https:\/\/portaltela.pt\/noticias\/2026\/02\/03\/persegue-ameaca-de-morte-e-agride-dono-de-cao-que-o-mordeu\/\"},\"author\":{\"name\":\"Telinha\",\"@id\":\"https:\/\/portaltela.pt\/#\/schema\/person\/c4278d4a6028830caff9ee44b42d32ed\"},\"headline\":\"Persegue, amea\u00e7a de morte e agride dono de c\u00e3o que o mordeu\",\"datePublished\":\"2026-02-03T14:34:00+00:00\",\"mainEntityOfPage\":{\"@id\":\"https:\/\/portaltela.pt\/noticias\/2026\/02\/03\/persegue-ameaca-de-morte-e-agride-dono-de-cao-que-o-mordeu\/\"},\"wordCount\":277,\"image\":{\"@id\":\"https:\/\/portaltela.pt\/noticias\/2026\/02\/03\/persegue-ameaca-de-morte-e-agride-dono-de-cao-que-o-mordeu\/#primaryimage\"},\"thumbnailUrl\":\"https:\/\/portaltela.pt\/s.01k8rhncp4jt1\/2026\/02\/image-200.jpg\",\"keywords\":[\"agress\u00e3o\",\"amea\u00e7a agravada\",\"deten\u00e7\u00e3o\",\"Pol\u00edcia de Seguran\u00e7a P\u00fablica\",\"tribunal\",\"viol\u00eancia\"],\"articleSection\":[\"Not\u00edcias\"],\"inLanguage\":\"pt-PT\"},{\"@type\":\"WebPage\",\"@id\":\"https:\/\/portaltela.pt\/noticias\/2026\/02\/03\/persegue-ameaca-de-morte-e-agride-dono-de-cao-que-o-mordeu\/\",\"url\":\"https:\/\/portaltela.pt\/noticias\/2026\/02\/03\/persegue-ameaca-de-morte-e-agride-dono-de-cao-que-o-mordeu\/\",\"name\":\"Persegue, amea\u00e7a de morte e agride dono de c\u00e3o que o mordeu - Portal Tela Portugal\",\"isPartOf\":{\"@id\":\"https:\/\/portaltela.pt\/#website\"},\"primaryImageOfPage\":{\"@id\":\"https:\/\/portaltela.pt\/noticias\/2026\/02\/03\/persegue-ameaca-de-morte-e-agride-dono-de-cao-que-o-mordeu\/#primaryimage\"},\"image\":{\"@id\":\"https:\/\/portaltela.pt\/noticias\/2026\/02\/03\/persegue-ameaca-de-morte-e-agride-dono-de-cao-que-o-mordeu\/#primaryimage\"},\"thumbnailUrl\":\"https:\/\/portaltela.pt\/s.01k8rhncp4jt1\/2026\/02\/image-200.jpg\",\"datePublished\":\"2026-02-03T14:34:00+00:00\",\"author\":{\"@id\":\"https:\/\/portaltela.pt\/#\/schema\/person\/c4278d4a6028830caff9ee44b42d32ed\"},\"breadcrumb\":{\"@id\":\"https:\/\/portaltela.pt\/noticias\/2026\/02\/03\/persegue-ameaca-de-morte-e-agride-dono-de-cao-que-o-mordeu\/#breadcrumb\"},\"inLanguage\":\"pt-PT\",\"potentialAction\":[{\"@type\":\"ReadAction\",\"target\":[\"https:\/\/portaltela.pt\/noticias\/2026\/02\/03\/persegue-ameaca-de-morte-e-agride-dono-de-cao-que-o-mordeu\/\"]}]},{\"@type\":\"ImageObject\",\"inLanguage\":\"pt-PT\",\"@id\":\"https:\/\/portaltela.pt\/noticias\/2026\/02\/03\/persegue-ameaca-de-morte-e-agride-dono-de-cao-que-o-mordeu\/#primaryimage\",\"url\":\"https:\/\/portaltela.pt\/s.01k8rhncp4jt1\/2026\/02\/image-200.jpg\",\"contentUrl\":\"https:\/\/portaltela.pt\/s.01k8rhncp4jt1\/2026\/02\/image-200.jpg\",\"width\":796,\"height\":448,\"caption\":\"Detido continuou a amea\u00e7ar de morte a v\u00edtima j\u00e1 no interior da esquadra\"},{\"@type\":\"BreadcrumbList\",\"@id\":\"https:\/\/portaltela.pt\/noticias\/2026\/02\/03\/persegue-ameaca-de-morte-e-agride-dono-de-cao-que-o-mordeu\/#breadcrumb\",\"itemListElement\":[{\"@type\":\"ListItem\",\"position\":1,\"name\":\"In\u00edcio\",\"item\":\"https:\/\/portaltela.pt\/\"},{\"@type\":\"ListItem\",\"position\":2,\"name\":\"Persegue, amea\u00e7a de morte e agride dono de c\u00e3o que o mordeu\"}]},{\"@type\":\"WebSite\",\"@id\":\"https:\/\/portaltela.pt\/#website\",\"url\":\"https:\/\/portaltela.pt\/\",\"name\":\"Portal Tela Portugal\",\"description\":\"\",\"potentialAction\":[{\"@type\":\"SearchAction\",\"target\":{\"@type\":\"EntryPoint\",\"urlTemplate\":\"https:\/\/portaltela.pt\/?s={search_term_string}\"},\"query-input\":{\"@type\":\"PropertyValueSpecification\",\"valueRequired\":true,\"valueName\":\"search_term_string\"}}],\"inLanguage\":\"pt-PT\"},{\"@type\":\"Person\",\"@id\":\"https:\/\/portaltela.pt\/#\/schema\/person\/c4278d4a6028830caff9ee44b42d32ed\",\"name\":\"Telinha\",\"image\":{\"@type\":\"ImageObject\",\"inLanguage\":\"pt-PT\",\"@id\":\"https:\/\/portaltela.pt\/s.01k8rhncp4jt1\/2025\/11\/talking-bot-125x125.png\",\"url\":\"https:\/\/portaltela.pt\/s.01k8rhncp4jt1\/2025\/11\/talking-bot-125x125.png\",\"contentUrl\":\"https:\/\/portaltela.pt\/s.01k8rhncp4jt1\/2025\/11\/talking-bot-125x125.png\",\"caption\":\"Telinha\"},\"sameAs\":[\"https:\/\/portaltela.pt\/\"],\"url\":\"https:\/\/portaltela.pt\/por\/367410592786\/\"}]}<\/script>\n<!-- \/ Yoast SEO plugin. -->","yoast_head_json":{"title":"Persegue, amea\u00e7a de morte e agride dono de c\u00e3o que o mordeu - Portal Tela Portugal","robots":{"index":"index","follow":"follow","max-snippet":"max-snippet:-1","max-image-preview":"max-image-preview:large","max-video-preview":"max-video-preview:-1"},"og_locale":"pt_PT","og_type":"article","og_title":"Persegue, amea\u00e7a de morte e agride dono de c\u00e3o que o mordeu - Portal Tela Portugal","og_description":"Na manh\u00e3 de 30 de janeiro, pol\u00edcias da esquadra de Marvila viram dois homens a correr na dire\u00e7\u00e3o da esquadra, um deles pedindo ajuda e o outro agarrando-o para impedir que chegasse \u00e0 esquadra. Os dois estavam a passear os c\u00e3es quando o c\u00e3o do ofendido mordeu o c\u00e3o do suspeito, que passou a agredir e insultar o outro. O agressor perseguiu a v\u00edtima at\u00e9 \u00e0 esquadra, tentando impedir que esta entrasse. J\u00e1 dentro da esquadra, o suspeito manteve uma atitude agressiva, proferindo amea\u00e7as de armas de fogo e de morte ao lesado, e recusou-se a identificar-se. O homem foi detido e apresentado no Tribunal Judicial de Lisboa, ficando sujeito a apresenta\u00e7\u00f5es semanais.","og_url":"https:\/\/portaltela.pt\/noticias\/2026\/02\/03\/persegue-ameaca-de-morte-e-agride-dono-de-cao-que-o-mordeu\/","og_site_name":"Portal Tela Portugal","article_published_time":"2026-02-03T14:34:00+00:00","author":"Telinha","twitter_card":"summary_large_image","twitter_misc":{"Escrito por":"Telinha","Tempo estimado de leitura":"1 minuto"},"schema":{"@context":"https:\/\/schema.org","@graph":[{"@type":"Article","@id":"https:\/\/portaltela.pt\/noticias\/2026\/02\/03\/persegue-ameaca-de-morte-e-agride-dono-de-cao-que-o-mordeu\/#article","isPartOf":{"@id":"https:\/\/portaltela.pt\/noticias\/2026\/02\/03\/persegue-ameaca-de-morte-e-agride-dono-de-cao-que-o-mordeu\/"},"author":{"name":"Telinha","@id":"https:\/\/portaltela.pt\/#\/schema\/person\/c4278d4a6028830caff9ee44b42d32ed"},"headline":"Persegue, amea\u00e7a de morte e agride dono de c\u00e3o que o mordeu","datePublished":"2026-02-03T14:34:00+00:00","mainEntityOfPage":{"@id":"https:\/\/portaltela.pt\/noticias\/2026\/02\/03\/persegue-ameaca-de-morte-e-agride-dono-de-cao-que-o-mordeu\/"},"wordCount":277,"image":{"@id":"https:\/\/portaltela.pt\/noticias\/2026\/02\/03\/persegue-ameaca-de-morte-e-agride-dono-de-cao-que-o-mordeu\/#primaryimage"},"thumbnailUrl":"https:\/\/portaltela.pt\/s.01k8rhncp4jt1\/2026\/02\/image-200.jpg","keywords":["agress\u00e3o","amea\u00e7a agravada","deten\u00e7\u00e3o","Pol\u00edcia de Seguran\u00e7a P\u00fablica","tribunal","viol\u00eancia"],"articleSection":["Not\u00edcias"],"inLanguage":"pt-PT"},{"@type":"WebPage","@id":"https:\/\/portaltela.pt\/noticias\/2026\/02\/03\/persegue-ameaca-de-morte-e-agride-dono-de-cao-que-o-mordeu\/","url":"https:\/\/portaltela.pt\/noticias\/2026\/02\/03\/persegue-ameaca-de-morte-e-agride-dono-de-cao-que-o-mordeu\/","name":"Persegue, amea\u00e7a de morte e agride dono de c\u00e3o que o mordeu - Portal Tela Portugal","isPartOf":{"@id":"https:\/\/portaltela.pt\/#website"},"primaryImageOfPage":{"@id":"https:\/\/portaltela.pt\/noticias\/2026\/02\/03\/persegue-ameaca-de-morte-e-agride-dono-de-cao-que-o-mordeu\/#primaryimage"},"image":{"@id":"https:\/\/portaltela.pt\/noticias\/2026\/02\/03\/persegue-ameaca-de-morte-e-agride-dono-de-cao-que-o-mordeu\/#primaryimage"},"thumbnailUrl":"https:\/\/portaltela.pt\/s.01k8rhncp4jt1\/2026\/02\/image-200.jpg","datePublished":"2026-02-03T14:34:00+00:00","author":{"@id":"https:\/\/portaltela.pt\/#\/schema\/person\/c4278d4a6028830caff9ee44b42d32ed"},"breadcrumb":{"@id":"https:\/\/portaltela.pt\/noticias\/2026\/02\/03\/persegue-ameaca-de-morte-e-agride-dono-de-cao-que-o-mordeu\/#breadcrumb"},"inLanguage":"pt-PT","potentialAction":[{"@type":"ReadAction","target":["https:\/\/portaltela.pt\/noticias\/2026\/02\/03\/persegue-ameaca-de-morte-e-agride-dono-de-cao-que-o-mordeu\/"]}]},{"@type":"ImageObject","inLanguage":"pt-PT","@id":"https:\/\/portaltela.pt\/noticias\/2026\/02\/03\/persegue-ameaca-de-morte-e-agride-dono-de-cao-que-o-mordeu\/#primaryimage","url":"https:\/\/portaltela.pt\/s.01k8rhncp4jt1\/2026\/02\/image-200.jpg","contentUrl":"https:\/\/portaltela.pt\/s.01k8rhncp4jt1\/2026\/02\/image-200.jpg","width":796,"height":448,"caption":"Detido continuou a amea\u00e7ar de morte a v\u00edtima j\u00e1 no interior da esquadra"},{"@type":"BreadcrumbList","@id":"https:\/\/portaltela.pt\/noticias\/2026\/02\/03\/persegue-ameaca-de-morte-e-agride-dono-de-cao-que-o-mordeu\/#breadcrumb","itemListElement":[{"@type":"ListItem","position":1,"name":"In\u00edcio","item":"https:\/\/portaltela.pt\/"},{"@type":"ListItem","position":2,"name":"Persegue, amea\u00e7a de morte e agride dono de c\u00e3o que o mordeu"}]},{"@type":"WebSite","@id":"https:\/\/portaltela.pt\/#website","url":"https:\/\/portaltela.pt\/","name":"Portal Tela Portugal","description":"","potentialAction":[{"@type":"SearchAction","target":{"@type":"EntryPoint","urlTemplate":"https:\/\/portaltela.pt\/?s={search_term_string}"},"query-input":{"@type":"PropertyValueSpecification","valueRequired":true,"valueName":"search_term_string"}}],"inLanguage":"pt-PT"},{"@type":"Person","@id":"https:\/\/portaltela.pt\/#\/schema\/person\/c4278d4a6028830caff9ee44b42d32ed","name":"Telinha","image":{"@type":"ImageObject","inLanguage":"pt-PT","@id":"https:\/\/portaltela.pt\/s.01k8rhncp4jt1\/2025\/11\/talking-bot-125x125.png","url":"https:\/\/portaltela.pt\/s.01k8rhncp4jt1\/2025\/11\/talking-bot-125x125.png","contentUrl":"https:\/\/portaltela.pt\/s.01k8rhncp4jt1\/2025\/11\/talking-bot-125x125.png","caption":"Telinha"},"sameAs":["https:\/\/portaltela.pt\/"],"url":"https:\/\/portaltela.pt\/por\/367410592786\/"}]}},"_links":{"self":[{"href":"https:\/\/portaltela.pt\/api\/wp\/v2\/posts\/193940","targetHints":{"allow":["GET"]}}],"collection":[{"href":"https:\/\/portaltela.pt\/api\/wp\/v2\/posts"}],"about":[{"href":"https:\/\/portaltela.pt\/api\/wp\/v2\/types\/post"}],"author":[{"embeddable":true,"href":"https:\/\/portaltela.pt\/api\/wp\/v2\/users\/2"}],"replies":[{"embeddable":true,"href":"https:\/\/portaltela.pt\/api\/wp\/v2\/comments?post=193940"}],"version-history":[{"count":0,"href":"https:\/\/portaltela.pt\/api\/wp\/v2\/posts\/193940\/revisions"}],"wp:featuredmedia":[{"embeddable":true,"href":"https:\/\/portaltela.pt\/api\/wp\/v2\/media\/193943"}],"wp:attachment":[{"href":"https:\/\/portaltela.pt\/api\/wp\/v2\/media?parent=193940"}],"wp:term":[{"taxonomy":"category","embeddable":true,"href":"https:\/\/portaltela.pt\/api\/wp\/v2\/categories?post=193940"},{"taxonomy":"post_tag","embeddable":true,"href":"https:\/\/portaltela.pt\/api\/wp\/v2\/tags?post=193940"}],"curies":[{"name":"wp","href":"https:\/\/api.w.org\/{rel}","templated":true}]}}