{"id":193906,"date":"2026-02-03T11:13:50","date_gmt":"2026-02-03T14:13:50","guid":{"rendered":"https:\/\/portaltela.pt\/noticias\/2026\/02\/03\/sesaram-abre-concurso-para-contratacao-de-pedopsiquiatras\/"},"modified":"2026-02-03T11:13:50","modified_gmt":"2026-02-03T14:13:50","slug":"sesaram-abre-concurso-para-contratacao-de-pedopsiquiatras","status":"publish","type":"post","link":"https:\/\/portaltela.pt\/noticias\/2026\/02\/03\/sesaram-abre-concurso-para-contratacao-de-pedopsiquiatras\/","title":{"rendered":"SESARAM abre concurso para contrata\u00e7\u00e3o de pedopsiquiatras"},"content":{"rendered":"<p>O Servi\u00e7o Regional de Sa\u00fade (SESARAM) prepara-se para abrir um novo concurso p\u00fablico para contrata\u00e7\u00e3o de pedopsiquiatras, a cobrir a car\u00eancia de m\u00e9dicos nesta especialidade no servi\u00e7o p\u00fablico da Regi\u00e3o. A informa\u00e7\u00e3o foi partilhada pela Secret\u00e1ria Regional de Sa\u00fade, Micaela Freitas, durante uma visita ao Centro de Rastreios na manh\u00e3 desta ter\u00e7a-feira.<\/p>\n<p>Freitas destacou que a abertura do concurso ser\u00e1 amplamente divulgada para atrair interessados em ingressar no SESARAM. Em rela\u00e7\u00e3o \u00e0 Unidade de Pedopsiquiatria de S\u00e3o Rafael, no Centro de Reabilita\u00e7\u00e3o Psicopedag\u00f3gica da Sagrada Fam\u00edlia, na Penteada, referiu que a contrata\u00e7\u00e3o de recursos humanos fica a cargo das Irm\u00e3s Hospitaleiras, segundo acordo com o SESARAM.<\/p>\n<p>A governante admitiu que h\u00e1 um aumento de crian\u00e7as e jovens que permanecem sob os cuidados do SESARAM devido \u00e0 falta de recursos na unidade de S\u00e3o Rafael. O objetivo \u00e9 encontrar uma solu\u00e7\u00e3o conjunta com a Sagrada Fam\u00edlia para manter o atendimento como tem ocorrido at\u00e9 agora.<\/p>\n<p>Entre a SESARAM e as Irm\u00e3s Hospitaleiras j\u00e1 foram mantidas conversa\u00e7\u00f5es para assegurar que os cuidados aos doentes internados na Unidade de S\u00e3o Rafael permane\u00e7am est\u00e1veis, enquanto se articula a amplia\u00e7\u00e3o do quadro de profissionais necess\u00e1rio.<\/p>\n","protected":false},"excerpt":{"rendered":"<ul>\n<li>O Servi\u00e7o Regional de Sa\u00fade (SESARAM) prepara-se para abrir um novo concurso p\u00fablico para contratar pedopsiquiatras.<\/li>\n<li>A medida foi destacada pela secret\u00e1ria regional de Sa\u00fade e Prote\u00e7\u00e3o Civil, Micaela Freitas, como parte da resposta \u00e0 falta de pedopsiquiatras no sistema p\u00fablico regional.<\/li>\n<li>Freitas falou \u00e0 margem de uma visita ao Centro de Rastreios da Regi\u00e3o, reagindo \u00e0 not\u00edcia de que a escassez de profissionais obriga o internamento de crian\u00e7as e jovens com perturba\u00e7\u00f5es mentais.<\/li>\n<li>No caso da Unidade de Pedopsiquiatria de S\u00e3o Rafael, no Centro de Reabilita\u00e7\u00e3o Psicopedag\u00f3gica da Sagrada Fam\u00edlia, na Penteada, as Irm\u00e3s Hospitaleiras mant\u00eam a responsabilidade de assegurar os recursos humanos segundo um acordo com o SESARAM.<\/li>\n<li>A governante indicou que, com falta de recursos na Unidade de S\u00e3o Rafael, algumas crian\u00e7as ficam no SESARAM, e h\u00e1 negocia\u00e7\u00f5es em curso com as Irm\u00e3s Hospitaleiras para manter os cuidados prestados.<\/li>\n<\/ul>\n","protected":false},"author":2,"featured_media":193913,"comment_status":"closed","ping_status":"closed","sticky":false,"template":"","format":"standard","meta":{"footnotes":""},"categories":[1],"tags":[1759,859,3011,1404,172,271],"class_list":["post-193906","post","type-post","status-publish","format-standard","has-post-thumbnail","hentry","category-noticias","tag-infancia","tag-madeira","tag-madeira-sad","tag-psiquiatria","tag-saude","tag-saude-publica"],"yoast_head":"<!-- This site is optimized with the Yoast SEO plugin v27.2 - https:\/\/yoast.com\/product\/yoast-seo-wordpress\/ -->\n<title>SESARAM abre concurso para contrata\u00e7\u00e3o de pedopsiquiatras - Portal Tela Portugal<\/title>\n<meta name=\"robots\" content=\"index, follow, max-snippet:-1, max-image-preview:large, max-video-preview:-1\" \/>\n<meta property=\"og:locale\" content=\"pt_PT\" \/>\n<meta property=\"og:type\" content=\"article\" \/>\n<meta property=\"og:title\" content=\"SESARAM abre concurso para contrata\u00e7\u00e3o de pedopsiquiatras - Portal Tela Portugal\" \/>\n<meta property=\"og:description\" content=\"O Servi\u00e7o Regional de Sa\u00fade (SESARAM) prepara-se para abrir um novo concurso p\u00fablico para contratar pedopsiquiatras. A medida foi destacada pela secret\u00e1ria regional de Sa\u00fade e Prote\u00e7\u00e3o Civil, Micaela Freitas, como parte da resposta \u00e0 falta de pedopsiquiatras no sistema p\u00fablico regional. Freitas falou \u00e0 margem de uma visita ao Centro de Rastreios da Regi\u00e3o, reagindo \u00e0 not\u00edcia de que a escassez de profissionais obriga o internamento de crian\u00e7as e jovens com perturba\u00e7\u00f5es mentais. No caso da Unidade de Pedopsiquiatria de S\u00e3o Rafael, no Centro de Reabilita\u00e7\u00e3o Psicopedag\u00f3gica da Sagrada Fam\u00edlia, na Penteada, as Irm\u00e3s Hospitaleiras mant\u00eam a responsabilidade de assegurar os recursos humanos segundo um acordo com o SESARAM. A governante indicou que, com falta de recursos na Unidade de S\u00e3o Rafael, algumas crian\u00e7as ficam no SESARAM, e h\u00e1 negocia\u00e7\u00f5es em curso com as Irm\u00e3s Hospitaleiras para manter os cuidados prestados.\" \/>\n<meta property=\"og:url\" content=\"https:\/\/portaltela.pt\/noticias\/2026\/02\/03\/sesaram-abre-concurso-para-contratacao-de-pedopsiquiatras\/\" \/>\n<meta property=\"og:site_name\" content=\"Portal Tela Portugal\" \/>\n<meta property=\"article:published_time\" content=\"2026-02-03T14:13:50+00:00\" \/>\n<meta name=\"author\" content=\"Telinha\" \/>\n<meta name=\"twitter:card\" content=\"summary_large_image\" \/>\n<meta name=\"twitter:label1\" content=\"Escrito por\" \/>\n\t<meta name=\"twitter:data1\" content=\"Telinha\" \/>\n\t<meta name=\"twitter:label2\" content=\"Tempo estimado de leitura\" \/>\n\t<meta name=\"twitter:data2\" content=\"1 minuto\" \/>\n<script type=\"application\/ld+json\" class=\"yoast-schema-graph\">{\"@context\":\"https:\/\/schema.org\",\"@graph\":[{\"@type\":\"Article\",\"@id\":\"https:\/\/portaltela.pt\/noticias\/2026\/02\/03\/sesaram-abre-concurso-para-contratacao-de-pedopsiquiatras\/#article\",\"isPartOf\":{\"@id\":\"https:\/\/portaltela.pt\/noticias\/2026\/02\/03\/sesaram-abre-concurso-para-contratacao-de-pedopsiquiatras\/\"},\"author\":{\"name\":\"Telinha\",\"@id\":\"https:\/\/portaltela.pt\/#\/schema\/person\/c4278d4a6028830caff9ee44b42d32ed\"},\"headline\":\"SESARAM abre concurso para contrata\u00e7\u00e3o de pedopsiquiatras\",\"datePublished\":\"2026-02-03T14:13:50+00:00\",\"mainEntityOfPage\":{\"@id\":\"https:\/\/portaltela.pt\/noticias\/2026\/02\/03\/sesaram-abre-concurso-para-contratacao-de-pedopsiquiatras\/\"},\"wordCount\":226,\"image\":{\"@id\":\"https:\/\/portaltela.pt\/noticias\/2026\/02\/03\/sesaram-abre-concurso-para-contratacao-de-pedopsiquiatras\/#primaryimage\"},\"thumbnailUrl\":\"https:\/\/portaltela.pt\/s.01k8rhncp4jt1\/2026\/02\/unnamed-file-833.jpg\",\"keywords\":[\"inf\u00e2ncia\",\"Madeira\",\"Madeira SAD\",\"Psiquiatria\",\"sa\u00fade\",\"sa\u00fade p\u00fablica\"],\"articleSection\":[\"Not\u00edcias\"],\"inLanguage\":\"pt-PT\"},{\"@type\":\"WebPage\",\"@id\":\"https:\/\/portaltela.pt\/noticias\/2026\/02\/03\/sesaram-abre-concurso-para-contratacao-de-pedopsiquiatras\/\",\"url\":\"https:\/\/portaltela.pt\/noticias\/2026\/02\/03\/sesaram-abre-concurso-para-contratacao-de-pedopsiquiatras\/\",\"name\":\"SESARAM abre concurso para contrata\u00e7\u00e3o de pedopsiquiatras - Portal Tela Portugal\",\"isPartOf\":{\"@id\":\"https:\/\/portaltela.pt\/#website\"},\"primaryImageOfPage\":{\"@id\":\"https:\/\/portaltela.pt\/noticias\/2026\/02\/03\/sesaram-abre-concurso-para-contratacao-de-pedopsiquiatras\/#primaryimage\"},\"image\":{\"@id\":\"https:\/\/portaltela.pt\/noticias\/2026\/02\/03\/sesaram-abre-concurso-para-contratacao-de-pedopsiquiatras\/#primaryimage\"},\"thumbnailUrl\":\"https:\/\/portaltela.pt\/s.01k8rhncp4jt1\/2026\/02\/unnamed-file-833.jpg\",\"datePublished\":\"2026-02-03T14:13:50+00:00\",\"author\":{\"@id\":\"https:\/\/portaltela.pt\/#\/schema\/person\/c4278d4a6028830caff9ee44b42d32ed\"},\"breadcrumb\":{\"@id\":\"https:\/\/portaltela.pt\/noticias\/2026\/02\/03\/sesaram-abre-concurso-para-contratacao-de-pedopsiquiatras\/#breadcrumb\"},\"inLanguage\":\"pt-PT\",\"potentialAction\":[{\"@type\":\"ReadAction\",\"target\":[\"https:\/\/portaltela.pt\/noticias\/2026\/02\/03\/sesaram-abre-concurso-para-contratacao-de-pedopsiquiatras\/\"]}]},{\"@type\":\"ImageObject\",\"inLanguage\":\"pt-PT\",\"@id\":\"https:\/\/portaltela.pt\/noticias\/2026\/02\/03\/sesaram-abre-concurso-para-contratacao-de-pedopsiquiatras\/#primaryimage\",\"url\":\"https:\/\/portaltela.pt\/s.01k8rhncp4jt1\/2026\/02\/unnamed-file-833.jpg\",\"contentUrl\":\"https:\/\/portaltela.pt\/s.01k8rhncp4jt1\/2026\/02\/unnamed-file-833.jpg\",\"width\":796,\"height\":448,\"caption\":\"Micaela Freitas falava \u00e0 margem da visita que fez esta ter\u00e7a-feira ao Centro de Rastreios da Regi\u00e3o.\"},{\"@type\":\"BreadcrumbList\",\"@id\":\"https:\/\/portaltela.pt\/noticias\/2026\/02\/03\/sesaram-abre-concurso-para-contratacao-de-pedopsiquiatras\/#breadcrumb\",\"itemListElement\":[{\"@type\":\"ListItem\",\"position\":1,\"name\":\"In\u00edcio\",\"item\":\"https:\/\/portaltela.pt\/\"},{\"@type\":\"ListItem\",\"position\":2,\"name\":\"SESARAM abre concurso para contrata\u00e7\u00e3o de pedopsiquiatras\"}]},{\"@type\":\"WebSite\",\"@id\":\"https:\/\/portaltela.pt\/#website\",\"url\":\"https:\/\/portaltela.pt\/\",\"name\":\"Portal Tela Portugal\",\"description\":\"\",\"potentialAction\":[{\"@type\":\"SearchAction\",\"target\":{\"@type\":\"EntryPoint\",\"urlTemplate\":\"https:\/\/portaltela.pt\/?s={search_term_string}\"},\"query-input\":{\"@type\":\"PropertyValueSpecification\",\"valueRequired\":true,\"valueName\":\"search_term_string\"}}],\"inLanguage\":\"pt-PT\"},{\"@type\":\"Person\",\"@id\":\"https:\/\/portaltela.pt\/#\/schema\/person\/c4278d4a6028830caff9ee44b42d32ed\",\"name\":\"Telinha\",\"image\":{\"@type\":\"ImageObject\",\"inLanguage\":\"pt-PT\",\"@id\":\"https:\/\/portaltela.pt\/s.01k8rhncp4jt1\/2025\/11\/talking-bot-125x125.png\",\"url\":\"https:\/\/portaltela.pt\/s.01k8rhncp4jt1\/2025\/11\/talking-bot-125x125.png\",\"contentUrl\":\"https:\/\/portaltela.pt\/s.01k8rhncp4jt1\/2025\/11\/talking-bot-125x125.png\",\"caption\":\"Telinha\"},\"sameAs\":[\"https:\/\/portaltela.pt\/\"],\"url\":\"https:\/\/portaltela.pt\/por\/367410592786\/\"}]}<\/script>\n<!-- \/ Yoast SEO plugin. -->","yoast_head_json":{"title":"SESARAM abre concurso para contrata\u00e7\u00e3o de pedopsiquiatras - Portal Tela Portugal","robots":{"index":"index","follow":"follow","max-snippet":"max-snippet:-1","max-image-preview":"max-image-preview:large","max-video-preview":"max-video-preview:-1"},"og_locale":"pt_PT","og_type":"article","og_title":"SESARAM abre concurso para contrata\u00e7\u00e3o de pedopsiquiatras - Portal Tela Portugal","og_description":"O Servi\u00e7o Regional de Sa\u00fade (SESARAM) prepara-se para abrir um novo concurso p\u00fablico para contratar pedopsiquiatras. A medida foi destacada pela secret\u00e1ria regional de Sa\u00fade e Prote\u00e7\u00e3o Civil, Micaela Freitas, como parte da resposta \u00e0 falta de pedopsiquiatras no sistema p\u00fablico regional. Freitas falou \u00e0 margem de uma visita ao Centro de Rastreios da Regi\u00e3o, reagindo \u00e0 not\u00edcia de que a escassez de profissionais obriga o internamento de crian\u00e7as e jovens com perturba\u00e7\u00f5es mentais. No caso da Unidade de Pedopsiquiatria de S\u00e3o Rafael, no Centro de Reabilita\u00e7\u00e3o Psicopedag\u00f3gica da Sagrada Fam\u00edlia, na Penteada, as Irm\u00e3s Hospitaleiras mant\u00eam a responsabilidade de assegurar os recursos humanos segundo um acordo com o SESARAM. A governante indicou que, com falta de recursos na Unidade de S\u00e3o Rafael, algumas crian\u00e7as ficam no SESARAM, e h\u00e1 negocia\u00e7\u00f5es em curso com as Irm\u00e3s Hospitaleiras para manter os cuidados prestados.","og_url":"https:\/\/portaltela.pt\/noticias\/2026\/02\/03\/sesaram-abre-concurso-para-contratacao-de-pedopsiquiatras\/","og_site_name":"Portal Tela Portugal","article_published_time":"2026-02-03T14:13:50+00:00","author":"Telinha","twitter_card":"summary_large_image","twitter_misc":{"Escrito por":"Telinha","Tempo estimado de leitura":"1 minuto"},"schema":{"@context":"https:\/\/schema.org","@graph":[{"@type":"Article","@id":"https:\/\/portaltela.pt\/noticias\/2026\/02\/03\/sesaram-abre-concurso-para-contratacao-de-pedopsiquiatras\/#article","isPartOf":{"@id":"https:\/\/portaltela.pt\/noticias\/2026\/02\/03\/sesaram-abre-concurso-para-contratacao-de-pedopsiquiatras\/"},"author":{"name":"Telinha","@id":"https:\/\/portaltela.pt\/#\/schema\/person\/c4278d4a6028830caff9ee44b42d32ed"},"headline":"SESARAM abre concurso para contrata\u00e7\u00e3o de pedopsiquiatras","datePublished":"2026-02-03T14:13:50+00:00","mainEntityOfPage":{"@id":"https:\/\/portaltela.pt\/noticias\/2026\/02\/03\/sesaram-abre-concurso-para-contratacao-de-pedopsiquiatras\/"},"wordCount":226,"image":{"@id":"https:\/\/portaltela.pt\/noticias\/2026\/02\/03\/sesaram-abre-concurso-para-contratacao-de-pedopsiquiatras\/#primaryimage"},"thumbnailUrl":"https:\/\/portaltela.pt\/s.01k8rhncp4jt1\/2026\/02\/unnamed-file-833.jpg","keywords":["inf\u00e2ncia","Madeira","Madeira SAD","Psiquiatria","sa\u00fade","sa\u00fade p\u00fablica"],"articleSection":["Not\u00edcias"],"inLanguage":"pt-PT"},{"@type":"WebPage","@id":"https:\/\/portaltela.pt\/noticias\/2026\/02\/03\/sesaram-abre-concurso-para-contratacao-de-pedopsiquiatras\/","url":"https:\/\/portaltela.pt\/noticias\/2026\/02\/03\/sesaram-abre-concurso-para-contratacao-de-pedopsiquiatras\/","name":"SESARAM abre concurso para contrata\u00e7\u00e3o de pedopsiquiatras - Portal Tela Portugal","isPartOf":{"@id":"https:\/\/portaltela.pt\/#website"},"primaryImageOfPage":{"@id":"https:\/\/portaltela.pt\/noticias\/2026\/02\/03\/sesaram-abre-concurso-para-contratacao-de-pedopsiquiatras\/#primaryimage"},"image":{"@id":"https:\/\/portaltela.pt\/noticias\/2026\/02\/03\/sesaram-abre-concurso-para-contratacao-de-pedopsiquiatras\/#primaryimage"},"thumbnailUrl":"https:\/\/portaltela.pt\/s.01k8rhncp4jt1\/2026\/02\/unnamed-file-833.jpg","datePublished":"2026-02-03T14:13:50+00:00","author":{"@id":"https:\/\/portaltela.pt\/#\/schema\/person\/c4278d4a6028830caff9ee44b42d32ed"},"breadcrumb":{"@id":"https:\/\/portaltela.pt\/noticias\/2026\/02\/03\/sesaram-abre-concurso-para-contratacao-de-pedopsiquiatras\/#breadcrumb"},"inLanguage":"pt-PT","potentialAction":[{"@type":"ReadAction","target":["https:\/\/portaltela.pt\/noticias\/2026\/02\/03\/sesaram-abre-concurso-para-contratacao-de-pedopsiquiatras\/"]}]},{"@type":"ImageObject","inLanguage":"pt-PT","@id":"https:\/\/portaltela.pt\/noticias\/2026\/02\/03\/sesaram-abre-concurso-para-contratacao-de-pedopsiquiatras\/#primaryimage","url":"https:\/\/portaltela.pt\/s.01k8rhncp4jt1\/2026\/02\/unnamed-file-833.jpg","contentUrl":"https:\/\/portaltela.pt\/s.01k8rhncp4jt1\/2026\/02\/unnamed-file-833.jpg","width":796,"height":448,"caption":"Micaela Freitas falava \u00e0 margem da visita que fez esta ter\u00e7a-feira ao Centro de Rastreios da Regi\u00e3o."},{"@type":"BreadcrumbList","@id":"https:\/\/portaltela.pt\/noticias\/2026\/02\/03\/sesaram-abre-concurso-para-contratacao-de-pedopsiquiatras\/#breadcrumb","itemListElement":[{"@type":"ListItem","position":1,"name":"In\u00edcio","item":"https:\/\/portaltela.pt\/"},{"@type":"ListItem","position":2,"name":"SESARAM abre concurso para contrata\u00e7\u00e3o de pedopsiquiatras"}]},{"@type":"WebSite","@id":"https:\/\/portaltela.pt\/#website","url":"https:\/\/portaltela.pt\/","name":"Portal Tela Portugal","description":"","potentialAction":[{"@type":"SearchAction","target":{"@type":"EntryPoint","urlTemplate":"https:\/\/portaltela.pt\/?s={search_term_string}"},"query-input":{"@type":"PropertyValueSpecification","valueRequired":true,"valueName":"search_term_string"}}],"inLanguage":"pt-PT"},{"@type":"Person","@id":"https:\/\/portaltela.pt\/#\/schema\/person\/c4278d4a6028830caff9ee44b42d32ed","name":"Telinha","image":{"@type":"ImageObject","inLanguage":"pt-PT","@id":"https:\/\/portaltela.pt\/s.01k8rhncp4jt1\/2025\/11\/talking-bot-125x125.png","url":"https:\/\/portaltela.pt\/s.01k8rhncp4jt1\/2025\/11\/talking-bot-125x125.png","contentUrl":"https:\/\/portaltela.pt\/s.01k8rhncp4jt1\/2025\/11\/talking-bot-125x125.png","caption":"Telinha"},"sameAs":["https:\/\/portaltela.pt\/"],"url":"https:\/\/portaltela.pt\/por\/367410592786\/"}]}},"_links":{"self":[{"href":"https:\/\/portaltela.pt\/api\/wp\/v2\/posts\/193906","targetHints":{"allow":["GET"]}}],"collection":[{"href":"https:\/\/portaltela.pt\/api\/wp\/v2\/posts"}],"about":[{"href":"https:\/\/portaltela.pt\/api\/wp\/v2\/types\/post"}],"author":[{"embeddable":true,"href":"https:\/\/portaltela.pt\/api\/wp\/v2\/users\/2"}],"replies":[{"embeddable":true,"href":"https:\/\/portaltela.pt\/api\/wp\/v2\/comments?post=193906"}],"version-history":[{"count":0,"href":"https:\/\/portaltela.pt\/api\/wp\/v2\/posts\/193906\/revisions"}],"wp:featuredmedia":[{"embeddable":true,"href":"https:\/\/portaltela.pt\/api\/wp\/v2\/media\/193913"}],"wp:attachment":[{"href":"https:\/\/portaltela.pt\/api\/wp\/v2\/media?parent=193906"}],"wp:term":[{"taxonomy":"category","embeddable":true,"href":"https:\/\/portaltela.pt\/api\/wp\/v2\/categories?post=193906"},{"taxonomy":"post_tag","embeddable":true,"href":"https:\/\/portaltela.pt\/api\/wp\/v2\/tags?post=193906"}],"curies":[{"name":"wp","href":"https:\/\/api.w.org\/{rel}","templated":true}]}}