{"id":193895,"date":"2026-02-03T11:07:07","date_gmt":"2026-02-03T14:07:07","guid":{"rendered":"https:\/\/portaltela.pt\/noticias\/2026\/02\/03\/miguel-monteiro-nomeado-diretor-geral-do-secretariado-executivo\/"},"modified":"2026-02-03T11:07:07","modified_gmt":"2026-02-03T14:07:07","slug":"miguel-monteiro-nomeado-diretor-geral-do-secretariado-executivo","status":"publish","type":"post","link":"https:\/\/portaltela.pt\/noticias\/2026\/02\/03\/miguel-monteiro-nomeado-diretor-geral-do-secretariado-executivo\/","title":{"rendered":"Miguel Monteiro nomeado diretor-geral do Secretariado Executivo"},"content":{"rendered":"<p>O cabo-verdiano Miguel Monteiro foi anunciado como vencedor do concurso internacional para o cargo de diretor-geral do secretariado executivo da CPLP. \u00c9 presidente da Bolsa de Valores de Cabo Verde e sucede ao embaixador Armindo Brito Fernandes, que liderava a estrutura desde fevereiro de 2020. O processo arrancou em novembro de 2025 e as candidaturas encerraram a 9 de dezembro.<\/p>\n<p>Monteiro assume a dire\u00e7\u00e3o da CPLP num momento em que sublinha a import\u00e2ncia de mais cabo-verdianos em institui\u00e7\u00f5es multilaterais para refor\u00e7ar a presen\u00e7a do pa\u00eds no mundo, segundo a sua comunica\u00e7\u00e3o p\u00fablica.<\/p>\n<p>O curr\u00edculo de Monteiro inclui a presid\u00eancia da Bolsa de Valores de Cabo Verde desde mar\u00e7o de 2021. Anteriormente, ocupou cargos de deputado da na\u00e7\u00e3o e secret\u00e1rio da mesa da Assembleia Nacional, fun\u00e7\u00f5es desde 2011.<\/p>\n<p>A CPLP re\u00fane Angola, Brasil, Cabo Verde, Guin\u00e9-Bissau, Guin\u00e9 Equatorial, Mo\u00e7ambique, Portugal, S\u00e3o Tom\u00e9 e Pr\u00edncipe e Timor-Leste.<\/p>\n","protected":false},"excerpt":{"rendered":"<ul>\n<li>Miguel Monteiro, cabo-verdiano e presidente da Bolsa de Valores de Cabo Verde, foi selecionado como vencedor do concurso para diretor-geral do secretariado executivo da CPLP.<\/li>\n<li>O processo de recrutamento foi lan\u00e7ado em novembro de 2025, com candidaturas encerradas a 9 de dezembro; mais de 500 pessoas concorreram.<\/li>\n<li>Monteiro sucede ao embaixador s\u00e3o-tomense Armindo Brito Fernandes, que liderava a estrutura desde fevereiro de 2020.<\/li>\n<li>No curr\u00edculo, Monteiro consta o cargo de deputado da na\u00e7\u00e3o e secret\u00e1rio da mesa da Assembleia Nacional desde 2011.<\/li>\n<li>A CPLP integra os Estados-membros Angola, Brasil, Cabo Verde, Guin\u00e9-Bissau, Guin\u00e9 Equatorial, Mo\u00e7ambique, Portugal, S\u00e3o Tom\u00e9 e Pr\u00edncipe e Timor-Leste.<\/li>\n<\/ul>\n","protected":false},"author":2,"featured_media":193897,"comment_status":"closed","ping_status":"closed","sticky":false,"template":"","format":"standard","meta":{"footnotes":""},"categories":[1],"tags":[2329,256,3566,5039,2023,1014],"class_list":["post-193895","post","type-post","status-publish","format-standard","has-post-thumbnail","hentry","category-noticias","tag-cabo-verde","tag-cooperacao-internacional","tag-cplp","tag-multilateralismo","tag-organizacoes-internacionais","tag-portugal"],"yoast_head":"<!-- This site is optimized with the Yoast SEO plugin v27.2 - https:\/\/yoast.com\/product\/yoast-seo-wordpress\/ -->\n<title>Miguel Monteiro nomeado diretor-geral do Secretariado Executivo - Portal Tela Portugal<\/title>\n<meta name=\"robots\" content=\"index, follow, max-snippet:-1, max-image-preview:large, max-video-preview:-1\" \/>\n<meta property=\"og:locale\" content=\"pt_PT\" \/>\n<meta property=\"og:type\" content=\"article\" \/>\n<meta property=\"og:title\" content=\"Miguel Monteiro nomeado diretor-geral do Secretariado Executivo - Portal Tela Portugal\" \/>\n<meta property=\"og:description\" content=\"Miguel Monteiro, cabo-verdiano e presidente da Bolsa de Valores de Cabo Verde, foi selecionado como vencedor do concurso para diretor-geral do secretariado executivo da CPLP. O processo de recrutamento foi lan\u00e7ado em novembro de 2025, com candidaturas encerradas a 9 de dezembro; mais de 500 pessoas concorreram. Monteiro sucede ao embaixador s\u00e3o-tomense Armindo Brito Fernandes, que liderava a estrutura desde fevereiro de 2020. No curr\u00edculo, Monteiro consta o cargo de deputado da na\u00e7\u00e3o e secret\u00e1rio da mesa da Assembleia Nacional desde 2011. A CPLP integra os Estados-membros Angola, Brasil, Cabo Verde, Guin\u00e9-Bissau, Guin\u00e9 Equatorial, Mo\u00e7ambique, Portugal, S\u00e3o Tom\u00e9 e Pr\u00edncipe e Timor-Leste.\" \/>\n<meta property=\"og:url\" content=\"https:\/\/portaltela.pt\/noticias\/2026\/02\/03\/miguel-monteiro-nomeado-diretor-geral-do-secretariado-executivo\/\" \/>\n<meta property=\"og:site_name\" content=\"Portal Tela Portugal\" \/>\n<meta property=\"article:published_time\" content=\"2026-02-03T14:07:07+00:00\" \/>\n<meta name=\"author\" content=\"Telinha\" \/>\n<meta name=\"twitter:card\" content=\"summary_large_image\" \/>\n<meta name=\"twitter:label1\" content=\"Escrito por\" \/>\n\t<meta name=\"twitter:data1\" content=\"Telinha\" \/>\n\t<meta name=\"twitter:label2\" content=\"Tempo estimado de leitura\" \/>\n\t<meta name=\"twitter:data2\" content=\"1 minuto\" \/>\n<script type=\"application\/ld+json\" class=\"yoast-schema-graph\">{\"@context\":\"https:\/\/schema.org\",\"@graph\":[{\"@type\":\"Article\",\"@id\":\"https:\/\/portaltela.pt\/noticias\/2026\/02\/03\/miguel-monteiro-nomeado-diretor-geral-do-secretariado-executivo\/#article\",\"isPartOf\":{\"@id\":\"https:\/\/portaltela.pt\/noticias\/2026\/02\/03\/miguel-monteiro-nomeado-diretor-geral-do-secretariado-executivo\/\"},\"author\":{\"name\":\"Telinha\",\"@id\":\"https:\/\/portaltela.pt\/#\/schema\/person\/c4278d4a6028830caff9ee44b42d32ed\"},\"headline\":\"Miguel Monteiro nomeado diretor-geral do Secretariado Executivo\",\"datePublished\":\"2026-02-03T14:07:07+00:00\",\"mainEntityOfPage\":{\"@id\":\"https:\/\/portaltela.pt\/noticias\/2026\/02\/03\/miguel-monteiro-nomeado-diretor-geral-do-secretariado-executivo\/\"},\"wordCount\":165,\"image\":{\"@id\":\"https:\/\/portaltela.pt\/noticias\/2026\/02\/03\/miguel-monteiro-nomeado-diretor-geral-do-secretariado-executivo\/#primaryimage\"},\"thumbnailUrl\":\"https:\/\/portaltela.pt\/s.01k8rhncp4jt1\/2026\/02\/miguel-monteiro-cplp.jpg\",\"keywords\":[\"Cabo Verde\",\"coopera\u00e7\u00e3o internacional\",\"CPLP\",\"multilateralismo\",\"organiza\u00e7\u00f5es internacionais\",\"Portugal\"],\"articleSection\":[\"Not\u00edcias\"],\"inLanguage\":\"pt-PT\"},{\"@type\":\"WebPage\",\"@id\":\"https:\/\/portaltela.pt\/noticias\/2026\/02\/03\/miguel-monteiro-nomeado-diretor-geral-do-secretariado-executivo\/\",\"url\":\"https:\/\/portaltela.pt\/noticias\/2026\/02\/03\/miguel-monteiro-nomeado-diretor-geral-do-secretariado-executivo\/\",\"name\":\"Miguel Monteiro nomeado diretor-geral do Secretariado Executivo - Portal Tela Portugal\",\"isPartOf\":{\"@id\":\"https:\/\/portaltela.pt\/#website\"},\"primaryImageOfPage\":{\"@id\":\"https:\/\/portaltela.pt\/noticias\/2026\/02\/03\/miguel-monteiro-nomeado-diretor-geral-do-secretariado-executivo\/#primaryimage\"},\"image\":{\"@id\":\"https:\/\/portaltela.pt\/noticias\/2026\/02\/03\/miguel-monteiro-nomeado-diretor-geral-do-secretariado-executivo\/#primaryimage\"},\"thumbnailUrl\":\"https:\/\/portaltela.pt\/s.01k8rhncp4jt1\/2026\/02\/miguel-monteiro-cplp.jpg\",\"datePublished\":\"2026-02-03T14:07:07+00:00\",\"author\":{\"@id\":\"https:\/\/portaltela.pt\/#\/schema\/person\/c4278d4a6028830caff9ee44b42d32ed\"},\"breadcrumb\":{\"@id\":\"https:\/\/portaltela.pt\/noticias\/2026\/02\/03\/miguel-monteiro-nomeado-diretor-geral-do-secretariado-executivo\/#breadcrumb\"},\"inLanguage\":\"pt-PT\",\"potentialAction\":[{\"@type\":\"ReadAction\",\"target\":[\"https:\/\/portaltela.pt\/noticias\/2026\/02\/03\/miguel-monteiro-nomeado-diretor-geral-do-secretariado-executivo\/\"]}]},{\"@type\":\"ImageObject\",\"inLanguage\":\"pt-PT\",\"@id\":\"https:\/\/portaltela.pt\/noticias\/2026\/02\/03\/miguel-monteiro-nomeado-diretor-geral-do-secretariado-executivo\/#primaryimage\",\"url\":\"https:\/\/portaltela.pt\/s.01k8rhncp4jt1\/2026\/02\/miguel-monteiro-cplp.jpg\",\"contentUrl\":\"https:\/\/portaltela.pt\/s.01k8rhncp4jt1\/2026\/02\/miguel-monteiro-cplp.jpg\",\"width\":796,\"height\":448,\"caption\":\"Miguel Monteiro tamb\u00e9m j\u00e1 esteve nos cargos de deputado da na\u00e7\u00e3o e secret\u00e1rio da mesa da Assembleia Nacional de Cabo Verde\"},{\"@type\":\"BreadcrumbList\",\"@id\":\"https:\/\/portaltela.pt\/noticias\/2026\/02\/03\/miguel-monteiro-nomeado-diretor-geral-do-secretariado-executivo\/#breadcrumb\",\"itemListElement\":[{\"@type\":\"ListItem\",\"position\":1,\"name\":\"In\u00edcio\",\"item\":\"https:\/\/portaltela.pt\/\"},{\"@type\":\"ListItem\",\"position\":2,\"name\":\"Miguel Monteiro nomeado diretor-geral do Secretariado Executivo\"}]},{\"@type\":\"WebSite\",\"@id\":\"https:\/\/portaltela.pt\/#website\",\"url\":\"https:\/\/portaltela.pt\/\",\"name\":\"Portal Tela Portugal\",\"description\":\"\",\"potentialAction\":[{\"@type\":\"SearchAction\",\"target\":{\"@type\":\"EntryPoint\",\"urlTemplate\":\"https:\/\/portaltela.pt\/?s={search_term_string}\"},\"query-input\":{\"@type\":\"PropertyValueSpecification\",\"valueRequired\":true,\"valueName\":\"search_term_string\"}}],\"inLanguage\":\"pt-PT\"},{\"@type\":\"Person\",\"@id\":\"https:\/\/portaltela.pt\/#\/schema\/person\/c4278d4a6028830caff9ee44b42d32ed\",\"name\":\"Telinha\",\"image\":{\"@type\":\"ImageObject\",\"inLanguage\":\"pt-PT\",\"@id\":\"https:\/\/portaltela.pt\/s.01k8rhncp4jt1\/2025\/11\/talking-bot-125x125.png\",\"url\":\"https:\/\/portaltela.pt\/s.01k8rhncp4jt1\/2025\/11\/talking-bot-125x125.png\",\"contentUrl\":\"https:\/\/portaltela.pt\/s.01k8rhncp4jt1\/2025\/11\/talking-bot-125x125.png\",\"caption\":\"Telinha\"},\"sameAs\":[\"https:\/\/portaltela.pt\/\"],\"url\":\"https:\/\/portaltela.pt\/por\/367410592786\/\"}]}<\/script>\n<!-- \/ Yoast SEO plugin. -->","yoast_head_json":{"title":"Miguel Monteiro nomeado diretor-geral do Secretariado Executivo - Portal Tela Portugal","robots":{"index":"index","follow":"follow","max-snippet":"max-snippet:-1","max-image-preview":"max-image-preview:large","max-video-preview":"max-video-preview:-1"},"og_locale":"pt_PT","og_type":"article","og_title":"Miguel Monteiro nomeado diretor-geral do Secretariado Executivo - Portal Tela Portugal","og_description":"Miguel Monteiro, cabo-verdiano e presidente da Bolsa de Valores de Cabo Verde, foi selecionado como vencedor do concurso para diretor-geral do secretariado executivo da CPLP. O processo de recrutamento foi lan\u00e7ado em novembro de 2025, com candidaturas encerradas a 9 de dezembro; mais de 500 pessoas concorreram. Monteiro sucede ao embaixador s\u00e3o-tomense Armindo Brito Fernandes, que liderava a estrutura desde fevereiro de 2020. No curr\u00edculo, Monteiro consta o cargo de deputado da na\u00e7\u00e3o e secret\u00e1rio da mesa da Assembleia Nacional desde 2011. A CPLP integra os Estados-membros Angola, Brasil, Cabo Verde, Guin\u00e9-Bissau, Guin\u00e9 Equatorial, Mo\u00e7ambique, Portugal, S\u00e3o Tom\u00e9 e Pr\u00edncipe e Timor-Leste.","og_url":"https:\/\/portaltela.pt\/noticias\/2026\/02\/03\/miguel-monteiro-nomeado-diretor-geral-do-secretariado-executivo\/","og_site_name":"Portal Tela Portugal","article_published_time":"2026-02-03T14:07:07+00:00","author":"Telinha","twitter_card":"summary_large_image","twitter_misc":{"Escrito por":"Telinha","Tempo estimado de leitura":"1 minuto"},"schema":{"@context":"https:\/\/schema.org","@graph":[{"@type":"Article","@id":"https:\/\/portaltela.pt\/noticias\/2026\/02\/03\/miguel-monteiro-nomeado-diretor-geral-do-secretariado-executivo\/#article","isPartOf":{"@id":"https:\/\/portaltela.pt\/noticias\/2026\/02\/03\/miguel-monteiro-nomeado-diretor-geral-do-secretariado-executivo\/"},"author":{"name":"Telinha","@id":"https:\/\/portaltela.pt\/#\/schema\/person\/c4278d4a6028830caff9ee44b42d32ed"},"headline":"Miguel Monteiro nomeado diretor-geral do Secretariado Executivo","datePublished":"2026-02-03T14:07:07+00:00","mainEntityOfPage":{"@id":"https:\/\/portaltela.pt\/noticias\/2026\/02\/03\/miguel-monteiro-nomeado-diretor-geral-do-secretariado-executivo\/"},"wordCount":165,"image":{"@id":"https:\/\/portaltela.pt\/noticias\/2026\/02\/03\/miguel-monteiro-nomeado-diretor-geral-do-secretariado-executivo\/#primaryimage"},"thumbnailUrl":"https:\/\/portaltela.pt\/s.01k8rhncp4jt1\/2026\/02\/miguel-monteiro-cplp.jpg","keywords":["Cabo Verde","coopera\u00e7\u00e3o internacional","CPLP","multilateralismo","organiza\u00e7\u00f5es internacionais","Portugal"],"articleSection":["Not\u00edcias"],"inLanguage":"pt-PT"},{"@type":"WebPage","@id":"https:\/\/portaltela.pt\/noticias\/2026\/02\/03\/miguel-monteiro-nomeado-diretor-geral-do-secretariado-executivo\/","url":"https:\/\/portaltela.pt\/noticias\/2026\/02\/03\/miguel-monteiro-nomeado-diretor-geral-do-secretariado-executivo\/","name":"Miguel Monteiro nomeado diretor-geral do Secretariado Executivo - Portal Tela Portugal","isPartOf":{"@id":"https:\/\/portaltela.pt\/#website"},"primaryImageOfPage":{"@id":"https:\/\/portaltela.pt\/noticias\/2026\/02\/03\/miguel-monteiro-nomeado-diretor-geral-do-secretariado-executivo\/#primaryimage"},"image":{"@id":"https:\/\/portaltela.pt\/noticias\/2026\/02\/03\/miguel-monteiro-nomeado-diretor-geral-do-secretariado-executivo\/#primaryimage"},"thumbnailUrl":"https:\/\/portaltela.pt\/s.01k8rhncp4jt1\/2026\/02\/miguel-monteiro-cplp.jpg","datePublished":"2026-02-03T14:07:07+00:00","author":{"@id":"https:\/\/portaltela.pt\/#\/schema\/person\/c4278d4a6028830caff9ee44b42d32ed"},"breadcrumb":{"@id":"https:\/\/portaltela.pt\/noticias\/2026\/02\/03\/miguel-monteiro-nomeado-diretor-geral-do-secretariado-executivo\/#breadcrumb"},"inLanguage":"pt-PT","potentialAction":[{"@type":"ReadAction","target":["https:\/\/portaltela.pt\/noticias\/2026\/02\/03\/miguel-monteiro-nomeado-diretor-geral-do-secretariado-executivo\/"]}]},{"@type":"ImageObject","inLanguage":"pt-PT","@id":"https:\/\/portaltela.pt\/noticias\/2026\/02\/03\/miguel-monteiro-nomeado-diretor-geral-do-secretariado-executivo\/#primaryimage","url":"https:\/\/portaltela.pt\/s.01k8rhncp4jt1\/2026\/02\/miguel-monteiro-cplp.jpg","contentUrl":"https:\/\/portaltela.pt\/s.01k8rhncp4jt1\/2026\/02\/miguel-monteiro-cplp.jpg","width":796,"height":448,"caption":"Miguel Monteiro tamb\u00e9m j\u00e1 esteve nos cargos de deputado da na\u00e7\u00e3o e secret\u00e1rio da mesa da Assembleia Nacional de Cabo Verde"},{"@type":"BreadcrumbList","@id":"https:\/\/portaltela.pt\/noticias\/2026\/02\/03\/miguel-monteiro-nomeado-diretor-geral-do-secretariado-executivo\/#breadcrumb","itemListElement":[{"@type":"ListItem","position":1,"name":"In\u00edcio","item":"https:\/\/portaltela.pt\/"},{"@type":"ListItem","position":2,"name":"Miguel Monteiro nomeado diretor-geral do Secretariado Executivo"}]},{"@type":"WebSite","@id":"https:\/\/portaltela.pt\/#website","url":"https:\/\/portaltela.pt\/","name":"Portal Tela Portugal","description":"","potentialAction":[{"@type":"SearchAction","target":{"@type":"EntryPoint","urlTemplate":"https:\/\/portaltela.pt\/?s={search_term_string}"},"query-input":{"@type":"PropertyValueSpecification","valueRequired":true,"valueName":"search_term_string"}}],"inLanguage":"pt-PT"},{"@type":"Person","@id":"https:\/\/portaltela.pt\/#\/schema\/person\/c4278d4a6028830caff9ee44b42d32ed","name":"Telinha","image":{"@type":"ImageObject","inLanguage":"pt-PT","@id":"https:\/\/portaltela.pt\/s.01k8rhncp4jt1\/2025\/11\/talking-bot-125x125.png","url":"https:\/\/portaltela.pt\/s.01k8rhncp4jt1\/2025\/11\/talking-bot-125x125.png","contentUrl":"https:\/\/portaltela.pt\/s.01k8rhncp4jt1\/2025\/11\/talking-bot-125x125.png","caption":"Telinha"},"sameAs":["https:\/\/portaltela.pt\/"],"url":"https:\/\/portaltela.pt\/por\/367410592786\/"}]}},"_links":{"self":[{"href":"https:\/\/portaltela.pt\/api\/wp\/v2\/posts\/193895","targetHints":{"allow":["GET"]}}],"collection":[{"href":"https:\/\/portaltela.pt\/api\/wp\/v2\/posts"}],"about":[{"href":"https:\/\/portaltela.pt\/api\/wp\/v2\/types\/post"}],"author":[{"embeddable":true,"href":"https:\/\/portaltela.pt\/api\/wp\/v2\/users\/2"}],"replies":[{"embeddable":true,"href":"https:\/\/portaltela.pt\/api\/wp\/v2\/comments?post=193895"}],"version-history":[{"count":0,"href":"https:\/\/portaltela.pt\/api\/wp\/v2\/posts\/193895\/revisions"}],"wp:featuredmedia":[{"embeddable":true,"href":"https:\/\/portaltela.pt\/api\/wp\/v2\/media\/193897"}],"wp:attachment":[{"href":"https:\/\/portaltela.pt\/api\/wp\/v2\/media?parent=193895"}],"wp:term":[{"taxonomy":"category","embeddable":true,"href":"https:\/\/portaltela.pt\/api\/wp\/v2\/categories?post=193895"},{"taxonomy":"post_tag","embeddable":true,"href":"https:\/\/portaltela.pt\/api\/wp\/v2\/tags?post=193895"}],"curies":[{"name":"wp","href":"https:\/\/api.w.org\/{rel}","templated":true}]}}