{"id":193891,"date":"2026-02-03T10:47:00","date_gmt":"2026-02-03T13:47:00","guid":{"rendered":"https:\/\/portaltela.pt\/noticias\/2026\/02\/03\/oms-afirma-que-cinco-doentes-de-gaza-foram-transferidos-para-o-egipto\/"},"modified":"2026-02-03T10:47:00","modified_gmt":"2026-02-03T13:47:00","slug":"oms-afirma-que-cinco-doentes-de-gaza-foram-transferidos-para-o-egipto","status":"publish","type":"post","link":"https:\/\/portaltela.pt\/noticias\/2026\/02\/03\/oms-afirma-que-cinco-doentes-de-gaza-foram-transferidos-para-o-egipto\/","title":{"rendered":"OMS afirma que cinco doentes de Gaza foram transferidos para o Egipto"},"content":{"rendered":"<p>O posto fronteiri\u00e7o de Rafah, entre a Faixa de Gaza e o Egipto, abriu-se parcialmente. Nesta segunda-feira foi confirmada a passagem de cinco doentes para o Egipto, acompanhados por sete familiares, no \u00e2mbito de uma evacua\u00e7\u00e3o m\u00e9dica? o primeiro dia de reabertura.<\/p>\n<p>A informa\u00e7\u00e3o foi adiantada pela Organiza\u00e7\u00e3o Mundial da Sa\u00fade (OMS), atrav\u00e9s do porta-voz Christian Lindmeier. A evacua\u00e7\u00e3o ocorreu na segunda-feira, dia 2 de Fevereiro, com apoio da OMS e de parceiros. Foi a primeira sa\u00edda m\u00e9dica por Rafah desde algum tempo de 2025.<\/p>\n<p>Mais de 18.500 doentes aguardam tratamento urgente fora de Gaza, integrando feridos e pacientes com doen\u00e7as cr\u00f3nicas. UNICEF indica que mais de tr\u00eas mil destas pessoas s\u00e3o crian\u00e7as. Na pr\u00e1tica, as autoridades de Gaza decidem prioridades entre doentes e feridos.<\/p>\n<h3>Fluxo limitado no primeiro dia<\/h3>\n<p>A passagem de Rafah foi descrita como limitada, com poucas evacua\u00e7\u00f5es face \u00e0s expectativas iniciais. Esperava-se que pelo menos 50 pessoas pudessem atravessar em cada dire\u00e7\u00e3o no primeiro dia, o que n\u00e3o se verificou.<\/p>\n<p>Segundo Lindmeier, algumas pessoas aguardavam perto da fronteira h\u00e1 dias, com relatos de mortes associadas ao tempo de espera. Contudo, poucos sa\u00edram para o Egipto, e apenas 12 palestinianos regressaram a Gaza, ap\u00f3s cerca de 20 horas de espera, segundo a Al Jazeera.<\/p>\n<h3>Contexto e pr\u00f3ximos passos<\/h3>\n<p>As autoridades de Gaza continuam a gerir a lista de prioridade para desloca\u00e7\u00e3o m\u00e9dica, tentando equilibrar urg\u00eancia cl\u00ednica e capacidade log\u00edstica. Espera-se que um segundo grupo tenha autoriza\u00e7\u00e3o para atravessar ainda hoje, ter\u00e7a-feira.<\/p>\n<p>A situa\u00e7\u00e3o na fronteira permanece sens\u00edvel, com o fluxo limitado a continuar a depender de acordos entre as partes envolvidas e de condi\u00e7\u00f5es humanit\u00e1rias que garantam a seguran\u00e7a dos evacuados. As informa\u00e7\u00f5es s\u00e3o atualizadas pelas entidades humanit\u00e1rias presentes na regi\u00e3o.<\/p>\n","protected":false},"excerpt":{"rendered":"<ul>\n<li>Cinco doentes passaram pela passagem de Rafah, na Faixa de Gaza, para o Egipto, na segunda-feira, durante a primeira evacua\u00e7\u00e3o m\u00e9dica desde algum tempo em 2025.<\/li>\n<li>A OMS indicou ainda que sete acompanhantes acompanharam os doentes durante a passagem.<\/li>\n<li>Doze palestinianos regresaram \u00e0 Faixa de Gaza, ap\u00f3s a reabertura do posto, com mais de 18.500 doentes \u00e0 espera de sa\u00edda para tratamento m\u00e9dico urgente.<\/li>\n<li>A UNICEF informou que mais de tr\u00eas mil destes doentes s\u00e3o crian\u00e7as; as autoridades de sa\u00fade de Gaza est\u00e3o a definir prioridades entre doentes e feridos.<\/li>\n<li>Esperava-se que um segundo grupo pudesse passar no dia de hoje, ter\u00e7a-feira, enquanto o n\u00famero inicial indicado (cinquenta pessoas em cada sentido) ficou aqu\u00e9m do esperado.<\/li>\n<\/ul>\n","protected":false},"author":2,"featured_media":193892,"comment_status":"closed","ping_status":"closed","sticky":false,"template":"","format":"standard","meta":{"footnotes":""},"categories":[1],"tags":[3707,2938,466,2030,271,4832],"class_list":["post-193891","post","type-post","status-publish","format-standard","has-post-thumbnail","hentry","category-noticias","tag-egipto","tag-evacuacao","tag-organizacao-internacional","tag-palestina","tag-saude-publica","tag-unicef-portugal"],"yoast_head":"<!-- This site is optimized with the Yoast SEO plugin v27.2 - https:\/\/yoast.com\/product\/yoast-seo-wordpress\/ -->\n<title>OMS afirma que cinco doentes de Gaza foram transferidos para o Egipto - Portal Tela Portugal<\/title>\n<meta name=\"robots\" content=\"index, follow, max-snippet:-1, max-image-preview:large, max-video-preview:-1\" \/>\n<meta property=\"og:locale\" content=\"pt_PT\" \/>\n<meta property=\"og:type\" content=\"article\" \/>\n<meta property=\"og:title\" content=\"OMS afirma que cinco doentes de Gaza foram transferidos para o Egipto - Portal Tela Portugal\" \/>\n<meta property=\"og:description\" content=\"Cinco doentes passaram pela passagem de Rafah, na Faixa de Gaza, para o Egipto, na segunda-feira, durante a primeira evacua\u00e7\u00e3o m\u00e9dica desde algum tempo em 2025. A OMS indicou ainda que sete acompanhantes acompanharam os doentes durante a passagem. Doze palestinianos regresaram \u00e0 Faixa de Gaza, ap\u00f3s a reabertura do posto, com mais de 18.500 doentes \u00e0 espera de sa\u00edda para tratamento m\u00e9dico urgente. A UNICEF informou que mais de tr\u00eas mil destes doentes s\u00e3o crian\u00e7as; as autoridades de sa\u00fade de Gaza est\u00e3o a definir prioridades entre doentes e feridos. Esperava-se que um segundo grupo pudesse passar no dia de hoje, ter\u00e7a-feira, enquanto o n\u00famero inicial indicado (cinquenta pessoas em cada sentido) ficou aqu\u00e9m do esperado.\" \/>\n<meta property=\"og:url\" content=\"https:\/\/portaltela.pt\/noticias\/2026\/02\/03\/oms-afirma-que-cinco-doentes-de-gaza-foram-transferidos-para-o-egipto\/\" \/>\n<meta property=\"og:site_name\" content=\"Portal Tela Portugal\" \/>\n<meta property=\"article:published_time\" content=\"2026-02-03T13:47:00+00:00\" \/>\n<meta name=\"author\" content=\"Telinha\" \/>\n<meta name=\"twitter:card\" content=\"summary_large_image\" \/>\n<meta name=\"twitter:label1\" content=\"Escrito por\" \/>\n\t<meta name=\"twitter:data1\" content=\"Telinha\" \/>\n\t<meta name=\"twitter:label2\" content=\"Tempo estimado de leitura\" \/>\n\t<meta name=\"twitter:data2\" content=\"2 minutos\" \/>\n<script type=\"application\/ld+json\" class=\"yoast-schema-graph\">{\"@context\":\"https:\/\/schema.org\",\"@graph\":[{\"@type\":\"Article\",\"@id\":\"https:\/\/portaltela.pt\/noticias\/2026\/02\/03\/oms-afirma-que-cinco-doentes-de-gaza-foram-transferidos-para-o-egipto\/#article\",\"isPartOf\":{\"@id\":\"https:\/\/portaltela.pt\/noticias\/2026\/02\/03\/oms-afirma-que-cinco-doentes-de-gaza-foram-transferidos-para-o-egipto\/\"},\"author\":{\"name\":\"Telinha\",\"@id\":\"https:\/\/portaltela.pt\/#\/schema\/person\/c4278d4a6028830caff9ee44b42d32ed\"},\"headline\":\"OMS afirma que cinco doentes de Gaza foram transferidos para o Egipto\",\"datePublished\":\"2026-02-03T13:47:00+00:00\",\"mainEntityOfPage\":{\"@id\":\"https:\/\/portaltela.pt\/noticias\/2026\/02\/03\/oms-afirma-que-cinco-doentes-de-gaza-foram-transferidos-para-o-egipto\/\"},\"wordCount\":328,\"image\":{\"@id\":\"https:\/\/portaltela.pt\/noticias\/2026\/02\/03\/oms-afirma-que-cinco-doentes-de-gaza-foram-transferidos-para-o-egipto\/#primaryimage\"},\"thumbnailUrl\":\"https:\/\/portaltela.pt\/s.01k8rhncp4jt1\/2026\/02\/2063899.jpg\",\"keywords\":[\"Egipto\",\"evacua\u00e7\u00e3o\",\"organiza\u00e7\u00e3o internacional\",\"Palestina\",\"sa\u00fade p\u00fablica\",\"UNICEF Portugal\"],\"articleSection\":[\"Not\u00edcias\"],\"inLanguage\":\"pt-PT\"},{\"@type\":\"WebPage\",\"@id\":\"https:\/\/portaltela.pt\/noticias\/2026\/02\/03\/oms-afirma-que-cinco-doentes-de-gaza-foram-transferidos-para-o-egipto\/\",\"url\":\"https:\/\/portaltela.pt\/noticias\/2026\/02\/03\/oms-afirma-que-cinco-doentes-de-gaza-foram-transferidos-para-o-egipto\/\",\"name\":\"OMS afirma que cinco doentes de Gaza foram transferidos para o Egipto - Portal Tela Portugal\",\"isPartOf\":{\"@id\":\"https:\/\/portaltela.pt\/#website\"},\"primaryImageOfPage\":{\"@id\":\"https:\/\/portaltela.pt\/noticias\/2026\/02\/03\/oms-afirma-que-cinco-doentes-de-gaza-foram-transferidos-para-o-egipto\/#primaryimage\"},\"image\":{\"@id\":\"https:\/\/portaltela.pt\/noticias\/2026\/02\/03\/oms-afirma-que-cinco-doentes-de-gaza-foram-transferidos-para-o-egipto\/#primaryimage\"},\"thumbnailUrl\":\"https:\/\/portaltela.pt\/s.01k8rhncp4jt1\/2026\/02\/2063899.jpg\",\"datePublished\":\"2026-02-03T13:47:00+00:00\",\"author\":{\"@id\":\"https:\/\/portaltela.pt\/#\/schema\/person\/c4278d4a6028830caff9ee44b42d32ed\"},\"breadcrumb\":{\"@id\":\"https:\/\/portaltela.pt\/noticias\/2026\/02\/03\/oms-afirma-que-cinco-doentes-de-gaza-foram-transferidos-para-o-egipto\/#breadcrumb\"},\"inLanguage\":\"pt-PT\",\"potentialAction\":[{\"@type\":\"ReadAction\",\"target\":[\"https:\/\/portaltela.pt\/noticias\/2026\/02\/03\/oms-afirma-que-cinco-doentes-de-gaza-foram-transferidos-para-o-egipto\/\"]}]},{\"@type\":\"ImageObject\",\"inLanguage\":\"pt-PT\",\"@id\":\"https:\/\/portaltela.pt\/noticias\/2026\/02\/03\/oms-afirma-que-cinco-doentes-de-gaza-foram-transferidos-para-o-egipto\/#primaryimage\",\"url\":\"https:\/\/portaltela.pt\/s.01k8rhncp4jt1\/2026\/02\/2063899.jpg\",\"contentUrl\":\"https:\/\/portaltela.pt\/s.01k8rhncp4jt1\/2026\/02\/2063899.jpg\",\"width\":796,\"height\":448,\"caption\":\"Segundo grupo de palestinianos que se espera que sejam autorizados a passar para o Egipto para tratamento m\u00e9dico\"},{\"@type\":\"BreadcrumbList\",\"@id\":\"https:\/\/portaltela.pt\/noticias\/2026\/02\/03\/oms-afirma-que-cinco-doentes-de-gaza-foram-transferidos-para-o-egipto\/#breadcrumb\",\"itemListElement\":[{\"@type\":\"ListItem\",\"position\":1,\"name\":\"In\u00edcio\",\"item\":\"https:\/\/portaltela.pt\/\"},{\"@type\":\"ListItem\",\"position\":2,\"name\":\"OMS afirma que cinco doentes de Gaza foram transferidos para o Egipto\"}]},{\"@type\":\"WebSite\",\"@id\":\"https:\/\/portaltela.pt\/#website\",\"url\":\"https:\/\/portaltela.pt\/\",\"name\":\"Portal Tela Portugal\",\"description\":\"\",\"potentialAction\":[{\"@type\":\"SearchAction\",\"target\":{\"@type\":\"EntryPoint\",\"urlTemplate\":\"https:\/\/portaltela.pt\/?s={search_term_string}\"},\"query-input\":{\"@type\":\"PropertyValueSpecification\",\"valueRequired\":true,\"valueName\":\"search_term_string\"}}],\"inLanguage\":\"pt-PT\"},{\"@type\":\"Person\",\"@id\":\"https:\/\/portaltela.pt\/#\/schema\/person\/c4278d4a6028830caff9ee44b42d32ed\",\"name\":\"Telinha\",\"image\":{\"@type\":\"ImageObject\",\"inLanguage\":\"pt-PT\",\"@id\":\"https:\/\/portaltela.pt\/s.01k8rhncp4jt1\/2025\/11\/talking-bot-125x125.png\",\"url\":\"https:\/\/portaltela.pt\/s.01k8rhncp4jt1\/2025\/11\/talking-bot-125x125.png\",\"contentUrl\":\"https:\/\/portaltela.pt\/s.01k8rhncp4jt1\/2025\/11\/talking-bot-125x125.png\",\"caption\":\"Telinha\"},\"sameAs\":[\"https:\/\/portaltela.pt\/\"],\"url\":\"https:\/\/portaltela.pt\/por\/367410592786\/\"}]}<\/script>\n<!-- \/ Yoast SEO plugin. -->","yoast_head_json":{"title":"OMS afirma que cinco doentes de Gaza foram transferidos para o Egipto - Portal Tela Portugal","robots":{"index":"index","follow":"follow","max-snippet":"max-snippet:-1","max-image-preview":"max-image-preview:large","max-video-preview":"max-video-preview:-1"},"og_locale":"pt_PT","og_type":"article","og_title":"OMS afirma que cinco doentes de Gaza foram transferidos para o Egipto - Portal Tela Portugal","og_description":"Cinco doentes passaram pela passagem de Rafah, na Faixa de Gaza, para o Egipto, na segunda-feira, durante a primeira evacua\u00e7\u00e3o m\u00e9dica desde algum tempo em 2025. A OMS indicou ainda que sete acompanhantes acompanharam os doentes durante a passagem. Doze palestinianos regresaram \u00e0 Faixa de Gaza, ap\u00f3s a reabertura do posto, com mais de 18.500 doentes \u00e0 espera de sa\u00edda para tratamento m\u00e9dico urgente. A UNICEF informou que mais de tr\u00eas mil destes doentes s\u00e3o crian\u00e7as; as autoridades de sa\u00fade de Gaza est\u00e3o a definir prioridades entre doentes e feridos. Esperava-se que um segundo grupo pudesse passar no dia de hoje, ter\u00e7a-feira, enquanto o n\u00famero inicial indicado (cinquenta pessoas em cada sentido) ficou aqu\u00e9m do esperado.","og_url":"https:\/\/portaltela.pt\/noticias\/2026\/02\/03\/oms-afirma-que-cinco-doentes-de-gaza-foram-transferidos-para-o-egipto\/","og_site_name":"Portal Tela Portugal","article_published_time":"2026-02-03T13:47:00+00:00","author":"Telinha","twitter_card":"summary_large_image","twitter_misc":{"Escrito por":"Telinha","Tempo estimado de leitura":"2 minutos"},"schema":{"@context":"https:\/\/schema.org","@graph":[{"@type":"Article","@id":"https:\/\/portaltela.pt\/noticias\/2026\/02\/03\/oms-afirma-que-cinco-doentes-de-gaza-foram-transferidos-para-o-egipto\/#article","isPartOf":{"@id":"https:\/\/portaltela.pt\/noticias\/2026\/02\/03\/oms-afirma-que-cinco-doentes-de-gaza-foram-transferidos-para-o-egipto\/"},"author":{"name":"Telinha","@id":"https:\/\/portaltela.pt\/#\/schema\/person\/c4278d4a6028830caff9ee44b42d32ed"},"headline":"OMS afirma que cinco doentes de Gaza foram transferidos para o Egipto","datePublished":"2026-02-03T13:47:00+00:00","mainEntityOfPage":{"@id":"https:\/\/portaltela.pt\/noticias\/2026\/02\/03\/oms-afirma-que-cinco-doentes-de-gaza-foram-transferidos-para-o-egipto\/"},"wordCount":328,"image":{"@id":"https:\/\/portaltela.pt\/noticias\/2026\/02\/03\/oms-afirma-que-cinco-doentes-de-gaza-foram-transferidos-para-o-egipto\/#primaryimage"},"thumbnailUrl":"https:\/\/portaltela.pt\/s.01k8rhncp4jt1\/2026\/02\/2063899.jpg","keywords":["Egipto","evacua\u00e7\u00e3o","organiza\u00e7\u00e3o internacional","Palestina","sa\u00fade p\u00fablica","UNICEF Portugal"],"articleSection":["Not\u00edcias"],"inLanguage":"pt-PT"},{"@type":"WebPage","@id":"https:\/\/portaltela.pt\/noticias\/2026\/02\/03\/oms-afirma-que-cinco-doentes-de-gaza-foram-transferidos-para-o-egipto\/","url":"https:\/\/portaltela.pt\/noticias\/2026\/02\/03\/oms-afirma-que-cinco-doentes-de-gaza-foram-transferidos-para-o-egipto\/","name":"OMS afirma que cinco doentes de Gaza foram transferidos para o Egipto - Portal Tela Portugal","isPartOf":{"@id":"https:\/\/portaltela.pt\/#website"},"primaryImageOfPage":{"@id":"https:\/\/portaltela.pt\/noticias\/2026\/02\/03\/oms-afirma-que-cinco-doentes-de-gaza-foram-transferidos-para-o-egipto\/#primaryimage"},"image":{"@id":"https:\/\/portaltela.pt\/noticias\/2026\/02\/03\/oms-afirma-que-cinco-doentes-de-gaza-foram-transferidos-para-o-egipto\/#primaryimage"},"thumbnailUrl":"https:\/\/portaltela.pt\/s.01k8rhncp4jt1\/2026\/02\/2063899.jpg","datePublished":"2026-02-03T13:47:00+00:00","author":{"@id":"https:\/\/portaltela.pt\/#\/schema\/person\/c4278d4a6028830caff9ee44b42d32ed"},"breadcrumb":{"@id":"https:\/\/portaltela.pt\/noticias\/2026\/02\/03\/oms-afirma-que-cinco-doentes-de-gaza-foram-transferidos-para-o-egipto\/#breadcrumb"},"inLanguage":"pt-PT","potentialAction":[{"@type":"ReadAction","target":["https:\/\/portaltela.pt\/noticias\/2026\/02\/03\/oms-afirma-que-cinco-doentes-de-gaza-foram-transferidos-para-o-egipto\/"]}]},{"@type":"ImageObject","inLanguage":"pt-PT","@id":"https:\/\/portaltela.pt\/noticias\/2026\/02\/03\/oms-afirma-que-cinco-doentes-de-gaza-foram-transferidos-para-o-egipto\/#primaryimage","url":"https:\/\/portaltela.pt\/s.01k8rhncp4jt1\/2026\/02\/2063899.jpg","contentUrl":"https:\/\/portaltela.pt\/s.01k8rhncp4jt1\/2026\/02\/2063899.jpg","width":796,"height":448,"caption":"Segundo grupo de palestinianos que se espera que sejam autorizados a passar para o Egipto para tratamento m\u00e9dico"},{"@type":"BreadcrumbList","@id":"https:\/\/portaltela.pt\/noticias\/2026\/02\/03\/oms-afirma-que-cinco-doentes-de-gaza-foram-transferidos-para-o-egipto\/#breadcrumb","itemListElement":[{"@type":"ListItem","position":1,"name":"In\u00edcio","item":"https:\/\/portaltela.pt\/"},{"@type":"ListItem","position":2,"name":"OMS afirma que cinco doentes de Gaza foram transferidos para o Egipto"}]},{"@type":"WebSite","@id":"https:\/\/portaltela.pt\/#website","url":"https:\/\/portaltela.pt\/","name":"Portal Tela Portugal","description":"","potentialAction":[{"@type":"SearchAction","target":{"@type":"EntryPoint","urlTemplate":"https:\/\/portaltela.pt\/?s={search_term_string}"},"query-input":{"@type":"PropertyValueSpecification","valueRequired":true,"valueName":"search_term_string"}}],"inLanguage":"pt-PT"},{"@type":"Person","@id":"https:\/\/portaltela.pt\/#\/schema\/person\/c4278d4a6028830caff9ee44b42d32ed","name":"Telinha","image":{"@type":"ImageObject","inLanguage":"pt-PT","@id":"https:\/\/portaltela.pt\/s.01k8rhncp4jt1\/2025\/11\/talking-bot-125x125.png","url":"https:\/\/portaltela.pt\/s.01k8rhncp4jt1\/2025\/11\/talking-bot-125x125.png","contentUrl":"https:\/\/portaltela.pt\/s.01k8rhncp4jt1\/2025\/11\/talking-bot-125x125.png","caption":"Telinha"},"sameAs":["https:\/\/portaltela.pt\/"],"url":"https:\/\/portaltela.pt\/por\/367410592786\/"}]}},"_links":{"self":[{"href":"https:\/\/portaltela.pt\/api\/wp\/v2\/posts\/193891","targetHints":{"allow":["GET"]}}],"collection":[{"href":"https:\/\/portaltela.pt\/api\/wp\/v2\/posts"}],"about":[{"href":"https:\/\/portaltela.pt\/api\/wp\/v2\/types\/post"}],"author":[{"embeddable":true,"href":"https:\/\/portaltela.pt\/api\/wp\/v2\/users\/2"}],"replies":[{"embeddable":true,"href":"https:\/\/portaltela.pt\/api\/wp\/v2\/comments?post=193891"}],"version-history":[{"count":0,"href":"https:\/\/portaltela.pt\/api\/wp\/v2\/posts\/193891\/revisions"}],"wp:featuredmedia":[{"embeddable":true,"href":"https:\/\/portaltela.pt\/api\/wp\/v2\/media\/193892"}],"wp:attachment":[{"href":"https:\/\/portaltela.pt\/api\/wp\/v2\/media?parent=193891"}],"wp:term":[{"taxonomy":"category","embeddable":true,"href":"https:\/\/portaltela.pt\/api\/wp\/v2\/categories?post=193891"},{"taxonomy":"post_tag","embeddable":true,"href":"https:\/\/portaltela.pt\/api\/wp\/v2\/tags?post=193891"}],"curies":[{"name":"wp","href":"https:\/\/api.w.org\/{rel}","templated":true}]}}