{"id":193845,"date":"2026-02-03T10:30:00","date_gmt":"2026-02-03T13:30:00","guid":{"rendered":"https:\/\/portaltela.pt\/noticias\/2026\/02\/03\/alentejo-2030-investe-18-milhoes-na-capacitacao-de-organismos-intermedios\/"},"modified":"2026-02-03T10:30:00","modified_gmt":"2026-02-03T13:30:00","slug":"alentejo-2030-investe-18-milhoes-na-capacitacao-de-organismos-intermedios","status":"publish","type":"post","link":"https:\/\/portaltela.pt\/noticias\/economia\/2026\/02\/03\/alentejo-2030-investe-18-milhoes-na-capacitacao-de-organismos-intermedios\/","title":{"rendered":"Alentejo 2030 investe 1,8 milh\u00f5es na capacita\u00e7\u00e3o de Organismos Interm\u00e9dios"},"content":{"rendered":"<p>O Programa Regional Alentejo 2030 anunciou tr\u00eas avisos-convite de Assist\u00eancia T\u00e9cnica para o per\u00edodo 2026\/2027, com o objetivo de refor\u00e7ar a capacidade t\u00e9cnica, operacional e institucional dos Organismos Interm\u00e9dios respons\u00e1veis pela gest\u00e3o e execu\u00e7\u00e3o do programa na regi\u00e3o. A dota\u00e7\u00e3o global ultrapassa 1,8 milh\u00f5es de euros, financiada pelo Fundo Social Europeu (FSE).<\/p>\n<p>O investimento visa apoiar o desempenho das compet\u00eancias de gest\u00e3o delegadas pela Autoridade de Gest\u00e3o, contribuindo para uma implementa\u00e7\u00e3o mais eficaz, bem como para o acompanhamento e avalia\u00e7\u00e3o das pol\u00edticas p\u00fablicas financiadas pelo Alentejo 2030. A distribui\u00e7\u00e3o or\u00e7amental \u00e9 orientada para diferentes entidades e finalidades.<\/p>\n<h3>Apoio \u00e0s Comunidades Intermunicipais<\/h3>\n<p>O Aviso Assist\u00eancia T\u00e9cnica 2026\/2027 \u2013 ITI \u2013 CIM destina 1.456.668 euros, com cofinanciamento de at\u00e9 85%. O objetivo \u00e9 consolidar estruturas t\u00e9cnicas, refor\u00e7ar meios log\u00edsticos e desenvolver instrumentos de gest\u00e3o e monitoriza\u00e7\u00e3o.<\/p>\n<h3>Financiamento para outros Organismos Interm\u00e9dios<\/h3>\n<p>O Aviso Assist\u00eancia T\u00e9cnica 2026\/2027 \u2013 Organismos Interm\u00e9dios disponibiliza 370.000 euros, tamb\u00e9m com 85% de cofinanciamento. Destina-se a entidades com compet\u00eancias delegadas pela Autoridade de Gest\u00e3o, visando capacita\u00e7\u00e3o t\u00e9cnica cont\u00ednua e melhoria de processos.<\/p>\n<h3>Inova\u00e7\u00e3o Social com apoio espec\u00edfico<\/h3>\n<p>O Aviso Assist\u00eancia T\u00e9cnica 2026\/2027 \u2013 EMPIS conta com 43.139,37 euros, cofinanciados a 85%. O foco \u00e9 a gest\u00e3o de tipologias de Empreendedorismo e Inova\u00e7\u00e3o Social, para promover inclus\u00e3o ativa e igualdade de oportunidades.<\/p>\n<h3>Candidaturas abertas at\u00e9 final de mar\u00e7o<\/h3>\n<p>No total, as tr\u00eas a\u00e7\u00f5es representam um investimento estrat\u00e9gico na capacita\u00e7\u00e3o institucional do ecossistema do Alentejo 2030. O per\u00edodo de candidaturas decorre at\u00e9 31 de mar\u00e7o de 2026, visando estruturas mais qualificadas e gest\u00e3o orientada para resultados.<\/p>\n<p>O programa reafirma o compromisso com uma gest\u00e3o p\u00fablica mais robusta e com o desenvolvimento territorial sustent\u00e1vel, colocando recursos humanos e t\u00e9cnicos no centro da execu\u00e7\u00e3o dos fundos europeus na regi\u00e3o.<\/p>\n","protected":false},"excerpt":{"rendered":"<ul>\n<li>O Programa Regional Alentejo 2030 lan\u00e7ou tr\u00eas avisos-convite de Assist\u00eancia T\u00e9cnica para 2026\/2027, com dota\u00e7\u00e3o global superior a 1,8 milh\u00f5es de euros, financiada pelo Fundo Social Europeu.<\/li>\n<li>O aviso ITI \u2013 CIM destina 1.456.668 euros, com cofinanciamento de at\u00e9 85%, para refor\u00e7ar estruturas t\u00e9cnicas das Comunidades Intermunicipais.<\/li>\n<li>O aviso Assist\u00eancia T\u00e9cnica 2026\/2027 \u2013 Organismos Interm\u00e9dios disponibiliza 370.000 euros, com cofinanciamento de 85%, para entidades com compet\u00eancias delegadas pela Autoridade de Gest\u00e3o.<\/li>\n<li>O aviso Assist\u00eancia T\u00e9cnica 2026\/2027 \u2013 Estrutura de Miss\u00e3o Portugal Inova\u00e7\u00e3o Social (EMPIS) tem 43.139,37 euros, com cofinanciamento de 85%, para gest\u00e3o de tipologias de empreendedorismo e inova\u00e7\u00e3o social.<\/li>\n<li>As candidaturas v\u00e3o at\u00e9 31 de mar\u00e7o de 2026, com o objetivo de capacitar o ecossistema de governa\u00e7\u00e3o do Alentejo 2030 e melhorar a gest\u00e3o e implementa\u00e7\u00e3o de pol\u00edticas p\u00fablicas financiadas pela regi\u00e3o.<\/li>\n<\/ul>\n","protected":false},"author":2,"featured_media":193848,"comment_status":"closed","ping_status":"closed","sticky":false,"template":"","format":"standard","meta":{"footnotes":""},"categories":[2,1],"tags":[883,2172,1409,755,3076,33],"class_list":["post-193845","post","type-post","status-publish","format-standard","has-post-thumbnail","hentry","category-economia","category-noticias","tag-alentejo","tag-assistencia-social","tag-desenvolvimento-regional","tag-desenvolvimento-sustentavel","tag-fundo-social","tag-inovacao"],"yoast_head":"<!-- This site is optimized with the Yoast SEO plugin v27.2 - https:\/\/yoast.com\/product\/yoast-seo-wordpress\/ -->\n<title>Alentejo 2030 investe 1,8 milh\u00f5es na capacita\u00e7\u00e3o de Organismos Interm\u00e9dios - Portal Tela Portugal<\/title>\n<meta name=\"robots\" content=\"index, follow, max-snippet:-1, max-image-preview:large, max-video-preview:-1\" \/>\n<meta property=\"og:locale\" content=\"pt_PT\" \/>\n<meta property=\"og:type\" content=\"article\" \/>\n<meta property=\"og:title\" content=\"Alentejo 2030 investe 1,8 milh\u00f5es na capacita\u00e7\u00e3o de Organismos Interm\u00e9dios - Portal Tela Portugal\" \/>\n<meta property=\"og:description\" content=\"O Programa Regional Alentejo 2030 lan\u00e7ou tr\u00eas avisos-convite de Assist\u00eancia T\u00e9cnica para 2026\/2027, com dota\u00e7\u00e3o global superior a 1,8 milh\u00f5es de euros, financiada pelo Fundo Social Europeu. O aviso ITI \u2013 CIM destina 1.456.668 euros, com cofinanciamento de at\u00e9 85%, para refor\u00e7ar estruturas t\u00e9cnicas das Comunidades Intermunicipais. O aviso Assist\u00eancia T\u00e9cnica 2026\/2027 \u2013 Organismos Interm\u00e9dios disponibiliza 370.000 euros, com cofinanciamento de 85%, para entidades com compet\u00eancias delegadas pela Autoridade de Gest\u00e3o. O aviso Assist\u00eancia T\u00e9cnica 2026\/2027 \u2013 Estrutura de Miss\u00e3o Portugal Inova\u00e7\u00e3o Social (EMPIS) tem 43.139,37 euros, com cofinanciamento de 85%, para gest\u00e3o de tipologias de empreendedorismo e inova\u00e7\u00e3o social. As candidaturas v\u00e3o at\u00e9 31 de mar\u00e7o de 2026, com o objetivo de capacitar o ecossistema de governa\u00e7\u00e3o do Alentejo 2030 e melhorar a gest\u00e3o e implementa\u00e7\u00e3o de pol\u00edticas p\u00fablicas financiadas pela regi\u00e3o.\" \/>\n<meta property=\"og:url\" content=\"https:\/\/portaltela.pt\/noticias\/2026\/02\/03\/alentejo-2030-investe-18-milhoes-na-capacitacao-de-organismos-intermedios\/\" \/>\n<meta property=\"og:site_name\" content=\"Portal Tela Portugal\" \/>\n<meta property=\"article:published_time\" content=\"2026-02-03T13:30:00+00:00\" \/>\n<meta name=\"author\" content=\"Telinha\" \/>\n<meta name=\"twitter:card\" content=\"summary_large_image\" \/>\n<meta name=\"twitter:label1\" content=\"Escrito por\" \/>\n\t<meta name=\"twitter:data1\" content=\"Telinha\" \/>\n\t<meta name=\"twitter:label2\" content=\"Tempo estimado de leitura\" \/>\n\t<meta name=\"twitter:data2\" content=\"2 minutos\" \/>\n<script type=\"application\/ld+json\" class=\"yoast-schema-graph\">{\"@context\":\"https:\/\/schema.org\",\"@graph\":[{\"@type\":\"Article\",\"@id\":\"https:\/\/portaltela.pt\/noticias\/2026\/02\/03\/alentejo-2030-investe-18-milhoes-na-capacitacao-de-organismos-intermedios\/#article\",\"isPartOf\":{\"@id\":\"https:\/\/portaltela.pt\/noticias\/2026\/02\/03\/alentejo-2030-investe-18-milhoes-na-capacitacao-de-organismos-intermedios\/\"},\"author\":{\"name\":\"Telinha\",\"@id\":\"https:\/\/portaltela.pt\/#\/schema\/person\/c4278d4a6028830caff9ee44b42d32ed\"},\"headline\":\"Alentejo 2030 investe 1,8 milh\u00f5es na capacita\u00e7\u00e3o de Organismos Interm\u00e9dios\",\"datePublished\":\"2026-02-03T13:30:00+00:00\",\"mainEntityOfPage\":{\"@id\":\"https:\/\/portaltela.pt\/noticias\/2026\/02\/03\/alentejo-2030-investe-18-milhoes-na-capacitacao-de-organismos-intermedios\/\"},\"wordCount\":334,\"image\":{\"@id\":\"https:\/\/portaltela.pt\/noticias\/2026\/02\/03\/alentejo-2030-investe-18-milhoes-na-capacitacao-de-organismos-intermedios\/#primaryimage\"},\"thumbnailUrl\":\"https:\/\/portaltela.pt\/s.01k8rhncp4jt1\/2026\/02\/unnamed-file-825.jpg\",\"keywords\":[\"Alentejo\",\"assist\u00eancia social\",\"desenvolvimento regional\",\"desenvolvimento sustent\u00e1vel\",\"Fundo Social\",\"inova\u00e7\u00e3o\"],\"articleSection\":[\"Economia\",\"Not\u00edcias\"],\"inLanguage\":\"pt-PT\"},{\"@type\":\"WebPage\",\"@id\":\"https:\/\/portaltela.pt\/noticias\/2026\/02\/03\/alentejo-2030-investe-18-milhoes-na-capacitacao-de-organismos-intermedios\/\",\"url\":\"https:\/\/portaltela.pt\/noticias\/2026\/02\/03\/alentejo-2030-investe-18-milhoes-na-capacitacao-de-organismos-intermedios\/\",\"name\":\"Alentejo 2030 investe 1,8 milh\u00f5es na capacita\u00e7\u00e3o de Organismos Interm\u00e9dios - Portal Tela Portugal\",\"isPartOf\":{\"@id\":\"https:\/\/portaltela.pt\/#website\"},\"primaryImageOfPage\":{\"@id\":\"https:\/\/portaltela.pt\/noticias\/2026\/02\/03\/alentejo-2030-investe-18-milhoes-na-capacitacao-de-organismos-intermedios\/#primaryimage\"},\"image\":{\"@id\":\"https:\/\/portaltela.pt\/noticias\/2026\/02\/03\/alentejo-2030-investe-18-milhoes-na-capacitacao-de-organismos-intermedios\/#primaryimage\"},\"thumbnailUrl\":\"https:\/\/portaltela.pt\/s.01k8rhncp4jt1\/2026\/02\/unnamed-file-825.jpg\",\"datePublished\":\"2026-02-03T13:30:00+00:00\",\"author\":{\"@id\":\"https:\/\/portaltela.pt\/#\/schema\/person\/c4278d4a6028830caff9ee44b42d32ed\"},\"breadcrumb\":{\"@id\":\"https:\/\/portaltela.pt\/noticias\/2026\/02\/03\/alentejo-2030-investe-18-milhoes-na-capacitacao-de-organismos-intermedios\/#breadcrumb\"},\"inLanguage\":\"pt-PT\",\"potentialAction\":[{\"@type\":\"ReadAction\",\"target\":[\"https:\/\/portaltela.pt\/noticias\/2026\/02\/03\/alentejo-2030-investe-18-milhoes-na-capacitacao-de-organismos-intermedios\/\"]}]},{\"@type\":\"ImageObject\",\"inLanguage\":\"pt-PT\",\"@id\":\"https:\/\/portaltela.pt\/noticias\/2026\/02\/03\/alentejo-2030-investe-18-milhoes-na-capacitacao-de-organismos-intermedios\/#primaryimage\",\"url\":\"https:\/\/portaltela.pt\/s.01k8rhncp4jt1\/2026\/02\/unnamed-file-825.jpg\",\"contentUrl\":\"https:\/\/portaltela.pt\/s.01k8rhncp4jt1\/2026\/02\/unnamed-file-825.jpg\",\"width\":796,\"height\":448,\"caption\":\"AIP apoia internacionaliza\u00e7\u00e3o de 100 PME da fileira do desporto\"},{\"@type\":\"BreadcrumbList\",\"@id\":\"https:\/\/portaltela.pt\/noticias\/2026\/02\/03\/alentejo-2030-investe-18-milhoes-na-capacitacao-de-organismos-intermedios\/#breadcrumb\",\"itemListElement\":[{\"@type\":\"ListItem\",\"position\":1,\"name\":\"In\u00edcio\",\"item\":\"https:\/\/portaltela.pt\/\"},{\"@type\":\"ListItem\",\"position\":2,\"name\":\"Alentejo 2030 investe 1,8 milh\u00f5es na capacita\u00e7\u00e3o de Organismos Interm\u00e9dios\"}]},{\"@type\":\"WebSite\",\"@id\":\"https:\/\/portaltela.pt\/#website\",\"url\":\"https:\/\/portaltela.pt\/\",\"name\":\"Portal Tela Portugal\",\"description\":\"\",\"potentialAction\":[{\"@type\":\"SearchAction\",\"target\":{\"@type\":\"EntryPoint\",\"urlTemplate\":\"https:\/\/portaltela.pt\/?s={search_term_string}\"},\"query-input\":{\"@type\":\"PropertyValueSpecification\",\"valueRequired\":true,\"valueName\":\"search_term_string\"}}],\"inLanguage\":\"pt-PT\"},{\"@type\":\"Person\",\"@id\":\"https:\/\/portaltela.pt\/#\/schema\/person\/c4278d4a6028830caff9ee44b42d32ed\",\"name\":\"Telinha\",\"image\":{\"@type\":\"ImageObject\",\"inLanguage\":\"pt-PT\",\"@id\":\"https:\/\/portaltela.pt\/s.01k8rhncp4jt1\/2025\/11\/talking-bot-125x125.png\",\"url\":\"https:\/\/portaltela.pt\/s.01k8rhncp4jt1\/2025\/11\/talking-bot-125x125.png\",\"contentUrl\":\"https:\/\/portaltela.pt\/s.01k8rhncp4jt1\/2025\/11\/talking-bot-125x125.png\",\"caption\":\"Telinha\"},\"sameAs\":[\"https:\/\/portaltela.pt\/\"],\"url\":\"https:\/\/portaltela.pt\/por\/367410592786\/\"}]}<\/script>\n<!-- \/ Yoast SEO plugin. -->","yoast_head_json":{"title":"Alentejo 2030 investe 1,8 milh\u00f5es na capacita\u00e7\u00e3o de Organismos Interm\u00e9dios - Portal Tela Portugal","robots":{"index":"index","follow":"follow","max-snippet":"max-snippet:-1","max-image-preview":"max-image-preview:large","max-video-preview":"max-video-preview:-1"},"og_locale":"pt_PT","og_type":"article","og_title":"Alentejo 2030 investe 1,8 milh\u00f5es na capacita\u00e7\u00e3o de Organismos Interm\u00e9dios - Portal Tela Portugal","og_description":"O Programa Regional Alentejo 2030 lan\u00e7ou tr\u00eas avisos-convite de Assist\u00eancia T\u00e9cnica para 2026\/2027, com dota\u00e7\u00e3o global superior a 1,8 milh\u00f5es de euros, financiada pelo Fundo Social Europeu. O aviso ITI \u2013 CIM destina 1.456.668 euros, com cofinanciamento de at\u00e9 85%, para refor\u00e7ar estruturas t\u00e9cnicas das Comunidades Intermunicipais. O aviso Assist\u00eancia T\u00e9cnica 2026\/2027 \u2013 Organismos Interm\u00e9dios disponibiliza 370.000 euros, com cofinanciamento de 85%, para entidades com compet\u00eancias delegadas pela Autoridade de Gest\u00e3o. O aviso Assist\u00eancia T\u00e9cnica 2026\/2027 \u2013 Estrutura de Miss\u00e3o Portugal Inova\u00e7\u00e3o Social (EMPIS) tem 43.139,37 euros, com cofinanciamento de 85%, para gest\u00e3o de tipologias de empreendedorismo e inova\u00e7\u00e3o social. As candidaturas v\u00e3o at\u00e9 31 de mar\u00e7o de 2026, com o objetivo de capacitar o ecossistema de governa\u00e7\u00e3o do Alentejo 2030 e melhorar a gest\u00e3o e implementa\u00e7\u00e3o de pol\u00edticas p\u00fablicas financiadas pela regi\u00e3o.","og_url":"https:\/\/portaltela.pt\/noticias\/2026\/02\/03\/alentejo-2030-investe-18-milhoes-na-capacitacao-de-organismos-intermedios\/","og_site_name":"Portal Tela Portugal","article_published_time":"2026-02-03T13:30:00+00:00","author":"Telinha","twitter_card":"summary_large_image","twitter_misc":{"Escrito por":"Telinha","Tempo estimado de leitura":"2 minutos"},"schema":{"@context":"https:\/\/schema.org","@graph":[{"@type":"Article","@id":"https:\/\/portaltela.pt\/noticias\/2026\/02\/03\/alentejo-2030-investe-18-milhoes-na-capacitacao-de-organismos-intermedios\/#article","isPartOf":{"@id":"https:\/\/portaltela.pt\/noticias\/2026\/02\/03\/alentejo-2030-investe-18-milhoes-na-capacitacao-de-organismos-intermedios\/"},"author":{"name":"Telinha","@id":"https:\/\/portaltela.pt\/#\/schema\/person\/c4278d4a6028830caff9ee44b42d32ed"},"headline":"Alentejo 2030 investe 1,8 milh\u00f5es na capacita\u00e7\u00e3o de Organismos Interm\u00e9dios","datePublished":"2026-02-03T13:30:00+00:00","mainEntityOfPage":{"@id":"https:\/\/portaltela.pt\/noticias\/2026\/02\/03\/alentejo-2030-investe-18-milhoes-na-capacitacao-de-organismos-intermedios\/"},"wordCount":334,"image":{"@id":"https:\/\/portaltela.pt\/noticias\/2026\/02\/03\/alentejo-2030-investe-18-milhoes-na-capacitacao-de-organismos-intermedios\/#primaryimage"},"thumbnailUrl":"https:\/\/portaltela.pt\/s.01k8rhncp4jt1\/2026\/02\/unnamed-file-825.jpg","keywords":["Alentejo","assist\u00eancia social","desenvolvimento regional","desenvolvimento sustent\u00e1vel","Fundo Social","inova\u00e7\u00e3o"],"articleSection":["Economia","Not\u00edcias"],"inLanguage":"pt-PT"},{"@type":"WebPage","@id":"https:\/\/portaltela.pt\/noticias\/2026\/02\/03\/alentejo-2030-investe-18-milhoes-na-capacitacao-de-organismos-intermedios\/","url":"https:\/\/portaltela.pt\/noticias\/2026\/02\/03\/alentejo-2030-investe-18-milhoes-na-capacitacao-de-organismos-intermedios\/","name":"Alentejo 2030 investe 1,8 milh\u00f5es na capacita\u00e7\u00e3o de Organismos Interm\u00e9dios - Portal Tela Portugal","isPartOf":{"@id":"https:\/\/portaltela.pt\/#website"},"primaryImageOfPage":{"@id":"https:\/\/portaltela.pt\/noticias\/2026\/02\/03\/alentejo-2030-investe-18-milhoes-na-capacitacao-de-organismos-intermedios\/#primaryimage"},"image":{"@id":"https:\/\/portaltela.pt\/noticias\/2026\/02\/03\/alentejo-2030-investe-18-milhoes-na-capacitacao-de-organismos-intermedios\/#primaryimage"},"thumbnailUrl":"https:\/\/portaltela.pt\/s.01k8rhncp4jt1\/2026\/02\/unnamed-file-825.jpg","datePublished":"2026-02-03T13:30:00+00:00","author":{"@id":"https:\/\/portaltela.pt\/#\/schema\/person\/c4278d4a6028830caff9ee44b42d32ed"},"breadcrumb":{"@id":"https:\/\/portaltela.pt\/noticias\/2026\/02\/03\/alentejo-2030-investe-18-milhoes-na-capacitacao-de-organismos-intermedios\/#breadcrumb"},"inLanguage":"pt-PT","potentialAction":[{"@type":"ReadAction","target":["https:\/\/portaltela.pt\/noticias\/2026\/02\/03\/alentejo-2030-investe-18-milhoes-na-capacitacao-de-organismos-intermedios\/"]}]},{"@type":"ImageObject","inLanguage":"pt-PT","@id":"https:\/\/portaltela.pt\/noticias\/2026\/02\/03\/alentejo-2030-investe-18-milhoes-na-capacitacao-de-organismos-intermedios\/#primaryimage","url":"https:\/\/portaltela.pt\/s.01k8rhncp4jt1\/2026\/02\/unnamed-file-825.jpg","contentUrl":"https:\/\/portaltela.pt\/s.01k8rhncp4jt1\/2026\/02\/unnamed-file-825.jpg","width":796,"height":448,"caption":"AIP apoia internacionaliza\u00e7\u00e3o de 100 PME da fileira do desporto"},{"@type":"BreadcrumbList","@id":"https:\/\/portaltela.pt\/noticias\/2026\/02\/03\/alentejo-2030-investe-18-milhoes-na-capacitacao-de-organismos-intermedios\/#breadcrumb","itemListElement":[{"@type":"ListItem","position":1,"name":"In\u00edcio","item":"https:\/\/portaltela.pt\/"},{"@type":"ListItem","position":2,"name":"Alentejo 2030 investe 1,8 milh\u00f5es na capacita\u00e7\u00e3o de Organismos Interm\u00e9dios"}]},{"@type":"WebSite","@id":"https:\/\/portaltela.pt\/#website","url":"https:\/\/portaltela.pt\/","name":"Portal Tela Portugal","description":"","potentialAction":[{"@type":"SearchAction","target":{"@type":"EntryPoint","urlTemplate":"https:\/\/portaltela.pt\/?s={search_term_string}"},"query-input":{"@type":"PropertyValueSpecification","valueRequired":true,"valueName":"search_term_string"}}],"inLanguage":"pt-PT"},{"@type":"Person","@id":"https:\/\/portaltela.pt\/#\/schema\/person\/c4278d4a6028830caff9ee44b42d32ed","name":"Telinha","image":{"@type":"ImageObject","inLanguage":"pt-PT","@id":"https:\/\/portaltela.pt\/s.01k8rhncp4jt1\/2025\/11\/talking-bot-125x125.png","url":"https:\/\/portaltela.pt\/s.01k8rhncp4jt1\/2025\/11\/talking-bot-125x125.png","contentUrl":"https:\/\/portaltela.pt\/s.01k8rhncp4jt1\/2025\/11\/talking-bot-125x125.png","caption":"Telinha"},"sameAs":["https:\/\/portaltela.pt\/"],"url":"https:\/\/portaltela.pt\/por\/367410592786\/"}]}},"_links":{"self":[{"href":"https:\/\/portaltela.pt\/api\/wp\/v2\/posts\/193845","targetHints":{"allow":["GET"]}}],"collection":[{"href":"https:\/\/portaltela.pt\/api\/wp\/v2\/posts"}],"about":[{"href":"https:\/\/portaltela.pt\/api\/wp\/v2\/types\/post"}],"author":[{"embeddable":true,"href":"https:\/\/portaltela.pt\/api\/wp\/v2\/users\/2"}],"replies":[{"embeddable":true,"href":"https:\/\/portaltela.pt\/api\/wp\/v2\/comments?post=193845"}],"version-history":[{"count":0,"href":"https:\/\/portaltela.pt\/api\/wp\/v2\/posts\/193845\/revisions"}],"wp:featuredmedia":[{"embeddable":true,"href":"https:\/\/portaltela.pt\/api\/wp\/v2\/media\/193848"}],"wp:attachment":[{"href":"https:\/\/portaltela.pt\/api\/wp\/v2\/media?parent=193845"}],"wp:term":[{"taxonomy":"category","embeddable":true,"href":"https:\/\/portaltela.pt\/api\/wp\/v2\/categories?post=193845"},{"taxonomy":"post_tag","embeddable":true,"href":"https:\/\/portaltela.pt\/api\/wp\/v2\/tags?post=193845"}],"curies":[{"name":"wp","href":"https:\/\/api.w.org\/{rel}","templated":true}]}}