{"id":193825,"date":"2026-02-03T10:55:00","date_gmt":"2026-02-03T13:55:00","guid":{"rendered":"https:\/\/portaltela.pt\/noticias\/2026\/02\/03\/amares-serve-papas-de-sarrabulho-para-30-mil-pessoas\/"},"modified":"2026-02-03T10:55:00","modified_gmt":"2026-02-03T13:55:00","slug":"amares-serve-papas-de-sarrabulho-para-30-mil-pessoas","status":"publish","type":"post","link":"https:\/\/portaltela.pt\/noticias\/2026\/02\/03\/amares-serve-papas-de-sarrabulho-para-30-mil-pessoas\/","title":{"rendered":"Amares serve papas de sarrabulho para 30 mil pessoas"},"content":{"rendered":"<p>Cinco restaurantes v\u00e3o marcar presen\u00e7a na 22.\u00aa edi\u00e7\u00e3o do Festival das Papas de Sarrabulho de Amares, que decorre entre 14 e 17 de fevereiro, por ocasi\u00e3o do Carnaval. O evento espera receber cerca de 30 mil visitantes, com o menu completo a 15 euros.<\/p>\n<p>A iniciativa \u00e9 organizada pela C\u00e2mara Municipal de Amares, em parceria com a Associa\u00e7\u00e3o Empresarial de Braga (AEB). O objetivo \u00e9 promover o territ\u00f3rio como destino tur\u00edstico de qualidade, incentivando visitantes a regressar noutras ocasi\u00f5es.<\/p>\n<p>O festival ocorre numa tenda junto ao mercado municipal e envolve ainda v\u00e1rios expositores locais, com \u00eanfase nos vinhos de Amares. O pre\u00e7o da por\u00e7\u00e3o tradicional \u00e9 de 6,5 euros, tal como os acompanhamentos.<\/p>\n<h3>Impacto econ\u00f3mico<\/h3>\n<p>A AEB prev\u00ea um impacto econ\u00f3mico superior a 500 mil euros em quatro dias, face a um investimento de cerca de 80 mil euros. O presidente Daniel Vila\u00e7a sublinha a coragem dos empres\u00e1rios ao manterem os pre\u00e7os.<\/p>\n<p>Segundo o programa, o festival funciona das 12h \u00e0s 23h nos dias 14 a 16, e encerra \u00e0s 20h no dia 17. Na ter\u00e7a-feira de Carnaval h\u00e1 desfile, com in\u00edcio \u00e0s 15h30, entre a Rotunda do Autarca e a C\u00e2mara Municipal.<\/p>\n<h3>Desfile de Carnaval<\/h3>\n<p>O desfile carnavalesco \u00e9 organizado pelo Clube Desportivo Recreativo e Cultural Amarense. O tema da edi\u00e7\u00e3o deste ano \u00e9 <strong>Cores<\/strong>, que dever\u00e1 animar as ruas da cidade durante a tarde de Carnaval. O evento mant\u00e9m o formato consolidado de anos anteriores.<\/p>\n","protected":false},"excerpt":{"rendered":"<ul>\n<li>O Festival das Papas de Sarrabulho de Amares realiza\u2011se de 14 a 17 de fevereiro, com cerca de 30 mil visitantes previstos.<\/li>\n<li>Participam cinco restaurantes: Restaurante de Caldelas, Restaurante A Rival, Restaurante Vale do Homem, Tasquinha Tomadas e Restaurante do Fernando, numa tenda junto ao mercado municipal, com destaque para os vinhos de Amares.<\/li>\n<li>Menu completo a 15 euros; papas de sarrabulho a 6,5 euros; acompanhamentos (roj\u00f5es, tripas e farinhatos) a 6,5 euros; tigela de vinho a 2 euros; garrafa de vinho a 8 euros.<\/li>\n<li>Investimento de cerca de 80 mil euros e impacto econ\u00f3mico previsto superior a meio milh\u00e3o de euros nos quatro dias.<\/li>\n<li>Hor\u00e1rio de funcionamento: 14 de fevereiro, a partir das 12h, at\u00e9 \u00e0s 23h; \u00faltimo dia encerra \u00e0s 20h; desfile carnavalesco na ter\u00e7a\u2011feira, \u00e0s 15h30, entre a Rotunda do Autarca e a C\u00e2mara Municipal, com o tema &#8220;Cores&#8221;.<\/li>\n<\/ul>\n","protected":false},"author":2,"featured_media":193832,"comment_status":"closed","ping_status":"closed","sticky":false,"template":"","format":"standard","meta":{"footnotes":""},"categories":[1],"tags":[1977,1207,3674,219,169,779],"class_list":["post-193825","post","type-post","status-publish","format-standard","has-post-thumbnail","hentry","category-noticias","tag-amares","tag-braga","tag-festival","tag-gastronomia","tag-turismo","tag-vinhos"],"yoast_head":"<!-- This site is optimized with the Yoast SEO plugin v27.2 - https:\/\/yoast.com\/product\/yoast-seo-wordpress\/ -->\n<title>Amares serve papas de sarrabulho para 30 mil pessoas - Portal Tela Portugal<\/title>\n<meta name=\"robots\" content=\"index, follow, max-snippet:-1, max-image-preview:large, max-video-preview:-1\" \/>\n<meta property=\"og:locale\" content=\"pt_PT\" \/>\n<meta property=\"og:type\" content=\"article\" \/>\n<meta property=\"og:title\" content=\"Amares serve papas de sarrabulho para 30 mil pessoas - Portal Tela Portugal\" \/>\n<meta property=\"og:description\" content=\"O Festival das Papas de Sarrabulho de Amares realiza\u2011se de 14 a 17 de fevereiro, com cerca de 30 mil visitantes previstos. Participam cinco restaurantes: Restaurante de Caldelas, Restaurante A Rival, Restaurante Vale do Homem, Tasquinha Tomadas e Restaurante do Fernando, numa tenda junto ao mercado municipal, com destaque para os vinhos de Amares. Menu completo a 15 euros; papas de sarrabulho a 6,5 euros; acompanhamentos (roj\u00f5es, tripas e farinhatos) a 6,5 euros; tigela de vinho a 2 euros; garrafa de vinho a 8 euros. Investimento de cerca de 80 mil euros e impacto econ\u00f3mico previsto superior a meio milh\u00e3o de euros nos quatro dias. Hor\u00e1rio de funcionamento: 14 de fevereiro, a partir das 12h, at\u00e9 \u00e0s 23h; \u00faltimo dia encerra \u00e0s 20h; desfile carnavalesco na ter\u00e7a\u2011feira, \u00e0s 15h30, entre a Rotunda do Autarca e a C\u00e2mara Municipal, com o tema &quot;Cores&quot;.\" \/>\n<meta property=\"og:url\" content=\"https:\/\/portaltela.pt\/noticias\/2026\/02\/03\/amares-serve-papas-de-sarrabulho-para-30-mil-pessoas\/\" \/>\n<meta property=\"og:site_name\" content=\"Portal Tela Portugal\" \/>\n<meta property=\"article:published_time\" content=\"2026-02-03T13:55:00+00:00\" \/>\n<meta name=\"author\" content=\"Telinha\" \/>\n<meta name=\"twitter:card\" content=\"summary_large_image\" \/>\n<meta name=\"twitter:label1\" content=\"Escrito por\" \/>\n\t<meta name=\"twitter:data1\" content=\"Telinha\" \/>\n\t<meta name=\"twitter:label2\" content=\"Tempo estimado de leitura\" \/>\n\t<meta name=\"twitter:data2\" content=\"1 minuto\" \/>\n<script type=\"application\/ld+json\" class=\"yoast-schema-graph\">{\"@context\":\"https:\/\/schema.org\",\"@graph\":[{\"@type\":\"Article\",\"@id\":\"https:\/\/portaltela.pt\/noticias\/2026\/02\/03\/amares-serve-papas-de-sarrabulho-para-30-mil-pessoas\/#article\",\"isPartOf\":{\"@id\":\"https:\/\/portaltela.pt\/noticias\/2026\/02\/03\/amares-serve-papas-de-sarrabulho-para-30-mil-pessoas\/\"},\"author\":{\"name\":\"Telinha\",\"@id\":\"https:\/\/portaltela.pt\/#\/schema\/person\/c4278d4a6028830caff9ee44b42d32ed\"},\"headline\":\"Amares serve papas de sarrabulho para 30 mil pessoas\",\"datePublished\":\"2026-02-03T13:55:00+00:00\",\"mainEntityOfPage\":{\"@id\":\"https:\/\/portaltela.pt\/noticias\/2026\/02\/03\/amares-serve-papas-de-sarrabulho-para-30-mil-pessoas\/\"},\"wordCount\":251,\"image\":{\"@id\":\"https:\/\/portaltela.pt\/noticias\/2026\/02\/03\/amares-serve-papas-de-sarrabulho-para-30-mil-pessoas\/#primaryimage\"},\"thumbnailUrl\":\"https:\/\/portaltela.pt\/s.01k8rhncp4jt1\/2026\/02\/41594f36-e0c6-4468-8924-15bb4cabfb52_1200x675.jpg\",\"keywords\":[\"Amares\",\"Braga\",\"festival\",\"gastronomia\",\"turismo\",\"vinhos\"],\"articleSection\":[\"Not\u00edcias\"],\"inLanguage\":\"pt-PT\"},{\"@type\":\"WebPage\",\"@id\":\"https:\/\/portaltela.pt\/noticias\/2026\/02\/03\/amares-serve-papas-de-sarrabulho-para-30-mil-pessoas\/\",\"url\":\"https:\/\/portaltela.pt\/noticias\/2026\/02\/03\/amares-serve-papas-de-sarrabulho-para-30-mil-pessoas\/\",\"name\":\"Amares serve papas de sarrabulho para 30 mil pessoas - Portal Tela Portugal\",\"isPartOf\":{\"@id\":\"https:\/\/portaltela.pt\/#website\"},\"primaryImageOfPage\":{\"@id\":\"https:\/\/portaltela.pt\/noticias\/2026\/02\/03\/amares-serve-papas-de-sarrabulho-para-30-mil-pessoas\/#primaryimage\"},\"image\":{\"@id\":\"https:\/\/portaltela.pt\/noticias\/2026\/02\/03\/amares-serve-papas-de-sarrabulho-para-30-mil-pessoas\/#primaryimage\"},\"thumbnailUrl\":\"https:\/\/portaltela.pt\/s.01k8rhncp4jt1\/2026\/02\/41594f36-e0c6-4468-8924-15bb4cabfb52_1200x675.jpg\",\"datePublished\":\"2026-02-03T13:55:00+00:00\",\"author\":{\"@id\":\"https:\/\/portaltela.pt\/#\/schema\/person\/c4278d4a6028830caff9ee44b42d32ed\"},\"breadcrumb\":{\"@id\":\"https:\/\/portaltela.pt\/noticias\/2026\/02\/03\/amares-serve-papas-de-sarrabulho-para-30-mil-pessoas\/#breadcrumb\"},\"inLanguage\":\"pt-PT\",\"potentialAction\":[{\"@type\":\"ReadAction\",\"target\":[\"https:\/\/portaltela.pt\/noticias\/2026\/02\/03\/amares-serve-papas-de-sarrabulho-para-30-mil-pessoas\/\"]}]},{\"@type\":\"ImageObject\",\"inLanguage\":\"pt-PT\",\"@id\":\"https:\/\/portaltela.pt\/noticias\/2026\/02\/03\/amares-serve-papas-de-sarrabulho-para-30-mil-pessoas\/#primaryimage\",\"url\":\"https:\/\/portaltela.pt\/s.01k8rhncp4jt1\/2026\/02\/41594f36-e0c6-4468-8924-15bb4cabfb52_1200x675.jpg\",\"contentUrl\":\"https:\/\/portaltela.pt\/s.01k8rhncp4jt1\/2026\/02\/41594f36-e0c6-4468-8924-15bb4cabfb52_1200x675.jpg\",\"width\":796,\"height\":448,\"caption\":\"O festival decorre entre os dias 14 a 17 deste m\u00eas\"},{\"@type\":\"BreadcrumbList\",\"@id\":\"https:\/\/portaltela.pt\/noticias\/2026\/02\/03\/amares-serve-papas-de-sarrabulho-para-30-mil-pessoas\/#breadcrumb\",\"itemListElement\":[{\"@type\":\"ListItem\",\"position\":1,\"name\":\"In\u00edcio\",\"item\":\"https:\/\/portaltela.pt\/\"},{\"@type\":\"ListItem\",\"position\":2,\"name\":\"Amares serve papas de sarrabulho para 30 mil pessoas\"}]},{\"@type\":\"WebSite\",\"@id\":\"https:\/\/portaltela.pt\/#website\",\"url\":\"https:\/\/portaltela.pt\/\",\"name\":\"Portal Tela Portugal\",\"description\":\"\",\"potentialAction\":[{\"@type\":\"SearchAction\",\"target\":{\"@type\":\"EntryPoint\",\"urlTemplate\":\"https:\/\/portaltela.pt\/?s={search_term_string}\"},\"query-input\":{\"@type\":\"PropertyValueSpecification\",\"valueRequired\":true,\"valueName\":\"search_term_string\"}}],\"inLanguage\":\"pt-PT\"},{\"@type\":\"Person\",\"@id\":\"https:\/\/portaltela.pt\/#\/schema\/person\/c4278d4a6028830caff9ee44b42d32ed\",\"name\":\"Telinha\",\"image\":{\"@type\":\"ImageObject\",\"inLanguage\":\"pt-PT\",\"@id\":\"https:\/\/portaltela.pt\/s.01k8rhncp4jt1\/2025\/11\/talking-bot-125x125.png\",\"url\":\"https:\/\/portaltela.pt\/s.01k8rhncp4jt1\/2025\/11\/talking-bot-125x125.png\",\"contentUrl\":\"https:\/\/portaltela.pt\/s.01k8rhncp4jt1\/2025\/11\/talking-bot-125x125.png\",\"caption\":\"Telinha\"},\"sameAs\":[\"https:\/\/portaltela.pt\/\"],\"url\":\"https:\/\/portaltela.pt\/por\/367410592786\/\"}]}<\/script>\n<!-- \/ Yoast SEO plugin. -->","yoast_head_json":{"title":"Amares serve papas de sarrabulho para 30 mil pessoas - Portal Tela Portugal","robots":{"index":"index","follow":"follow","max-snippet":"max-snippet:-1","max-image-preview":"max-image-preview:large","max-video-preview":"max-video-preview:-1"},"og_locale":"pt_PT","og_type":"article","og_title":"Amares serve papas de sarrabulho para 30 mil pessoas - Portal Tela Portugal","og_description":"O Festival das Papas de Sarrabulho de Amares realiza\u2011se de 14 a 17 de fevereiro, com cerca de 30 mil visitantes previstos. Participam cinco restaurantes: Restaurante de Caldelas, Restaurante A Rival, Restaurante Vale do Homem, Tasquinha Tomadas e Restaurante do Fernando, numa tenda junto ao mercado municipal, com destaque para os vinhos de Amares. Menu completo a 15 euros; papas de sarrabulho a 6,5 euros; acompanhamentos (roj\u00f5es, tripas e farinhatos) a 6,5 euros; tigela de vinho a 2 euros; garrafa de vinho a 8 euros. Investimento de cerca de 80 mil euros e impacto econ\u00f3mico previsto superior a meio milh\u00e3o de euros nos quatro dias. Hor\u00e1rio de funcionamento: 14 de fevereiro, a partir das 12h, at\u00e9 \u00e0s 23h; \u00faltimo dia encerra \u00e0s 20h; desfile carnavalesco na ter\u00e7a\u2011feira, \u00e0s 15h30, entre a Rotunda do Autarca e a C\u00e2mara Municipal, com o tema \"Cores\".","og_url":"https:\/\/portaltela.pt\/noticias\/2026\/02\/03\/amares-serve-papas-de-sarrabulho-para-30-mil-pessoas\/","og_site_name":"Portal Tela Portugal","article_published_time":"2026-02-03T13:55:00+00:00","author":"Telinha","twitter_card":"summary_large_image","twitter_misc":{"Escrito por":"Telinha","Tempo estimado de leitura":"1 minuto"},"schema":{"@context":"https:\/\/schema.org","@graph":[{"@type":"Article","@id":"https:\/\/portaltela.pt\/noticias\/2026\/02\/03\/amares-serve-papas-de-sarrabulho-para-30-mil-pessoas\/#article","isPartOf":{"@id":"https:\/\/portaltela.pt\/noticias\/2026\/02\/03\/amares-serve-papas-de-sarrabulho-para-30-mil-pessoas\/"},"author":{"name":"Telinha","@id":"https:\/\/portaltela.pt\/#\/schema\/person\/c4278d4a6028830caff9ee44b42d32ed"},"headline":"Amares serve papas de sarrabulho para 30 mil pessoas","datePublished":"2026-02-03T13:55:00+00:00","mainEntityOfPage":{"@id":"https:\/\/portaltela.pt\/noticias\/2026\/02\/03\/amares-serve-papas-de-sarrabulho-para-30-mil-pessoas\/"},"wordCount":251,"image":{"@id":"https:\/\/portaltela.pt\/noticias\/2026\/02\/03\/amares-serve-papas-de-sarrabulho-para-30-mil-pessoas\/#primaryimage"},"thumbnailUrl":"https:\/\/portaltela.pt\/s.01k8rhncp4jt1\/2026\/02\/41594f36-e0c6-4468-8924-15bb4cabfb52_1200x675.jpg","keywords":["Amares","Braga","festival","gastronomia","turismo","vinhos"],"articleSection":["Not\u00edcias"],"inLanguage":"pt-PT"},{"@type":"WebPage","@id":"https:\/\/portaltela.pt\/noticias\/2026\/02\/03\/amares-serve-papas-de-sarrabulho-para-30-mil-pessoas\/","url":"https:\/\/portaltela.pt\/noticias\/2026\/02\/03\/amares-serve-papas-de-sarrabulho-para-30-mil-pessoas\/","name":"Amares serve papas de sarrabulho para 30 mil pessoas - Portal Tela Portugal","isPartOf":{"@id":"https:\/\/portaltela.pt\/#website"},"primaryImageOfPage":{"@id":"https:\/\/portaltela.pt\/noticias\/2026\/02\/03\/amares-serve-papas-de-sarrabulho-para-30-mil-pessoas\/#primaryimage"},"image":{"@id":"https:\/\/portaltela.pt\/noticias\/2026\/02\/03\/amares-serve-papas-de-sarrabulho-para-30-mil-pessoas\/#primaryimage"},"thumbnailUrl":"https:\/\/portaltela.pt\/s.01k8rhncp4jt1\/2026\/02\/41594f36-e0c6-4468-8924-15bb4cabfb52_1200x675.jpg","datePublished":"2026-02-03T13:55:00+00:00","author":{"@id":"https:\/\/portaltela.pt\/#\/schema\/person\/c4278d4a6028830caff9ee44b42d32ed"},"breadcrumb":{"@id":"https:\/\/portaltela.pt\/noticias\/2026\/02\/03\/amares-serve-papas-de-sarrabulho-para-30-mil-pessoas\/#breadcrumb"},"inLanguage":"pt-PT","potentialAction":[{"@type":"ReadAction","target":["https:\/\/portaltela.pt\/noticias\/2026\/02\/03\/amares-serve-papas-de-sarrabulho-para-30-mil-pessoas\/"]}]},{"@type":"ImageObject","inLanguage":"pt-PT","@id":"https:\/\/portaltela.pt\/noticias\/2026\/02\/03\/amares-serve-papas-de-sarrabulho-para-30-mil-pessoas\/#primaryimage","url":"https:\/\/portaltela.pt\/s.01k8rhncp4jt1\/2026\/02\/41594f36-e0c6-4468-8924-15bb4cabfb52_1200x675.jpg","contentUrl":"https:\/\/portaltela.pt\/s.01k8rhncp4jt1\/2026\/02\/41594f36-e0c6-4468-8924-15bb4cabfb52_1200x675.jpg","width":796,"height":448,"caption":"O festival decorre entre os dias 14 a 17 deste m\u00eas"},{"@type":"BreadcrumbList","@id":"https:\/\/portaltela.pt\/noticias\/2026\/02\/03\/amares-serve-papas-de-sarrabulho-para-30-mil-pessoas\/#breadcrumb","itemListElement":[{"@type":"ListItem","position":1,"name":"In\u00edcio","item":"https:\/\/portaltela.pt\/"},{"@type":"ListItem","position":2,"name":"Amares serve papas de sarrabulho para 30 mil pessoas"}]},{"@type":"WebSite","@id":"https:\/\/portaltela.pt\/#website","url":"https:\/\/portaltela.pt\/","name":"Portal Tela Portugal","description":"","potentialAction":[{"@type":"SearchAction","target":{"@type":"EntryPoint","urlTemplate":"https:\/\/portaltela.pt\/?s={search_term_string}"},"query-input":{"@type":"PropertyValueSpecification","valueRequired":true,"valueName":"search_term_string"}}],"inLanguage":"pt-PT"},{"@type":"Person","@id":"https:\/\/portaltela.pt\/#\/schema\/person\/c4278d4a6028830caff9ee44b42d32ed","name":"Telinha","image":{"@type":"ImageObject","inLanguage":"pt-PT","@id":"https:\/\/portaltela.pt\/s.01k8rhncp4jt1\/2025\/11\/talking-bot-125x125.png","url":"https:\/\/portaltela.pt\/s.01k8rhncp4jt1\/2025\/11\/talking-bot-125x125.png","contentUrl":"https:\/\/portaltela.pt\/s.01k8rhncp4jt1\/2025\/11\/talking-bot-125x125.png","caption":"Telinha"},"sameAs":["https:\/\/portaltela.pt\/"],"url":"https:\/\/portaltela.pt\/por\/367410592786\/"}]}},"_links":{"self":[{"href":"https:\/\/portaltela.pt\/api\/wp\/v2\/posts\/193825","targetHints":{"allow":["GET"]}}],"collection":[{"href":"https:\/\/portaltela.pt\/api\/wp\/v2\/posts"}],"about":[{"href":"https:\/\/portaltela.pt\/api\/wp\/v2\/types\/post"}],"author":[{"embeddable":true,"href":"https:\/\/portaltela.pt\/api\/wp\/v2\/users\/2"}],"replies":[{"embeddable":true,"href":"https:\/\/portaltela.pt\/api\/wp\/v2\/comments?post=193825"}],"version-history":[{"count":0,"href":"https:\/\/portaltela.pt\/api\/wp\/v2\/posts\/193825\/revisions"}],"wp:featuredmedia":[{"embeddable":true,"href":"https:\/\/portaltela.pt\/api\/wp\/v2\/media\/193832"}],"wp:attachment":[{"href":"https:\/\/portaltela.pt\/api\/wp\/v2\/media?parent=193825"}],"wp:term":[{"taxonomy":"category","embeddable":true,"href":"https:\/\/portaltela.pt\/api\/wp\/v2\/categories?post=193825"},{"taxonomy":"post_tag","embeddable":true,"href":"https:\/\/portaltela.pt\/api\/wp\/v2\/tags?post=193825"}],"curies":[{"name":"wp","href":"https:\/\/api.w.org\/{rel}","templated":true}]}}